{"id":18458,"date":"2023-01-14T22:53:21","date_gmt":"2023-01-14T21:53:21","guid":{"rendered":"https:\/\/www.vkpbratislava.sk\/?p=18458"},"modified":"2023-01-14T22:53:21","modified_gmt":"2023-01-14T21:53:21","slug":"zapas-ako-na-hojdacke-v-tajbrejku-pre-komarno","status":"publish","type":"post","link":"https:\/\/www.vkpbratislava.sk\/?p=18458","title":{"rendered":"Z\u00e1pas ako na hojda\u010dke v tajbrejku pre Kom\u00e1rno"},"content":{"rendered":"<p><strong>S\u00faboj o 2. miesto tabu\u013eke zvl\u00e1dlo lep\u0161ie Kom\u00e1rno, hoci hr\u00e1\u010di VKP viedli a mali s\u00fapera na lopate, rozhodn\u00fa\u0165 v\u0161ak musel tajbrejk a v \u0148om mali viac \u0161\u0165astia dom\u00e1ci.<\/strong><\/p>\n<p><b>RIEKER UJS KOM\u00c1RNO \u2013 VKP BRATISLAVA 3:2 (-23, 22, -19, 16, 11) <\/b><\/p>\n<p><b>Rozhodovali: <\/b>Morav\u010d\u00edk a Dovi\u010dovi\u010d.<\/p>\n<p><b>RIEKER UJS:<\/b> Ma\u010duha 9, Szarek 17, Gergely 12, Koh\u00fat 11, Kasperkevi\u010d 1, Ogur\u010d\u00e1k 14, libero Kraj\u010do (S\u00e1nta 2, Sz\u00e1zvai 2). Tr\u00e9ner: G. Chocho\u013eak.<\/p>\n<p><b>VKP: <\/b>Marjov 9, Jaloveck\u00fd 3, Truba\u010d 15, Billich 10, Van\u010do 33, Rak 5, libero \u013d. Nemec (Fekete 0, \u010cerven\u00e1k 0). Tr\u00e9ner: R. P\u011blucha.<\/p>\n<p><b>Hr\u00e1\u010di z\u00e1pasu: <\/b>Maro\u0161 Kasperkevi\u010d (Rieker UJS Kom\u00e1rno) \u2013 Patrik Marjov (VKP Bratislava)<\/p>\n<p><b>Gabriel Chocho\u013eak, tr\u00e9ner Rieker UJS: <\/b><i>\u201ePo prv\u00fd raz v\u00a0sez\u00f3ne sme zvr\u00e1tili z\u00e1pas, ktor\u00fd sa pre n\u00e1s vyv\u00edjal nepriaznivo. Prehr\u00e1vali sme 1:2 a\u00a0VKP n\u00e1s mal takmer na lopate, lebo n\u00e1\u0161 v\u00fdkon mal v\u00a0tej f\u00e1ze z\u00e1pasu klesaj\u00facu tendenciu, ale pozbierali sme sa z\u00a0toho. To ma te\u0161\u00ed. Som r\u00e1d, \u017ee v\u00a0z\u00e1pase nastala tak\u00e1to reakcia. Robili sme chyby, ktor\u00e9 by sa nemali st\u00e1va\u0165, ale s\u00fa zabudnut\u00e9, lebo chlapci stretnutie vyhrali svojou mor\u00e1lkou a\u00a0bojovnos\u0165ou. Takto mus\u00edme hra\u0165 v\u00a0ka\u017edom z\u00e1pase, lebo liga je vyrovnan\u00e1 a\u00a0nie je v\u00a0nej \u017eiadny vysloven\u00fd favorit. V\u00a0ka\u017edom dueli sa m\u00f4\u017ee zrodi\u0165 prekvapenie a\u00a0my mus\u00edme hra\u0165 v\u00a0ka\u017edom jednom naplno.\u201c<\/i><\/p>\n<p><b>Robin P\u011blucha, tr\u00e9ner VKP: <\/b><i>\u201eZ\u00e1pas bol dramatick\u00fd a ako na hojda\u010dke. Dva razy sme v\u00a0\u0148om viedli, dom\u00e1ci dva razy vyrovnali. Z\u00e1pas bol bojovn\u00fd s\u00a0chybami na oboch stran\u00e1ch. V\u00a0z\u00e1vere sme tro\u0161ku po\u013eavili, \u010do Kom\u00e1rno vyu\u017eilo a\u00a0zv\u00ed\u0165azilo 3:2.\u201c<\/i><\/p>\n","protected":false},"excerpt":{"rendered":"<p>S\u00faboj o 2. miesto tabu\u013eke zvl\u00e1dlo lep\u0161ie Kom\u00e1rno, hoci hr\u00e1\u010di VKP viedli a mali s\u00fapera na lopate, rozhodn\u00fa\u0165 v\u0161ak musel tajbrejk a v \u0148om mali viac \u0161\u0165astia dom\u00e1ci.<\/p>\n","protected":false},"author":3,"featured_media":18459,"comment_status":"closed","ping_status":"closed","sticky":false,"template":"","format":"standard","meta":{"_monsterinsights_skip_tracking":false,"_monsterinsights_sitenote_active":false,"_monsterinsights_sitenote_note":"","_monsterinsights_sitenote_category":0,"footnotes":""},"categories":[47],"tags":[],"class_list":["post-18458","post","type-post","status-publish","format-standard","has-post-thumbnail","hentry","category-muzi"],"yoast_head":"<!-- This site is optimized with the Yoast SEO plugin v25.6 - https:\/\/yoast.com\/wordpress\/plugins\/seo\/ -->\n<title>Z\u00e1pas ako na hojda\u010dke v tajbrejku pre Kom\u00e1rno - VK SLOVAN Bratislava<\/title>\n<meta name=\"description\" content=\"S\u00faboj o 2. miesto tabu\u013eke zvl\u00e1dlo lep\u0161ie Kom\u00e1rno, hoci hr\u00e1\u010di VKP viedli a mali s\u00fapera na lopate, rozhodn\u00fa\u0165 v\u0161ak musel tajbrejk a v \u0148om mali viac \u0161\u0165astia dom\u00e1ci.\" \/>\n<meta name=\"robots\" content=\"index, follow, max-snippet:-1, max-image-preview:large, max-video-preview:-1\" \/>\n<link rel=\"canonical\" href=\"https:\/\/www.vkpbratislava.sk\/?p=18458\" \/>\n<meta property=\"og:locale\" content=\"sk_SK\" \/>\n<meta property=\"og:type\" content=\"article\" \/>\n<meta property=\"og:title\" content=\"Z\u00e1pas ako na hojda\u010dke v tajbrejku pre Kom\u00e1rno - VK SLOVAN Bratislava\" \/>\n<meta property=\"og:description\" content=\"S\u00faboj o 2. miesto tabu\u013eke zvl\u00e1dlo lep\u0161ie Kom\u00e1rno, hoci hr\u00e1\u010di VKP viedli a mali s\u00fapera na lopate, rozhodn\u00fa\u0165 v\u0161ak musel tajbrejk a v \u0148om mali viac \u0161\u0165astia dom\u00e1ci.\" \/>\n<meta property=\"og:url\" content=\"https:\/\/www.vkpbratislava.sk\/?p=18458\" \/>\n<meta property=\"og:site_name\" content=\"VK SLOVAN Bratislava\" \/>\n<meta property=\"article:published_time\" content=\"2023-01-14T21:53:21+00:00\" \/>\n<meta property=\"og:image\" content=\"https:\/\/www.vkpbratislava.sk\/wp-content\/uploads\/2023\/01\/7B4A8755.jpg\" \/>\n\t<meta property=\"og:image:width\" content=\"2048\" \/>\n\t<meta property=\"og:image:height\" content=\"1365\" \/>\n\t<meta property=\"og:image:type\" content=\"image\/jpeg\" \/>\n<meta name=\"author\" content=\"jenca\" \/>\n<meta name=\"twitter:card\" content=\"summary_large_image\" \/>\n<meta name=\"twitter:label1\" content=\"Autor\" \/>\n\t<meta name=\"twitter:data1\" content=\"jenca\" \/>\n\t<meta name=\"twitter:label2\" content=\"Predpokladan\u00fd \u010das \u010d\u00edtania\" \/>\n\t<meta name=\"twitter:data2\" content=\"2 min\u00faty\" \/>\n<script type=\"application\/ld+json\" class=\"yoast-schema-graph\">{\"@context\":\"https:\/\/schema.org\",\"@graph\":[{\"@type\":\"Article\",\"@id\":\"https:\/\/www.vkpbratislava.sk\/?p=18458#article\",\"isPartOf\":{\"@id\":\"https:\/\/www.vkpbratislava.sk\/?p=18458\"},\"author\":{\"name\":\"jenca\",\"@id\":\"https:\/\/www.vkpbratislava.sk\/#\/schema\/person\/7037e769f9515aa58493d1b5852c4c50\"},\"headline\":\"Z\u00e1pas ako na hojda\u010dke v tajbrejku pre Kom\u00e1rno\",\"datePublished\":\"2023-01-14T21:53:21+00:00\",\"mainEntityOfPage\":{\"@id\":\"https:\/\/www.vkpbratislava.sk\/?p=18458\"},\"wordCount\":301,\"publisher\":{\"@id\":\"https:\/\/www.vkpbratislava.sk\/#organization\"},\"image\":{\"@id\":\"https:\/\/www.vkpbratislava.sk\/?p=18458#primaryimage\"},\"thumbnailUrl\":\"https:\/\/www.vkpbratislava.sk\/wp-content\/uploads\/2023\/01\/7B4A8755.jpg\",\"articleSection\":[\"Mu\u017ei\"],\"inLanguage\":\"sk-SK\"},{\"@type\":\"WebPage\",\"@id\":\"https:\/\/www.vkpbratislava.sk\/?p=18458\",\"url\":\"https:\/\/www.vkpbratislava.sk\/?p=18458\",\"name\":\"Z\u00e1pas ako na hojda\u010dke v tajbrejku pre Kom\u00e1rno - VK SLOVAN Bratislava\",\"isPartOf\":{\"@id\":\"https:\/\/www.vkpbratislava.sk\/#website\"},\"primaryImageOfPage\":{\"@id\":\"https:\/\/www.vkpbratislava.sk\/?p=18458#primaryimage\"},\"image\":{\"@id\":\"https:\/\/www.vkpbratislava.sk\/?p=18458#primaryimage\"},\"thumbnailUrl\":\"https:\/\/www.vkpbratislava.sk\/wp-content\/uploads\/2023\/01\/7B4A8755.jpg\",\"datePublished\":\"2023-01-14T21:53:21+00:00\",\"description\":\"S\u00faboj o 2. miesto tabu\u013eke zvl\u00e1dlo lep\u0161ie Kom\u00e1rno, hoci hr\u00e1\u010di VKP viedli a mali s\u00fapera na lopate, rozhodn\u00fa\u0165 v\u0161ak musel tajbrejk a v \u0148om mali viac \u0161\u0165astia dom\u00e1ci.\",\"breadcrumb\":{\"@id\":\"https:\/\/www.vkpbratislava.sk\/?p=18458#breadcrumb\"},\"inLanguage\":\"sk-SK\",\"potentialAction\":[{\"@type\":\"ReadAction\",\"target\":[\"https:\/\/www.vkpbratislava.sk\/?p=18458\"]}]},{\"@type\":\"ImageObject\",\"inLanguage\":\"sk-SK\",\"@id\":\"https:\/\/www.vkpbratislava.sk\/?p=18458#primaryimage\",\"url\":\"https:\/\/www.vkpbratislava.sk\/wp-content\/uploads\/2023\/01\/7B4A8755.jpg\",\"contentUrl\":\"https:\/\/www.vkpbratislava.sk\/wp-content\/uploads\/2023\/01\/7B4A8755.jpg\",\"width\":2048,\"height\":1365},{\"@type\":\"BreadcrumbList\",\"@id\":\"https:\/\/www.vkpbratislava.sk\/?p=18458#breadcrumb\",\"itemListElement\":[{\"@type\":\"ListItem\",\"position\":1,\"name\":\"Domov\",\"item\":\"https:\/\/www.vkpbratislava.sk\/\"},{\"@type\":\"ListItem\",\"position\":2,\"name\":\"Z\u00e1pas ako na hojda\u010dke v tajbrejku pre Kom\u00e1rno\"}]},{\"@type\":\"WebSite\",\"@id\":\"https:\/\/www.vkpbratislava.sk\/#website\",\"url\":\"https:\/\/www.vkpbratislava.sk\/\",\"name\":\"VK SLOVAN Bratislava\",\"description\":\"Volejbalov\u00fd klub\",\"publisher\":{\"@id\":\"https:\/\/www.vkpbratislava.sk\/#organization\"},\"potentialAction\":[{\"@type\":\"SearchAction\",\"target\":{\"@type\":\"EntryPoint\",\"urlTemplate\":\"https:\/\/www.vkpbratislava.sk\/?s={search_term_string}\"},\"query-input\":{\"@type\":\"PropertyValueSpecification\",\"valueRequired\":true,\"valueName\":\"search_term_string\"}}],\"inLanguage\":\"sk-SK\"},{\"@type\":\"Organization\",\"@id\":\"https:\/\/www.vkpbratislava.sk\/#organization\",\"name\":\"VKP Bratislava\",\"url\":\"https:\/\/www.vkpbratislava.sk\/\",\"logo\":{\"@type\":\"ImageObject\",\"inLanguage\":\"sk-SK\",\"@id\":\"https:\/\/www.vkpbratislava.sk\/#\/schema\/logo\/image\/\",\"url\":\"https:\/\/www.vkpbratislava.sk\/wp-content\/uploads\/2020\/10\/vkpBA.png\",\"contentUrl\":\"https:\/\/www.vkpbratislava.sk\/wp-content\/uploads\/2020\/10\/vkpBA.png\",\"width\":600,\"height\":600,\"caption\":\"VKP Bratislava\"},\"image\":{\"@id\":\"https:\/\/www.vkpbratislava.sk\/#\/schema\/logo\/image\/\"}},{\"@type\":\"Person\",\"@id\":\"https:\/\/www.vkpbratislava.sk\/#\/schema\/person\/7037e769f9515aa58493d1b5852c4c50\",\"name\":\"jenca\",\"image\":{\"@type\":\"ImageObject\",\"inLanguage\":\"sk-SK\",\"@id\":\"https:\/\/www.vkpbratislava.sk\/#\/schema\/person\/image\/\",\"url\":\"https:\/\/secure.gravatar.com\/avatar\/67aa89e9aab2911bbd0c6fbf0a891ea8d80c207c9b6a6e2c96e13fc2f16e536d?s=96&d=mm&r=g\",\"contentUrl\":\"https:\/\/secure.gravatar.com\/avatar\/67aa89e9aab2911bbd0c6fbf0a891ea8d80c207c9b6a6e2c96e13fc2f16e536d?s=96&d=mm&r=g\",\"caption\":\"jenca\"},\"url\":\"https:\/\/www.vkpbratislava.sk\/?author=3\"}]}<\/script>\n<!-- \/ Yoast SEO plugin. -->","yoast_head_json":{"title":"Z\u00e1pas ako na hojda\u010dke v tajbrejku pre Kom\u00e1rno - VK SLOVAN Bratislava","description":"S\u00faboj o 2. miesto tabu\u013eke zvl\u00e1dlo lep\u0161ie Kom\u00e1rno, hoci hr\u00e1\u010di VKP viedli a mali s\u00fapera na lopate, rozhodn\u00fa\u0165 v\u0161ak musel tajbrejk a v \u0148om mali viac \u0161\u0165astia dom\u00e1ci.","robots":{"index":"index","follow":"follow","max-snippet":"max-snippet:-1","max-image-preview":"max-image-preview:large","max-video-preview":"max-video-preview:-1"},"canonical":"https:\/\/www.vkpbratislava.sk\/?p=18458","og_locale":"sk_SK","og_type":"article","og_title":"Z\u00e1pas ako na hojda\u010dke v tajbrejku pre Kom\u00e1rno - VK SLOVAN Bratislava","og_description":"S\u00faboj o 2. miesto tabu\u013eke zvl\u00e1dlo lep\u0161ie Kom\u00e1rno, hoci hr\u00e1\u010di VKP viedli a mali s\u00fapera na lopate, rozhodn\u00fa\u0165 v\u0161ak musel tajbrejk a v \u0148om mali viac \u0161\u0165astia dom\u00e1ci.","og_url":"https:\/\/www.vkpbratislava.sk\/?p=18458","og_site_name":"VK SLOVAN Bratislava","article_published_time":"2023-01-14T21:53:21+00:00","og_image":[{"width":2048,"height":1365,"url":"https:\/\/www.vkpbratislava.sk\/wp-content\/uploads\/2023\/01\/7B4A8755.jpg","type":"image\/jpeg"}],"author":"jenca","twitter_card":"summary_large_image","twitter_misc":{"Autor":"jenca","Predpokladan\u00fd \u010das \u010d\u00edtania":"2 min\u00faty"},"schema":{"@context":"https:\/\/schema.org","@graph":[{"@type":"Article","@id":"https:\/\/www.vkpbratislava.sk\/?p=18458#article","isPartOf":{"@id":"https:\/\/www.vkpbratislava.sk\/?p=18458"},"author":{"name":"jenca","@id":"https:\/\/www.vkpbratislava.sk\/#\/schema\/person\/7037e769f9515aa58493d1b5852c4c50"},"headline":"Z\u00e1pas ako na hojda\u010dke v tajbrejku pre Kom\u00e1rno","datePublished":"2023-01-14T21:53:21+00:00","mainEntityOfPage":{"@id":"https:\/\/www.vkpbratislava.sk\/?p=18458"},"wordCount":301,"publisher":{"@id":"https:\/\/www.vkpbratislava.sk\/#organization"},"image":{"@id":"https:\/\/www.vkpbratislava.sk\/?p=18458#primaryimage"},"thumbnailUrl":"https:\/\/www.vkpbratislava.sk\/wp-content\/uploads\/2023\/01\/7B4A8755.jpg","articleSection":["Mu\u017ei"],"inLanguage":"sk-SK"},{"@type":"WebPage","@id":"https:\/\/www.vkpbratislava.sk\/?p=18458","url":"https:\/\/www.vkpbratislava.sk\/?p=18458","name":"Z\u00e1pas ako na hojda\u010dke v tajbrejku pre Kom\u00e1rno - VK SLOVAN Bratislava","isPartOf":{"@id":"https:\/\/www.vkpbratislava.sk\/#website"},"primaryImageOfPage":{"@id":"https:\/\/www.vkpbratislava.sk\/?p=18458#primaryimage"},"image":{"@id":"https:\/\/www.vkpbratislava.sk\/?p=18458#primaryimage"},"thumbnailUrl":"https:\/\/www.vkpbratislava.sk\/wp-content\/uploads\/2023\/01\/7B4A8755.jpg","datePublished":"2023-01-14T21:53:21+00:00","description":"S\u00faboj o 2. miesto tabu\u013eke zvl\u00e1dlo lep\u0161ie Kom\u00e1rno, hoci hr\u00e1\u010di VKP viedli a mali s\u00fapera na lopate, rozhodn\u00fa\u0165 v\u0161ak musel tajbrejk a v \u0148om mali viac \u0161\u0165astia dom\u00e1ci.","breadcrumb":{"@id":"https:\/\/www.vkpbratislava.sk\/?p=18458#breadcrumb"},"inLanguage":"sk-SK","potentialAction":[{"@type":"ReadAction","target":["https:\/\/www.vkpbratislava.sk\/?p=18458"]}]},{"@type":"ImageObject","inLanguage":"sk-SK","@id":"https:\/\/www.vkpbratislava.sk\/?p=18458#primaryimage","url":"https:\/\/www.vkpbratislava.sk\/wp-content\/uploads\/2023\/01\/7B4A8755.jpg","contentUrl":"https:\/\/www.vkpbratislava.sk\/wp-content\/uploads\/2023\/01\/7B4A8755.jpg","width":2048,"height":1365},{"@type":"BreadcrumbList","@id":"https:\/\/www.vkpbratislava.sk\/?p=18458#breadcrumb","itemListElement":[{"@type":"ListItem","position":1,"name":"Domov","item":"https:\/\/www.vkpbratislava.sk\/"},{"@type":"ListItem","position":2,"name":"Z\u00e1pas ako na hojda\u010dke v tajbrejku pre Kom\u00e1rno"}]},{"@type":"WebSite","@id":"https:\/\/www.vkpbratislava.sk\/#website","url":"https:\/\/www.vkpbratislava.sk\/","name":"VK SLOVAN Bratislava","description":"Volejbalov\u00fd klub","publisher":{"@id":"https:\/\/www.vkpbratislava.sk\/#organization"},"potentialAction":[{"@type":"SearchAction","target":{"@type":"EntryPoint","urlTemplate":"https:\/\/www.vkpbratislava.sk\/?s={search_term_string}"},"query-input":{"@type":"PropertyValueSpecification","valueRequired":true,"valueName":"search_term_string"}}],"inLanguage":"sk-SK"},{"@type":"Organization","@id":"https:\/\/www.vkpbratislava.sk\/#organization","name":"VKP Bratislava","url":"https:\/\/www.vkpbratislava.sk\/","logo":{"@type":"ImageObject","inLanguage":"sk-SK","@id":"https:\/\/www.vkpbratislava.sk\/#\/schema\/logo\/image\/","url":"https:\/\/www.vkpbratislava.sk\/wp-content\/uploads\/2020\/10\/vkpBA.png","contentUrl":"https:\/\/www.vkpbratislava.sk\/wp-content\/uploads\/2020\/10\/vkpBA.png","width":600,"height":600,"caption":"VKP Bratislava"},"image":{"@id":"https:\/\/www.vkpbratislava.sk\/#\/schema\/logo\/image\/"}},{"@type":"Person","@id":"https:\/\/www.vkpbratislava.sk\/#\/schema\/person\/7037e769f9515aa58493d1b5852c4c50","name":"jenca","image":{"@type":"ImageObject","inLanguage":"sk-SK","@id":"https:\/\/www.vkpbratislava.sk\/#\/schema\/person\/image\/","url":"https:\/\/secure.gravatar.com\/avatar\/67aa89e9aab2911bbd0c6fbf0a891ea8d80c207c9b6a6e2c96e13fc2f16e536d?s=96&d=mm&r=g","contentUrl":"https:\/\/secure.gravatar.com\/avatar\/67aa89e9aab2911bbd0c6fbf0a891ea8d80c207c9b6a6e2c96e13fc2f16e536d?s=96&d=mm&r=g","caption":"jenca"},"url":"https:\/\/www.vkpbratislava.sk\/?author=3"}]}},"_links":{"self":[{"href":"https:\/\/www.vkpbratislava.sk\/index.php?rest_route=\/wp\/v2\/posts\/18458","targetHints":{"allow":["GET"]}}],"collection":[{"href":"https:\/\/www.vkpbratislava.sk\/index.php?rest_route=\/wp\/v2\/posts"}],"about":[{"href":"https:\/\/www.vkpbratislava.sk\/index.php?rest_route=\/wp\/v2\/types\/post"}],"author":[{"embeddable":true,"href":"https:\/\/www.vkpbratislava.sk\/index.php?rest_route=\/wp\/v2\/users\/3"}],"replies":[{"embeddable":true,"href":"https:\/\/www.vkpbratislava.sk\/index.php?rest_route=%2Fwp%2Fv2%2Fcomments&post=18458"}],"version-history":[{"count":1,"href":"https:\/\/www.vkpbratislava.sk\/index.php?rest_route=\/wp\/v2\/posts\/18458\/revisions"}],"predecessor-version":[{"id":18460,"href":"https:\/\/www.vkpbratislava.sk\/index.php?rest_route=\/wp\/v2\/posts\/18458\/revisions\/18460"}],"wp:featuredmedia":[{"embeddable":true,"href":"https:\/\/www.vkpbratislava.sk\/index.php?rest_route=\/wp\/v2\/media\/18459"}],"wp:attachment":[{"href":"https:\/\/www.vkpbratislava.sk\/index.php?rest_route=%2Fwp%2Fv2%2Fmedia&parent=18458"}],"wp:term":[{"taxonomy":"category","embeddable":true,"href":"https:\/\/www.vkpbratislava.sk\/index.php?rest_route=%2Fwp%2Fv2%2Fcategories&post=18458"},{"taxonomy":"post_tag","embeddable":true,"href":"https:\/\/www.vkpbratislava.sk\/index.php?rest_route=%2Fwp%2Fv2%2Ftags&post=18458"}],"curies":[{"name":"wp","href":"https:\/\/api.w.org\/{rel}","templated":true}]}}