{"id":20874,"date":"2023-03-23T01:55:10","date_gmt":"2023-03-23T00:55:10","guid":{"rendered":"https:\/\/www.vkpbratislava.sk\/?p=20874"},"modified":"2023-03-23T01:57:34","modified_gmt":"2023-03-23T00:57:34","slug":"do-semifinale-play-off-v-najkratsom-case-muzi-i-zeny","status":"publish","type":"post","link":"https:\/\/www.vkpbratislava.sk\/?p=20874","title":{"rendered":"Do semifin\u00e1le play-off v najkrat\u0161om \u010dase mu\u017ei i \u017eeny"},"content":{"rendered":"<p><strong>Mu\u017ei i \u017eeny VKP Bratislava si zahraj\u00fa semifin\u00e1le play-off Nik\u00e9 extraligy. K\u00fdm mu\u017ei vyradili v dr\u00e1me Svidn\u00edk, \u017eeny si po\u013eahky poradili s Brusnom.\u00a0<\/strong><\/p>\n<p><b>VKP BRATISLAVA &#8211; VK PIRANE BRUSNO 3:0 (18, 14, 13) \u2013 kone\u010dn\u00fd stav s\u00e9rie 2:0 na z\u00e1pasy<\/b><\/p>\n<p><b>Rozhodovali: <\/b>Jur\u00e1\u010dek a\u00a0Viktor\u00edni-Lis\u00e1.<\/p>\n<p><b>VKP:<\/b> Fartelov\u00e1 11, Boledovi\u010dov\u00e1 10, \u0160termensk\u00e1 7, Ta. Hru\u0161eck\u00e1 8, Smie\u0161kov\u00e1 6, N\u00e1vratov\u00e1 10, liberka N. Tak\u00e1\u010dov\u00e1. Tr\u00e9ner: P. Bern\u00e1th.<\/p>\n<p><b>VK PIRANE: <\/b>Moroz 4, Re\u0161ut\u00edkov\u00e1 3, Tomkov\u00e1 11, \u0160m\u00eddov\u00e1 1, M. Jan\u010dov\u00e1 8, Mederly 1, liberka T. Dlho\u0161ov\u00e1 (D. Dlho\u0161ov\u00e1 0, A. Kraj\u010d\u00edrov\u00e1 0, Bir\u010d\u00e1kov\u00e1 3). Tr\u00e9ner: L. \u0160m\u00edda.<\/p>\n<p><b>Hr\u00e1\u010dky z\u00e1pasu: <\/b>Ema \u0160termensk\u00e1 (VKP Bratislava) \u2013 Erika Re\u0161ut\u00edkov\u00e1 (VK Pirane Brusno)<i><\/i><\/p>\n<p><b>Pavel Bern\u00e1th, tr\u00e9ner VKP: <\/b><i>\u201eSom r\u00e1d, \u017ee sme post\u00fapili do semifin\u00e1le, lebo to bol n\u00e1\u0161 predsez\u00f3nny cie\u013e. Duel bol kostrbat\u00fd, ale po\u010d\u00edtaj\u00fa sa v\u00ed\u0165azstv\u00e1.\u201c<\/i><\/p>\n<p><b>Luk\u00e1\u0161 \u0160m\u00edda, tr\u00e9ner VK Pirane: <\/b><i>\u201eMrz\u00ed ma ako z\u00e1pas dopadol. VKP nast\u00fapil bez prvej nahr\u00e1va\u010dky aj libera. Bol t\u00edm, ktor\u00fd bol \u201ehrate\u013en\u00fd\u201c. V\u00fdsledok asi ukazuje na to na akej \u00farovni s\u00fa na\u0161e schopnosti. VKP vyhral zasl\u00fa\u017eene, ale d\u00fafal som, \u017ee by sme mohli vyhra\u0165 aspo\u0148 jeden set, alebo hra\u0165 viac vyrovnane.\u201c<\/i><\/p>\n<p>&nbsp;<\/p>\n<p><b>TJ SL\u00c1VIA SVIDN\u00cdK &#8211; VKP BRATISLAVA 2:3 (19, -15, 22, -22, -10)<\/b><\/p>\n<p><b>Rozhodovali: <\/b>Porvazn\u00edk a\u00a0H\u00f6ger, 158 div\u00e1kov.<\/p>\n<p><b>TJ SL\u00c1VIA: <\/b>\u0160ellong 10, R. Vitko 0, M. Sopko ml. 11, Matu\u0161ovsk\u00fd 7, Hor\u0148\u00e1k 10, B. Skasko 20, libero M. Vitko (Gula 0, \u013d. Skasko 0, Bogn\u00e1r 1). Tr\u00e9ner: R. Pa\u0148ko.<\/p>\n<p><b>VKP: <\/b>Kub\u0161 10, Billich 7, Jaloveck\u00fd 6, Truba\u010d 11, Marjov 12, Van\u010do 30, libero \u013d. Nemec (Rak 2, Belas 0, \u010cerven\u00e1k 0).Tr\u00e9ner: R. P\u011blucha.<\/p>\n<p><b>Hr\u00e1\u010di z\u00e1pasu: <\/b>Tibor Matu\u0161ovsk\u00fd (TJ Sl\u00e1via Svidn\u00edk) \u2013 Adri\u00e1n Van\u010do (VKP Bratislava)<\/p>\n<p><b>Rastislav Pa\u0148ko, tr\u00e9ner TJ Sl\u00e1via: <\/b><i>\u201eGratulujem bratislavsk\u00e9mu t\u00edmu k\u00a0postupu. My sme z\u00e1pas nezvl\u00e1dli hlavne na prihr\u00e1vke, kde n\u00e1m robil probl\u00e9m s\u00faperov plachtiaci servis. V\u00a0tajbrejku sme to nezvl\u00e1dli v\u00a0hlav\u00e1ch.\u201c<\/i><\/p>\n<p><b>Robin P\u011blucha, tr\u00e9ner VKP: <\/b><i>\u201eSom ve\u013emi r\u00e1d, \u017ee sme z\u00e1pas dotiahli do v\u00ed\u0165azn\u00e9ho konca, lebo Svidn\u00edk bol ve\u013emi zdatn\u00fd s\u00faper. Jeho hr\u00e1\u010di bojovali,\u00a0netreba zab\u00fada\u0165 na to, \u017ee vo Svidn\u00edku sa tak \u013eahko nevyhr\u00e1va a\u00a0my sme to zvl\u00e1dli po urputnom boji.\u201c<\/i><\/p>\n","protected":false},"excerpt":{"rendered":"<p>Mu\u017ei i \u017eeny VKP Bratislava si zahraj\u00fa semifin\u00e1le play-off Nik\u00e9 extraligy. K\u00fdm mu\u017ei vyradili v dr\u00e1me Svidn\u00edk, \u017eeny si po\u013eahky poradili s Brusnom.\u00a0<\/p>\n","protected":false},"author":3,"featured_media":20876,"comment_status":"closed","ping_status":"closed","sticky":false,"template":"","format":"standard","meta":{"_monsterinsights_skip_tracking":false,"_monsterinsights_sitenote_active":false,"_monsterinsights_sitenote_note":"","_monsterinsights_sitenote_category":0,"footnotes":""},"categories":[47,48],"tags":[],"class_list":["post-20874","post","type-post","status-publish","format-standard","has-post-thumbnail","hentry","category-muzi","category-zeny"],"yoast_head":"<!-- This site is optimized with the Yoast SEO plugin v25.6 - https:\/\/yoast.com\/wordpress\/plugins\/seo\/ -->\n<title>Do semifin\u00e1le play-off v najkrat\u0161om \u010dase mu\u017ei i \u017eeny - VK SLOVAN Bratislava<\/title>\n<meta name=\"description\" content=\"Mu\u017ei i \u017eeny VKP Bratislava si zahraj\u00fa semifin\u00e1le play-off Nik\u00e9 extraligy. K\u00fdm mu\u017ei vyradili v dr\u00e1me Svidn\u00edk, \u017eeny si po\u013eahky poradili s Brusnom.\u00a0\" \/>\n<meta name=\"robots\" content=\"index, follow, max-snippet:-1, max-image-preview:large, max-video-preview:-1\" \/>\n<link rel=\"canonical\" href=\"https:\/\/www.vkpbratislava.sk\/?p=20874\" \/>\n<meta property=\"og:locale\" content=\"sk_SK\" \/>\n<meta property=\"og:type\" content=\"article\" \/>\n<meta property=\"og:title\" content=\"Do semifin\u00e1le play-off v najkrat\u0161om \u010dase mu\u017ei i \u017eeny - VK SLOVAN Bratislava\" \/>\n<meta property=\"og:description\" content=\"Mu\u017ei i \u017eeny VKP Bratislava si zahraj\u00fa semifin\u00e1le play-off Nik\u00e9 extraligy. K\u00fdm mu\u017ei vyradili v dr\u00e1me Svidn\u00edk, \u017eeny si po\u013eahky poradili s Brusnom.\u00a0\" \/>\n<meta property=\"og:url\" content=\"https:\/\/www.vkpbratislava.sk\/?p=20874\" \/>\n<meta property=\"og:site_name\" content=\"VK SLOVAN Bratislava\" \/>\n<meta property=\"article:published_time\" content=\"2023-03-23T00:55:10+00:00\" \/>\n<meta property=\"article:modified_time\" content=\"2023-03-23T00:57:34+00:00\" \/>\n<meta property=\"og:image\" content=\"https:\/\/www.vkpbratislava.sk\/wp-content\/uploads\/2023\/03\/20230322_iurban79_VKP-BA-Z-vs-Pirane-Brusno_DSC00082-1280x854.jpg\" \/>\n\t<meta property=\"og:image:width\" content=\"1280\" \/>\n\t<meta property=\"og:image:height\" content=\"854\" \/>\n\t<meta property=\"og:image:type\" content=\"image\/jpeg\" \/>\n<meta name=\"author\" content=\"jenca\" \/>\n<meta name=\"twitter:card\" content=\"summary_large_image\" \/>\n<meta name=\"twitter:label1\" content=\"Autor\" \/>\n\t<meta name=\"twitter:data1\" content=\"jenca\" \/>\n\t<meta name=\"twitter:label2\" content=\"Predpokladan\u00fd \u010das \u010d\u00edtania\" \/>\n\t<meta name=\"twitter:data2\" content=\"2 min\u00faty\" \/>\n<script type=\"application\/ld+json\" class=\"yoast-schema-graph\">{\"@context\":\"https:\/\/schema.org\",\"@graph\":[{\"@type\":\"Article\",\"@id\":\"https:\/\/www.vkpbratislava.sk\/?p=20874#article\",\"isPartOf\":{\"@id\":\"https:\/\/www.vkpbratislava.sk\/?p=20874\"},\"author\":{\"name\":\"jenca\",\"@id\":\"https:\/\/www.vkpbratislava.sk\/#\/schema\/person\/7037e769f9515aa58493d1b5852c4c50\"},\"headline\":\"Do semifin\u00e1le play-off v najkrat\u0161om \u010dase mu\u017ei i \u017eeny\",\"datePublished\":\"2023-03-23T00:55:10+00:00\",\"dateModified\":\"2023-03-23T00:57:34+00:00\",\"mainEntityOfPage\":{\"@id\":\"https:\/\/www.vkpbratislava.sk\/?p=20874\"},\"wordCount\":408,\"publisher\":{\"@id\":\"https:\/\/www.vkpbratislava.sk\/#organization\"},\"image\":{\"@id\":\"https:\/\/www.vkpbratislava.sk\/?p=20874#primaryimage\"},\"thumbnailUrl\":\"https:\/\/www.vkpbratislava.sk\/wp-content\/uploads\/2023\/03\/20230322_iurban79_VKP-BA-Z-vs-Pirane-Brusno_DSC00082.jpg\",\"articleSection\":[\"Mu\u017ei\",\"\u017deny\"],\"inLanguage\":\"sk-SK\"},{\"@type\":\"WebPage\",\"@id\":\"https:\/\/www.vkpbratislava.sk\/?p=20874\",\"url\":\"https:\/\/www.vkpbratislava.sk\/?p=20874\",\"name\":\"Do semifin\u00e1le play-off v najkrat\u0161om \u010dase mu\u017ei i \u017eeny - VK SLOVAN Bratislava\",\"isPartOf\":{\"@id\":\"https:\/\/www.vkpbratislava.sk\/#website\"},\"primaryImageOfPage\":{\"@id\":\"https:\/\/www.vkpbratislava.sk\/?p=20874#primaryimage\"},\"image\":{\"@id\":\"https:\/\/www.vkpbratislava.sk\/?p=20874#primaryimage\"},\"thumbnailUrl\":\"https:\/\/www.vkpbratislava.sk\/wp-content\/uploads\/2023\/03\/20230322_iurban79_VKP-BA-Z-vs-Pirane-Brusno_DSC00082.jpg\",\"datePublished\":\"2023-03-23T00:55:10+00:00\",\"dateModified\":\"2023-03-23T00:57:34+00:00\",\"description\":\"Mu\u017ei i \u017eeny VKP Bratislava si zahraj\u00fa semifin\u00e1le play-off Nik\u00e9 extraligy. K\u00fdm mu\u017ei vyradili v dr\u00e1me Svidn\u00edk, \u017eeny si po\u013eahky poradili s Brusnom.\u00a0\",\"breadcrumb\":{\"@id\":\"https:\/\/www.vkpbratislava.sk\/?p=20874#breadcrumb\"},\"inLanguage\":\"sk-SK\",\"potentialAction\":[{\"@type\":\"ReadAction\",\"target\":[\"https:\/\/www.vkpbratislava.sk\/?p=20874\"]}]},{\"@type\":\"ImageObject\",\"inLanguage\":\"sk-SK\",\"@id\":\"https:\/\/www.vkpbratislava.sk\/?p=20874#primaryimage\",\"url\":\"https:\/\/www.vkpbratislava.sk\/wp-content\/uploads\/2023\/03\/20230322_iurban79_VKP-BA-Z-vs-Pirane-Brusno_DSC00082.jpg\",\"contentUrl\":\"https:\/\/www.vkpbratislava.sk\/wp-content\/uploads\/2023\/03\/20230322_iurban79_VKP-BA-Z-vs-Pirane-Brusno_DSC00082.jpg\",\"width\":2500,\"height\":1667},{\"@type\":\"BreadcrumbList\",\"@id\":\"https:\/\/www.vkpbratislava.sk\/?p=20874#breadcrumb\",\"itemListElement\":[{\"@type\":\"ListItem\",\"position\":1,\"name\":\"Domov\",\"item\":\"https:\/\/www.vkpbratislava.sk\/\"},{\"@type\":\"ListItem\",\"position\":2,\"name\":\"Do semifin\u00e1le play-off v najkrat\u0161om \u010dase mu\u017ei i \u017eeny\"}]},{\"@type\":\"WebSite\",\"@id\":\"https:\/\/www.vkpbratislava.sk\/#website\",\"url\":\"https:\/\/www.vkpbratislava.sk\/\",\"name\":\"VK SLOVAN Bratislava\",\"description\":\"Volejbalov\u00fd klub\",\"publisher\":{\"@id\":\"https:\/\/www.vkpbratislava.sk\/#organization\"},\"potentialAction\":[{\"@type\":\"SearchAction\",\"target\":{\"@type\":\"EntryPoint\",\"urlTemplate\":\"https:\/\/www.vkpbratislava.sk\/?s={search_term_string}\"},\"query-input\":{\"@type\":\"PropertyValueSpecification\",\"valueRequired\":true,\"valueName\":\"search_term_string\"}}],\"inLanguage\":\"sk-SK\"},{\"@type\":\"Organization\",\"@id\":\"https:\/\/www.vkpbratislava.sk\/#organization\",\"name\":\"VKP Bratislava\",\"url\":\"https:\/\/www.vkpbratislava.sk\/\",\"logo\":{\"@type\":\"ImageObject\",\"inLanguage\":\"sk-SK\",\"@id\":\"https:\/\/www.vkpbratislava.sk\/#\/schema\/logo\/image\/\",\"url\":\"https:\/\/www.vkpbratislava.sk\/wp-content\/uploads\/2020\/10\/vkpBA.png\",\"contentUrl\":\"https:\/\/www.vkpbratislava.sk\/wp-content\/uploads\/2020\/10\/vkpBA.png\",\"width\":600,\"height\":600,\"caption\":\"VKP Bratislava\"},\"image\":{\"@id\":\"https:\/\/www.vkpbratislava.sk\/#\/schema\/logo\/image\/\"}},{\"@type\":\"Person\",\"@id\":\"https:\/\/www.vkpbratislava.sk\/#\/schema\/person\/7037e769f9515aa58493d1b5852c4c50\",\"name\":\"jenca\",\"image\":{\"@type\":\"ImageObject\",\"inLanguage\":\"sk-SK\",\"@id\":\"https:\/\/www.vkpbratislava.sk\/#\/schema\/person\/image\/\",\"url\":\"https:\/\/secure.gravatar.com\/avatar\/67aa89e9aab2911bbd0c6fbf0a891ea8d80c207c9b6a6e2c96e13fc2f16e536d?s=96&d=mm&r=g\",\"contentUrl\":\"https:\/\/secure.gravatar.com\/avatar\/67aa89e9aab2911bbd0c6fbf0a891ea8d80c207c9b6a6e2c96e13fc2f16e536d?s=96&d=mm&r=g\",\"caption\":\"jenca\"},\"url\":\"https:\/\/www.vkpbratislava.sk\/?author=3\"}]}<\/script>\n<!-- \/ Yoast SEO plugin. -->","yoast_head_json":{"title":"Do semifin\u00e1le play-off v najkrat\u0161om \u010dase mu\u017ei i \u017eeny - VK SLOVAN Bratislava","description":"Mu\u017ei i \u017eeny VKP Bratislava si zahraj\u00fa semifin\u00e1le play-off Nik\u00e9 extraligy. K\u00fdm mu\u017ei vyradili v dr\u00e1me Svidn\u00edk, \u017eeny si po\u013eahky poradili s Brusnom.\u00a0","robots":{"index":"index","follow":"follow","max-snippet":"max-snippet:-1","max-image-preview":"max-image-preview:large","max-video-preview":"max-video-preview:-1"},"canonical":"https:\/\/www.vkpbratislava.sk\/?p=20874","og_locale":"sk_SK","og_type":"article","og_title":"Do semifin\u00e1le play-off v najkrat\u0161om \u010dase mu\u017ei i \u017eeny - VK SLOVAN Bratislava","og_description":"Mu\u017ei i \u017eeny VKP Bratislava si zahraj\u00fa semifin\u00e1le play-off Nik\u00e9 extraligy. K\u00fdm mu\u017ei vyradili v dr\u00e1me Svidn\u00edk, \u017eeny si po\u013eahky poradili s Brusnom.\u00a0","og_url":"https:\/\/www.vkpbratislava.sk\/?p=20874","og_site_name":"VK SLOVAN Bratislava","article_published_time":"2023-03-23T00:55:10+00:00","article_modified_time":"2023-03-23T00:57:34+00:00","og_image":[{"width":1280,"height":854,"url":"https:\/\/www.vkpbratislava.sk\/wp-content\/uploads\/2023\/03\/20230322_iurban79_VKP-BA-Z-vs-Pirane-Brusno_DSC00082-1280x854.jpg","type":"image\/jpeg"}],"author":"jenca","twitter_card":"summary_large_image","twitter_misc":{"Autor":"jenca","Predpokladan\u00fd \u010das \u010d\u00edtania":"2 min\u00faty"},"schema":{"@context":"https:\/\/schema.org","@graph":[{"@type":"Article","@id":"https:\/\/www.vkpbratislava.sk\/?p=20874#article","isPartOf":{"@id":"https:\/\/www.vkpbratislava.sk\/?p=20874"},"author":{"name":"jenca","@id":"https:\/\/www.vkpbratislava.sk\/#\/schema\/person\/7037e769f9515aa58493d1b5852c4c50"},"headline":"Do semifin\u00e1le play-off v najkrat\u0161om \u010dase mu\u017ei i \u017eeny","datePublished":"2023-03-23T00:55:10+00:00","dateModified":"2023-03-23T00:57:34+00:00","mainEntityOfPage":{"@id":"https:\/\/www.vkpbratislava.sk\/?p=20874"},"wordCount":408,"publisher":{"@id":"https:\/\/www.vkpbratislava.sk\/#organization"},"image":{"@id":"https:\/\/www.vkpbratislava.sk\/?p=20874#primaryimage"},"thumbnailUrl":"https:\/\/www.vkpbratislava.sk\/wp-content\/uploads\/2023\/03\/20230322_iurban79_VKP-BA-Z-vs-Pirane-Brusno_DSC00082.jpg","articleSection":["Mu\u017ei","\u017deny"],"inLanguage":"sk-SK"},{"@type":"WebPage","@id":"https:\/\/www.vkpbratislava.sk\/?p=20874","url":"https:\/\/www.vkpbratislava.sk\/?p=20874","name":"Do semifin\u00e1le play-off v najkrat\u0161om \u010dase mu\u017ei i \u017eeny - VK SLOVAN Bratislava","isPartOf":{"@id":"https:\/\/www.vkpbratislava.sk\/#website"},"primaryImageOfPage":{"@id":"https:\/\/www.vkpbratislava.sk\/?p=20874#primaryimage"},"image":{"@id":"https:\/\/www.vkpbratislava.sk\/?p=20874#primaryimage"},"thumbnailUrl":"https:\/\/www.vkpbratislava.sk\/wp-content\/uploads\/2023\/03\/20230322_iurban79_VKP-BA-Z-vs-Pirane-Brusno_DSC00082.jpg","datePublished":"2023-03-23T00:55:10+00:00","dateModified":"2023-03-23T00:57:34+00:00","description":"Mu\u017ei i \u017eeny VKP Bratislava si zahraj\u00fa semifin\u00e1le play-off Nik\u00e9 extraligy. K\u00fdm mu\u017ei vyradili v dr\u00e1me Svidn\u00edk, \u017eeny si po\u013eahky poradili s Brusnom.\u00a0","breadcrumb":{"@id":"https:\/\/www.vkpbratislava.sk\/?p=20874#breadcrumb"},"inLanguage":"sk-SK","potentialAction":[{"@type":"ReadAction","target":["https:\/\/www.vkpbratislava.sk\/?p=20874"]}]},{"@type":"ImageObject","inLanguage":"sk-SK","@id":"https:\/\/www.vkpbratislava.sk\/?p=20874#primaryimage","url":"https:\/\/www.vkpbratislava.sk\/wp-content\/uploads\/2023\/03\/20230322_iurban79_VKP-BA-Z-vs-Pirane-Brusno_DSC00082.jpg","contentUrl":"https:\/\/www.vkpbratislava.sk\/wp-content\/uploads\/2023\/03\/20230322_iurban79_VKP-BA-Z-vs-Pirane-Brusno_DSC00082.jpg","width":2500,"height":1667},{"@type":"BreadcrumbList","@id":"https:\/\/www.vkpbratislava.sk\/?p=20874#breadcrumb","itemListElement":[{"@type":"ListItem","position":1,"name":"Domov","item":"https:\/\/www.vkpbratislava.sk\/"},{"@type":"ListItem","position":2,"name":"Do semifin\u00e1le play-off v najkrat\u0161om \u010dase mu\u017ei i \u017eeny"}]},{"@type":"WebSite","@id":"https:\/\/www.vkpbratislava.sk\/#website","url":"https:\/\/www.vkpbratislava.sk\/","name":"VK SLOVAN Bratislava","description":"Volejbalov\u00fd klub","publisher":{"@id":"https:\/\/www.vkpbratislava.sk\/#organization"},"potentialAction":[{"@type":"SearchAction","target":{"@type":"EntryPoint","urlTemplate":"https:\/\/www.vkpbratislava.sk\/?s={search_term_string}"},"query-input":{"@type":"PropertyValueSpecification","valueRequired":true,"valueName":"search_term_string"}}],"inLanguage":"sk-SK"},{"@type":"Organization","@id":"https:\/\/www.vkpbratislava.sk\/#organization","name":"VKP Bratislava","url":"https:\/\/www.vkpbratislava.sk\/","logo":{"@type":"ImageObject","inLanguage":"sk-SK","@id":"https:\/\/www.vkpbratislava.sk\/#\/schema\/logo\/image\/","url":"https:\/\/www.vkpbratislava.sk\/wp-content\/uploads\/2020\/10\/vkpBA.png","contentUrl":"https:\/\/www.vkpbratislava.sk\/wp-content\/uploads\/2020\/10\/vkpBA.png","width":600,"height":600,"caption":"VKP Bratislava"},"image":{"@id":"https:\/\/www.vkpbratislava.sk\/#\/schema\/logo\/image\/"}},{"@type":"Person","@id":"https:\/\/www.vkpbratislava.sk\/#\/schema\/person\/7037e769f9515aa58493d1b5852c4c50","name":"jenca","image":{"@type":"ImageObject","inLanguage":"sk-SK","@id":"https:\/\/www.vkpbratislava.sk\/#\/schema\/person\/image\/","url":"https:\/\/secure.gravatar.com\/avatar\/67aa89e9aab2911bbd0c6fbf0a891ea8d80c207c9b6a6e2c96e13fc2f16e536d?s=96&d=mm&r=g","contentUrl":"https:\/\/secure.gravatar.com\/avatar\/67aa89e9aab2911bbd0c6fbf0a891ea8d80c207c9b6a6e2c96e13fc2f16e536d?s=96&d=mm&r=g","caption":"jenca"},"url":"https:\/\/www.vkpbratislava.sk\/?author=3"}]}},"_links":{"self":[{"href":"https:\/\/www.vkpbratislava.sk\/index.php?rest_route=\/wp\/v2\/posts\/20874","targetHints":{"allow":["GET"]}}],"collection":[{"href":"https:\/\/www.vkpbratislava.sk\/index.php?rest_route=\/wp\/v2\/posts"}],"about":[{"href":"https:\/\/www.vkpbratislava.sk\/index.php?rest_route=\/wp\/v2\/types\/post"}],"author":[{"embeddable":true,"href":"https:\/\/www.vkpbratislava.sk\/index.php?rest_route=\/wp\/v2\/users\/3"}],"replies":[{"embeddable":true,"href":"https:\/\/www.vkpbratislava.sk\/index.php?rest_route=%2Fwp%2Fv2%2Fcomments&post=20874"}],"version-history":[{"count":1,"href":"https:\/\/www.vkpbratislava.sk\/index.php?rest_route=\/wp\/v2\/posts\/20874\/revisions"}],"predecessor-version":[{"id":20875,"href":"https:\/\/www.vkpbratislava.sk\/index.php?rest_route=\/wp\/v2\/posts\/20874\/revisions\/20875"}],"wp:featuredmedia":[{"embeddable":true,"href":"https:\/\/www.vkpbratislava.sk\/index.php?rest_route=\/wp\/v2\/media\/20876"}],"wp:attachment":[{"href":"https:\/\/www.vkpbratislava.sk\/index.php?rest_route=%2Fwp%2Fv2%2Fmedia&parent=20874"}],"wp:term":[{"taxonomy":"category","embeddable":true,"href":"https:\/\/www.vkpbratislava.sk\/index.php?rest_route=%2Fwp%2Fv2%2Fcategories&post=20874"},{"taxonomy":"post_tag","embeddable":true,"href":"https:\/\/www.vkpbratislava.sk\/index.php?rest_route=%2Fwp%2Fv2%2Ftags&post=20874"}],"curies":[{"name":"wp","href":"https:\/\/api.w.org\/{rel}","templated":true}]}}