{"id":21081,"date":"2023-03-28T16:27:22","date_gmt":"2023-03-28T14:27:22","guid":{"rendered":"https:\/\/www.vkpbratislava.sk\/?p=21081"},"modified":"2023-03-28T16:27:22","modified_gmt":"2023-03-28T14:27:22","slug":"30-rokov-od-zisku-prveho-titulu-vkp-zazit-to-opat-by-bolo-skvele-zela-si-pamatnik-hronsky","status":"publish","type":"post","link":"https:\/\/www.vkpbratislava.sk\/?p=21081","title":{"rendered":"30 rokov od zisku prv\u00e9ho titulu VKP: Za\u017ei\u0165 to op\u00e4\u0165 by bolo skvel\u00e9, \u017eel\u00e1 si pam\u00e4tn\u00edk Hronsk\u00fd"},"content":{"rendered":"<p><strong>Pozorn\u00e9mu oku novin\u00e1ra denn\u00edka \u0160port a\u00a0volejbalov\u00e9ho fajn\u0161mekra Pavla Kubi\u0161a neuniklo, \u017ee presne dnes, 28. marca je to presne 30 rokov od zisku prv\u00e9ho titulu mu\u017eov VKP Bratislava.<\/strong><\/p>\n<p>V\u00a0sez\u00f3ne, ktor\u00e1 bola prv\u00e1 v\u00a0\u00e9re samostatnosti sa hralo na dvoch fin\u00e1lov\u00fdch turnajoch. Najsk\u00f4r v\u00a0P\u00fachove a\u00a0n\u00e1sledne od 26. do 28. marca 1993 v\u00a0bratislavskom PKO. Pod veden\u00edm tr\u00e9nerskej dvojice Peter Kaln\u00fd &#8211; Ivan Hus\u00e1r stratili \u201epolicajti\u201c len jeden set a\u00a0stali sa historicky prv\u00fdmi majstrami Slovenska. \u201eSpom\u00ednam si na v\u0161etky doteraj\u0161ie tituly. Klob\u00fak dolu pred Pa\u013eom Kubi\u0161om, \u017ee dok\u00e1\u017ee volejbalov\u00e9 historick\u00e9 momenty pripomen\u00fa\u0165. Bolo to vtedy netradi\u010dn\u00e9, ke\u010f\u017ee sa po rozdelen\u00ed \u010ceskoslovenska menila aj s\u00fa\u0165a\u017e. Hrala sa vtedy Superliga a\u00a0z\u00e1rove\u0148 aj turnaje o titul majstra Slovenska. Mysl\u00edm si, \u017ee sme ich zvl\u00e1dli jednozna\u010dne a\u00a0bola to ve\u013ek\u00e1 oslava vo\u00a0vtedaj\u0161om PKO,\u201c spom\u00edna vtedaj\u0161\u00ed prezident a\u00a0s\u00fa\u010dasn\u00fd viceprezident VKP Eduard Hronsk\u00fd.<\/p>\n<p>Na s\u00fapiske figurovali neskor\u0161\u00ed \u0161\u00e9fovia volejbalov\u00fdch feder\u00e1ci\u00ed (Kra\u0161\u010deni\u010d a\u00a0Han\u00edk), traja reprezenta\u010dn\u00ed tr\u00e9neri (Peter Kaln\u00fd, Krav\u00e1rik a\u00a0Kardo\u0161) a\u00a0dokonca dvaja \u0161t\u00e1tni tajomn\u00edci pre \u0161port (Hus\u00e1r a\u00a0Nemec). \u201eMali sme vtedy ve\u013emi mlad\u00fd k\u00e1der. Boli to juniori a\u00a0za\u010d\u00ednaj\u00faci dospel\u00e1ci. Potrebovali sme vtedy mu\u017estvo vystu\u017ei\u0165 sk\u00fasen\u00fdm hr\u00e1\u010dom, a\u00a0tak sme siahli po nahr\u00e1va\u010dovi z\u00a0\u010desk\u00e9ho n\u00e1ro\u010f\u00e1ku Zdenkovi Han\u00edkovi. Aj ke\u010f si mysl\u00edm, \u017ee to do konca uhrali Migra s\u00a0Kardo\u0161om,\u201c pokra\u010duje Hronsk\u00fd. \u201eBola to ve\u013emi siln\u00e1 gener\u00e1cia poskladan\u00e1 e\u0161te za b\u00fdvalej \u201a\u010dervenky\u2018. Gradovalo to a\u00a0z\u00edskali nieko\u013eko titulov po sebe. Bola to netradi\u010dn\u00e1 zostava &#8211; v\u00fd\u0161kovo i volejbalovo. Ml\u00e1de\u017en\u00edcki reprezentanti, ktor\u00ed dominovali nesk\u00f4r v\u00a0seniorsk\u00fdch t\u00edmoch. Presadili sa v\u00a0zahrani\u010d\u00ed, stali sa aj \u00faspe\u0161n\u00fdmi tr\u00e9nermi. Dok\u00e1zali si \u017eivot zabezpe\u010di\u0165 aj v\u010faka volejbalov\u00fdm schopnostiam,\u201c doplnil.<\/p>\n<p>Tr\u00e9ner Peter Kaln\u00fd pred 30 rokmi kou\u010doval t\u00edm z\u00a0lavi\u010dky o\u00a0barl\u00e1ch. \u201eAk si dobre pam\u00e4t\u00e1m, mal roztrhnut\u00fa achilovku. Zd\u00e1 sa mi, \u017ee to mal dokonca dvakr\u00e1t operovan\u00e9 a\u00a0dosta\u0165 ho z\u00a0lavi\u010dky bolo priam nemo\u017en\u00e9, tak\u017ee si to odbil o\u00a0barl\u00e1ch,\u201c zalovil v\u00a0pam\u00e4ti Eduard Hronsk\u00fd.<\/p>\n<p><img loading=\"lazy\" decoding=\"async\" class=\"alignnone  wp-image-21082\" src=\"https:\/\/www.vkpbratislava.sk\/wp-content\/uploads\/2023\/03\/IMG_1418-640x965.jpg\" alt=\"\" width=\"343\" height=\"517\" srcset=\"https:\/\/www.vkpbratislava.sk\/wp-content\/uploads\/2023\/03\/IMG_1418-640x965.jpg 640w, https:\/\/www.vkpbratislava.sk\/wp-content\/uploads\/2023\/03\/IMG_1418-1280x1931.jpg 1280w, https:\/\/www.vkpbratislava.sk\/wp-content\/uploads\/2023\/03\/IMG_1418-768x1159.jpg 768w, https:\/\/www.vkpbratislava.sk\/wp-content\/uploads\/2023\/03\/IMG_1418-1018x1536.jpg 1018w, https:\/\/www.vkpbratislava.sk\/wp-content\/uploads\/2023\/03\/IMG_1418-320x483.jpg 320w, https:\/\/www.vkpbratislava.sk\/wp-content\/uploads\/2023\/03\/IMG_1418-600x905.jpg 600w, https:\/\/www.vkpbratislava.sk\/wp-content\/uploads\/2023\/03\/IMG_1418.jpg 1343w\" sizes=\"auto, (max-width: 343px) 100vw, 343px\" \/><br \/>\nTr\u00e9ner Peter Kaln\u00fd o barl\u00e1ch po zisku titulu, v pozad\u00ed prezident Eduard Hronsk\u00fd.<\/p>\n<h5>Za\u017ei\u0165 to op\u00e4\u0165<\/h5>\n<p>VKP Bratislava ako zna\u010dka sa vr\u00e1til na volejbalov\u00fa sc\u00e9nu a do hlavn\u00e9ho mesta pred troma rokmi. Dok\u00e1\u017ee novovzniknut\u00fd klub nadviaza\u0165 na sl\u00e1vnu hist\u00f3riu? \u201eM\u00e1m u\u017e za sebou vy\u0161e 30 rokov pri volejbale. Za\u017eil som ve\u013ea kr\u00e1snych chv\u00ed\u013e, ale aj sklaman\u00ed. U\u017e som star\u00fd, unaven\u00fd a\u00a0tieto kr\u00e1sne chv\u00edle prenech\u00e1m mlad\u0161\u00edm. Pevne ver\u00edm, \u017ee VKP v\u00a0novej hist\u00f3rii po 30-tich rokoch podobn\u00e9 chv\u00edle e\u0161te za\u017eije. Ur\u010dite si to za pr\u00e1cu v\u00a0klube v\u0161etci zasl\u00fa\u017eia. M\u00e1me za sebou dve \u0165a\u017ek\u00e9 sez\u00f3ny po n\u00e1vrate do Bratislavy, ale te\u0161\u00ed n\u00e1s, \u017ee sme teraz vyhrali so \u017eenami Slovensk\u00fd poh\u00e1r a\u00a0mu\u017ei i\u00a0\u017eeny s\u00fa v\u00a0semifin\u00e1le play-off,\u201c uzavrel s\u00a0premosten\u00edm na aktu\u00e1lny ro\u010dn\u00edk Eduard Hronsk\u00fd.<\/p>\n<p>Z\u00a0arch\u00edvu Pavla Kubi\u0161a dopln\u00edme, \u017ee 28. marec 1993 bol v\u00fdznamn\u00fd pre Vladim\u00edra Ro\u0161t\u00e1ra. Pr\u00e1ve v\u00a0de\u0148 majstrovsk\u00fdch osl\u00e1v pri\u0161la na svet jeho dc\u00e9ra Vladim\u00edra, ktorej prajeme v\u0161etko najlep\u0161ie k\u00a0okr\u00fahlym narodenin\u00e1m.<\/p>\n<h5 style=\"text-align: left;\"><span style=\"color: #000000;\">Majstri zo sez\u00f3ny 1992\/1993:<\/span><\/h5>\n<p style=\"text-align: left;\"><span style=\"color: #000000;\">Andrej Krav\u00e1rik, Zden\u011bk Han\u00edk (\u010cesko), Richard Nemec, Vladim\u00edr Ro\u0161t\u00e1r, Mari\u00e1n Migra, Boris Kempa (kapit\u00e1n), Juraj \u0160imo, \u013duboslav \u0160alata, Vladim\u00edr Proch\u00e1zka, Peter Bal\u00e1\u017e, Marek Kardo\u0161, Marian Vavrek, Patrik Pistovi\u010d, Vratislav Nebenf\u00fchr, Martin Kra\u0161\u010deni\u010d a Jozef Mucha.<\/span><\/p>\n<p><img loading=\"lazy\" decoding=\"async\" class=\"alignnone  wp-image-21083\" src=\"https:\/\/www.vkpbratislava.sk\/wp-content\/uploads\/2023\/03\/IMG_1421-640x519.jpg\" alt=\"\" width=\"391\" height=\"317\" srcset=\"https:\/\/www.vkpbratislava.sk\/wp-content\/uploads\/2023\/03\/IMG_1421-640x519.jpg 640w, https:\/\/www.vkpbratislava.sk\/wp-content\/uploads\/2023\/03\/IMG_1421-1280x1039.jpg 1280w, https:\/\/www.vkpbratislava.sk\/wp-content\/uploads\/2023\/03\/IMG_1421-768x623.jpg 768w, https:\/\/www.vkpbratislava.sk\/wp-content\/uploads\/2023\/03\/IMG_1421-320x260.jpg 320w, https:\/\/www.vkpbratislava.sk\/wp-content\/uploads\/2023\/03\/IMG_1421-600x487.jpg 600w, https:\/\/www.vkpbratislava.sk\/wp-content\/uploads\/2023\/03\/IMG_1421.jpg 1533w\" sizes=\"auto, (max-width: 391px) 100vw, 391px\" \/>\u00a0 \u00a0 \u00a0\u00a0<img loading=\"lazy\" decoding=\"async\" class=\"alignnone  wp-image-21085\" src=\"https:\/\/www.vkpbratislava.sk\/wp-content\/uploads\/2023\/03\/IMG_1425-640x899.jpg\" alt=\"\" width=\"224\" height=\"315\" srcset=\"https:\/\/www.vkpbratislava.sk\/wp-content\/uploads\/2023\/03\/IMG_1425-640x899.jpg 640w, https:\/\/www.vkpbratislava.sk\/wp-content\/uploads\/2023\/03\/IMG_1425-768x1079.jpg 768w, https:\/\/www.vkpbratislava.sk\/wp-content\/uploads\/2023\/03\/IMG_1425-320x450.jpg 320w, https:\/\/www.vkpbratislava.sk\/wp-content\/uploads\/2023\/03\/IMG_1425-600x843.jpg 600w, https:\/\/www.vkpbratislava.sk\/wp-content\/uploads\/2023\/03\/IMG_1425.jpg 792w\" sizes=\"auto, (max-width: 224px) 100vw, 224px\" \/><\/p>\n<p>\u010cl\u00e1nok z pera Pavla Kubi\u0161a. \u00a0 \u00a0 \u00a0 \u00a0 \u00a0 \u00a0 \u00a0 \u00a0 \u00a0 \u00a0 \u00a0 \u00a0 \u00a0 \u00a0 \u00a0 \u00a0 \u00a0 \u00a0 \u00a0 \u00a0 \u00a0 \u00a0 \u00a0 \u00a0 \u00a0 \u00a0 \u00a0 \u00a0 \u00a0 \u00a0 \u00a0 \u00a0 \u00a0 \u00a0 Sme\u010duj\u00faci Andrej Krav\u00e1rik.<\/p>\n<p>Zdroj: mb, arch\u00edv Pavol Kubi\u0161\/Denn\u00edk \u0160port<\/p>\n","protected":false},"excerpt":{"rendered":"<p>Pozorn\u00e9mu oku novin\u00e1ra denn\u00edka \u0160port a\u00a0volejbalov\u00e9ho fajn\u0161mekra Pavla Kubi\u0161a neuniklo, \u017ee presne dnes, 28. marca je to presne 30 rokov od zisku prv\u00e9ho titulu mu\u017eov VKP Bratislava.<\/p>\n","protected":false},"author":3,"featured_media":21084,"comment_status":"closed","ping_status":"closed","sticky":false,"template":"","format":"standard","meta":{"_monsterinsights_skip_tracking":false,"_monsterinsights_sitenote_active":false,"_monsterinsights_sitenote_note":"","_monsterinsights_sitenote_category":0,"footnotes":""},"categories":[47],"tags":[],"class_list":["post-21081","post","type-post","status-publish","format-standard","has-post-thumbnail","hentry","category-muzi"],"yoast_head":"<!-- This site is optimized with the Yoast SEO plugin v25.6 - https:\/\/yoast.com\/wordpress\/plugins\/seo\/ -->\n<title>30 rokov od zisku prv\u00e9ho titulu VKP: Za\u017ei\u0165 to op\u00e4\u0165 by bolo skvel\u00e9, \u017eel\u00e1 si pam\u00e4tn\u00edk Hronsk\u00fd - VK SLOVAN Bratislava<\/title>\n<meta name=\"description\" content=\"Pozorn\u00e9mu oku novin\u00e1ra denn\u00edka \u0160port a\u00a0volejbalov\u00e9ho fajn\u0161mekra Pavla Kubi\u0161a neuniklo, \u017ee presne dnes, 28. marca je to presne 30 rokov od zisku prv\u00e9ho titulu mu\u017eov VKP Bratislava.\" \/>\n<meta name=\"robots\" content=\"index, follow, max-snippet:-1, max-image-preview:large, max-video-preview:-1\" \/>\n<link rel=\"canonical\" href=\"https:\/\/www.vkpbratislava.sk\/?p=21081\" \/>\n<meta property=\"og:locale\" content=\"sk_SK\" \/>\n<meta property=\"og:type\" content=\"article\" \/>\n<meta property=\"og:title\" content=\"30 rokov od zisku prv\u00e9ho titulu VKP: Za\u017ei\u0165 to op\u00e4\u0165 by bolo skvel\u00e9, \u017eel\u00e1 si pam\u00e4tn\u00edk Hronsk\u00fd - VK SLOVAN Bratislava\" \/>\n<meta property=\"og:description\" content=\"Pozorn\u00e9mu oku novin\u00e1ra denn\u00edka \u0160port a\u00a0volejbalov\u00e9ho fajn\u0161mekra Pavla Kubi\u0161a neuniklo, \u017ee presne dnes, 28. marca je to presne 30 rokov od zisku prv\u00e9ho titulu mu\u017eov VKP Bratislava.\" \/>\n<meta property=\"og:url\" content=\"https:\/\/www.vkpbratislava.sk\/?p=21081\" \/>\n<meta property=\"og:site_name\" content=\"VK SLOVAN Bratislava\" \/>\n<meta property=\"article:published_time\" content=\"2023-03-28T14:27:22+00:00\" \/>\n<meta property=\"og:image\" content=\"https:\/\/www.vkpbratislava.sk\/wp-content\/uploads\/2023\/03\/IMG_1419.jpg\" \/>\n\t<meta property=\"og:image:width\" content=\"1970\" \/>\n\t<meta property=\"og:image:height\" content=\"1533\" \/>\n\t<meta property=\"og:image:type\" content=\"image\/jpeg\" \/>\n<meta name=\"author\" content=\"jenca\" \/>\n<meta name=\"twitter:card\" content=\"summary_large_image\" \/>\n<meta name=\"twitter:label1\" content=\"Autor\" \/>\n\t<meta name=\"twitter:data1\" content=\"jenca\" \/>\n\t<meta name=\"twitter:label2\" content=\"Predpokladan\u00fd \u010das \u010d\u00edtania\" \/>\n\t<meta name=\"twitter:data2\" content=\"4 min\u00faty\" \/>\n<script type=\"application\/ld+json\" class=\"yoast-schema-graph\">{\"@context\":\"https:\/\/schema.org\",\"@graph\":[{\"@type\":\"Article\",\"@id\":\"https:\/\/www.vkpbratislava.sk\/?p=21081#article\",\"isPartOf\":{\"@id\":\"https:\/\/www.vkpbratislava.sk\/?p=21081\"},\"author\":{\"name\":\"jenca\",\"@id\":\"https:\/\/www.vkpbratislava.sk\/#\/schema\/person\/7037e769f9515aa58493d1b5852c4c50\"},\"headline\":\"30 rokov od zisku prv\u00e9ho titulu VKP: Za\u017ei\u0165 to op\u00e4\u0165 by bolo skvel\u00e9, \u017eel\u00e1 si pam\u00e4tn\u00edk Hronsk\u00fd\",\"datePublished\":\"2023-03-28T14:27:22+00:00\",\"mainEntityOfPage\":{\"@id\":\"https:\/\/www.vkpbratislava.sk\/?p=21081\"},\"wordCount\":712,\"publisher\":{\"@id\":\"https:\/\/www.vkpbratislava.sk\/#organization\"},\"image\":{\"@id\":\"https:\/\/www.vkpbratislava.sk\/?p=21081#primaryimage\"},\"thumbnailUrl\":\"https:\/\/www.vkpbratislava.sk\/wp-content\/uploads\/2023\/03\/IMG_1419.jpg\",\"articleSection\":[\"Mu\u017ei\"],\"inLanguage\":\"sk-SK\"},{\"@type\":\"WebPage\",\"@id\":\"https:\/\/www.vkpbratislava.sk\/?p=21081\",\"url\":\"https:\/\/www.vkpbratislava.sk\/?p=21081\",\"name\":\"30 rokov od zisku prv\u00e9ho titulu VKP: Za\u017ei\u0165 to op\u00e4\u0165 by bolo skvel\u00e9, \u017eel\u00e1 si pam\u00e4tn\u00edk Hronsk\u00fd - VK SLOVAN Bratislava\",\"isPartOf\":{\"@id\":\"https:\/\/www.vkpbratislava.sk\/#website\"},\"primaryImageOfPage\":{\"@id\":\"https:\/\/www.vkpbratislava.sk\/?p=21081#primaryimage\"},\"image\":{\"@id\":\"https:\/\/www.vkpbratislava.sk\/?p=21081#primaryimage\"},\"thumbnailUrl\":\"https:\/\/www.vkpbratislava.sk\/wp-content\/uploads\/2023\/03\/IMG_1419.jpg\",\"datePublished\":\"2023-03-28T14:27:22+00:00\",\"description\":\"Pozorn\u00e9mu oku novin\u00e1ra denn\u00edka \u0160port a\u00a0volejbalov\u00e9ho fajn\u0161mekra Pavla Kubi\u0161a neuniklo, \u017ee presne dnes, 28. marca je to presne 30 rokov od zisku prv\u00e9ho titulu mu\u017eov VKP Bratislava.\",\"breadcrumb\":{\"@id\":\"https:\/\/www.vkpbratislava.sk\/?p=21081#breadcrumb\"},\"inLanguage\":\"sk-SK\",\"potentialAction\":[{\"@type\":\"ReadAction\",\"target\":[\"https:\/\/www.vkpbratislava.sk\/?p=21081\"]}]},{\"@type\":\"ImageObject\",\"inLanguage\":\"sk-SK\",\"@id\":\"https:\/\/www.vkpbratislava.sk\/?p=21081#primaryimage\",\"url\":\"https:\/\/www.vkpbratislava.sk\/wp-content\/uploads\/2023\/03\/IMG_1419.jpg\",\"contentUrl\":\"https:\/\/www.vkpbratislava.sk\/wp-content\/uploads\/2023\/03\/IMG_1419.jpg\",\"width\":1970,\"height\":1533},{\"@type\":\"BreadcrumbList\",\"@id\":\"https:\/\/www.vkpbratislava.sk\/?p=21081#breadcrumb\",\"itemListElement\":[{\"@type\":\"ListItem\",\"position\":1,\"name\":\"Domov\",\"item\":\"https:\/\/www.vkpbratislava.sk\/\"},{\"@type\":\"ListItem\",\"position\":2,\"name\":\"30 rokov od zisku prv\u00e9ho titulu VKP: Za\u017ei\u0165 to op\u00e4\u0165 by bolo skvel\u00e9, \u017eel\u00e1 si pam\u00e4tn\u00edk Hronsk\u00fd\"}]},{\"@type\":\"WebSite\",\"@id\":\"https:\/\/www.vkpbratislava.sk\/#website\",\"url\":\"https:\/\/www.vkpbratislava.sk\/\",\"name\":\"VK SLOVAN Bratislava\",\"description\":\"Volejbalov\u00fd klub\",\"publisher\":{\"@id\":\"https:\/\/www.vkpbratislava.sk\/#organization\"},\"potentialAction\":[{\"@type\":\"SearchAction\",\"target\":{\"@type\":\"EntryPoint\",\"urlTemplate\":\"https:\/\/www.vkpbratislava.sk\/?s={search_term_string}\"},\"query-input\":{\"@type\":\"PropertyValueSpecification\",\"valueRequired\":true,\"valueName\":\"search_term_string\"}}],\"inLanguage\":\"sk-SK\"},{\"@type\":\"Organization\",\"@id\":\"https:\/\/www.vkpbratislava.sk\/#organization\",\"name\":\"VKP Bratislava\",\"url\":\"https:\/\/www.vkpbratislava.sk\/\",\"logo\":{\"@type\":\"ImageObject\",\"inLanguage\":\"sk-SK\",\"@id\":\"https:\/\/www.vkpbratislava.sk\/#\/schema\/logo\/image\/\",\"url\":\"https:\/\/www.vkpbratislava.sk\/wp-content\/uploads\/2020\/10\/vkpBA.png\",\"contentUrl\":\"https:\/\/www.vkpbratislava.sk\/wp-content\/uploads\/2020\/10\/vkpBA.png\",\"width\":600,\"height\":600,\"caption\":\"VKP Bratislava\"},\"image\":{\"@id\":\"https:\/\/www.vkpbratislava.sk\/#\/schema\/logo\/image\/\"}},{\"@type\":\"Person\",\"@id\":\"https:\/\/www.vkpbratislava.sk\/#\/schema\/person\/7037e769f9515aa58493d1b5852c4c50\",\"name\":\"jenca\",\"image\":{\"@type\":\"ImageObject\",\"inLanguage\":\"sk-SK\",\"@id\":\"https:\/\/www.vkpbratislava.sk\/#\/schema\/person\/image\/\",\"url\":\"https:\/\/secure.gravatar.com\/avatar\/67aa89e9aab2911bbd0c6fbf0a891ea8d80c207c9b6a6e2c96e13fc2f16e536d?s=96&d=mm&r=g\",\"contentUrl\":\"https:\/\/secure.gravatar.com\/avatar\/67aa89e9aab2911bbd0c6fbf0a891ea8d80c207c9b6a6e2c96e13fc2f16e536d?s=96&d=mm&r=g\",\"caption\":\"jenca\"},\"url\":\"https:\/\/www.vkpbratislava.sk\/?author=3\"}]}<\/script>\n<!-- \/ Yoast SEO plugin. -->","yoast_head_json":{"title":"30 rokov od zisku prv\u00e9ho titulu VKP: Za\u017ei\u0165 to op\u00e4\u0165 by bolo skvel\u00e9, \u017eel\u00e1 si pam\u00e4tn\u00edk Hronsk\u00fd - VK SLOVAN Bratislava","description":"Pozorn\u00e9mu oku novin\u00e1ra denn\u00edka \u0160port a\u00a0volejbalov\u00e9ho fajn\u0161mekra Pavla Kubi\u0161a neuniklo, \u017ee presne dnes, 28. marca je to presne 30 rokov od zisku prv\u00e9ho titulu mu\u017eov VKP Bratislava.","robots":{"index":"index","follow":"follow","max-snippet":"max-snippet:-1","max-image-preview":"max-image-preview:large","max-video-preview":"max-video-preview:-1"},"canonical":"https:\/\/www.vkpbratislava.sk\/?p=21081","og_locale":"sk_SK","og_type":"article","og_title":"30 rokov od zisku prv\u00e9ho titulu VKP: Za\u017ei\u0165 to op\u00e4\u0165 by bolo skvel\u00e9, \u017eel\u00e1 si pam\u00e4tn\u00edk Hronsk\u00fd - VK SLOVAN Bratislava","og_description":"Pozorn\u00e9mu oku novin\u00e1ra denn\u00edka \u0160port a\u00a0volejbalov\u00e9ho fajn\u0161mekra Pavla Kubi\u0161a neuniklo, \u017ee presne dnes, 28. marca je to presne 30 rokov od zisku prv\u00e9ho titulu mu\u017eov VKP Bratislava.","og_url":"https:\/\/www.vkpbratislava.sk\/?p=21081","og_site_name":"VK SLOVAN Bratislava","article_published_time":"2023-03-28T14:27:22+00:00","og_image":[{"width":1970,"height":1533,"url":"https:\/\/www.vkpbratislava.sk\/wp-content\/uploads\/2023\/03\/IMG_1419.jpg","type":"image\/jpeg"}],"author":"jenca","twitter_card":"summary_large_image","twitter_misc":{"Autor":"jenca","Predpokladan\u00fd \u010das \u010d\u00edtania":"4 min\u00faty"},"schema":{"@context":"https:\/\/schema.org","@graph":[{"@type":"Article","@id":"https:\/\/www.vkpbratislava.sk\/?p=21081#article","isPartOf":{"@id":"https:\/\/www.vkpbratislava.sk\/?p=21081"},"author":{"name":"jenca","@id":"https:\/\/www.vkpbratislava.sk\/#\/schema\/person\/7037e769f9515aa58493d1b5852c4c50"},"headline":"30 rokov od zisku prv\u00e9ho titulu VKP: Za\u017ei\u0165 to op\u00e4\u0165 by bolo skvel\u00e9, \u017eel\u00e1 si pam\u00e4tn\u00edk Hronsk\u00fd","datePublished":"2023-03-28T14:27:22+00:00","mainEntityOfPage":{"@id":"https:\/\/www.vkpbratislava.sk\/?p=21081"},"wordCount":712,"publisher":{"@id":"https:\/\/www.vkpbratislava.sk\/#organization"},"image":{"@id":"https:\/\/www.vkpbratislava.sk\/?p=21081#primaryimage"},"thumbnailUrl":"https:\/\/www.vkpbratislava.sk\/wp-content\/uploads\/2023\/03\/IMG_1419.jpg","articleSection":["Mu\u017ei"],"inLanguage":"sk-SK"},{"@type":"WebPage","@id":"https:\/\/www.vkpbratislava.sk\/?p=21081","url":"https:\/\/www.vkpbratislava.sk\/?p=21081","name":"30 rokov od zisku prv\u00e9ho titulu VKP: Za\u017ei\u0165 to op\u00e4\u0165 by bolo skvel\u00e9, \u017eel\u00e1 si pam\u00e4tn\u00edk Hronsk\u00fd - VK SLOVAN Bratislava","isPartOf":{"@id":"https:\/\/www.vkpbratislava.sk\/#website"},"primaryImageOfPage":{"@id":"https:\/\/www.vkpbratislava.sk\/?p=21081#primaryimage"},"image":{"@id":"https:\/\/www.vkpbratislava.sk\/?p=21081#primaryimage"},"thumbnailUrl":"https:\/\/www.vkpbratislava.sk\/wp-content\/uploads\/2023\/03\/IMG_1419.jpg","datePublished":"2023-03-28T14:27:22+00:00","description":"Pozorn\u00e9mu oku novin\u00e1ra denn\u00edka \u0160port a\u00a0volejbalov\u00e9ho fajn\u0161mekra Pavla Kubi\u0161a neuniklo, \u017ee presne dnes, 28. marca je to presne 30 rokov od zisku prv\u00e9ho titulu mu\u017eov VKP Bratislava.","breadcrumb":{"@id":"https:\/\/www.vkpbratislava.sk\/?p=21081#breadcrumb"},"inLanguage":"sk-SK","potentialAction":[{"@type":"ReadAction","target":["https:\/\/www.vkpbratislava.sk\/?p=21081"]}]},{"@type":"ImageObject","inLanguage":"sk-SK","@id":"https:\/\/www.vkpbratislava.sk\/?p=21081#primaryimage","url":"https:\/\/www.vkpbratislava.sk\/wp-content\/uploads\/2023\/03\/IMG_1419.jpg","contentUrl":"https:\/\/www.vkpbratislava.sk\/wp-content\/uploads\/2023\/03\/IMG_1419.jpg","width":1970,"height":1533},{"@type":"BreadcrumbList","@id":"https:\/\/www.vkpbratislava.sk\/?p=21081#breadcrumb","itemListElement":[{"@type":"ListItem","position":1,"name":"Domov","item":"https:\/\/www.vkpbratislava.sk\/"},{"@type":"ListItem","position":2,"name":"30 rokov od zisku prv\u00e9ho titulu VKP: Za\u017ei\u0165 to op\u00e4\u0165 by bolo skvel\u00e9, \u017eel\u00e1 si pam\u00e4tn\u00edk Hronsk\u00fd"}]},{"@type":"WebSite","@id":"https:\/\/www.vkpbratislava.sk\/#website","url":"https:\/\/www.vkpbratislava.sk\/","name":"VK SLOVAN Bratislava","description":"Volejbalov\u00fd klub","publisher":{"@id":"https:\/\/www.vkpbratislava.sk\/#organization"},"potentialAction":[{"@type":"SearchAction","target":{"@type":"EntryPoint","urlTemplate":"https:\/\/www.vkpbratislava.sk\/?s={search_term_string}"},"query-input":{"@type":"PropertyValueSpecification","valueRequired":true,"valueName":"search_term_string"}}],"inLanguage":"sk-SK"},{"@type":"Organization","@id":"https:\/\/www.vkpbratislava.sk\/#organization","name":"VKP Bratislava","url":"https:\/\/www.vkpbratislava.sk\/","logo":{"@type":"ImageObject","inLanguage":"sk-SK","@id":"https:\/\/www.vkpbratislava.sk\/#\/schema\/logo\/image\/","url":"https:\/\/www.vkpbratislava.sk\/wp-content\/uploads\/2020\/10\/vkpBA.png","contentUrl":"https:\/\/www.vkpbratislava.sk\/wp-content\/uploads\/2020\/10\/vkpBA.png","width":600,"height":600,"caption":"VKP Bratislava"},"image":{"@id":"https:\/\/www.vkpbratislava.sk\/#\/schema\/logo\/image\/"}},{"@type":"Person","@id":"https:\/\/www.vkpbratislava.sk\/#\/schema\/person\/7037e769f9515aa58493d1b5852c4c50","name":"jenca","image":{"@type":"ImageObject","inLanguage":"sk-SK","@id":"https:\/\/www.vkpbratislava.sk\/#\/schema\/person\/image\/","url":"https:\/\/secure.gravatar.com\/avatar\/67aa89e9aab2911bbd0c6fbf0a891ea8d80c207c9b6a6e2c96e13fc2f16e536d?s=96&d=mm&r=g","contentUrl":"https:\/\/secure.gravatar.com\/avatar\/67aa89e9aab2911bbd0c6fbf0a891ea8d80c207c9b6a6e2c96e13fc2f16e536d?s=96&d=mm&r=g","caption":"jenca"},"url":"https:\/\/www.vkpbratislava.sk\/?author=3"}]}},"_links":{"self":[{"href":"https:\/\/www.vkpbratislava.sk\/index.php?rest_route=\/wp\/v2\/posts\/21081","targetHints":{"allow":["GET"]}}],"collection":[{"href":"https:\/\/www.vkpbratislava.sk\/index.php?rest_route=\/wp\/v2\/posts"}],"about":[{"href":"https:\/\/www.vkpbratislava.sk\/index.php?rest_route=\/wp\/v2\/types\/post"}],"author":[{"embeddable":true,"href":"https:\/\/www.vkpbratislava.sk\/index.php?rest_route=\/wp\/v2\/users\/3"}],"replies":[{"embeddable":true,"href":"https:\/\/www.vkpbratislava.sk\/index.php?rest_route=%2Fwp%2Fv2%2Fcomments&post=21081"}],"version-history":[{"count":1,"href":"https:\/\/www.vkpbratislava.sk\/index.php?rest_route=\/wp\/v2\/posts\/21081\/revisions"}],"predecessor-version":[{"id":21086,"href":"https:\/\/www.vkpbratislava.sk\/index.php?rest_route=\/wp\/v2\/posts\/21081\/revisions\/21086"}],"wp:featuredmedia":[{"embeddable":true,"href":"https:\/\/www.vkpbratislava.sk\/index.php?rest_route=\/wp\/v2\/media\/21084"}],"wp:attachment":[{"href":"https:\/\/www.vkpbratislava.sk\/index.php?rest_route=%2Fwp%2Fv2%2Fmedia&parent=21081"}],"wp:term":[{"taxonomy":"category","embeddable":true,"href":"https:\/\/www.vkpbratislava.sk\/index.php?rest_route=%2Fwp%2Fv2%2Fcategories&post=21081"},{"taxonomy":"post_tag","embeddable":true,"href":"https:\/\/www.vkpbratislava.sk\/index.php?rest_route=%2Fwp%2Fv2%2Ftags&post=21081"}],"curies":[{"name":"wp","href":"https:\/\/api.w.org\/{rel}","templated":true}]}}