{"id":21095,"date":"2023-03-29T23:49:44","date_gmt":"2023-03-29T21:49:44","guid":{"rendered":"https:\/\/www.vkpbratislava.sk\/?p=21095"},"modified":"2023-03-29T23:49:44","modified_gmt":"2023-03-29T21:49:44","slug":"prvy-skalp-myjavy-v-semifinale-play-off","status":"publish","type":"post","link":"https:\/\/www.vkpbratislava.sk\/?p=21095","title":{"rendered":"Prv\u00fd skalp Myjavy v semifin\u00e1le play-off"},"content":{"rendered":"<p><strong>Volejbalisti VKP Bratislava zvl\u00e1dli prv\u00fd krok a v semifin\u00e1le play-off vyhrali v \u00favodnom s\u00faboji na palubovke Myjavy 3:1. \u010eal\u0161\u00ed duel sa odohr\u00e1 v pondelok 3. apr\u00edla v Bratislave v \u0161portovej hale FEI STU.<\/strong><\/p>\n<p><b>TJ SPARTAK MYJAVA \u2013 VKP BRATISLAVA 1:3 (-26, 20, -19, -22) \u2013 0:1 NA Z\u00c1PASY<\/b><\/p>\n<p><b>Rozhodovali: <\/b>Tir\u0161el a\u00a0\u010cuntala, 360 div\u00e1kov.<\/p>\n<p><b>TJ SPARTAK: <\/b>O. Zeman 4, Valo 1, Konc 12, M. Zeman 8, Viskup 17, Watzka 16, liber\u00e1 \u0160\u00edma a\u00a0S. Pa\u0148ko (Poll\u00e1k 0, \u0160. Rzyman 0).<b> <\/b>Tr\u00e9ner: V. Osipov.<\/p>\n<p><b>VKP: <\/b>Kub\u0161 9, Billich 15, Jaloveck\u00fd 6, Truba\u010d 10, Marjov 11, Van\u010do 26, libero \u013d. Nemec (\u010cerven\u00e1k 0). Tr\u00e9ner: R. P\u011blucha.<\/p>\n<p><b>Hr\u00e1\u010di z\u00e1pasu: <\/b>Mat\u00fa\u0161 Konc (TJ Spartak Myjava) \u2013 Matej Kub\u0161 (VKP Bratislava)<\/p>\n<p><b>Vitalij Osipov, tr\u00e9ner TJ Spartak: <\/b><i>\u201eV\u00fdsledok 1:3 odzrkad\u013euje dianie na ihrisku. Druh\u00fd set sme vyhrali preto, lebo sme zlep\u0161ili servis a\u00a0s\u00faper mal probl\u00e9my. Potom u\u017e VKP zvl\u00e1dol z\u00e1pas na prihr\u00e1vke a\u00a0ve\u013ea \u00fato\u010dil stredom. Ak nebudeme ma\u0165 dobr\u00fd servis, tak sa n\u00e1m bude ve\u013emi \u0165a\u017eko br\u00e1ni\u0165 na sieti. To je cel\u00e1 filozofia z\u00e1pasu.\u201c<\/i><\/p>\n<p><b>Robin P\u011blucha, tr\u00e9ner VKP: <\/b><i>\u201eTe\u0161\u00ed ma, \u017ee sme vyhrali na palubovke favorita. Bol to pekn\u00fd volejbal, s\u00a0v\u00fdborn\u00fdmi v\u00fdmenami. Urobili sme prv\u00fd krok, ale e\u0161te m\u00e1me ve\u013ea \u010do \u201e\u0161portova\u0165\u201c.\u201c<\/i><\/p>\n<p><a href=\"https:\/\/www.nike.sk\/highlighty\/stream\/1475\/29.3.2023-Spartak_Myjava_v_VKP_Bratislava\">Zostrih z\u00e1pasu<\/a><\/p>\n","protected":false},"excerpt":{"rendered":"<p>Volejbalisti VKP Bratislava zvl\u00e1dli prv\u00fd krok a v semifin\u00e1le play-off vyhrali v \u00favodnom s\u00faboji na palubovke Myjavy 3:1. \u010eal\u0161\u00ed duel sa odohr\u00e1 v pondelok 3. apr\u00edla v Bratislave v \u0161portovej hale FEI STU.<\/p>\n","protected":false},"author":3,"featured_media":21096,"comment_status":"closed","ping_status":"closed","sticky":false,"template":"","format":"standard","meta":{"_monsterinsights_skip_tracking":false,"_monsterinsights_sitenote_active":false,"_monsterinsights_sitenote_note":"","_monsterinsights_sitenote_category":0,"footnotes":""},"categories":[47],"tags":[],"class_list":["post-21095","post","type-post","status-publish","format-standard","has-post-thumbnail","hentry","category-muzi"],"yoast_head":"<!-- This site is optimized with the Yoast SEO plugin v25.6 - https:\/\/yoast.com\/wordpress\/plugins\/seo\/ -->\n<title>Prv\u00fd skalp Myjavy v semifin\u00e1le play-off - VK SLOVAN Bratislava<\/title>\n<meta name=\"description\" content=\"Volejbalisti VKP Bratislava zvl\u00e1dli prv\u00fd krok a v semifin\u00e1le play-off vyhrali v \u00favodnom s\u00faboji na palubovke Myjavy 3:1. \u010eal\u0161\u00ed duel sa odohr\u00e1 v pondelok 3. apr\u00edla v Bratislave v \u0161portovej hale FEI STU.\" \/>\n<meta name=\"robots\" content=\"index, follow, max-snippet:-1, max-image-preview:large, max-video-preview:-1\" \/>\n<link rel=\"canonical\" href=\"https:\/\/www.vkpbratislava.sk\/?p=21095\" \/>\n<meta property=\"og:locale\" content=\"sk_SK\" \/>\n<meta property=\"og:type\" content=\"article\" \/>\n<meta property=\"og:title\" content=\"Prv\u00fd skalp Myjavy v semifin\u00e1le play-off - VK SLOVAN Bratislava\" \/>\n<meta property=\"og:description\" content=\"Volejbalisti VKP Bratislava zvl\u00e1dli prv\u00fd krok a v semifin\u00e1le play-off vyhrali v \u00favodnom s\u00faboji na palubovke Myjavy 3:1. \u010eal\u0161\u00ed duel sa odohr\u00e1 v pondelok 3. apr\u00edla v Bratislave v \u0161portovej hale FEI STU.\" \/>\n<meta property=\"og:url\" content=\"https:\/\/www.vkpbratislava.sk\/?p=21095\" \/>\n<meta property=\"og:site_name\" content=\"VK SLOVAN Bratislava\" \/>\n<meta property=\"article:published_time\" content=\"2023-03-29T21:49:44+00:00\" \/>\n<meta property=\"og:image\" content=\"https:\/\/www.vkpbratislava.sk\/wp-content\/uploads\/2023\/03\/7B4A5431-1280x853.jpg\" \/>\n\t<meta property=\"og:image:width\" content=\"1280\" \/>\n\t<meta property=\"og:image:height\" content=\"853\" \/>\n\t<meta property=\"og:image:type\" content=\"image\/jpeg\" \/>\n<meta name=\"author\" content=\"jenca\" \/>\n<meta name=\"twitter:card\" content=\"summary_large_image\" \/>\n<meta name=\"twitter:label1\" content=\"Autor\" \/>\n\t<meta name=\"twitter:data1\" content=\"jenca\" \/>\n\t<meta name=\"twitter:label2\" content=\"Predpokladan\u00fd \u010das \u010d\u00edtania\" \/>\n\t<meta name=\"twitter:data2\" content=\"2 min\u00faty\" \/>\n<script type=\"application\/ld+json\" class=\"yoast-schema-graph\">{\"@context\":\"https:\/\/schema.org\",\"@graph\":[{\"@type\":\"Article\",\"@id\":\"https:\/\/www.vkpbratislava.sk\/?p=21095#article\",\"isPartOf\":{\"@id\":\"https:\/\/www.vkpbratislava.sk\/?p=21095\"},\"author\":{\"name\":\"jenca\",\"@id\":\"https:\/\/www.vkpbratislava.sk\/#\/schema\/person\/7037e769f9515aa58493d1b5852c4c50\"},\"headline\":\"Prv\u00fd skalp Myjavy v semifin\u00e1le play-off\",\"datePublished\":\"2023-03-29T21:49:44+00:00\",\"mainEntityOfPage\":{\"@id\":\"https:\/\/www.vkpbratislava.sk\/?p=21095\"},\"wordCount\":222,\"publisher\":{\"@id\":\"https:\/\/www.vkpbratislava.sk\/#organization\"},\"image\":{\"@id\":\"https:\/\/www.vkpbratislava.sk\/?p=21095#primaryimage\"},\"thumbnailUrl\":\"https:\/\/www.vkpbratislava.sk\/wp-content\/uploads\/2023\/03\/7B4A5431.jpg\",\"articleSection\":[\"Mu\u017ei\"],\"inLanguage\":\"sk-SK\"},{\"@type\":\"WebPage\",\"@id\":\"https:\/\/www.vkpbratislava.sk\/?p=21095\",\"url\":\"https:\/\/www.vkpbratislava.sk\/?p=21095\",\"name\":\"Prv\u00fd skalp Myjavy v semifin\u00e1le play-off - VK SLOVAN Bratislava\",\"isPartOf\":{\"@id\":\"https:\/\/www.vkpbratislava.sk\/#website\"},\"primaryImageOfPage\":{\"@id\":\"https:\/\/www.vkpbratislava.sk\/?p=21095#primaryimage\"},\"image\":{\"@id\":\"https:\/\/www.vkpbratislava.sk\/?p=21095#primaryimage\"},\"thumbnailUrl\":\"https:\/\/www.vkpbratislava.sk\/wp-content\/uploads\/2023\/03\/7B4A5431.jpg\",\"datePublished\":\"2023-03-29T21:49:44+00:00\",\"description\":\"Volejbalisti VKP Bratislava zvl\u00e1dli prv\u00fd krok a v semifin\u00e1le play-off vyhrali v \u00favodnom s\u00faboji na palubovke Myjavy 3:1. \u010eal\u0161\u00ed duel sa odohr\u00e1 v pondelok 3. apr\u00edla v Bratislave v \u0161portovej hale FEI STU.\",\"breadcrumb\":{\"@id\":\"https:\/\/www.vkpbratislava.sk\/?p=21095#breadcrumb\"},\"inLanguage\":\"sk-SK\",\"potentialAction\":[{\"@type\":\"ReadAction\",\"target\":[\"https:\/\/www.vkpbratislava.sk\/?p=21095\"]}]},{\"@type\":\"ImageObject\",\"inLanguage\":\"sk-SK\",\"@id\":\"https:\/\/www.vkpbratislava.sk\/?p=21095#primaryimage\",\"url\":\"https:\/\/www.vkpbratislava.sk\/wp-content\/uploads\/2023\/03\/7B4A5431.jpg\",\"contentUrl\":\"https:\/\/www.vkpbratislava.sk\/wp-content\/uploads\/2023\/03\/7B4A5431.jpg\",\"width\":2048,\"height\":1365},{\"@type\":\"BreadcrumbList\",\"@id\":\"https:\/\/www.vkpbratislava.sk\/?p=21095#breadcrumb\",\"itemListElement\":[{\"@type\":\"ListItem\",\"position\":1,\"name\":\"Domov\",\"item\":\"https:\/\/www.vkpbratislava.sk\/\"},{\"@type\":\"ListItem\",\"position\":2,\"name\":\"Prv\u00fd skalp Myjavy v semifin\u00e1le play-off\"}]},{\"@type\":\"WebSite\",\"@id\":\"https:\/\/www.vkpbratislava.sk\/#website\",\"url\":\"https:\/\/www.vkpbratislava.sk\/\",\"name\":\"VK SLOVAN Bratislava\",\"description\":\"Volejbalov\u00fd klub\",\"publisher\":{\"@id\":\"https:\/\/www.vkpbratislava.sk\/#organization\"},\"potentialAction\":[{\"@type\":\"SearchAction\",\"target\":{\"@type\":\"EntryPoint\",\"urlTemplate\":\"https:\/\/www.vkpbratislava.sk\/?s={search_term_string}\"},\"query-input\":{\"@type\":\"PropertyValueSpecification\",\"valueRequired\":true,\"valueName\":\"search_term_string\"}}],\"inLanguage\":\"sk-SK\"},{\"@type\":\"Organization\",\"@id\":\"https:\/\/www.vkpbratislava.sk\/#organization\",\"name\":\"VKP Bratislava\",\"url\":\"https:\/\/www.vkpbratislava.sk\/\",\"logo\":{\"@type\":\"ImageObject\",\"inLanguage\":\"sk-SK\",\"@id\":\"https:\/\/www.vkpbratislava.sk\/#\/schema\/logo\/image\/\",\"url\":\"https:\/\/www.vkpbratislava.sk\/wp-content\/uploads\/2020\/10\/vkpBA.png\",\"contentUrl\":\"https:\/\/www.vkpbratislava.sk\/wp-content\/uploads\/2020\/10\/vkpBA.png\",\"width\":600,\"height\":600,\"caption\":\"VKP Bratislava\"},\"image\":{\"@id\":\"https:\/\/www.vkpbratislava.sk\/#\/schema\/logo\/image\/\"}},{\"@type\":\"Person\",\"@id\":\"https:\/\/www.vkpbratislava.sk\/#\/schema\/person\/7037e769f9515aa58493d1b5852c4c50\",\"name\":\"jenca\",\"image\":{\"@type\":\"ImageObject\",\"inLanguage\":\"sk-SK\",\"@id\":\"https:\/\/www.vkpbratislava.sk\/#\/schema\/person\/image\/\",\"url\":\"https:\/\/secure.gravatar.com\/avatar\/67aa89e9aab2911bbd0c6fbf0a891ea8d80c207c9b6a6e2c96e13fc2f16e536d?s=96&d=mm&r=g\",\"contentUrl\":\"https:\/\/secure.gravatar.com\/avatar\/67aa89e9aab2911bbd0c6fbf0a891ea8d80c207c9b6a6e2c96e13fc2f16e536d?s=96&d=mm&r=g\",\"caption\":\"jenca\"},\"url\":\"https:\/\/www.vkpbratislava.sk\/?author=3\"}]}<\/script>\n<!-- \/ Yoast SEO plugin. -->","yoast_head_json":{"title":"Prv\u00fd skalp Myjavy v semifin\u00e1le play-off - VK SLOVAN Bratislava","description":"Volejbalisti VKP Bratislava zvl\u00e1dli prv\u00fd krok a v semifin\u00e1le play-off vyhrali v \u00favodnom s\u00faboji na palubovke Myjavy 3:1. \u010eal\u0161\u00ed duel sa odohr\u00e1 v pondelok 3. apr\u00edla v Bratislave v \u0161portovej hale FEI STU.","robots":{"index":"index","follow":"follow","max-snippet":"max-snippet:-1","max-image-preview":"max-image-preview:large","max-video-preview":"max-video-preview:-1"},"canonical":"https:\/\/www.vkpbratislava.sk\/?p=21095","og_locale":"sk_SK","og_type":"article","og_title":"Prv\u00fd skalp Myjavy v semifin\u00e1le play-off - VK SLOVAN Bratislava","og_description":"Volejbalisti VKP Bratislava zvl\u00e1dli prv\u00fd krok a v semifin\u00e1le play-off vyhrali v \u00favodnom s\u00faboji na palubovke Myjavy 3:1. \u010eal\u0161\u00ed duel sa odohr\u00e1 v pondelok 3. apr\u00edla v Bratislave v \u0161portovej hale FEI STU.","og_url":"https:\/\/www.vkpbratislava.sk\/?p=21095","og_site_name":"VK SLOVAN Bratislava","article_published_time":"2023-03-29T21:49:44+00:00","og_image":[{"width":1280,"height":853,"url":"https:\/\/www.vkpbratislava.sk\/wp-content\/uploads\/2023\/03\/7B4A5431-1280x853.jpg","type":"image\/jpeg"}],"author":"jenca","twitter_card":"summary_large_image","twitter_misc":{"Autor":"jenca","Predpokladan\u00fd \u010das \u010d\u00edtania":"2 min\u00faty"},"schema":{"@context":"https:\/\/schema.org","@graph":[{"@type":"Article","@id":"https:\/\/www.vkpbratislava.sk\/?p=21095#article","isPartOf":{"@id":"https:\/\/www.vkpbratislava.sk\/?p=21095"},"author":{"name":"jenca","@id":"https:\/\/www.vkpbratislava.sk\/#\/schema\/person\/7037e769f9515aa58493d1b5852c4c50"},"headline":"Prv\u00fd skalp Myjavy v semifin\u00e1le play-off","datePublished":"2023-03-29T21:49:44+00:00","mainEntityOfPage":{"@id":"https:\/\/www.vkpbratislava.sk\/?p=21095"},"wordCount":222,"publisher":{"@id":"https:\/\/www.vkpbratislava.sk\/#organization"},"image":{"@id":"https:\/\/www.vkpbratislava.sk\/?p=21095#primaryimage"},"thumbnailUrl":"https:\/\/www.vkpbratislava.sk\/wp-content\/uploads\/2023\/03\/7B4A5431.jpg","articleSection":["Mu\u017ei"],"inLanguage":"sk-SK"},{"@type":"WebPage","@id":"https:\/\/www.vkpbratislava.sk\/?p=21095","url":"https:\/\/www.vkpbratislava.sk\/?p=21095","name":"Prv\u00fd skalp Myjavy v semifin\u00e1le play-off - VK SLOVAN Bratislava","isPartOf":{"@id":"https:\/\/www.vkpbratislava.sk\/#website"},"primaryImageOfPage":{"@id":"https:\/\/www.vkpbratislava.sk\/?p=21095#primaryimage"},"image":{"@id":"https:\/\/www.vkpbratislava.sk\/?p=21095#primaryimage"},"thumbnailUrl":"https:\/\/www.vkpbratislava.sk\/wp-content\/uploads\/2023\/03\/7B4A5431.jpg","datePublished":"2023-03-29T21:49:44+00:00","description":"Volejbalisti VKP Bratislava zvl\u00e1dli prv\u00fd krok a v semifin\u00e1le play-off vyhrali v \u00favodnom s\u00faboji na palubovke Myjavy 3:1. \u010eal\u0161\u00ed duel sa odohr\u00e1 v pondelok 3. apr\u00edla v Bratislave v \u0161portovej hale FEI STU.","breadcrumb":{"@id":"https:\/\/www.vkpbratislava.sk\/?p=21095#breadcrumb"},"inLanguage":"sk-SK","potentialAction":[{"@type":"ReadAction","target":["https:\/\/www.vkpbratislava.sk\/?p=21095"]}]},{"@type":"ImageObject","inLanguage":"sk-SK","@id":"https:\/\/www.vkpbratislava.sk\/?p=21095#primaryimage","url":"https:\/\/www.vkpbratislava.sk\/wp-content\/uploads\/2023\/03\/7B4A5431.jpg","contentUrl":"https:\/\/www.vkpbratislava.sk\/wp-content\/uploads\/2023\/03\/7B4A5431.jpg","width":2048,"height":1365},{"@type":"BreadcrumbList","@id":"https:\/\/www.vkpbratislava.sk\/?p=21095#breadcrumb","itemListElement":[{"@type":"ListItem","position":1,"name":"Domov","item":"https:\/\/www.vkpbratislava.sk\/"},{"@type":"ListItem","position":2,"name":"Prv\u00fd skalp Myjavy v semifin\u00e1le play-off"}]},{"@type":"WebSite","@id":"https:\/\/www.vkpbratislava.sk\/#website","url":"https:\/\/www.vkpbratislava.sk\/","name":"VK SLOVAN Bratislava","description":"Volejbalov\u00fd klub","publisher":{"@id":"https:\/\/www.vkpbratislava.sk\/#organization"},"potentialAction":[{"@type":"SearchAction","target":{"@type":"EntryPoint","urlTemplate":"https:\/\/www.vkpbratislava.sk\/?s={search_term_string}"},"query-input":{"@type":"PropertyValueSpecification","valueRequired":true,"valueName":"search_term_string"}}],"inLanguage":"sk-SK"},{"@type":"Organization","@id":"https:\/\/www.vkpbratislava.sk\/#organization","name":"VKP Bratislava","url":"https:\/\/www.vkpbratislava.sk\/","logo":{"@type":"ImageObject","inLanguage":"sk-SK","@id":"https:\/\/www.vkpbratislava.sk\/#\/schema\/logo\/image\/","url":"https:\/\/www.vkpbratislava.sk\/wp-content\/uploads\/2020\/10\/vkpBA.png","contentUrl":"https:\/\/www.vkpbratislava.sk\/wp-content\/uploads\/2020\/10\/vkpBA.png","width":600,"height":600,"caption":"VKP Bratislava"},"image":{"@id":"https:\/\/www.vkpbratislava.sk\/#\/schema\/logo\/image\/"}},{"@type":"Person","@id":"https:\/\/www.vkpbratislava.sk\/#\/schema\/person\/7037e769f9515aa58493d1b5852c4c50","name":"jenca","image":{"@type":"ImageObject","inLanguage":"sk-SK","@id":"https:\/\/www.vkpbratislava.sk\/#\/schema\/person\/image\/","url":"https:\/\/secure.gravatar.com\/avatar\/67aa89e9aab2911bbd0c6fbf0a891ea8d80c207c9b6a6e2c96e13fc2f16e536d?s=96&d=mm&r=g","contentUrl":"https:\/\/secure.gravatar.com\/avatar\/67aa89e9aab2911bbd0c6fbf0a891ea8d80c207c9b6a6e2c96e13fc2f16e536d?s=96&d=mm&r=g","caption":"jenca"},"url":"https:\/\/www.vkpbratislava.sk\/?author=3"}]}},"_links":{"self":[{"href":"https:\/\/www.vkpbratislava.sk\/index.php?rest_route=\/wp\/v2\/posts\/21095","targetHints":{"allow":["GET"]}}],"collection":[{"href":"https:\/\/www.vkpbratislava.sk\/index.php?rest_route=\/wp\/v2\/posts"}],"about":[{"href":"https:\/\/www.vkpbratislava.sk\/index.php?rest_route=\/wp\/v2\/types\/post"}],"author":[{"embeddable":true,"href":"https:\/\/www.vkpbratislava.sk\/index.php?rest_route=\/wp\/v2\/users\/3"}],"replies":[{"embeddable":true,"href":"https:\/\/www.vkpbratislava.sk\/index.php?rest_route=%2Fwp%2Fv2%2Fcomments&post=21095"}],"version-history":[{"count":1,"href":"https:\/\/www.vkpbratislava.sk\/index.php?rest_route=\/wp\/v2\/posts\/21095\/revisions"}],"predecessor-version":[{"id":21097,"href":"https:\/\/www.vkpbratislava.sk\/index.php?rest_route=\/wp\/v2\/posts\/21095\/revisions\/21097"}],"wp:featuredmedia":[{"embeddable":true,"href":"https:\/\/www.vkpbratislava.sk\/index.php?rest_route=\/wp\/v2\/media\/21096"}],"wp:attachment":[{"href":"https:\/\/www.vkpbratislava.sk\/index.php?rest_route=%2Fwp%2Fv2%2Fmedia&parent=21095"}],"wp:term":[{"taxonomy":"category","embeddable":true,"href":"https:\/\/www.vkpbratislava.sk\/index.php?rest_route=%2Fwp%2Fv2%2Fcategories&post=21095"},{"taxonomy":"post_tag","embeddable":true,"href":"https:\/\/www.vkpbratislava.sk\/index.php?rest_route=%2Fwp%2Fv2%2Ftags&post=21095"}],"curies":[{"name":"wp","href":"https:\/\/api.w.org\/{rel}","templated":true}]}}