{"id":21424,"date":"2023-04-03T22:00:52","date_gmt":"2023-04-03T20:00:52","guid":{"rendered":"https:\/\/www.vkpbratislava.sk\/?p=21424"},"modified":"2023-04-03T22:00:52","modified_gmt":"2023-04-03T20:00:52","slug":"myjava-padla-aj-druhy-raz-sme-krocik-od-finale","status":"publish","type":"post","link":"https:\/\/www.vkpbratislava.sk\/?p=21424","title":{"rendered":"Myjava padla aj druh\u00fd raz. Sme kr\u00f4\u010dik od fin\u00e1le"},"content":{"rendered":"<p><strong>V\u00ed\u0165azstvo na palubovke Myjavy potvrdili volejbalisti VKP aj v dom\u00e1com prostred\u00ed a vyhrali pkerne hladko 3:0. Posledn\u00fd krok k postupu do fin\u00e1le m\u00f4\u017eu urobi\u0165 u\u017e vo \u0161tvrtok na kopaniciach.<\/strong><\/p>\n<p><b>VKP BRATISLAVA \u00a0&#8211; TJ SPARTAK MYJAVA\u00a0\u00a0\u00a0 3:0 (12, 22, 19) \u2013 2:0 NA Z\u00c1PASY<\/b><\/p>\n<p><b>Rozhodovali: <\/b>Schimpl a\u00a0Sarka, 80 div\u00e1kov.<\/p>\n<p><b>VKP: <\/b>Truba\u010d 8, Marjov 10, Van\u010do 18, Kub\u0161 10, Billich 12, Jaloveck\u00fd 2, libero \u013d. Nemec. Tr\u00e9ner: R. P\u011blucha.<\/p>\n<p><b>TJ SPARTAK: <\/b>Poll\u00e1k 3, Valo 3, Konc 5, M. Zeman 3, Viskup 11, Watzka 8, liber\u00e1 \u0160\u00edma a\u00a0S. Pa\u0148ko (M. Donec 0, \u0160. Rzyman 1).<b> <\/b>Tr\u00e9ner: V. Osipov.<\/p>\n<p><b>Hr\u00e1\u010di z\u00e1pasu: <\/b>Adri\u00e1n Van\u010do (VKP Bratislava) \u2013 Tobias Viskup (TJ Spartak Myjava)<\/p>\n<p><b>Robin P\u011blucha, tr\u00e9ner VKP: <\/b><i>\u201eVe\u013emi cenn\u00e9 v\u00ed\u0165azstvo, gratulujem chlapcom k zodpovedn\u00e9mu v\u00fdkonu. Prist\u00fapili k tomu tak, ako sa v play-off patr\u00ed. St\u00e1le v\u0161ak potrebujeme jedno v\u00ed\u0165azstvo, tak\u017ee nem\u00f4\u017eeme po\u013eavi\u0165.\u201c<\/i><\/p>\n<p><b>Vitalij Osipov, tr\u00e9ner TJ Spartak: <\/b><i>\u201ePred z\u00e1pasom sme sa s\u00a0hr\u00e1\u010dmi rozpr\u00e1vali o\u00a0niektor\u00fdch veciach, ale nedodr\u017eali to, o\u00a0\u010dom sme sa bavili. To, \u010do n\u00e1s zdobilo po\u010das z\u00e1kladnej \u010dasti \u2013 v\u00fdborn\u00fd \u00fatok a\u00a0obrana na sieti, to n\u00e1m v\u00a0oboch z\u00e1pasoch nefungovalo.\u201c<\/i><\/p>\n","protected":false},"excerpt":{"rendered":"<p>V\u00ed\u0165azstvo na palubovke Myjavy potvrdili volejbalisti VKP aj v dom\u00e1com prostred\u00ed a vyhrali pkerne hladko 3:0. Posledn\u00fd krok k postupu do fin\u00e1le m\u00f4\u017eu urobi\u0165 u\u017e vo \u0161tvrtok na kopaniciach.<\/p>\n","protected":false},"author":3,"featured_media":21425,"comment_status":"closed","ping_status":"closed","sticky":false,"template":"","format":"standard","meta":{"_monsterinsights_skip_tracking":false,"_monsterinsights_sitenote_active":false,"_monsterinsights_sitenote_note":"","_monsterinsights_sitenote_category":0,"footnotes":""},"categories":[47],"tags":[],"class_list":["post-21424","post","type-post","status-publish","format-standard","has-post-thumbnail","hentry","category-muzi"],"yoast_head":"<!-- This site is optimized with the Yoast SEO plugin v25.6 - https:\/\/yoast.com\/wordpress\/plugins\/seo\/ -->\n<title>Myjava padla aj druh\u00fd raz. Sme kr\u00f4\u010dik od fin\u00e1le - VK SLOVAN Bratislava<\/title>\n<meta name=\"description\" content=\"V\u00ed\u0165azstvo na palubovke Myjavy potvrdili volejbalisti VKP aj v dom\u00e1com prostred\u00ed a vyhrali pkerne hladko 3:0. Posledn\u00fd krok k postupu do fin\u00e1le m\u00f4\u017eu urobi\u0165 u\u017e vo \u0161tvrtok na kopaniciach.\" \/>\n<meta name=\"robots\" content=\"index, follow, max-snippet:-1, max-image-preview:large, max-video-preview:-1\" \/>\n<link rel=\"canonical\" href=\"https:\/\/www.vkpbratislava.sk\/?p=21424\" \/>\n<meta property=\"og:locale\" content=\"sk_SK\" \/>\n<meta property=\"og:type\" content=\"article\" \/>\n<meta property=\"og:title\" content=\"Myjava padla aj druh\u00fd raz. Sme kr\u00f4\u010dik od fin\u00e1le - VK SLOVAN Bratislava\" \/>\n<meta property=\"og:description\" content=\"V\u00ed\u0165azstvo na palubovke Myjavy potvrdili volejbalisti VKP aj v dom\u00e1com prostred\u00ed a vyhrali pkerne hladko 3:0. Posledn\u00fd krok k postupu do fin\u00e1le m\u00f4\u017eu urobi\u0165 u\u017e vo \u0161tvrtok na kopaniciach.\" \/>\n<meta property=\"og:url\" content=\"https:\/\/www.vkpbratislava.sk\/?p=21424\" \/>\n<meta property=\"og:site_name\" content=\"VK SLOVAN Bratislava\" \/>\n<meta property=\"article:published_time\" content=\"2023-04-03T20:00:52+00:00\" \/>\n<meta property=\"og:image\" content=\"https:\/\/www.vkpbratislava.sk\/wp-content\/uploads\/2023\/04\/7B4A8183.jpg\" \/>\n\t<meta property=\"og:image:width\" content=\"2048\" \/>\n\t<meta property=\"og:image:height\" content=\"1365\" \/>\n\t<meta property=\"og:image:type\" content=\"image\/jpeg\" \/>\n<meta name=\"author\" content=\"jenca\" \/>\n<meta name=\"twitter:card\" content=\"summary_large_image\" \/>\n<meta name=\"twitter:label1\" content=\"Autor\" \/>\n\t<meta name=\"twitter:data1\" content=\"jenca\" \/>\n\t<meta name=\"twitter:label2\" content=\"Predpokladan\u00fd \u010das \u010d\u00edtania\" \/>\n\t<meta name=\"twitter:data2\" content=\"1 min\u00fata\" \/>\n<script type=\"application\/ld+json\" class=\"yoast-schema-graph\">{\"@context\":\"https:\/\/schema.org\",\"@graph\":[{\"@type\":\"Article\",\"@id\":\"https:\/\/www.vkpbratislava.sk\/?p=21424#article\",\"isPartOf\":{\"@id\":\"https:\/\/www.vkpbratislava.sk\/?p=21424\"},\"author\":{\"name\":\"jenca\",\"@id\":\"https:\/\/www.vkpbratislava.sk\/#\/schema\/person\/7037e769f9515aa58493d1b5852c4c50\"},\"headline\":\"Myjava padla aj druh\u00fd raz. Sme kr\u00f4\u010dik od fin\u00e1le\",\"datePublished\":\"2023-04-03T20:00:52+00:00\",\"mainEntityOfPage\":{\"@id\":\"https:\/\/www.vkpbratislava.sk\/?p=21424\"},\"wordCount\":207,\"publisher\":{\"@id\":\"https:\/\/www.vkpbratislava.sk\/#organization\"},\"image\":{\"@id\":\"https:\/\/www.vkpbratislava.sk\/?p=21424#primaryimage\"},\"thumbnailUrl\":\"https:\/\/www.vkpbratislava.sk\/wp-content\/uploads\/2023\/04\/7B4A8183.jpg\",\"articleSection\":[\"Mu\u017ei\"],\"inLanguage\":\"sk-SK\"},{\"@type\":\"WebPage\",\"@id\":\"https:\/\/www.vkpbratislava.sk\/?p=21424\",\"url\":\"https:\/\/www.vkpbratislava.sk\/?p=21424\",\"name\":\"Myjava padla aj druh\u00fd raz. Sme kr\u00f4\u010dik od fin\u00e1le - VK SLOVAN Bratislava\",\"isPartOf\":{\"@id\":\"https:\/\/www.vkpbratislava.sk\/#website\"},\"primaryImageOfPage\":{\"@id\":\"https:\/\/www.vkpbratislava.sk\/?p=21424#primaryimage\"},\"image\":{\"@id\":\"https:\/\/www.vkpbratislava.sk\/?p=21424#primaryimage\"},\"thumbnailUrl\":\"https:\/\/www.vkpbratislava.sk\/wp-content\/uploads\/2023\/04\/7B4A8183.jpg\",\"datePublished\":\"2023-04-03T20:00:52+00:00\",\"description\":\"V\u00ed\u0165azstvo na palubovke Myjavy potvrdili volejbalisti VKP aj v dom\u00e1com prostred\u00ed a vyhrali pkerne hladko 3:0. Posledn\u00fd krok k postupu do fin\u00e1le m\u00f4\u017eu urobi\u0165 u\u017e vo \u0161tvrtok na kopaniciach.\",\"breadcrumb\":{\"@id\":\"https:\/\/www.vkpbratislava.sk\/?p=21424#breadcrumb\"},\"inLanguage\":\"sk-SK\",\"potentialAction\":[{\"@type\":\"ReadAction\",\"target\":[\"https:\/\/www.vkpbratislava.sk\/?p=21424\"]}]},{\"@type\":\"ImageObject\",\"inLanguage\":\"sk-SK\",\"@id\":\"https:\/\/www.vkpbratislava.sk\/?p=21424#primaryimage\",\"url\":\"https:\/\/www.vkpbratislava.sk\/wp-content\/uploads\/2023\/04\/7B4A8183.jpg\",\"contentUrl\":\"https:\/\/www.vkpbratislava.sk\/wp-content\/uploads\/2023\/04\/7B4A8183.jpg\",\"width\":2048,\"height\":1365},{\"@type\":\"BreadcrumbList\",\"@id\":\"https:\/\/www.vkpbratislava.sk\/?p=21424#breadcrumb\",\"itemListElement\":[{\"@type\":\"ListItem\",\"position\":1,\"name\":\"Domov\",\"item\":\"https:\/\/www.vkpbratislava.sk\/\"},{\"@type\":\"ListItem\",\"position\":2,\"name\":\"Myjava padla aj druh\u00fd raz. Sme kr\u00f4\u010dik od fin\u00e1le\"}]},{\"@type\":\"WebSite\",\"@id\":\"https:\/\/www.vkpbratislava.sk\/#website\",\"url\":\"https:\/\/www.vkpbratislava.sk\/\",\"name\":\"VK SLOVAN Bratislava\",\"description\":\"Volejbalov\u00fd klub\",\"publisher\":{\"@id\":\"https:\/\/www.vkpbratislava.sk\/#organization\"},\"potentialAction\":[{\"@type\":\"SearchAction\",\"target\":{\"@type\":\"EntryPoint\",\"urlTemplate\":\"https:\/\/www.vkpbratislava.sk\/?s={search_term_string}\"},\"query-input\":{\"@type\":\"PropertyValueSpecification\",\"valueRequired\":true,\"valueName\":\"search_term_string\"}}],\"inLanguage\":\"sk-SK\"},{\"@type\":\"Organization\",\"@id\":\"https:\/\/www.vkpbratislava.sk\/#organization\",\"name\":\"VKP Bratislava\",\"url\":\"https:\/\/www.vkpbratislava.sk\/\",\"logo\":{\"@type\":\"ImageObject\",\"inLanguage\":\"sk-SK\",\"@id\":\"https:\/\/www.vkpbratislava.sk\/#\/schema\/logo\/image\/\",\"url\":\"https:\/\/www.vkpbratislava.sk\/wp-content\/uploads\/2020\/10\/vkpBA.png\",\"contentUrl\":\"https:\/\/www.vkpbratislava.sk\/wp-content\/uploads\/2020\/10\/vkpBA.png\",\"width\":600,\"height\":600,\"caption\":\"VKP Bratislava\"},\"image\":{\"@id\":\"https:\/\/www.vkpbratislava.sk\/#\/schema\/logo\/image\/\"}},{\"@type\":\"Person\",\"@id\":\"https:\/\/www.vkpbratislava.sk\/#\/schema\/person\/7037e769f9515aa58493d1b5852c4c50\",\"name\":\"jenca\",\"image\":{\"@type\":\"ImageObject\",\"inLanguage\":\"sk-SK\",\"@id\":\"https:\/\/www.vkpbratislava.sk\/#\/schema\/person\/image\/\",\"url\":\"https:\/\/secure.gravatar.com\/avatar\/67aa89e9aab2911bbd0c6fbf0a891ea8d80c207c9b6a6e2c96e13fc2f16e536d?s=96&d=mm&r=g\",\"contentUrl\":\"https:\/\/secure.gravatar.com\/avatar\/67aa89e9aab2911bbd0c6fbf0a891ea8d80c207c9b6a6e2c96e13fc2f16e536d?s=96&d=mm&r=g\",\"caption\":\"jenca\"},\"url\":\"https:\/\/www.vkpbratislava.sk\/?author=3\"}]}<\/script>\n<!-- \/ Yoast SEO plugin. -->","yoast_head_json":{"title":"Myjava padla aj druh\u00fd raz. Sme kr\u00f4\u010dik od fin\u00e1le - VK SLOVAN Bratislava","description":"V\u00ed\u0165azstvo na palubovke Myjavy potvrdili volejbalisti VKP aj v dom\u00e1com prostred\u00ed a vyhrali pkerne hladko 3:0. Posledn\u00fd krok k postupu do fin\u00e1le m\u00f4\u017eu urobi\u0165 u\u017e vo \u0161tvrtok na kopaniciach.","robots":{"index":"index","follow":"follow","max-snippet":"max-snippet:-1","max-image-preview":"max-image-preview:large","max-video-preview":"max-video-preview:-1"},"canonical":"https:\/\/www.vkpbratislava.sk\/?p=21424","og_locale":"sk_SK","og_type":"article","og_title":"Myjava padla aj druh\u00fd raz. Sme kr\u00f4\u010dik od fin\u00e1le - VK SLOVAN Bratislava","og_description":"V\u00ed\u0165azstvo na palubovke Myjavy potvrdili volejbalisti VKP aj v dom\u00e1com prostred\u00ed a vyhrali pkerne hladko 3:0. Posledn\u00fd krok k postupu do fin\u00e1le m\u00f4\u017eu urobi\u0165 u\u017e vo \u0161tvrtok na kopaniciach.","og_url":"https:\/\/www.vkpbratislava.sk\/?p=21424","og_site_name":"VK SLOVAN Bratislava","article_published_time":"2023-04-03T20:00:52+00:00","og_image":[{"width":2048,"height":1365,"url":"https:\/\/www.vkpbratislava.sk\/wp-content\/uploads\/2023\/04\/7B4A8183.jpg","type":"image\/jpeg"}],"author":"jenca","twitter_card":"summary_large_image","twitter_misc":{"Autor":"jenca","Predpokladan\u00fd \u010das \u010d\u00edtania":"1 min\u00fata"},"schema":{"@context":"https:\/\/schema.org","@graph":[{"@type":"Article","@id":"https:\/\/www.vkpbratislava.sk\/?p=21424#article","isPartOf":{"@id":"https:\/\/www.vkpbratislava.sk\/?p=21424"},"author":{"name":"jenca","@id":"https:\/\/www.vkpbratislava.sk\/#\/schema\/person\/7037e769f9515aa58493d1b5852c4c50"},"headline":"Myjava padla aj druh\u00fd raz. Sme kr\u00f4\u010dik od fin\u00e1le","datePublished":"2023-04-03T20:00:52+00:00","mainEntityOfPage":{"@id":"https:\/\/www.vkpbratislava.sk\/?p=21424"},"wordCount":207,"publisher":{"@id":"https:\/\/www.vkpbratislava.sk\/#organization"},"image":{"@id":"https:\/\/www.vkpbratislava.sk\/?p=21424#primaryimage"},"thumbnailUrl":"https:\/\/www.vkpbratislava.sk\/wp-content\/uploads\/2023\/04\/7B4A8183.jpg","articleSection":["Mu\u017ei"],"inLanguage":"sk-SK"},{"@type":"WebPage","@id":"https:\/\/www.vkpbratislava.sk\/?p=21424","url":"https:\/\/www.vkpbratislava.sk\/?p=21424","name":"Myjava padla aj druh\u00fd raz. Sme kr\u00f4\u010dik od fin\u00e1le - VK SLOVAN Bratislava","isPartOf":{"@id":"https:\/\/www.vkpbratislava.sk\/#website"},"primaryImageOfPage":{"@id":"https:\/\/www.vkpbratislava.sk\/?p=21424#primaryimage"},"image":{"@id":"https:\/\/www.vkpbratislava.sk\/?p=21424#primaryimage"},"thumbnailUrl":"https:\/\/www.vkpbratislava.sk\/wp-content\/uploads\/2023\/04\/7B4A8183.jpg","datePublished":"2023-04-03T20:00:52+00:00","description":"V\u00ed\u0165azstvo na palubovke Myjavy potvrdili volejbalisti VKP aj v dom\u00e1com prostred\u00ed a vyhrali pkerne hladko 3:0. Posledn\u00fd krok k postupu do fin\u00e1le m\u00f4\u017eu urobi\u0165 u\u017e vo \u0161tvrtok na kopaniciach.","breadcrumb":{"@id":"https:\/\/www.vkpbratislava.sk\/?p=21424#breadcrumb"},"inLanguage":"sk-SK","potentialAction":[{"@type":"ReadAction","target":["https:\/\/www.vkpbratislava.sk\/?p=21424"]}]},{"@type":"ImageObject","inLanguage":"sk-SK","@id":"https:\/\/www.vkpbratislava.sk\/?p=21424#primaryimage","url":"https:\/\/www.vkpbratislava.sk\/wp-content\/uploads\/2023\/04\/7B4A8183.jpg","contentUrl":"https:\/\/www.vkpbratislava.sk\/wp-content\/uploads\/2023\/04\/7B4A8183.jpg","width":2048,"height":1365},{"@type":"BreadcrumbList","@id":"https:\/\/www.vkpbratislava.sk\/?p=21424#breadcrumb","itemListElement":[{"@type":"ListItem","position":1,"name":"Domov","item":"https:\/\/www.vkpbratislava.sk\/"},{"@type":"ListItem","position":2,"name":"Myjava padla aj druh\u00fd raz. Sme kr\u00f4\u010dik od fin\u00e1le"}]},{"@type":"WebSite","@id":"https:\/\/www.vkpbratislava.sk\/#website","url":"https:\/\/www.vkpbratislava.sk\/","name":"VK SLOVAN Bratislava","description":"Volejbalov\u00fd klub","publisher":{"@id":"https:\/\/www.vkpbratislava.sk\/#organization"},"potentialAction":[{"@type":"SearchAction","target":{"@type":"EntryPoint","urlTemplate":"https:\/\/www.vkpbratislava.sk\/?s={search_term_string}"},"query-input":{"@type":"PropertyValueSpecification","valueRequired":true,"valueName":"search_term_string"}}],"inLanguage":"sk-SK"},{"@type":"Organization","@id":"https:\/\/www.vkpbratislava.sk\/#organization","name":"VKP Bratislava","url":"https:\/\/www.vkpbratislava.sk\/","logo":{"@type":"ImageObject","inLanguage":"sk-SK","@id":"https:\/\/www.vkpbratislava.sk\/#\/schema\/logo\/image\/","url":"https:\/\/www.vkpbratislava.sk\/wp-content\/uploads\/2020\/10\/vkpBA.png","contentUrl":"https:\/\/www.vkpbratislava.sk\/wp-content\/uploads\/2020\/10\/vkpBA.png","width":600,"height":600,"caption":"VKP Bratislava"},"image":{"@id":"https:\/\/www.vkpbratislava.sk\/#\/schema\/logo\/image\/"}},{"@type":"Person","@id":"https:\/\/www.vkpbratislava.sk\/#\/schema\/person\/7037e769f9515aa58493d1b5852c4c50","name":"jenca","image":{"@type":"ImageObject","inLanguage":"sk-SK","@id":"https:\/\/www.vkpbratislava.sk\/#\/schema\/person\/image\/","url":"https:\/\/secure.gravatar.com\/avatar\/67aa89e9aab2911bbd0c6fbf0a891ea8d80c207c9b6a6e2c96e13fc2f16e536d?s=96&d=mm&r=g","contentUrl":"https:\/\/secure.gravatar.com\/avatar\/67aa89e9aab2911bbd0c6fbf0a891ea8d80c207c9b6a6e2c96e13fc2f16e536d?s=96&d=mm&r=g","caption":"jenca"},"url":"https:\/\/www.vkpbratislava.sk\/?author=3"}]}},"_links":{"self":[{"href":"https:\/\/www.vkpbratislava.sk\/index.php?rest_route=\/wp\/v2\/posts\/21424","targetHints":{"allow":["GET"]}}],"collection":[{"href":"https:\/\/www.vkpbratislava.sk\/index.php?rest_route=\/wp\/v2\/posts"}],"about":[{"href":"https:\/\/www.vkpbratislava.sk\/index.php?rest_route=\/wp\/v2\/types\/post"}],"author":[{"embeddable":true,"href":"https:\/\/www.vkpbratislava.sk\/index.php?rest_route=\/wp\/v2\/users\/3"}],"replies":[{"embeddable":true,"href":"https:\/\/www.vkpbratislava.sk\/index.php?rest_route=%2Fwp%2Fv2%2Fcomments&post=21424"}],"version-history":[{"count":1,"href":"https:\/\/www.vkpbratislava.sk\/index.php?rest_route=\/wp\/v2\/posts\/21424\/revisions"}],"predecessor-version":[{"id":21426,"href":"https:\/\/www.vkpbratislava.sk\/index.php?rest_route=\/wp\/v2\/posts\/21424\/revisions\/21426"}],"wp:featuredmedia":[{"embeddable":true,"href":"https:\/\/www.vkpbratislava.sk\/index.php?rest_route=\/wp\/v2\/media\/21425"}],"wp:attachment":[{"href":"https:\/\/www.vkpbratislava.sk\/index.php?rest_route=%2Fwp%2Fv2%2Fmedia&parent=21424"}],"wp:term":[{"taxonomy":"category","embeddable":true,"href":"https:\/\/www.vkpbratislava.sk\/index.php?rest_route=%2Fwp%2Fv2%2Fcategories&post=21424"},{"taxonomy":"post_tag","embeddable":true,"href":"https:\/\/www.vkpbratislava.sk\/index.php?rest_route=%2Fwp%2Fv2%2Ftags&post=21424"}],"curies":[{"name":"wp","href":"https:\/\/api.w.org\/{rel}","templated":true}]}}