{"id":22673,"date":"2023-04-17T02:57:33","date_gmt":"2023-04-17T00:57:33","guid":{"rendered":"https:\/\/www.vkpbratislava.sk\/?p=22673"},"modified":"2023-04-17T02:57:33","modified_gmt":"2023-04-17T00:57:33","slug":"v-presove-sme-ovladli-aj-nedelu-z-vychodu-s-naskokom-20-v-serii","status":"publish","type":"post","link":"https:\/\/www.vkpbratislava.sk\/?p=22673","title":{"rendered":"V Pre\u0161ove sme ovl\u00e1dli aj nede\u013eu, z v\u00fdchodu s n\u00e1skokom 2:0 v s\u00e9rii"},"content":{"rendered":"<p><strong>Fin\u00e1lov\u00fa s\u00e9riu s Pre\u0161ovom rozohrali volejbalisti VKP Bratislava na jednotku. Na v\u00fdchode Slovenska zv\u00ed\u0165azili aj v druhom stretnut\u00ed po\u010das v\u00edkendu a do dom\u00e1cich odviet p\u00f4jdu s n\u00e1skokom 2:0 v s\u00e9rii.<\/strong><\/p>\n<p><b>VK MIRAD UNIPO PRE\u0160OV \u2013 VKP BRATISLAVA 0:3 (-19, -20, -25) \u2013 0:2 NA Z\u00c1PASY<\/b><\/p>\n<p><b>Rozhodovali: <\/b>H\u00f6ger a Porvazn\u00edk, 610 div\u00e1kov.<\/p>\n<p><b>VK MIRAD UNIPO:<\/b> Smolej 4, Jendrej\u010d\u00e1k 0, Gul\u00e1k 16, \u0160\u010derba 10, \u0160iket 0, Go\u010d 2, libero Turis (Baslar 2, M. Hud\u00e1k 2, Mikov\u010d\u00edk 3).<b> <\/b>Tr\u00e9ner: E. Diga\u0148a.<\/p>\n<p><b>VKP: <\/b>Truba\u010d 9, Billich 9, Van\u010do 23, \u010cerven\u00e1k 8, Marjov 8, Jaloveck\u00fd 1, libero \u013d. Nemec (Jur\u00edk 0). Tr\u00e9ner: R. P\u011blucha.<\/p>\n<p><b>Hr\u00e1\u010di z\u00e1pasu: <\/b>Erik Gul\u00e1k (VK MIRAD UNIPO Pre\u0161ov) \u2013 \u0160imon \u010cerven\u00e1k (VKP Bratislava)<\/p>\n<p><b>Erik Diga\u0148a, tr\u00e9ner VK MIRAD UNIPO: <\/b><i>\u201e<\/i><i>\u00daprimne, predstavoval som si, \u017ee tento v\u00edkend sa skon\u010d\u00ed inak. Mus\u00edme si vst\u00fapi\u0165 do svedomia. Niektor\u00ed hr\u00e1\u010di si musia uvedomi\u0165, \u017ee najd\u00f4le\u017eitej\u0161ie z\u00e1pasy sa hraj\u00fa na konci sez\u00f3ny. Behom sez\u00f3ny je ka\u017ed\u00fd frajer. Bratislava tu nemala Kub\u0161a, ale mlad\u00fd \u010cerven\u00e1k ho adekv\u00e1tne nahradil. Je to mlad\u00fd a perspekt\u00edvny hr\u00e1\u010d. U\u00a0n\u00e1s moment\u00e1lne jedin\u00fd, ktor\u00fd si zastal miesto a\u00a0zahral \u0161tandardn\u00fd v\u00fdkon, bol 18-ro\u010dn\u00fd Erik Gul\u00e1k<\/i><i>.\u201c<\/i><\/p>\n<p><b>Robin P\u011blucha, tr\u00e9ner VKP: <\/b><i>\u201e<\/i><i>Te\u0161\u00edme sa, lebo sme ne\u010dakali, \u017ee v Pre\u0161ove vyhr\u00e1me oba z\u00e1pasy. Aj ke\u010f v\u00fdsledok 3:0 vyzer\u00e1 jednozna\u010dne, bolo to \u0165a\u017ek\u00e9 a\u00a0n\u00e1ro\u010dn\u00e9. Dom\u00e1ci kl\u00e1dli zna\u010dn\u00fd odpor, ale som r\u00e1d, \u017ee sme to \u00faspe\u0161ne dobojovali. Ur\u010dite n\u00e1m pomohol aj sobot\u0148aj\u0161\u00ed v\u00fdsledok. Tam mohli vyhra\u0165 dom\u00e1ci aj my. Ur\u010dite t\u00fdmto bol v nede\u013eu v\u00e4\u010d\u0161\u00ed tlak na dom\u00e1cich<\/i><i>.\u201c<\/i><\/p>\n","protected":false},"excerpt":{"rendered":"<p>Fin\u00e1lov\u00fa s\u00e9riu s Pre\u0161ovom rozohrali volejbalisti VKP Bratislava na jednotku. Na v\u00fdchode Slovenska zv\u00ed\u0165azili aj v druhom stretnut\u00ed po\u010das v\u00edkendu a do dom\u00e1cich odviet p\u00f4jdu s n\u00e1skokom 2:0 v s\u00e9rii.<\/p>\n","protected":false},"author":3,"featured_media":22674,"comment_status":"closed","ping_status":"closed","sticky":false,"template":"","format":"standard","meta":{"_monsterinsights_skip_tracking":false,"_monsterinsights_sitenote_active":false,"_monsterinsights_sitenote_note":"","_monsterinsights_sitenote_category":0,"footnotes":""},"categories":[47],"tags":[],"class_list":["post-22673","post","type-post","status-publish","format-standard","has-post-thumbnail","hentry","category-muzi"],"yoast_head":"<!-- This site is optimized with the Yoast SEO plugin v25.6 - https:\/\/yoast.com\/wordpress\/plugins\/seo\/ -->\n<title>V Pre\u0161ove sme ovl\u00e1dli aj nede\u013eu, z v\u00fdchodu s n\u00e1skokom 2:0 v s\u00e9rii - VK SLOVAN Bratislava<\/title>\n<meta name=\"description\" content=\"Fin\u00e1lov\u00fa s\u00e9riu s Pre\u0161ovom rozohrali volejbalisti VKP Bratislava na jednotku. Na v\u00fdchode Slovenska zv\u00ed\u0165azili aj v druhom stretnut\u00ed po\u010das v\u00edkendu a do dom\u00e1cich odviet p\u00f4jdu s n\u00e1skokom 2:0 v s\u00e9rii.\" \/>\n<meta name=\"robots\" content=\"index, follow, max-snippet:-1, max-image-preview:large, max-video-preview:-1\" \/>\n<link rel=\"canonical\" href=\"https:\/\/www.vkpbratislava.sk\/?p=22673\" \/>\n<meta property=\"og:locale\" content=\"sk_SK\" \/>\n<meta property=\"og:type\" content=\"article\" \/>\n<meta property=\"og:title\" content=\"V Pre\u0161ove sme ovl\u00e1dli aj nede\u013eu, z v\u00fdchodu s n\u00e1skokom 2:0 v s\u00e9rii - VK SLOVAN Bratislava\" \/>\n<meta property=\"og:description\" content=\"Fin\u00e1lov\u00fa s\u00e9riu s Pre\u0161ovom rozohrali volejbalisti VKP Bratislava na jednotku. Na v\u00fdchode Slovenska zv\u00ed\u0165azili aj v druhom stretnut\u00ed po\u010das v\u00edkendu a do dom\u00e1cich odviet p\u00f4jdu s n\u00e1skokom 2:0 v s\u00e9rii.\" \/>\n<meta property=\"og:url\" content=\"https:\/\/www.vkpbratislava.sk\/?p=22673\" \/>\n<meta property=\"og:site_name\" content=\"VK SLOVAN Bratislava\" \/>\n<meta property=\"article:published_time\" content=\"2023-04-17T00:57:33+00:00\" \/>\n<meta property=\"og:image\" content=\"https:\/\/www.vkpbratislava.sk\/wp-content\/uploads\/2023\/04\/7B4A5819-1280x853.jpg\" \/>\n\t<meta property=\"og:image:width\" content=\"1280\" \/>\n\t<meta property=\"og:image:height\" content=\"853\" \/>\n\t<meta property=\"og:image:type\" content=\"image\/jpeg\" \/>\n<meta name=\"author\" content=\"jenca\" \/>\n<meta name=\"twitter:card\" content=\"summary_large_image\" \/>\n<meta name=\"twitter:label1\" content=\"Autor\" \/>\n\t<meta name=\"twitter:data1\" content=\"jenca\" \/>\n\t<meta name=\"twitter:label2\" content=\"Predpokladan\u00fd \u010das \u010d\u00edtania\" \/>\n\t<meta name=\"twitter:data2\" content=\"2 min\u00faty\" \/>\n<script type=\"application\/ld+json\" class=\"yoast-schema-graph\">{\"@context\":\"https:\/\/schema.org\",\"@graph\":[{\"@type\":\"Article\",\"@id\":\"https:\/\/www.vkpbratislava.sk\/?p=22673#article\",\"isPartOf\":{\"@id\":\"https:\/\/www.vkpbratislava.sk\/?p=22673\"},\"author\":{\"name\":\"jenca\",\"@id\":\"https:\/\/www.vkpbratislava.sk\/#\/schema\/person\/7037e769f9515aa58493d1b5852c4c50\"},\"headline\":\"V Pre\u0161ove sme ovl\u00e1dli aj nede\u013eu, z v\u00fdchodu s n\u00e1skokom 2:0 v s\u00e9rii\",\"datePublished\":\"2023-04-17T00:57:33+00:00\",\"mainEntityOfPage\":{\"@id\":\"https:\/\/www.vkpbratislava.sk\/?p=22673\"},\"wordCount\":315,\"publisher\":{\"@id\":\"https:\/\/www.vkpbratislava.sk\/#organization\"},\"image\":{\"@id\":\"https:\/\/www.vkpbratislava.sk\/?p=22673#primaryimage\"},\"thumbnailUrl\":\"https:\/\/www.vkpbratislava.sk\/wp-content\/uploads\/2023\/04\/7B4A5819.jpg\",\"articleSection\":[\"Mu\u017ei\"],\"inLanguage\":\"sk-SK\"},{\"@type\":\"WebPage\",\"@id\":\"https:\/\/www.vkpbratislava.sk\/?p=22673\",\"url\":\"https:\/\/www.vkpbratislava.sk\/?p=22673\",\"name\":\"V Pre\u0161ove sme ovl\u00e1dli aj nede\u013eu, z v\u00fdchodu s n\u00e1skokom 2:0 v s\u00e9rii - VK SLOVAN Bratislava\",\"isPartOf\":{\"@id\":\"https:\/\/www.vkpbratislava.sk\/#website\"},\"primaryImageOfPage\":{\"@id\":\"https:\/\/www.vkpbratislava.sk\/?p=22673#primaryimage\"},\"image\":{\"@id\":\"https:\/\/www.vkpbratislava.sk\/?p=22673#primaryimage\"},\"thumbnailUrl\":\"https:\/\/www.vkpbratislava.sk\/wp-content\/uploads\/2023\/04\/7B4A5819.jpg\",\"datePublished\":\"2023-04-17T00:57:33+00:00\",\"description\":\"Fin\u00e1lov\u00fa s\u00e9riu s Pre\u0161ovom rozohrali volejbalisti VKP Bratislava na jednotku. Na v\u00fdchode Slovenska zv\u00ed\u0165azili aj v druhom stretnut\u00ed po\u010das v\u00edkendu a do dom\u00e1cich odviet p\u00f4jdu s n\u00e1skokom 2:0 v s\u00e9rii.\",\"breadcrumb\":{\"@id\":\"https:\/\/www.vkpbratislava.sk\/?p=22673#breadcrumb\"},\"inLanguage\":\"sk-SK\",\"potentialAction\":[{\"@type\":\"ReadAction\",\"target\":[\"https:\/\/www.vkpbratislava.sk\/?p=22673\"]}]},{\"@type\":\"ImageObject\",\"inLanguage\":\"sk-SK\",\"@id\":\"https:\/\/www.vkpbratislava.sk\/?p=22673#primaryimage\",\"url\":\"https:\/\/www.vkpbratislava.sk\/wp-content\/uploads\/2023\/04\/7B4A5819.jpg\",\"contentUrl\":\"https:\/\/www.vkpbratislava.sk\/wp-content\/uploads\/2023\/04\/7B4A5819.jpg\",\"width\":2048,\"height\":1365},{\"@type\":\"BreadcrumbList\",\"@id\":\"https:\/\/www.vkpbratislava.sk\/?p=22673#breadcrumb\",\"itemListElement\":[{\"@type\":\"ListItem\",\"position\":1,\"name\":\"Domov\",\"item\":\"https:\/\/www.vkpbratislava.sk\/\"},{\"@type\":\"ListItem\",\"position\":2,\"name\":\"V Pre\u0161ove sme ovl\u00e1dli aj nede\u013eu, z v\u00fdchodu s n\u00e1skokom 2:0 v s\u00e9rii\"}]},{\"@type\":\"WebSite\",\"@id\":\"https:\/\/www.vkpbratislava.sk\/#website\",\"url\":\"https:\/\/www.vkpbratislava.sk\/\",\"name\":\"VK SLOVAN Bratislava\",\"description\":\"Volejbalov\u00fd klub\",\"publisher\":{\"@id\":\"https:\/\/www.vkpbratislava.sk\/#organization\"},\"potentialAction\":[{\"@type\":\"SearchAction\",\"target\":{\"@type\":\"EntryPoint\",\"urlTemplate\":\"https:\/\/www.vkpbratislava.sk\/?s={search_term_string}\"},\"query-input\":{\"@type\":\"PropertyValueSpecification\",\"valueRequired\":true,\"valueName\":\"search_term_string\"}}],\"inLanguage\":\"sk-SK\"},{\"@type\":\"Organization\",\"@id\":\"https:\/\/www.vkpbratislava.sk\/#organization\",\"name\":\"VKP Bratislava\",\"url\":\"https:\/\/www.vkpbratislava.sk\/\",\"logo\":{\"@type\":\"ImageObject\",\"inLanguage\":\"sk-SK\",\"@id\":\"https:\/\/www.vkpbratislava.sk\/#\/schema\/logo\/image\/\",\"url\":\"https:\/\/www.vkpbratislava.sk\/wp-content\/uploads\/2020\/10\/vkpBA.png\",\"contentUrl\":\"https:\/\/www.vkpbratislava.sk\/wp-content\/uploads\/2020\/10\/vkpBA.png\",\"width\":600,\"height\":600,\"caption\":\"VKP Bratislava\"},\"image\":{\"@id\":\"https:\/\/www.vkpbratislava.sk\/#\/schema\/logo\/image\/\"}},{\"@type\":\"Person\",\"@id\":\"https:\/\/www.vkpbratislava.sk\/#\/schema\/person\/7037e769f9515aa58493d1b5852c4c50\",\"name\":\"jenca\",\"image\":{\"@type\":\"ImageObject\",\"inLanguage\":\"sk-SK\",\"@id\":\"https:\/\/www.vkpbratislava.sk\/#\/schema\/person\/image\/\",\"url\":\"https:\/\/secure.gravatar.com\/avatar\/67aa89e9aab2911bbd0c6fbf0a891ea8d80c207c9b6a6e2c96e13fc2f16e536d?s=96&d=mm&r=g\",\"contentUrl\":\"https:\/\/secure.gravatar.com\/avatar\/67aa89e9aab2911bbd0c6fbf0a891ea8d80c207c9b6a6e2c96e13fc2f16e536d?s=96&d=mm&r=g\",\"caption\":\"jenca\"},\"url\":\"https:\/\/www.vkpbratislava.sk\/?author=3\"}]}<\/script>\n<!-- \/ Yoast SEO plugin. -->","yoast_head_json":{"title":"V Pre\u0161ove sme ovl\u00e1dli aj nede\u013eu, z v\u00fdchodu s n\u00e1skokom 2:0 v s\u00e9rii - VK SLOVAN Bratislava","description":"Fin\u00e1lov\u00fa s\u00e9riu s Pre\u0161ovom rozohrali volejbalisti VKP Bratislava na jednotku. Na v\u00fdchode Slovenska zv\u00ed\u0165azili aj v druhom stretnut\u00ed po\u010das v\u00edkendu a do dom\u00e1cich odviet p\u00f4jdu s n\u00e1skokom 2:0 v s\u00e9rii.","robots":{"index":"index","follow":"follow","max-snippet":"max-snippet:-1","max-image-preview":"max-image-preview:large","max-video-preview":"max-video-preview:-1"},"canonical":"https:\/\/www.vkpbratislava.sk\/?p=22673","og_locale":"sk_SK","og_type":"article","og_title":"V Pre\u0161ove sme ovl\u00e1dli aj nede\u013eu, z v\u00fdchodu s n\u00e1skokom 2:0 v s\u00e9rii - VK SLOVAN Bratislava","og_description":"Fin\u00e1lov\u00fa s\u00e9riu s Pre\u0161ovom rozohrali volejbalisti VKP Bratislava na jednotku. Na v\u00fdchode Slovenska zv\u00ed\u0165azili aj v druhom stretnut\u00ed po\u010das v\u00edkendu a do dom\u00e1cich odviet p\u00f4jdu s n\u00e1skokom 2:0 v s\u00e9rii.","og_url":"https:\/\/www.vkpbratislava.sk\/?p=22673","og_site_name":"VK SLOVAN Bratislava","article_published_time":"2023-04-17T00:57:33+00:00","og_image":[{"width":1280,"height":853,"url":"https:\/\/www.vkpbratislava.sk\/wp-content\/uploads\/2023\/04\/7B4A5819-1280x853.jpg","type":"image\/jpeg"}],"author":"jenca","twitter_card":"summary_large_image","twitter_misc":{"Autor":"jenca","Predpokladan\u00fd \u010das \u010d\u00edtania":"2 min\u00faty"},"schema":{"@context":"https:\/\/schema.org","@graph":[{"@type":"Article","@id":"https:\/\/www.vkpbratislava.sk\/?p=22673#article","isPartOf":{"@id":"https:\/\/www.vkpbratislava.sk\/?p=22673"},"author":{"name":"jenca","@id":"https:\/\/www.vkpbratislava.sk\/#\/schema\/person\/7037e769f9515aa58493d1b5852c4c50"},"headline":"V Pre\u0161ove sme ovl\u00e1dli aj nede\u013eu, z v\u00fdchodu s n\u00e1skokom 2:0 v s\u00e9rii","datePublished":"2023-04-17T00:57:33+00:00","mainEntityOfPage":{"@id":"https:\/\/www.vkpbratislava.sk\/?p=22673"},"wordCount":315,"publisher":{"@id":"https:\/\/www.vkpbratislava.sk\/#organization"},"image":{"@id":"https:\/\/www.vkpbratislava.sk\/?p=22673#primaryimage"},"thumbnailUrl":"https:\/\/www.vkpbratislava.sk\/wp-content\/uploads\/2023\/04\/7B4A5819.jpg","articleSection":["Mu\u017ei"],"inLanguage":"sk-SK"},{"@type":"WebPage","@id":"https:\/\/www.vkpbratislava.sk\/?p=22673","url":"https:\/\/www.vkpbratislava.sk\/?p=22673","name":"V Pre\u0161ove sme ovl\u00e1dli aj nede\u013eu, z v\u00fdchodu s n\u00e1skokom 2:0 v s\u00e9rii - VK SLOVAN Bratislava","isPartOf":{"@id":"https:\/\/www.vkpbratislava.sk\/#website"},"primaryImageOfPage":{"@id":"https:\/\/www.vkpbratislava.sk\/?p=22673#primaryimage"},"image":{"@id":"https:\/\/www.vkpbratislava.sk\/?p=22673#primaryimage"},"thumbnailUrl":"https:\/\/www.vkpbratislava.sk\/wp-content\/uploads\/2023\/04\/7B4A5819.jpg","datePublished":"2023-04-17T00:57:33+00:00","description":"Fin\u00e1lov\u00fa s\u00e9riu s Pre\u0161ovom rozohrali volejbalisti VKP Bratislava na jednotku. Na v\u00fdchode Slovenska zv\u00ed\u0165azili aj v druhom stretnut\u00ed po\u010das v\u00edkendu a do dom\u00e1cich odviet p\u00f4jdu s n\u00e1skokom 2:0 v s\u00e9rii.","breadcrumb":{"@id":"https:\/\/www.vkpbratislava.sk\/?p=22673#breadcrumb"},"inLanguage":"sk-SK","potentialAction":[{"@type":"ReadAction","target":["https:\/\/www.vkpbratislava.sk\/?p=22673"]}]},{"@type":"ImageObject","inLanguage":"sk-SK","@id":"https:\/\/www.vkpbratislava.sk\/?p=22673#primaryimage","url":"https:\/\/www.vkpbratislava.sk\/wp-content\/uploads\/2023\/04\/7B4A5819.jpg","contentUrl":"https:\/\/www.vkpbratislava.sk\/wp-content\/uploads\/2023\/04\/7B4A5819.jpg","width":2048,"height":1365},{"@type":"BreadcrumbList","@id":"https:\/\/www.vkpbratislava.sk\/?p=22673#breadcrumb","itemListElement":[{"@type":"ListItem","position":1,"name":"Domov","item":"https:\/\/www.vkpbratislava.sk\/"},{"@type":"ListItem","position":2,"name":"V Pre\u0161ove sme ovl\u00e1dli aj nede\u013eu, z v\u00fdchodu s n\u00e1skokom 2:0 v s\u00e9rii"}]},{"@type":"WebSite","@id":"https:\/\/www.vkpbratislava.sk\/#website","url":"https:\/\/www.vkpbratislava.sk\/","name":"VK SLOVAN Bratislava","description":"Volejbalov\u00fd klub","publisher":{"@id":"https:\/\/www.vkpbratislava.sk\/#organization"},"potentialAction":[{"@type":"SearchAction","target":{"@type":"EntryPoint","urlTemplate":"https:\/\/www.vkpbratislava.sk\/?s={search_term_string}"},"query-input":{"@type":"PropertyValueSpecification","valueRequired":true,"valueName":"search_term_string"}}],"inLanguage":"sk-SK"},{"@type":"Organization","@id":"https:\/\/www.vkpbratislava.sk\/#organization","name":"VKP Bratislava","url":"https:\/\/www.vkpbratislava.sk\/","logo":{"@type":"ImageObject","inLanguage":"sk-SK","@id":"https:\/\/www.vkpbratislava.sk\/#\/schema\/logo\/image\/","url":"https:\/\/www.vkpbratislava.sk\/wp-content\/uploads\/2020\/10\/vkpBA.png","contentUrl":"https:\/\/www.vkpbratislava.sk\/wp-content\/uploads\/2020\/10\/vkpBA.png","width":600,"height":600,"caption":"VKP Bratislava"},"image":{"@id":"https:\/\/www.vkpbratislava.sk\/#\/schema\/logo\/image\/"}},{"@type":"Person","@id":"https:\/\/www.vkpbratislava.sk\/#\/schema\/person\/7037e769f9515aa58493d1b5852c4c50","name":"jenca","image":{"@type":"ImageObject","inLanguage":"sk-SK","@id":"https:\/\/www.vkpbratislava.sk\/#\/schema\/person\/image\/","url":"https:\/\/secure.gravatar.com\/avatar\/67aa89e9aab2911bbd0c6fbf0a891ea8d80c207c9b6a6e2c96e13fc2f16e536d?s=96&d=mm&r=g","contentUrl":"https:\/\/secure.gravatar.com\/avatar\/67aa89e9aab2911bbd0c6fbf0a891ea8d80c207c9b6a6e2c96e13fc2f16e536d?s=96&d=mm&r=g","caption":"jenca"},"url":"https:\/\/www.vkpbratislava.sk\/?author=3"}]}},"_links":{"self":[{"href":"https:\/\/www.vkpbratislava.sk\/index.php?rest_route=\/wp\/v2\/posts\/22673","targetHints":{"allow":["GET"]}}],"collection":[{"href":"https:\/\/www.vkpbratislava.sk\/index.php?rest_route=\/wp\/v2\/posts"}],"about":[{"href":"https:\/\/www.vkpbratislava.sk\/index.php?rest_route=\/wp\/v2\/types\/post"}],"author":[{"embeddable":true,"href":"https:\/\/www.vkpbratislava.sk\/index.php?rest_route=\/wp\/v2\/users\/3"}],"replies":[{"embeddable":true,"href":"https:\/\/www.vkpbratislava.sk\/index.php?rest_route=%2Fwp%2Fv2%2Fcomments&post=22673"}],"version-history":[{"count":1,"href":"https:\/\/www.vkpbratislava.sk\/index.php?rest_route=\/wp\/v2\/posts\/22673\/revisions"}],"predecessor-version":[{"id":22675,"href":"https:\/\/www.vkpbratislava.sk\/index.php?rest_route=\/wp\/v2\/posts\/22673\/revisions\/22675"}],"wp:featuredmedia":[{"embeddable":true,"href":"https:\/\/www.vkpbratislava.sk\/index.php?rest_route=\/wp\/v2\/media\/22674"}],"wp:attachment":[{"href":"https:\/\/www.vkpbratislava.sk\/index.php?rest_route=%2Fwp%2Fv2%2Fmedia&parent=22673"}],"wp:term":[{"taxonomy":"category","embeddable":true,"href":"https:\/\/www.vkpbratislava.sk\/index.php?rest_route=%2Fwp%2Fv2%2Fcategories&post=22673"},{"taxonomy":"post_tag","embeddable":true,"href":"https:\/\/www.vkpbratislava.sk\/index.php?rest_route=%2Fwp%2Fv2%2Ftags&post=22673"}],"curies":[{"name":"wp","href":"https:\/\/api.w.org\/{rel}","templated":true}]}}