{"id":22800,"date":"2023-04-19T00:53:35","date_gmt":"2023-04-18T22:53:35","guid":{"rendered":"https:\/\/www.vkpbratislava.sk\/?p=22800"},"modified":"2023-04-19T00:53:35","modified_gmt":"2023-04-18T22:53:35","slug":"druha-prehra-so-slaviou-o-reparat-po-repre-pauze","status":"publish","type":"post","link":"https:\/\/www.vkpbratislava.sk\/?p=22800","title":{"rendered":"Druh\u00e1 prehra so Sl\u00e1viou, o repar\u00e1t po repre pauze"},"content":{"rendered":"<p><strong>\u017dia\u013e, ani v druhom fin\u00e1lovom stretnut\u00ed sme nena\u0161li recept na Sl\u00e1viu, ale repar\u00e1t m\u00f4\u017eeme spravi\u0165 po osemd\u0148ovej repre pauze, ke\u010f bude bitka o titul pokra\u010dova\u0165.<\/strong><\/p>\n<p><b>VKP BRATISLAVA &#8211; VK SL\u00c1VIA EU BRATISLAVA\u00a0\u00a0\u00a0 2:3 (23, -15, 16, -22, -9) \u2013 0:2 NA Z\u00c1PASY<\/b><\/p>\n<p><b>Rozhodovali: <\/b>Jur\u00e1\u010dek a Morav\u010d\u00edk, 500 div\u00e1kov.<\/p>\n<p><b>VKP: <\/b>N\u00e1vratov\u00e1 22, Fartelov\u00e1 5, Boledovi\u010dov\u00e1 0, Koh\u00fatov\u00e1 3, Tamara Hru\u0161eck\u00e1 4, Smie\u0161kov\u00e1 14, liberka N. Tak\u00e1\u010dov\u00e1 (Spev\u00e1r 15, Dreisigov\u00e1 5, Paz\u00farikov\u00e1 0, \u0160termensk\u00e1 0, Z. P\u00edse\u010dn\u00e1 0). Tr\u00e9ner: P. Bern\u00e1th.<\/p>\n<p><b>VK SL\u00c1VIA EU: <\/b>F\u00f6ldesiov\u00e1 4, Cibulov\u00e1 3, A. Fri\u010dov\u00e1 21, P\u00e1nekov\u00e1 9, Doluda 13, Ha\u0161kov\u00e1 5, liberky Magdinov\u00e1 a\u00a0Podhradsk\u00e1 (K\u00e1nov\u00e1 21, K. Slivkov\u00e1 1, S. Slivkov\u00e1 0, Sil\u00e1diov\u00e1 0, Pavl\u00edkov\u00e1 0).<b> <\/b>Tr\u00e9ner: M. Matu\u0161ov.<\/p>\n<p><b>Hr\u00e1\u010dky z\u00e1pasu: <\/b>Lucia Spev\u00e1r (VKP Bratislava) \u2013 Michaela K\u00e1nov\u00e1 (VK Sl\u00e1via EU Bratislava)<\/p>\n<p><b>Pavel Bern\u00e1th, tr\u00e9ner VKP: <\/b><i>\u201eOdohrali sme \u010destnej\u0161\u00ed a\u00a0bojovnej\u0161\u00ed z\u00e1pas, ako bol prv\u00fd fin\u00e1lov\u00fd. M\u00e1me mlad\u00e9 dru\u017estvo a\u00a0na niektor\u00e9 veci sme e\u0161te st\u00e1le nedor\u00e1stli, aby sme ich dotiahli do konca, ale pr\u00e1ve tak\u00fdmto sp\u00f4sobom sa treba o\u00a0svoju sl\u00e1vu bi\u0165.\u201c<\/i><\/p>\n","protected":false},"excerpt":{"rendered":"<p>\u017dia\u013e, ani v druhom fin\u00e1lovom stretnut\u00ed sme nena\u0161li recept na Sl\u00e1viu, ale repar\u00e1t m\u00f4\u017eeme spravi\u0165 po osemd\u0148ovej repre pauze, ke\u010f bude bitka o titul pokra\u010dova\u0165.<\/p>\n","protected":false},"author":3,"featured_media":22801,"comment_status":"closed","ping_status":"closed","sticky":false,"template":"","format":"standard","meta":{"_monsterinsights_skip_tracking":false,"_monsterinsights_sitenote_active":false,"_monsterinsights_sitenote_note":"","_monsterinsights_sitenote_category":0,"footnotes":""},"categories":[48],"tags":[],"class_list":["post-22800","post","type-post","status-publish","format-standard","has-post-thumbnail","hentry","category-zeny"],"yoast_head":"<!-- This site is optimized with the Yoast SEO plugin v25.6 - https:\/\/yoast.com\/wordpress\/plugins\/seo\/ -->\n<title>Druh\u00e1 prehra so Sl\u00e1viou, o repar\u00e1t po repre pauze - VK SLOVAN Bratislava<\/title>\n<meta name=\"description\" content=\"\u017dia\u013e, ani v druhom fin\u00e1lovom stretnut\u00ed sme nena\u0161li recept na Sl\u00e1viu, ale repar\u00e1t m\u00f4\u017eeme spravi\u0165 po osemd\u0148ovej repre pauze, ke\u010f bude bitka o titul pokra\u010dova\u0165.\" \/>\n<meta name=\"robots\" content=\"index, follow, max-snippet:-1, max-image-preview:large, max-video-preview:-1\" \/>\n<link rel=\"canonical\" href=\"https:\/\/www.vkpbratislava.sk\/?p=22800\" \/>\n<meta property=\"og:locale\" content=\"sk_SK\" \/>\n<meta property=\"og:type\" content=\"article\" \/>\n<meta property=\"og:title\" content=\"Druh\u00e1 prehra so Sl\u00e1viou, o repar\u00e1t po repre pauze - VK SLOVAN Bratislava\" \/>\n<meta property=\"og:description\" content=\"\u017dia\u013e, ani v druhom fin\u00e1lovom stretnut\u00ed sme nena\u0161li recept na Sl\u00e1viu, ale repar\u00e1t m\u00f4\u017eeme spravi\u0165 po osemd\u0148ovej repre pauze, ke\u010f bude bitka o titul pokra\u010dova\u0165.\" \/>\n<meta property=\"og:url\" content=\"https:\/\/www.vkpbratislava.sk\/?p=22800\" \/>\n<meta property=\"og:site_name\" content=\"VK SLOVAN Bratislava\" \/>\n<meta property=\"article:published_time\" content=\"2023-04-18T22:53:35+00:00\" \/>\n<meta property=\"og:image\" content=\"https:\/\/www.vkpbratislava.sk\/wp-content\/uploads\/2023\/04\/080A3567-scaled.jpg\" \/>\n\t<meta property=\"og:image:width\" content=\"2560\" \/>\n\t<meta property=\"og:image:height\" content=\"1707\" \/>\n\t<meta property=\"og:image:type\" content=\"image\/jpeg\" \/>\n<meta name=\"author\" content=\"jenca\" \/>\n<meta name=\"twitter:card\" content=\"summary_large_image\" \/>\n<meta name=\"twitter:label1\" content=\"Autor\" \/>\n\t<meta name=\"twitter:data1\" content=\"jenca\" \/>\n\t<meta name=\"twitter:label2\" content=\"Predpokladan\u00fd \u010das \u010d\u00edtania\" \/>\n\t<meta name=\"twitter:data2\" content=\"1 min\u00fata\" \/>\n<script type=\"application\/ld+json\" class=\"yoast-schema-graph\">{\"@context\":\"https:\/\/schema.org\",\"@graph\":[{\"@type\":\"Article\",\"@id\":\"https:\/\/www.vkpbratislava.sk\/?p=22800#article\",\"isPartOf\":{\"@id\":\"https:\/\/www.vkpbratislava.sk\/?p=22800\"},\"author\":{\"name\":\"jenca\",\"@id\":\"https:\/\/www.vkpbratislava.sk\/#\/schema\/person\/7037e769f9515aa58493d1b5852c4c50\"},\"headline\":\"Druh\u00e1 prehra so Sl\u00e1viou, o repar\u00e1t po repre pauze\",\"datePublished\":\"2023-04-18T22:53:35+00:00\",\"mainEntityOfPage\":{\"@id\":\"https:\/\/www.vkpbratislava.sk\/?p=22800\"},\"wordCount\":202,\"publisher\":{\"@id\":\"https:\/\/www.vkpbratislava.sk\/#organization\"},\"image\":{\"@id\":\"https:\/\/www.vkpbratislava.sk\/?p=22800#primaryimage\"},\"thumbnailUrl\":\"https:\/\/www.vkpbratislava.sk\/wp-content\/uploads\/2023\/04\/080A3567-scaled.jpg\",\"articleSection\":[\"\u017deny\"],\"inLanguage\":\"sk-SK\"},{\"@type\":\"WebPage\",\"@id\":\"https:\/\/www.vkpbratislava.sk\/?p=22800\",\"url\":\"https:\/\/www.vkpbratislava.sk\/?p=22800\",\"name\":\"Druh\u00e1 prehra so Sl\u00e1viou, o repar\u00e1t po repre pauze - VK SLOVAN Bratislava\",\"isPartOf\":{\"@id\":\"https:\/\/www.vkpbratislava.sk\/#website\"},\"primaryImageOfPage\":{\"@id\":\"https:\/\/www.vkpbratislava.sk\/?p=22800#primaryimage\"},\"image\":{\"@id\":\"https:\/\/www.vkpbratislava.sk\/?p=22800#primaryimage\"},\"thumbnailUrl\":\"https:\/\/www.vkpbratislava.sk\/wp-content\/uploads\/2023\/04\/080A3567-scaled.jpg\",\"datePublished\":\"2023-04-18T22:53:35+00:00\",\"description\":\"\u017dia\u013e, ani v druhom fin\u00e1lovom stretnut\u00ed sme nena\u0161li recept na Sl\u00e1viu, ale repar\u00e1t m\u00f4\u017eeme spravi\u0165 po osemd\u0148ovej repre pauze, ke\u010f bude bitka o titul pokra\u010dova\u0165.\",\"breadcrumb\":{\"@id\":\"https:\/\/www.vkpbratislava.sk\/?p=22800#breadcrumb\"},\"inLanguage\":\"sk-SK\",\"potentialAction\":[{\"@type\":\"ReadAction\",\"target\":[\"https:\/\/www.vkpbratislava.sk\/?p=22800\"]}]},{\"@type\":\"ImageObject\",\"inLanguage\":\"sk-SK\",\"@id\":\"https:\/\/www.vkpbratislava.sk\/?p=22800#primaryimage\",\"url\":\"https:\/\/www.vkpbratislava.sk\/wp-content\/uploads\/2023\/04\/080A3567-scaled.jpg\",\"contentUrl\":\"https:\/\/www.vkpbratislava.sk\/wp-content\/uploads\/2023\/04\/080A3567-scaled.jpg\",\"width\":2560,\"height\":1707},{\"@type\":\"BreadcrumbList\",\"@id\":\"https:\/\/www.vkpbratislava.sk\/?p=22800#breadcrumb\",\"itemListElement\":[{\"@type\":\"ListItem\",\"position\":1,\"name\":\"Domov\",\"item\":\"https:\/\/www.vkpbratislava.sk\/\"},{\"@type\":\"ListItem\",\"position\":2,\"name\":\"Druh\u00e1 prehra so Sl\u00e1viou, o repar\u00e1t po repre pauze\"}]},{\"@type\":\"WebSite\",\"@id\":\"https:\/\/www.vkpbratislava.sk\/#website\",\"url\":\"https:\/\/www.vkpbratislava.sk\/\",\"name\":\"VK SLOVAN Bratislava\",\"description\":\"Volejbalov\u00fd klub\",\"publisher\":{\"@id\":\"https:\/\/www.vkpbratislava.sk\/#organization\"},\"potentialAction\":[{\"@type\":\"SearchAction\",\"target\":{\"@type\":\"EntryPoint\",\"urlTemplate\":\"https:\/\/www.vkpbratislava.sk\/?s={search_term_string}\"},\"query-input\":{\"@type\":\"PropertyValueSpecification\",\"valueRequired\":true,\"valueName\":\"search_term_string\"}}],\"inLanguage\":\"sk-SK\"},{\"@type\":\"Organization\",\"@id\":\"https:\/\/www.vkpbratislava.sk\/#organization\",\"name\":\"VKP Bratislava\",\"url\":\"https:\/\/www.vkpbratislava.sk\/\",\"logo\":{\"@type\":\"ImageObject\",\"inLanguage\":\"sk-SK\",\"@id\":\"https:\/\/www.vkpbratislava.sk\/#\/schema\/logo\/image\/\",\"url\":\"https:\/\/www.vkpbratislava.sk\/wp-content\/uploads\/2020\/10\/vkpBA.png\",\"contentUrl\":\"https:\/\/www.vkpbratislava.sk\/wp-content\/uploads\/2020\/10\/vkpBA.png\",\"width\":600,\"height\":600,\"caption\":\"VKP Bratislava\"},\"image\":{\"@id\":\"https:\/\/www.vkpbratislava.sk\/#\/schema\/logo\/image\/\"}},{\"@type\":\"Person\",\"@id\":\"https:\/\/www.vkpbratislava.sk\/#\/schema\/person\/7037e769f9515aa58493d1b5852c4c50\",\"name\":\"jenca\",\"image\":{\"@type\":\"ImageObject\",\"inLanguage\":\"sk-SK\",\"@id\":\"https:\/\/www.vkpbratislava.sk\/#\/schema\/person\/image\/\",\"url\":\"https:\/\/secure.gravatar.com\/avatar\/67aa89e9aab2911bbd0c6fbf0a891ea8d80c207c9b6a6e2c96e13fc2f16e536d?s=96&d=mm&r=g\",\"contentUrl\":\"https:\/\/secure.gravatar.com\/avatar\/67aa89e9aab2911bbd0c6fbf0a891ea8d80c207c9b6a6e2c96e13fc2f16e536d?s=96&d=mm&r=g\",\"caption\":\"jenca\"},\"url\":\"https:\/\/www.vkpbratislava.sk\/?author=3\"}]}<\/script>\n<!-- \/ Yoast SEO plugin. -->","yoast_head_json":{"title":"Druh\u00e1 prehra so Sl\u00e1viou, o repar\u00e1t po repre pauze - VK SLOVAN Bratislava","description":"\u017dia\u013e, ani v druhom fin\u00e1lovom stretnut\u00ed sme nena\u0161li recept na Sl\u00e1viu, ale repar\u00e1t m\u00f4\u017eeme spravi\u0165 po osemd\u0148ovej repre pauze, ke\u010f bude bitka o titul pokra\u010dova\u0165.","robots":{"index":"index","follow":"follow","max-snippet":"max-snippet:-1","max-image-preview":"max-image-preview:large","max-video-preview":"max-video-preview:-1"},"canonical":"https:\/\/www.vkpbratislava.sk\/?p=22800","og_locale":"sk_SK","og_type":"article","og_title":"Druh\u00e1 prehra so Sl\u00e1viou, o repar\u00e1t po repre pauze - VK SLOVAN Bratislava","og_description":"\u017dia\u013e, ani v druhom fin\u00e1lovom stretnut\u00ed sme nena\u0161li recept na Sl\u00e1viu, ale repar\u00e1t m\u00f4\u017eeme spravi\u0165 po osemd\u0148ovej repre pauze, ke\u010f bude bitka o titul pokra\u010dova\u0165.","og_url":"https:\/\/www.vkpbratislava.sk\/?p=22800","og_site_name":"VK SLOVAN Bratislava","article_published_time":"2023-04-18T22:53:35+00:00","og_image":[{"width":2560,"height":1707,"url":"https:\/\/www.vkpbratislava.sk\/wp-content\/uploads\/2023\/04\/080A3567-scaled.jpg","type":"image\/jpeg"}],"author":"jenca","twitter_card":"summary_large_image","twitter_misc":{"Autor":"jenca","Predpokladan\u00fd \u010das \u010d\u00edtania":"1 min\u00fata"},"schema":{"@context":"https:\/\/schema.org","@graph":[{"@type":"Article","@id":"https:\/\/www.vkpbratislava.sk\/?p=22800#article","isPartOf":{"@id":"https:\/\/www.vkpbratislava.sk\/?p=22800"},"author":{"name":"jenca","@id":"https:\/\/www.vkpbratislava.sk\/#\/schema\/person\/7037e769f9515aa58493d1b5852c4c50"},"headline":"Druh\u00e1 prehra so Sl\u00e1viou, o repar\u00e1t po repre pauze","datePublished":"2023-04-18T22:53:35+00:00","mainEntityOfPage":{"@id":"https:\/\/www.vkpbratislava.sk\/?p=22800"},"wordCount":202,"publisher":{"@id":"https:\/\/www.vkpbratislava.sk\/#organization"},"image":{"@id":"https:\/\/www.vkpbratislava.sk\/?p=22800#primaryimage"},"thumbnailUrl":"https:\/\/www.vkpbratislava.sk\/wp-content\/uploads\/2023\/04\/080A3567-scaled.jpg","articleSection":["\u017deny"],"inLanguage":"sk-SK"},{"@type":"WebPage","@id":"https:\/\/www.vkpbratislava.sk\/?p=22800","url":"https:\/\/www.vkpbratislava.sk\/?p=22800","name":"Druh\u00e1 prehra so Sl\u00e1viou, o repar\u00e1t po repre pauze - VK SLOVAN Bratislava","isPartOf":{"@id":"https:\/\/www.vkpbratislava.sk\/#website"},"primaryImageOfPage":{"@id":"https:\/\/www.vkpbratislava.sk\/?p=22800#primaryimage"},"image":{"@id":"https:\/\/www.vkpbratislava.sk\/?p=22800#primaryimage"},"thumbnailUrl":"https:\/\/www.vkpbratislava.sk\/wp-content\/uploads\/2023\/04\/080A3567-scaled.jpg","datePublished":"2023-04-18T22:53:35+00:00","description":"\u017dia\u013e, ani v druhom fin\u00e1lovom stretnut\u00ed sme nena\u0161li recept na Sl\u00e1viu, ale repar\u00e1t m\u00f4\u017eeme spravi\u0165 po osemd\u0148ovej repre pauze, ke\u010f bude bitka o titul pokra\u010dova\u0165.","breadcrumb":{"@id":"https:\/\/www.vkpbratislava.sk\/?p=22800#breadcrumb"},"inLanguage":"sk-SK","potentialAction":[{"@type":"ReadAction","target":["https:\/\/www.vkpbratislava.sk\/?p=22800"]}]},{"@type":"ImageObject","inLanguage":"sk-SK","@id":"https:\/\/www.vkpbratislava.sk\/?p=22800#primaryimage","url":"https:\/\/www.vkpbratislava.sk\/wp-content\/uploads\/2023\/04\/080A3567-scaled.jpg","contentUrl":"https:\/\/www.vkpbratislava.sk\/wp-content\/uploads\/2023\/04\/080A3567-scaled.jpg","width":2560,"height":1707},{"@type":"BreadcrumbList","@id":"https:\/\/www.vkpbratislava.sk\/?p=22800#breadcrumb","itemListElement":[{"@type":"ListItem","position":1,"name":"Domov","item":"https:\/\/www.vkpbratislava.sk\/"},{"@type":"ListItem","position":2,"name":"Druh\u00e1 prehra so Sl\u00e1viou, o repar\u00e1t po repre pauze"}]},{"@type":"WebSite","@id":"https:\/\/www.vkpbratislava.sk\/#website","url":"https:\/\/www.vkpbratislava.sk\/","name":"VK SLOVAN Bratislava","description":"Volejbalov\u00fd klub","publisher":{"@id":"https:\/\/www.vkpbratislava.sk\/#organization"},"potentialAction":[{"@type":"SearchAction","target":{"@type":"EntryPoint","urlTemplate":"https:\/\/www.vkpbratislava.sk\/?s={search_term_string}"},"query-input":{"@type":"PropertyValueSpecification","valueRequired":true,"valueName":"search_term_string"}}],"inLanguage":"sk-SK"},{"@type":"Organization","@id":"https:\/\/www.vkpbratislava.sk\/#organization","name":"VKP Bratislava","url":"https:\/\/www.vkpbratislava.sk\/","logo":{"@type":"ImageObject","inLanguage":"sk-SK","@id":"https:\/\/www.vkpbratislava.sk\/#\/schema\/logo\/image\/","url":"https:\/\/www.vkpbratislava.sk\/wp-content\/uploads\/2020\/10\/vkpBA.png","contentUrl":"https:\/\/www.vkpbratislava.sk\/wp-content\/uploads\/2020\/10\/vkpBA.png","width":600,"height":600,"caption":"VKP Bratislava"},"image":{"@id":"https:\/\/www.vkpbratislava.sk\/#\/schema\/logo\/image\/"}},{"@type":"Person","@id":"https:\/\/www.vkpbratislava.sk\/#\/schema\/person\/7037e769f9515aa58493d1b5852c4c50","name":"jenca","image":{"@type":"ImageObject","inLanguage":"sk-SK","@id":"https:\/\/www.vkpbratislava.sk\/#\/schema\/person\/image\/","url":"https:\/\/secure.gravatar.com\/avatar\/67aa89e9aab2911bbd0c6fbf0a891ea8d80c207c9b6a6e2c96e13fc2f16e536d?s=96&d=mm&r=g","contentUrl":"https:\/\/secure.gravatar.com\/avatar\/67aa89e9aab2911bbd0c6fbf0a891ea8d80c207c9b6a6e2c96e13fc2f16e536d?s=96&d=mm&r=g","caption":"jenca"},"url":"https:\/\/www.vkpbratislava.sk\/?author=3"}]}},"_links":{"self":[{"href":"https:\/\/www.vkpbratislava.sk\/index.php?rest_route=\/wp\/v2\/posts\/22800","targetHints":{"allow":["GET"]}}],"collection":[{"href":"https:\/\/www.vkpbratislava.sk\/index.php?rest_route=\/wp\/v2\/posts"}],"about":[{"href":"https:\/\/www.vkpbratislava.sk\/index.php?rest_route=\/wp\/v2\/types\/post"}],"author":[{"embeddable":true,"href":"https:\/\/www.vkpbratislava.sk\/index.php?rest_route=\/wp\/v2\/users\/3"}],"replies":[{"embeddable":true,"href":"https:\/\/www.vkpbratislava.sk\/index.php?rest_route=%2Fwp%2Fv2%2Fcomments&post=22800"}],"version-history":[{"count":1,"href":"https:\/\/www.vkpbratislava.sk\/index.php?rest_route=\/wp\/v2\/posts\/22800\/revisions"}],"predecessor-version":[{"id":22802,"href":"https:\/\/www.vkpbratislava.sk\/index.php?rest_route=\/wp\/v2\/posts\/22800\/revisions\/22802"}],"wp:featuredmedia":[{"embeddable":true,"href":"https:\/\/www.vkpbratislava.sk\/index.php?rest_route=\/wp\/v2\/media\/22801"}],"wp:attachment":[{"href":"https:\/\/www.vkpbratislava.sk\/index.php?rest_route=%2Fwp%2Fv2%2Fmedia&parent=22800"}],"wp:term":[{"taxonomy":"category","embeddable":true,"href":"https:\/\/www.vkpbratislava.sk\/index.php?rest_route=%2Fwp%2Fv2%2Fcategories&post=22800"},{"taxonomy":"post_tag","embeddable":true,"href":"https:\/\/www.vkpbratislava.sk\/index.php?rest_route=%2Fwp%2Fv2%2Ftags&post=22800"}],"curies":[{"name":"wp","href":"https:\/\/api.w.org\/{rel}","templated":true}]}}