{"id":23213,"date":"2023-04-23T13:15:23","date_gmt":"2023-04-23T11:15:23","guid":{"rendered":"https:\/\/www.vkpbratislava.sk\/?p=23213"},"modified":"2023-04-23T13:26:19","modified_gmt":"2023-04-23T11:26:19","slug":"mame-na-dosah-pohar-bohumila-goliana","status":"publish","type":"post","link":"https:\/\/www.vkpbratislava.sk\/?p=23213","title":{"rendered":"M\u00e1me na dosah Poh\u00e1r Bohumila Goliana"},"content":{"rendered":"<p><strong>Sez\u00f3na 2022\/2023 m\u00e1 v\u00a0Nik\u00e9 Extralige mu\u017eov pred sebou u\u017e len jednu nezn\u00e1mu \u2013 kto bude majster. V\u00a0s\u00e9rii o\u00a0tretie miesto si v\u00a0troch z\u00e1pasoch s\u00a0Kom\u00e1rnom poradili volejbalisti Myjavy a\u00a0obh\u00e1jili tak bronz z\u00a0minul\u00e9ho roka.<\/strong><!--more--><\/p>\n<p>Vo fin\u00e1lovej s\u00e9rii medzi Pre\u0161ovom a\u00a0VKP Bratislava predv\u00e1dzaj\u00fa oba t\u00edmy v\u00fdborn\u00e9 v\u00fdkony a\u00a0tak\u00fd bol aj tret\u00ed z\u00e1pas v\u00a0Bratislave. Pre\u0161ov\u010dania v\u00a0\u0148om \u0165ahali za krat\u0161\u00ed koniec, ke\u010f sa v\u0161etky sety skon\u010dili najtesnej\u0161\u00edm rozdielom. VKP tak siaha na dvan\u00e1sty titul vo svojej hist\u00f3rii, ktor\u00fd si m\u00f4\u017ee vybojova\u0165 u\u017e v\u00a0nede\u013eu. Z\u00a0individu\u00e1lneho h\u013eadiska to bol boj medzi Adri\u00e1nom Van\u010dom z\u00a0VKP a\u00a0Michalom \u0160\u010derbom z\u00a0Pre\u0161ova, ktor\u00fd sa skon\u010dil vyrovnane 24:24.<\/p>\n<p>\u0160tvrt\u00fd fin\u00e1lov\u00fd s\u00faboj o\u00a0Poh\u00e1r Bohumila Goliana sa za\u010dne v\u00a0bratislavskom Dome \u0161portu o\u00a018.30 hod. a\u00a0bud\u00fa si ho m\u00f4c\u0165 pozrie\u0165 aj div\u00e1ci na telev\u00edznych obrazovk\u00e1ch.<\/p>\n<p><b>NIK\u00c9 EXTRALIGA \u2013 MU\u017dI \u2013 PLAY-OFF \u2013 FIN\u00c1LE &#8211; SOBOTA:<\/b><\/p>\n<p><b>VKP BRATISLAVA &#8211; VK MIRAD UNIPO PRE\u0160OV\u00a0 3:1 (23, -23, 24, 23) \u2013 3:0 NA Z\u00c1PASY<\/b><\/p>\n<p><b>Rozhodovali:\u00a0<\/b>Jur\u00e1\u010dek a Morav\u010d\u00edk, 650 div\u00e1kov.<\/p>\n<p><b>VKP:\u00a0<\/b>Billich 13, Van\u010do 24, \u010cerven\u00e1k 4, Marjov 10, Jaloveck\u00fd 4, Truba\u010d 13, libero \u013d. Nemec (S. Jur\u00edk 0, Kub\u0161 6, Za\u0165ko 2). Tr\u00e9ner: R. P\u011blucha.<\/p>\n<p><b>VK MIRAD UNIPO:<\/b>\u00a0M. Hud\u00e1k 10, Jendrej\u010d\u00e1k 10, Gul\u00e1k 15, \u0160\u010derba 24, \u0160iket 0, Go\u010d 4, liber\u00e1 Turis a Falat (Smolej 0, Mikov\u010d\u00edk 7, , libero Turis (Mikov\u010d\u00edk 0).<b>\u00a0<\/b>Tr\u00e9ner: E. Diga\u0148a.<\/p>\n<p><b>Robin P\u011blucha, tr\u00e9ner VKP:\u00a0<\/b><i>\u201eBol to ve\u013emi \u0165a\u017ek\u00fd a\u00a0stresuj\u00faci z\u00e1pas. Div\u00e1ci n\u00e1s hnali dopredu, \u010do n\u00e1m pomohlo, ale v\u00a0nede\u013eu n\u00e1s \u010dak\u00e1 nemenej n\u00e1ro\u010dn\u00fd duel, na ktor\u00fd sa mus\u00edme pripravi\u0165. Radova\u0165 sa m\u00f4\u017eeme do polnoci, potom je na rade \u0161tvrt\u00fd z\u00e1pas. Pomohlo n\u00e1m striedanie s\u00a0nahr\u00e1va\u010dom. Ke\u010f Pre\u0161ov \u201epre\u010d\u00edtal\u201c hru Mat\u00fa\u0161a Jaloveck\u00e9ho, na ihrisko pri\u0161iel Juraj Za\u0165ko a\u00a0vy\u0161lo n\u00e1m to.\u201c<\/i><\/p>\n<p><b>Erik Diga\u0148a, tr\u00e9ner VK MIRAD UNIPO:\u00a0<\/b><i>\u201eO z\u00e1pase rozhodli detaily, ktor\u00e9 hrali v\u00a0n\u00e1\u0161 neprospech. V\u00a0niektor\u00fdch veciach sme boli menej d\u00f4sledn\u00ed ako VKP. N\u00e1\u0161 v\u00fdkon m\u00e1 \u201egr\u00e1dy\u201c a\u00a0chlapcom som povedal, \u017ee ak prid\u00e1me k\u00a0tomuto v\u00fdkonu e\u0161te jedno percento, tak som presved\u010den\u00fd o\u00a0tom, \u017ee s\u00e9ria sa vr\u00e1ti do Pre\u0161ova a\u00a0budeme bojova\u0165 o titul.\u201c<\/i><\/p>\n","protected":false},"excerpt":{"rendered":"<p>Fin\u00e1lov\u00fa s\u00e9riu s Pre\u0161ovom rozohrali volejbalisti VKP Bratislava na jednotku. Na v\u00fdchode Slovenska zv\u00ed\u0165azili aj v druhom stretnut\u00ed po\u010das v\u00edkendu a do dom\u00e1cich odviet p\u00f4jdu s n\u00e1skokom 2:0 v s\u00e9rii.<\/p>\n","protected":false},"author":1,"featured_media":23105,"comment_status":"closed","ping_status":"closed","sticky":false,"template":"","format":"standard","meta":{"_monsterinsights_skip_tracking":false,"_monsterinsights_sitenote_active":false,"_monsterinsights_sitenote_note":"","_monsterinsights_sitenote_category":0,"footnotes":""},"categories":[47],"tags":[],"class_list":["post-23213","post","type-post","status-publish","format-standard","has-post-thumbnail","hentry","category-muzi"],"yoast_head":"<!-- This site is optimized with the Yoast SEO plugin v25.6 - https:\/\/yoast.com\/wordpress\/plugins\/seo\/ -->\n<title>M\u00e1me na dosah Poh\u00e1r Bohumila Goliana - VK SLOVAN Bratislava<\/title>\n<meta name=\"description\" content=\"Fin\u00e1lov\u00fa s\u00e9riu s Pre\u0161ovom rozohrali volejbalisti VKP Bratislava na jednotku. Na v\u00fdchode Slovenska zv\u00ed\u0165azili aj v druhom stretnut\u00ed po\u010das v\u00edkendu a do dom\u00e1cich odviet p\u00f4jdu s n\u00e1skokom 2:0 v s\u00e9rii.\" \/>\n<meta name=\"robots\" content=\"index, follow, max-snippet:-1, max-image-preview:large, max-video-preview:-1\" \/>\n<link rel=\"canonical\" href=\"https:\/\/www.vkpbratislava.sk\/?p=23213\" \/>\n<meta property=\"og:locale\" content=\"sk_SK\" \/>\n<meta property=\"og:type\" content=\"article\" \/>\n<meta property=\"og:title\" content=\"M\u00e1me na dosah Poh\u00e1r Bohumila Goliana - VK SLOVAN Bratislava\" \/>\n<meta property=\"og:description\" content=\"Fin\u00e1lov\u00fa s\u00e9riu s Pre\u0161ovom rozohrali volejbalisti VKP Bratislava na jednotku. Na v\u00fdchode Slovenska zv\u00ed\u0165azili aj v druhom stretnut\u00ed po\u010das v\u00edkendu a do dom\u00e1cich odviet p\u00f4jdu s n\u00e1skokom 2:0 v s\u00e9rii.\" \/>\n<meta property=\"og:url\" content=\"https:\/\/www.vkpbratislava.sk\/?p=23213\" \/>\n<meta property=\"og:site_name\" content=\"VK SLOVAN Bratislava\" \/>\n<meta property=\"article:published_time\" content=\"2023-04-23T11:15:23+00:00\" \/>\n<meta property=\"article:modified_time\" content=\"2023-04-23T11:26:19+00:00\" \/>\n<meta property=\"og:image\" content=\"https:\/\/www.vkpbratislava.sk\/wp-content\/uploads\/2023\/04\/7B4A6935.jpg\" \/>\n\t<meta property=\"og:image:width\" content=\"2048\" \/>\n\t<meta property=\"og:image:height\" content=\"1365\" \/>\n\t<meta property=\"og:image:type\" content=\"image\/jpeg\" \/>\n<meta name=\"author\" content=\"admin\" \/>\n<meta name=\"twitter:card\" content=\"summary_large_image\" \/>\n<meta name=\"twitter:label1\" content=\"Autor\" \/>\n\t<meta name=\"twitter:data1\" content=\"admin\" \/>\n\t<meta name=\"twitter:label2\" content=\"Predpokladan\u00fd \u010das \u010d\u00edtania\" \/>\n\t<meta name=\"twitter:data2\" content=\"2 min\u00faty\" \/>\n<script type=\"application\/ld+json\" class=\"yoast-schema-graph\">{\"@context\":\"https:\/\/schema.org\",\"@graph\":[{\"@type\":\"Article\",\"@id\":\"https:\/\/www.vkpbratislava.sk\/?p=23213#article\",\"isPartOf\":{\"@id\":\"https:\/\/www.vkpbratislava.sk\/?p=23213\"},\"author\":{\"name\":\"admin\",\"@id\":\"https:\/\/www.vkpbratislava.sk\/#\/schema\/person\/4653c3d3a185b8be421eb2cb8c0bf096\"},\"headline\":\"M\u00e1me na dosah Poh\u00e1r Bohumila Goliana\",\"datePublished\":\"2023-04-23T11:15:23+00:00\",\"dateModified\":\"2023-04-23T11:26:19+00:00\",\"mainEntityOfPage\":{\"@id\":\"https:\/\/www.vkpbratislava.sk\/?p=23213\"},\"wordCount\":420,\"publisher\":{\"@id\":\"https:\/\/www.vkpbratislava.sk\/#organization\"},\"image\":{\"@id\":\"https:\/\/www.vkpbratislava.sk\/?p=23213#primaryimage\"},\"thumbnailUrl\":\"https:\/\/www.vkpbratislava.sk\/wp-content\/uploads\/2023\/04\/7B4A6935.jpg\",\"articleSection\":[\"Mu\u017ei\"],\"inLanguage\":\"sk-SK\"},{\"@type\":\"WebPage\",\"@id\":\"https:\/\/www.vkpbratislava.sk\/?p=23213\",\"url\":\"https:\/\/www.vkpbratislava.sk\/?p=23213\",\"name\":\"M\u00e1me na dosah Poh\u00e1r Bohumila Goliana - VK SLOVAN Bratislava\",\"isPartOf\":{\"@id\":\"https:\/\/www.vkpbratislava.sk\/#website\"},\"primaryImageOfPage\":{\"@id\":\"https:\/\/www.vkpbratislava.sk\/?p=23213#primaryimage\"},\"image\":{\"@id\":\"https:\/\/www.vkpbratislava.sk\/?p=23213#primaryimage\"},\"thumbnailUrl\":\"https:\/\/www.vkpbratislava.sk\/wp-content\/uploads\/2023\/04\/7B4A6935.jpg\",\"datePublished\":\"2023-04-23T11:15:23+00:00\",\"dateModified\":\"2023-04-23T11:26:19+00:00\",\"description\":\"Fin\u00e1lov\u00fa s\u00e9riu s Pre\u0161ovom rozohrali volejbalisti VKP Bratislava na jednotku. Na v\u00fdchode Slovenska zv\u00ed\u0165azili aj v druhom stretnut\u00ed po\u010das v\u00edkendu a do dom\u00e1cich odviet p\u00f4jdu s n\u00e1skokom 2:0 v s\u00e9rii.\",\"breadcrumb\":{\"@id\":\"https:\/\/www.vkpbratislava.sk\/?p=23213#breadcrumb\"},\"inLanguage\":\"sk-SK\",\"potentialAction\":[{\"@type\":\"ReadAction\",\"target\":[\"https:\/\/www.vkpbratislava.sk\/?p=23213\"]}]},{\"@type\":\"ImageObject\",\"inLanguage\":\"sk-SK\",\"@id\":\"https:\/\/www.vkpbratislava.sk\/?p=23213#primaryimage\",\"url\":\"https:\/\/www.vkpbratislava.sk\/wp-content\/uploads\/2023\/04\/7B4A6935.jpg\",\"contentUrl\":\"https:\/\/www.vkpbratislava.sk\/wp-content\/uploads\/2023\/04\/7B4A6935.jpg\",\"width\":2048,\"height\":1365},{\"@type\":\"BreadcrumbList\",\"@id\":\"https:\/\/www.vkpbratislava.sk\/?p=23213#breadcrumb\",\"itemListElement\":[{\"@type\":\"ListItem\",\"position\":1,\"name\":\"Domov\",\"item\":\"https:\/\/www.vkpbratislava.sk\/\"},{\"@type\":\"ListItem\",\"position\":2,\"name\":\"M\u00e1me na dosah Poh\u00e1r Bohumila Goliana\"}]},{\"@type\":\"WebSite\",\"@id\":\"https:\/\/www.vkpbratislava.sk\/#website\",\"url\":\"https:\/\/www.vkpbratislava.sk\/\",\"name\":\"VK SLOVAN Bratislava\",\"description\":\"Volejbalov\u00fd klub\",\"publisher\":{\"@id\":\"https:\/\/www.vkpbratislava.sk\/#organization\"},\"potentialAction\":[{\"@type\":\"SearchAction\",\"target\":{\"@type\":\"EntryPoint\",\"urlTemplate\":\"https:\/\/www.vkpbratislava.sk\/?s={search_term_string}\"},\"query-input\":{\"@type\":\"PropertyValueSpecification\",\"valueRequired\":true,\"valueName\":\"search_term_string\"}}],\"inLanguage\":\"sk-SK\"},{\"@type\":\"Organization\",\"@id\":\"https:\/\/www.vkpbratislava.sk\/#organization\",\"name\":\"VKP Bratislava\",\"url\":\"https:\/\/www.vkpbratislava.sk\/\",\"logo\":{\"@type\":\"ImageObject\",\"inLanguage\":\"sk-SK\",\"@id\":\"https:\/\/www.vkpbratislava.sk\/#\/schema\/logo\/image\/\",\"url\":\"https:\/\/www.vkpbratislava.sk\/wp-content\/uploads\/2020\/10\/vkpBA.png\",\"contentUrl\":\"https:\/\/www.vkpbratislava.sk\/wp-content\/uploads\/2020\/10\/vkpBA.png\",\"width\":600,\"height\":600,\"caption\":\"VKP Bratislava\"},\"image\":{\"@id\":\"https:\/\/www.vkpbratislava.sk\/#\/schema\/logo\/image\/\"}},{\"@type\":\"Person\",\"@id\":\"https:\/\/www.vkpbratislava.sk\/#\/schema\/person\/4653c3d3a185b8be421eb2cb8c0bf096\",\"name\":\"admin\",\"image\":{\"@type\":\"ImageObject\",\"inLanguage\":\"sk-SK\",\"@id\":\"https:\/\/www.vkpbratislava.sk\/#\/schema\/person\/image\/\",\"url\":\"https:\/\/secure.gravatar.com\/avatar\/460ab32e08792585c1145ad0120d6886f1da51ebbb00f23cf8aba32ff6e74c49?s=96&d=mm&r=g\",\"contentUrl\":\"https:\/\/secure.gravatar.com\/avatar\/460ab32e08792585c1145ad0120d6886f1da51ebbb00f23cf8aba32ff6e74c49?s=96&d=mm&r=g\",\"caption\":\"admin\"},\"sameAs\":[\"https:\/\/www.vkpbratislava.sk\"],\"url\":\"https:\/\/www.vkpbratislava.sk\/?author=1\"}]}<\/script>\n<!-- \/ Yoast SEO plugin. -->","yoast_head_json":{"title":"M\u00e1me na dosah Poh\u00e1r Bohumila Goliana - VK SLOVAN Bratislava","description":"Fin\u00e1lov\u00fa s\u00e9riu s Pre\u0161ovom rozohrali volejbalisti VKP Bratislava na jednotku. Na v\u00fdchode Slovenska zv\u00ed\u0165azili aj v druhom stretnut\u00ed po\u010das v\u00edkendu a do dom\u00e1cich odviet p\u00f4jdu s n\u00e1skokom 2:0 v s\u00e9rii.","robots":{"index":"index","follow":"follow","max-snippet":"max-snippet:-1","max-image-preview":"max-image-preview:large","max-video-preview":"max-video-preview:-1"},"canonical":"https:\/\/www.vkpbratislava.sk\/?p=23213","og_locale":"sk_SK","og_type":"article","og_title":"M\u00e1me na dosah Poh\u00e1r Bohumila Goliana - VK SLOVAN Bratislava","og_description":"Fin\u00e1lov\u00fa s\u00e9riu s Pre\u0161ovom rozohrali volejbalisti VKP Bratislava na jednotku. Na v\u00fdchode Slovenska zv\u00ed\u0165azili aj v druhom stretnut\u00ed po\u010das v\u00edkendu a do dom\u00e1cich odviet p\u00f4jdu s n\u00e1skokom 2:0 v s\u00e9rii.","og_url":"https:\/\/www.vkpbratislava.sk\/?p=23213","og_site_name":"VK SLOVAN Bratislava","article_published_time":"2023-04-23T11:15:23+00:00","article_modified_time":"2023-04-23T11:26:19+00:00","og_image":[{"width":2048,"height":1365,"url":"https:\/\/www.vkpbratislava.sk\/wp-content\/uploads\/2023\/04\/7B4A6935.jpg","type":"image\/jpeg"}],"author":"admin","twitter_card":"summary_large_image","twitter_misc":{"Autor":"admin","Predpokladan\u00fd \u010das \u010d\u00edtania":"2 min\u00faty"},"schema":{"@context":"https:\/\/schema.org","@graph":[{"@type":"Article","@id":"https:\/\/www.vkpbratislava.sk\/?p=23213#article","isPartOf":{"@id":"https:\/\/www.vkpbratislava.sk\/?p=23213"},"author":{"name":"admin","@id":"https:\/\/www.vkpbratislava.sk\/#\/schema\/person\/4653c3d3a185b8be421eb2cb8c0bf096"},"headline":"M\u00e1me na dosah Poh\u00e1r Bohumila Goliana","datePublished":"2023-04-23T11:15:23+00:00","dateModified":"2023-04-23T11:26:19+00:00","mainEntityOfPage":{"@id":"https:\/\/www.vkpbratislava.sk\/?p=23213"},"wordCount":420,"publisher":{"@id":"https:\/\/www.vkpbratislava.sk\/#organization"},"image":{"@id":"https:\/\/www.vkpbratislava.sk\/?p=23213#primaryimage"},"thumbnailUrl":"https:\/\/www.vkpbratislava.sk\/wp-content\/uploads\/2023\/04\/7B4A6935.jpg","articleSection":["Mu\u017ei"],"inLanguage":"sk-SK"},{"@type":"WebPage","@id":"https:\/\/www.vkpbratislava.sk\/?p=23213","url":"https:\/\/www.vkpbratislava.sk\/?p=23213","name":"M\u00e1me na dosah Poh\u00e1r Bohumila Goliana - VK SLOVAN Bratislava","isPartOf":{"@id":"https:\/\/www.vkpbratislava.sk\/#website"},"primaryImageOfPage":{"@id":"https:\/\/www.vkpbratislava.sk\/?p=23213#primaryimage"},"image":{"@id":"https:\/\/www.vkpbratislava.sk\/?p=23213#primaryimage"},"thumbnailUrl":"https:\/\/www.vkpbratislava.sk\/wp-content\/uploads\/2023\/04\/7B4A6935.jpg","datePublished":"2023-04-23T11:15:23+00:00","dateModified":"2023-04-23T11:26:19+00:00","description":"Fin\u00e1lov\u00fa s\u00e9riu s Pre\u0161ovom rozohrali volejbalisti VKP Bratislava na jednotku. Na v\u00fdchode Slovenska zv\u00ed\u0165azili aj v druhom stretnut\u00ed po\u010das v\u00edkendu a do dom\u00e1cich odviet p\u00f4jdu s n\u00e1skokom 2:0 v s\u00e9rii.","breadcrumb":{"@id":"https:\/\/www.vkpbratislava.sk\/?p=23213#breadcrumb"},"inLanguage":"sk-SK","potentialAction":[{"@type":"ReadAction","target":["https:\/\/www.vkpbratislava.sk\/?p=23213"]}]},{"@type":"ImageObject","inLanguage":"sk-SK","@id":"https:\/\/www.vkpbratislava.sk\/?p=23213#primaryimage","url":"https:\/\/www.vkpbratislava.sk\/wp-content\/uploads\/2023\/04\/7B4A6935.jpg","contentUrl":"https:\/\/www.vkpbratislava.sk\/wp-content\/uploads\/2023\/04\/7B4A6935.jpg","width":2048,"height":1365},{"@type":"BreadcrumbList","@id":"https:\/\/www.vkpbratislava.sk\/?p=23213#breadcrumb","itemListElement":[{"@type":"ListItem","position":1,"name":"Domov","item":"https:\/\/www.vkpbratislava.sk\/"},{"@type":"ListItem","position":2,"name":"M\u00e1me na dosah Poh\u00e1r Bohumila Goliana"}]},{"@type":"WebSite","@id":"https:\/\/www.vkpbratislava.sk\/#website","url":"https:\/\/www.vkpbratislava.sk\/","name":"VK SLOVAN Bratislava","description":"Volejbalov\u00fd klub","publisher":{"@id":"https:\/\/www.vkpbratislava.sk\/#organization"},"potentialAction":[{"@type":"SearchAction","target":{"@type":"EntryPoint","urlTemplate":"https:\/\/www.vkpbratislava.sk\/?s={search_term_string}"},"query-input":{"@type":"PropertyValueSpecification","valueRequired":true,"valueName":"search_term_string"}}],"inLanguage":"sk-SK"},{"@type":"Organization","@id":"https:\/\/www.vkpbratislava.sk\/#organization","name":"VKP Bratislava","url":"https:\/\/www.vkpbratislava.sk\/","logo":{"@type":"ImageObject","inLanguage":"sk-SK","@id":"https:\/\/www.vkpbratislava.sk\/#\/schema\/logo\/image\/","url":"https:\/\/www.vkpbratislava.sk\/wp-content\/uploads\/2020\/10\/vkpBA.png","contentUrl":"https:\/\/www.vkpbratislava.sk\/wp-content\/uploads\/2020\/10\/vkpBA.png","width":600,"height":600,"caption":"VKP Bratislava"},"image":{"@id":"https:\/\/www.vkpbratislava.sk\/#\/schema\/logo\/image\/"}},{"@type":"Person","@id":"https:\/\/www.vkpbratislava.sk\/#\/schema\/person\/4653c3d3a185b8be421eb2cb8c0bf096","name":"admin","image":{"@type":"ImageObject","inLanguage":"sk-SK","@id":"https:\/\/www.vkpbratislava.sk\/#\/schema\/person\/image\/","url":"https:\/\/secure.gravatar.com\/avatar\/460ab32e08792585c1145ad0120d6886f1da51ebbb00f23cf8aba32ff6e74c49?s=96&d=mm&r=g","contentUrl":"https:\/\/secure.gravatar.com\/avatar\/460ab32e08792585c1145ad0120d6886f1da51ebbb00f23cf8aba32ff6e74c49?s=96&d=mm&r=g","caption":"admin"},"sameAs":["https:\/\/www.vkpbratislava.sk"],"url":"https:\/\/www.vkpbratislava.sk\/?author=1"}]}},"_links":{"self":[{"href":"https:\/\/www.vkpbratislava.sk\/index.php?rest_route=\/wp\/v2\/posts\/23213","targetHints":{"allow":["GET"]}}],"collection":[{"href":"https:\/\/www.vkpbratislava.sk\/index.php?rest_route=\/wp\/v2\/posts"}],"about":[{"href":"https:\/\/www.vkpbratislava.sk\/index.php?rest_route=\/wp\/v2\/types\/post"}],"author":[{"embeddable":true,"href":"https:\/\/www.vkpbratislava.sk\/index.php?rest_route=\/wp\/v2\/users\/1"}],"replies":[{"embeddable":true,"href":"https:\/\/www.vkpbratislava.sk\/index.php?rest_route=%2Fwp%2Fv2%2Fcomments&post=23213"}],"version-history":[{"count":1,"href":"https:\/\/www.vkpbratislava.sk\/index.php?rest_route=\/wp\/v2\/posts\/23213\/revisions"}],"predecessor-version":[{"id":23214,"href":"https:\/\/www.vkpbratislava.sk\/index.php?rest_route=\/wp\/v2\/posts\/23213\/revisions\/23214"}],"wp:featuredmedia":[{"embeddable":true,"href":"https:\/\/www.vkpbratislava.sk\/index.php?rest_route=\/wp\/v2\/media\/23105"}],"wp:attachment":[{"href":"https:\/\/www.vkpbratislava.sk\/index.php?rest_route=%2Fwp%2Fv2%2Fmedia&parent=23213"}],"wp:term":[{"taxonomy":"category","embeddable":true,"href":"https:\/\/www.vkpbratislava.sk\/index.php?rest_route=%2Fwp%2Fv2%2Fcategories&post=23213"},{"taxonomy":"post_tag","embeddable":true,"href":"https:\/\/www.vkpbratislava.sk\/index.php?rest_route=%2Fwp%2Fv2%2Ftags&post=23213"}],"curies":[{"name":"wp","href":"https:\/\/api.w.org\/{rel}","templated":true}]}}