{"id":23218,"date":"2023-04-24T23:04:41","date_gmt":"2023-04-24T21:04:41","guid":{"rendered":"https:\/\/www.vkpbratislava.sk\/?p=23218"},"modified":"2023-04-24T23:04:41","modified_gmt":"2023-04-24T21:04:41","slug":"sme-majstri-muzi-vkp-s-dvanastym-titulom","status":"publish","type":"post","link":"https:\/\/www.vkpbratislava.sk\/?p=23218","title":{"rendered":"Sme majstri! Mu\u017ei VKP s dvan\u00e1stym titulom"},"content":{"rendered":"<p><strong>Mu\u017ei VKP Bratislava po dvan\u00e1stich rokoch z\u00edskali svoj dvan\u00e1sty titul majstra Slovenska.<\/strong><\/p>\n<p><b>VKP BRATISLAVA &#8211; VK MIRAD UNIPO PRE\u0160OV\u00a0 3:2 (-23, 21, -21, 17, 12) \u2013 KONE\u010cN\u00dd STAV S\u00c9RIE 4:0 NA Z\u00c1PASY<\/b><\/p>\n<p><b>Rozhodovali: <\/b>Sarka a Schimpl, 700 div\u00e1kov.<\/p>\n<p><b>VKP: <\/b>Kub\u0161 6, Marjov 7, Jaloveck\u00fd 0, Truba\u010d 3, Billich 10, Van\u010do 41, libero \u013d. Nemec (Jur\u00edk 0, \u010cerven\u00e1k 11, Za\u0165ko 1). Tr\u00e9ner: R. P\u011blucha.<\/p>\n<p><b>VK MIRAD UNIPO:<\/b> Go\u010d 7, M. Hud\u00e1k 2, Jendrej\u010d\u00e1k 7, Gul\u00e1k 24, \u0160\u010derba 17, Baslar 5, liber\u00e1 Turis a\u00a0Falat (Smolej 9, Mikov\u010d\u00edk 5, Anderko 0).<b> <\/b>Tr\u00e9ner: E. Diga\u0148a.<\/p>\n<p><b>Hr\u00e1\u010di z\u00e1pasu: <\/b>Adri\u00e1n Van\u010do (VKP Bratislava) \u2013 Michal \u0160\u010derba (VK MIRAD UNIPO Pre\u0161ov)<\/p>\n<p><b>Robin P\u011blucha, tr\u00e9ner VKP: <\/b><i>\u201eTret\u00ed aj \u0161tvrt\u00fd duel boli ve\u013emi n\u00e1ro\u010dn\u00e9, ke\u010f\u017ee takmer v\u00a0ka\u017edom sete sa hrala vyrovnan\u00e1 koncovka. Vyhrali sme s\u00edce 4:0 na z\u00e1pasy, ale bolo to ve\u013emi n\u00e1ro\u010dn\u00e9. Z\u00e1klad \u00faspechu sme urobili v\u00a0Pre\u0161ove, kde sme oba z\u00e1pasy vyhrali a\u00a0doma sme to u\u017e ubojovali. Ve\u013emi ma te\u0161\u00ed, \u017ee som op\u00e4\u0165 z\u00edskal majstrovsk\u00fd titul s\u00a0VKP a\u00a0mysl\u00edm si, \u017ee je v\u00a0spr\u00e1vnych ruk\u00e1ch.\u201c<\/i><\/p>\n<p><b>Erik Diga\u0148a, tr\u00e9ner VK MIRAD UNIPO: <\/b><i>\u201eV prvom rade blaho\u017eel\u00e1m Bratislave k\u00a0v\u00ed\u0165azstvu. Herne aj v\u00fdsledkovo boli lep\u0161\u00ed. My sa mus\u00edme z\u00a0tohto pou\u010di\u0165 a\u00a0pripravi\u0165 sa na \u010fal\u0161iu sez\u00f3nu e\u0161te lep\u0161ie. O\u00a0zlato sa pok\u00fasime o\u00a0rok a\u00a0ver\u00edm, \u017ee neskon\u010d\u00edme so striebrom, ale ligu aj vyhr\u00e1me.\u201c<\/i><\/p>\n<p><b>Mat\u00fa\u0161 Jaloveck\u00fd, kapit\u00e1n VKP: <\/b><i>\u201eV\u00fdsledok s\u00e9rie vyzer\u00e1 hladko a\u00a0jasne v\u00a0n\u00e1\u0161 prospech, ale v\u00f4bec to tak nebolo. Pre\u0161ov je ve\u013emi kvalitn\u00fd s\u00faper a\u00a0my sme s\u00a0nimi mali po\u010das sez\u00f3ny probl\u00e9my. V semifin\u00e1le Slovensk\u00e9ho poh\u00e1ra sme s\u00a0nimi prehrali, ale v\u00a0play-off sme si verili. Hrali sme so srdcom a\u00a0d\u00f4razne. Paradoxne, viac sme sa natr\u00e1pili doma, ale sme \u0161\u0165astn\u00ed, \u017ee sme titul z\u00edskali. Ja si ho u\u017eijem viac, ako minul\u00fd rok s\u00a0Kom\u00e1rnom, lebo som bol na ihrisku ove\u013ea viac, ako pred rokom.\u201c<\/i><\/p>\n<p><b>Adri\u00e1n Van\u010do, najlep\u0161\u00ed hr\u00e1\u010d z\u00e1pasu VKP: <\/b><i>\u201eSez\u00f3na sa za\u010dala celkom dobre, lebo sme sa sformovali ako v\u00fdborn\u00fd kolekt\u00edv. Po\u010das ro\u010dn\u00edka sme mali viacer\u00e9 probl\u00e9my. Aj ja som mal zranenie, ale na\u0161tartovali sme sa. Je \u00faplne jedno, \u010do sa deje po\u010das ro\u010dn\u00edka, d\u00f4le\u017eit\u00e9 je to, \u010do sa stane v\u00a0play-off. Mali sme natr\u00e9novan\u00e9. Svoje ve\u013ek\u00e9 srdce sme uk\u00e1zali proti Svidn\u00edku, pokra\u010dovali sme proti Myjave a\u00a0potvrdili to vo fin\u00e1le proti Pre\u0161ovu. Bolo to \u0165a\u017ek\u00e9, ale titul chut\u00ed o\u00a0to viac. Pre m\u0148a to je prv\u00fd titul a\u00a0ver\u00edm, \u017ee nie posledn\u00fd.\u201c<\/i><\/p>\n","protected":false},"excerpt":{"rendered":"<p>Mu\u017ei VKP Bratislava po dvan\u00e1stich rokoch z\u00edskali svoj dvan\u00e1sty titul majstra Slovenska. Foto: VKP\/Michal \u0160p\u00e1nik<\/p>\n","protected":false},"author":3,"featured_media":23278,"comment_status":"closed","ping_status":"closed","sticky":false,"template":"","format":"standard","meta":{"_monsterinsights_skip_tracking":false,"_monsterinsights_sitenote_active":false,"_monsterinsights_sitenote_note":"","_monsterinsights_sitenote_category":0,"footnotes":""},"categories":[47],"tags":[],"class_list":["post-23218","post","type-post","status-publish","format-standard","has-post-thumbnail","hentry","category-muzi"],"yoast_head":"<!-- This site is optimized with the Yoast SEO plugin v25.6 - https:\/\/yoast.com\/wordpress\/plugins\/seo\/ -->\n<title>Sme majstri! Mu\u017ei VKP s dvan\u00e1stym titulom - VK SLOVAN Bratislava<\/title>\n<meta name=\"description\" content=\"Mu\u017ei VKP Bratislava po dvan\u00e1stich rokoch z\u00edskali svoj dvan\u00e1sty titul majstra Slovenska.\" \/>\n<meta name=\"robots\" content=\"index, follow, max-snippet:-1, max-image-preview:large, max-video-preview:-1\" \/>\n<link rel=\"canonical\" href=\"https:\/\/www.vkpbratislava.sk\/?p=23218\" \/>\n<meta property=\"og:locale\" content=\"sk_SK\" \/>\n<meta property=\"og:type\" content=\"article\" \/>\n<meta property=\"og:title\" content=\"Sme majstri! Mu\u017ei VKP s dvan\u00e1stym titulom - VK SLOVAN Bratislava\" \/>\n<meta property=\"og:description\" content=\"Mu\u017ei VKP Bratislava po dvan\u00e1stich rokoch z\u00edskali svoj dvan\u00e1sty titul majstra Slovenska.\" \/>\n<meta property=\"og:url\" content=\"https:\/\/www.vkpbratislava.sk\/?p=23218\" \/>\n<meta property=\"og:site_name\" content=\"VK SLOVAN Bratislava\" \/>\n<meta property=\"article:published_time\" content=\"2023-04-24T21:04:41+00:00\" \/>\n<meta property=\"og:image\" content=\"https:\/\/www.vkpbratislava.sk\/wp-content\/uploads\/2023\/04\/7B4A1263-1280x853.jpg\" \/>\n\t<meta property=\"og:image:width\" content=\"1280\" \/>\n\t<meta property=\"og:image:height\" content=\"853\" \/>\n\t<meta property=\"og:image:type\" content=\"image\/jpeg\" \/>\n<meta name=\"author\" content=\"jenca\" \/>\n<meta name=\"twitter:card\" content=\"summary_large_image\" \/>\n<meta name=\"twitter:label1\" content=\"Autor\" \/>\n\t<meta name=\"twitter:data1\" content=\"jenca\" \/>\n\t<meta name=\"twitter:label2\" content=\"Predpokladan\u00fd \u010das \u010d\u00edtania\" \/>\n\t<meta name=\"twitter:data2\" content=\"3 min\u00faty\" \/>\n<script type=\"application\/ld+json\" class=\"yoast-schema-graph\">{\"@context\":\"https:\/\/schema.org\",\"@graph\":[{\"@type\":\"Article\",\"@id\":\"https:\/\/www.vkpbratislava.sk\/?p=23218#article\",\"isPartOf\":{\"@id\":\"https:\/\/www.vkpbratislava.sk\/?p=23218\"},\"author\":{\"name\":\"jenca\",\"@id\":\"https:\/\/www.vkpbratislava.sk\/#\/schema\/person\/7037e769f9515aa58493d1b5852c4c50\"},\"headline\":\"Sme majstri! Mu\u017ei VKP s dvan\u00e1stym titulom\",\"datePublished\":\"2023-04-24T21:04:41+00:00\",\"mainEntityOfPage\":{\"@id\":\"https:\/\/www.vkpbratislava.sk\/?p=23218\"},\"wordCount\":484,\"publisher\":{\"@id\":\"https:\/\/www.vkpbratislava.sk\/#organization\"},\"image\":{\"@id\":\"https:\/\/www.vkpbratislava.sk\/?p=23218#primaryimage\"},\"thumbnailUrl\":\"https:\/\/www.vkpbratislava.sk\/wp-content\/uploads\/2023\/04\/7B4A1263.jpg\",\"articleSection\":[\"Mu\u017ei\"],\"inLanguage\":\"sk-SK\"},{\"@type\":\"WebPage\",\"@id\":\"https:\/\/www.vkpbratislava.sk\/?p=23218\",\"url\":\"https:\/\/www.vkpbratislava.sk\/?p=23218\",\"name\":\"Sme majstri! Mu\u017ei VKP s dvan\u00e1stym titulom - VK SLOVAN Bratislava\",\"isPartOf\":{\"@id\":\"https:\/\/www.vkpbratislava.sk\/#website\"},\"primaryImageOfPage\":{\"@id\":\"https:\/\/www.vkpbratislava.sk\/?p=23218#primaryimage\"},\"image\":{\"@id\":\"https:\/\/www.vkpbratislava.sk\/?p=23218#primaryimage\"},\"thumbnailUrl\":\"https:\/\/www.vkpbratislava.sk\/wp-content\/uploads\/2023\/04\/7B4A1263.jpg\",\"datePublished\":\"2023-04-24T21:04:41+00:00\",\"description\":\"Mu\u017ei VKP Bratislava po dvan\u00e1stich rokoch z\u00edskali svoj dvan\u00e1sty titul majstra Slovenska.\",\"breadcrumb\":{\"@id\":\"https:\/\/www.vkpbratislava.sk\/?p=23218#breadcrumb\"},\"inLanguage\":\"sk-SK\",\"potentialAction\":[{\"@type\":\"ReadAction\",\"target\":[\"https:\/\/www.vkpbratislava.sk\/?p=23218\"]}]},{\"@type\":\"ImageObject\",\"inLanguage\":\"sk-SK\",\"@id\":\"https:\/\/www.vkpbratislava.sk\/?p=23218#primaryimage\",\"url\":\"https:\/\/www.vkpbratislava.sk\/wp-content\/uploads\/2023\/04\/7B4A1263.jpg\",\"contentUrl\":\"https:\/\/www.vkpbratislava.sk\/wp-content\/uploads\/2023\/04\/7B4A1263.jpg\",\"width\":2048,\"height\":1365},{\"@type\":\"BreadcrumbList\",\"@id\":\"https:\/\/www.vkpbratislava.sk\/?p=23218#breadcrumb\",\"itemListElement\":[{\"@type\":\"ListItem\",\"position\":1,\"name\":\"Domov\",\"item\":\"https:\/\/www.vkpbratislava.sk\/\"},{\"@type\":\"ListItem\",\"position\":2,\"name\":\"Sme majstri! Mu\u017ei VKP s dvan\u00e1stym titulom\"}]},{\"@type\":\"WebSite\",\"@id\":\"https:\/\/www.vkpbratislava.sk\/#website\",\"url\":\"https:\/\/www.vkpbratislava.sk\/\",\"name\":\"VK SLOVAN Bratislava\",\"description\":\"Volejbalov\u00fd klub\",\"publisher\":{\"@id\":\"https:\/\/www.vkpbratislava.sk\/#organization\"},\"potentialAction\":[{\"@type\":\"SearchAction\",\"target\":{\"@type\":\"EntryPoint\",\"urlTemplate\":\"https:\/\/www.vkpbratislava.sk\/?s={search_term_string}\"},\"query-input\":{\"@type\":\"PropertyValueSpecification\",\"valueRequired\":true,\"valueName\":\"search_term_string\"}}],\"inLanguage\":\"sk-SK\"},{\"@type\":\"Organization\",\"@id\":\"https:\/\/www.vkpbratislava.sk\/#organization\",\"name\":\"VKP Bratislava\",\"url\":\"https:\/\/www.vkpbratislava.sk\/\",\"logo\":{\"@type\":\"ImageObject\",\"inLanguage\":\"sk-SK\",\"@id\":\"https:\/\/www.vkpbratislava.sk\/#\/schema\/logo\/image\/\",\"url\":\"https:\/\/www.vkpbratislava.sk\/wp-content\/uploads\/2020\/10\/vkpBA.png\",\"contentUrl\":\"https:\/\/www.vkpbratislava.sk\/wp-content\/uploads\/2020\/10\/vkpBA.png\",\"width\":600,\"height\":600,\"caption\":\"VKP Bratislava\"},\"image\":{\"@id\":\"https:\/\/www.vkpbratislava.sk\/#\/schema\/logo\/image\/\"}},{\"@type\":\"Person\",\"@id\":\"https:\/\/www.vkpbratislava.sk\/#\/schema\/person\/7037e769f9515aa58493d1b5852c4c50\",\"name\":\"jenca\",\"image\":{\"@type\":\"ImageObject\",\"inLanguage\":\"sk-SK\",\"@id\":\"https:\/\/www.vkpbratislava.sk\/#\/schema\/person\/image\/\",\"url\":\"https:\/\/secure.gravatar.com\/avatar\/67aa89e9aab2911bbd0c6fbf0a891ea8d80c207c9b6a6e2c96e13fc2f16e536d?s=96&d=mm&r=g\",\"contentUrl\":\"https:\/\/secure.gravatar.com\/avatar\/67aa89e9aab2911bbd0c6fbf0a891ea8d80c207c9b6a6e2c96e13fc2f16e536d?s=96&d=mm&r=g\",\"caption\":\"jenca\"},\"url\":\"https:\/\/www.vkpbratislava.sk\/?author=3\"}]}<\/script>\n<!-- \/ Yoast SEO plugin. -->","yoast_head_json":{"title":"Sme majstri! Mu\u017ei VKP s dvan\u00e1stym titulom - VK SLOVAN Bratislava","description":"Mu\u017ei VKP Bratislava po dvan\u00e1stich rokoch z\u00edskali svoj dvan\u00e1sty titul majstra Slovenska.","robots":{"index":"index","follow":"follow","max-snippet":"max-snippet:-1","max-image-preview":"max-image-preview:large","max-video-preview":"max-video-preview:-1"},"canonical":"https:\/\/www.vkpbratislava.sk\/?p=23218","og_locale":"sk_SK","og_type":"article","og_title":"Sme majstri! Mu\u017ei VKP s dvan\u00e1stym titulom - VK SLOVAN Bratislava","og_description":"Mu\u017ei VKP Bratislava po dvan\u00e1stich rokoch z\u00edskali svoj dvan\u00e1sty titul majstra Slovenska.","og_url":"https:\/\/www.vkpbratislava.sk\/?p=23218","og_site_name":"VK SLOVAN Bratislava","article_published_time":"2023-04-24T21:04:41+00:00","og_image":[{"width":1280,"height":853,"url":"https:\/\/www.vkpbratislava.sk\/wp-content\/uploads\/2023\/04\/7B4A1263-1280x853.jpg","type":"image\/jpeg"}],"author":"jenca","twitter_card":"summary_large_image","twitter_misc":{"Autor":"jenca","Predpokladan\u00fd \u010das \u010d\u00edtania":"3 min\u00faty"},"schema":{"@context":"https:\/\/schema.org","@graph":[{"@type":"Article","@id":"https:\/\/www.vkpbratislava.sk\/?p=23218#article","isPartOf":{"@id":"https:\/\/www.vkpbratislava.sk\/?p=23218"},"author":{"name":"jenca","@id":"https:\/\/www.vkpbratislava.sk\/#\/schema\/person\/7037e769f9515aa58493d1b5852c4c50"},"headline":"Sme majstri! Mu\u017ei VKP s dvan\u00e1stym titulom","datePublished":"2023-04-24T21:04:41+00:00","mainEntityOfPage":{"@id":"https:\/\/www.vkpbratislava.sk\/?p=23218"},"wordCount":484,"publisher":{"@id":"https:\/\/www.vkpbratislava.sk\/#organization"},"image":{"@id":"https:\/\/www.vkpbratislava.sk\/?p=23218#primaryimage"},"thumbnailUrl":"https:\/\/www.vkpbratislava.sk\/wp-content\/uploads\/2023\/04\/7B4A1263.jpg","articleSection":["Mu\u017ei"],"inLanguage":"sk-SK"},{"@type":"WebPage","@id":"https:\/\/www.vkpbratislava.sk\/?p=23218","url":"https:\/\/www.vkpbratislava.sk\/?p=23218","name":"Sme majstri! Mu\u017ei VKP s dvan\u00e1stym titulom - VK SLOVAN Bratislava","isPartOf":{"@id":"https:\/\/www.vkpbratislava.sk\/#website"},"primaryImageOfPage":{"@id":"https:\/\/www.vkpbratislava.sk\/?p=23218#primaryimage"},"image":{"@id":"https:\/\/www.vkpbratislava.sk\/?p=23218#primaryimage"},"thumbnailUrl":"https:\/\/www.vkpbratislava.sk\/wp-content\/uploads\/2023\/04\/7B4A1263.jpg","datePublished":"2023-04-24T21:04:41+00:00","description":"Mu\u017ei VKP Bratislava po dvan\u00e1stich rokoch z\u00edskali svoj dvan\u00e1sty titul majstra Slovenska.","breadcrumb":{"@id":"https:\/\/www.vkpbratislava.sk\/?p=23218#breadcrumb"},"inLanguage":"sk-SK","potentialAction":[{"@type":"ReadAction","target":["https:\/\/www.vkpbratislava.sk\/?p=23218"]}]},{"@type":"ImageObject","inLanguage":"sk-SK","@id":"https:\/\/www.vkpbratislava.sk\/?p=23218#primaryimage","url":"https:\/\/www.vkpbratislava.sk\/wp-content\/uploads\/2023\/04\/7B4A1263.jpg","contentUrl":"https:\/\/www.vkpbratislava.sk\/wp-content\/uploads\/2023\/04\/7B4A1263.jpg","width":2048,"height":1365},{"@type":"BreadcrumbList","@id":"https:\/\/www.vkpbratislava.sk\/?p=23218#breadcrumb","itemListElement":[{"@type":"ListItem","position":1,"name":"Domov","item":"https:\/\/www.vkpbratislava.sk\/"},{"@type":"ListItem","position":2,"name":"Sme majstri! Mu\u017ei VKP s dvan\u00e1stym titulom"}]},{"@type":"WebSite","@id":"https:\/\/www.vkpbratislava.sk\/#website","url":"https:\/\/www.vkpbratislava.sk\/","name":"VK SLOVAN Bratislava","description":"Volejbalov\u00fd klub","publisher":{"@id":"https:\/\/www.vkpbratislava.sk\/#organization"},"potentialAction":[{"@type":"SearchAction","target":{"@type":"EntryPoint","urlTemplate":"https:\/\/www.vkpbratislava.sk\/?s={search_term_string}"},"query-input":{"@type":"PropertyValueSpecification","valueRequired":true,"valueName":"search_term_string"}}],"inLanguage":"sk-SK"},{"@type":"Organization","@id":"https:\/\/www.vkpbratislava.sk\/#organization","name":"VKP Bratislava","url":"https:\/\/www.vkpbratislava.sk\/","logo":{"@type":"ImageObject","inLanguage":"sk-SK","@id":"https:\/\/www.vkpbratislava.sk\/#\/schema\/logo\/image\/","url":"https:\/\/www.vkpbratislava.sk\/wp-content\/uploads\/2020\/10\/vkpBA.png","contentUrl":"https:\/\/www.vkpbratislava.sk\/wp-content\/uploads\/2020\/10\/vkpBA.png","width":600,"height":600,"caption":"VKP Bratislava"},"image":{"@id":"https:\/\/www.vkpbratislava.sk\/#\/schema\/logo\/image\/"}},{"@type":"Person","@id":"https:\/\/www.vkpbratislava.sk\/#\/schema\/person\/7037e769f9515aa58493d1b5852c4c50","name":"jenca","image":{"@type":"ImageObject","inLanguage":"sk-SK","@id":"https:\/\/www.vkpbratislava.sk\/#\/schema\/person\/image\/","url":"https:\/\/secure.gravatar.com\/avatar\/67aa89e9aab2911bbd0c6fbf0a891ea8d80c207c9b6a6e2c96e13fc2f16e536d?s=96&d=mm&r=g","contentUrl":"https:\/\/secure.gravatar.com\/avatar\/67aa89e9aab2911bbd0c6fbf0a891ea8d80c207c9b6a6e2c96e13fc2f16e536d?s=96&d=mm&r=g","caption":"jenca"},"url":"https:\/\/www.vkpbratislava.sk\/?author=3"}]}},"_links":{"self":[{"href":"https:\/\/www.vkpbratislava.sk\/index.php?rest_route=\/wp\/v2\/posts\/23218","targetHints":{"allow":["GET"]}}],"collection":[{"href":"https:\/\/www.vkpbratislava.sk\/index.php?rest_route=\/wp\/v2\/posts"}],"about":[{"href":"https:\/\/www.vkpbratislava.sk\/index.php?rest_route=\/wp\/v2\/types\/post"}],"author":[{"embeddable":true,"href":"https:\/\/www.vkpbratislava.sk\/index.php?rest_route=\/wp\/v2\/users\/3"}],"replies":[{"embeddable":true,"href":"https:\/\/www.vkpbratislava.sk\/index.php?rest_route=%2Fwp%2Fv2%2Fcomments&post=23218"}],"version-history":[{"count":1,"href":"https:\/\/www.vkpbratislava.sk\/index.php?rest_route=\/wp\/v2\/posts\/23218\/revisions"}],"predecessor-version":[{"id":23279,"href":"https:\/\/www.vkpbratislava.sk\/index.php?rest_route=\/wp\/v2\/posts\/23218\/revisions\/23279"}],"wp:featuredmedia":[{"embeddable":true,"href":"https:\/\/www.vkpbratislava.sk\/index.php?rest_route=\/wp\/v2\/media\/23278"}],"wp:attachment":[{"href":"https:\/\/www.vkpbratislava.sk\/index.php?rest_route=%2Fwp%2Fv2%2Fmedia&parent=23218"}],"wp:term":[{"taxonomy":"category","embeddable":true,"href":"https:\/\/www.vkpbratislava.sk\/index.php?rest_route=%2Fwp%2Fv2%2Fcategories&post=23218"},{"taxonomy":"post_tag","embeddable":true,"href":"https:\/\/www.vkpbratislava.sk\/index.php?rest_route=%2Fwp%2Fv2%2Ftags&post=23218"}],"curies":[{"name":"wp","href":"https:\/\/api.w.org\/{rel}","templated":true}]}}