{"id":23689,"date":"2023-04-27T18:08:14","date_gmt":"2023-04-27T16:08:14","guid":{"rendered":"https:\/\/www.vkpbratislava.sk\/?p=23689"},"modified":"2023-04-27T18:08:14","modified_gmt":"2023-04-27T16:08:14","slug":"zeny-vicemajsterkami-slovenska","status":"publish","type":"post","link":"https:\/\/www.vkpbratislava.sk\/?p=23689","title":{"rendered":"\u017deny vicemajsterkami Slovenska"},"content":{"rendered":"<p><strong>Po zisku Slovensk\u00e9ho poh\u00e1ra z\u00edskali \u017eeny VKP Bratislava strieborn\u00e9 medaily v Nik\u00e9 extralige, ke\u010f vo fin\u00e1lovej s\u00e9rii pod\u013eahli Sl\u00e1vii EU 0:3.<\/strong><\/p>\n<p><b>VK SL\u00c1VIA EU BRATISLAVA\u00a0 &#8211; VKP BRATISLAVA 3:0 (17, 16, 18) \u2013 KONE\u010cN\u00dd STAV S\u00c9RIE 3:0 NA Z\u00c1PASY<\/b><\/p>\n<p><b>Rozhodovali:\u00a0<\/b>Sarka a Jur\u00e1\u010dek, 400 div\u00e1kov.<\/p>\n<p><b>VK SL\u00c1VIA EU:\u00a0<\/b>S. Slivkov\u00e1 1, A. Fri\u010dov\u00e1 6, P\u00e1nekov\u00e1 8, Doluda 7, Ha\u0161kov\u00e1 13, F\u00f6ldesiov\u00e1 4, liberky Magdinov\u00e1 a\u00a0Podhradsk\u00e1 (Cibulov\u00e1 0, K\u00e1nov\u00e1 7, K. Slivkov\u00e1 2, Sil\u00e1diov\u00e1 5, Pavl\u00edkov\u00e1 0).<b>\u00a0<\/b>Tr\u00e9ner: M. Matu\u0161ov.<\/p>\n<p><b>VKP:<\/b>\u00a0Dreisigov\u00e1 6, Smie\u0161kov\u00e1 5, N\u00e1vratov\u00e1 7, Tamara Hru\u0161eck\u00e1 4, Spev\u00e1r 4, Koh\u00fatov\u00e1 1, liberka N. Tak\u00e1\u010dov\u00e1 (Boledovi\u010dov\u00e1 1, \u0160termensk\u00e1 4, Z. P\u00edse\u010dn\u00e1 0, Fartelov\u00e1 5, Paz\u00farikov\u00e1 0). Tr\u00e9ner: P. Bern\u00e1th.<\/p>\n<p><b>Hr\u00e1\u010dky z\u00e1pasu:\u00a0<\/b>Ema Magdinov\u00e1 (VK Sl\u00e1via EU Bratislava) \u2013 Ema \u0160termensk\u00e1 (VKP Bratislava)<\/p>\n<p><b>Michal Matu\u0161ov, tr\u00e9ner VK Sl\u00e1via EU:\u00a0<\/b><i>\u201eVedeli sme, \u017ee t\u00e1to s\u00e9ria bude n\u00e1ro\u010dn\u00e1. Mo\u017eno bola prv\u00e9 dva z\u00e1pasy extr\u00e9mne n\u00e1ro\u010dnej\u0161ia, ako v\u00a0tomto tre\u0165om z\u00e1pase. V\u00fdsledok vyzer\u00e1 hladko, ale po ment\u00e1lnej str\u00e1nke bol pr\u00e1ve tento duel naj\u0165a\u017e\u0161\u00edm. Posledn\u00fd krok b\u00fdva naj\u0165a\u017e\u0161\u00ed. To sa aj potvrdilo. Podr\u017eali n\u00e1s veci, na ktor\u00fdch sme pracovali cel\u00fa sez\u00f3nu. Boli sme variabiln\u00ed na podan\u00ed. Tam sme z\u00edskavali body v\u00a0\u0161n\u00farach. Podr\u017eal n\u00e1s servis. Napriek veciam, ktor\u00e9 pramenia zo sk\u00fasenost\u00ed a\u00a0pre\u017eitku niektor\u00fdch hr\u00e1\u010dok, tak sme boli lep\u0161\u00ed. Nech si to diev\u010dat\u00e1 u\u017eij\u00fa a\u00a0osl\u00e1via. Na\u0161ou najlep\u0161ou hr\u00e1\u010dkou z\u00e1pasu bola kapit\u00e1nka Ema Magdinov\u00e1, ktor\u00e1 si to zasl\u00fa\u017eila za svoje v\u00fdkony po\u010das celej s\u00e9rie. Je dos\u0165 mo\u017en\u00e9, \u017ee tento z\u00e1pas bol pre m\u0148a pre nasleduj\u00faci ro\u010dn\u00edk alebo dvojro\u010dn\u00edk nateraz posledn\u00fdm na slovensk\u00fdch palubovk\u00e1ch.\u201c<\/i><\/p>\n<p><b>Pavel Bern\u00e1th, tr\u00e9ner VKP:\u00a0<\/b><i>\u201ePravdepodobne sme sa cez t\u00fd\u017edenn\u00fa pauzu uk\u013eudnili a\u017e pr\u00edli\u0161. Sl\u00e1via nast\u00fapila do z\u00e1pasu dobre, predviedla to, \u010do my proti nej. Rozhodla moment\u00e1lna forma. Na fin\u00e1le sa jej hr\u00e1\u010dky pripravili ve\u013emi dobre a\u00a0mus\u00edme im blaho\u017eela\u0165. N\u00e1m nezost\u00e1va ni\u010d in\u00e9, len pokorne pracova\u0165 \u010falej a\u00a0v\u00a0bud\u00facej sez\u00f3ne sa sna\u017ei\u0165 n\u00e1\u0161 v\u00fdsledok e\u0161te vylep\u0161i\u0165.\u201c<\/i><\/p>\n","protected":false},"excerpt":{"rendered":"<p>Po zisku Slovensk\u00e9ho poh\u00e1ra z\u00edskali \u017eeny VKP Bratislava strieborn\u00e9 medaily v Nik\u00e9 extralige, ke\u010f vo fin\u00e1lovej s\u00e9rii pod\u013eahli Sl\u00e1vii EU 0:3.<\/p>\n","protected":false},"author":3,"featured_media":23558,"comment_status":"closed","ping_status":"closed","sticky":false,"template":"","format":"standard","meta":{"_monsterinsights_skip_tracking":false,"_monsterinsights_sitenote_active":false,"_monsterinsights_sitenote_note":"","_monsterinsights_sitenote_category":0,"footnotes":""},"categories":[48],"tags":[],"class_list":["post-23689","post","type-post","status-publish","format-standard","has-post-thumbnail","hentry","category-zeny"],"yoast_head":"<!-- This site is optimized with the Yoast SEO plugin v25.6 - https:\/\/yoast.com\/wordpress\/plugins\/seo\/ -->\n<title>\u017deny vicemajsterkami Slovenska - VK SLOVAN Bratislava<\/title>\n<meta name=\"description\" content=\"Po zisku Slovensk\u00e9ho poh\u00e1ra z\u00edskali \u017eeny VKP Bratislava strieborn\u00e9 medaily v Nik\u00e9 extralige, ke\u010f vo fin\u00e1lovej s\u00e9rii pod\u013eahli Sl\u00e1vii EU 0:3.\" \/>\n<meta name=\"robots\" content=\"index, follow, max-snippet:-1, max-image-preview:large, max-video-preview:-1\" \/>\n<link rel=\"canonical\" href=\"https:\/\/www.vkpbratislava.sk\/?p=23689\" \/>\n<meta property=\"og:locale\" content=\"sk_SK\" \/>\n<meta property=\"og:type\" content=\"article\" \/>\n<meta property=\"og:title\" content=\"\u017deny vicemajsterkami Slovenska - VK SLOVAN Bratislava\" \/>\n<meta property=\"og:description\" content=\"Po zisku Slovensk\u00e9ho poh\u00e1ra z\u00edskali \u017eeny VKP Bratislava strieborn\u00e9 medaily v Nik\u00e9 extralige, ke\u010f vo fin\u00e1lovej s\u00e9rii pod\u013eahli Sl\u00e1vii EU 0:3.\" \/>\n<meta property=\"og:url\" content=\"https:\/\/www.vkpbratislava.sk\/?p=23689\" \/>\n<meta property=\"og:site_name\" content=\"VK SLOVAN Bratislava\" \/>\n<meta property=\"article:published_time\" content=\"2023-04-27T16:08:14+00:00\" \/>\n<meta property=\"og:image\" content=\"https:\/\/www.vkpbratislava.sk\/wp-content\/uploads\/2023\/04\/20230426_VKP-BA-Z-vs-Slavia-BA-Z3_IUR00132-1280x854.jpg\" \/>\n\t<meta property=\"og:image:width\" content=\"1280\" \/>\n\t<meta property=\"og:image:height\" content=\"854\" \/>\n\t<meta property=\"og:image:type\" content=\"image\/jpeg\" \/>\n<meta name=\"author\" content=\"jenca\" \/>\n<meta name=\"twitter:card\" content=\"summary_large_image\" \/>\n<meta name=\"twitter:label1\" content=\"Autor\" \/>\n\t<meta name=\"twitter:data1\" content=\"jenca\" \/>\n\t<meta name=\"twitter:label2\" content=\"Predpokladan\u00fd \u010das \u010d\u00edtania\" \/>\n\t<meta name=\"twitter:data2\" content=\"2 min\u00faty\" \/>\n<script type=\"application\/ld+json\" class=\"yoast-schema-graph\">{\"@context\":\"https:\/\/schema.org\",\"@graph\":[{\"@type\":\"Article\",\"@id\":\"https:\/\/www.vkpbratislava.sk\/?p=23689#article\",\"isPartOf\":{\"@id\":\"https:\/\/www.vkpbratislava.sk\/?p=23689\"},\"author\":{\"name\":\"jenca\",\"@id\":\"https:\/\/www.vkpbratislava.sk\/#\/schema\/person\/7037e769f9515aa58493d1b5852c4c50\"},\"headline\":\"\u017deny vicemajsterkami Slovenska\",\"datePublished\":\"2023-04-27T16:08:14+00:00\",\"mainEntityOfPage\":{\"@id\":\"https:\/\/www.vkpbratislava.sk\/?p=23689\"},\"wordCount\":397,\"publisher\":{\"@id\":\"https:\/\/www.vkpbratislava.sk\/#organization\"},\"image\":{\"@id\":\"https:\/\/www.vkpbratislava.sk\/?p=23689#primaryimage\"},\"thumbnailUrl\":\"https:\/\/www.vkpbratislava.sk\/wp-content\/uploads\/2023\/04\/20230426_VKP-BA-Z-vs-Slavia-BA-Z3_IUR00132.jpg\",\"articleSection\":[\"\u017deny\"],\"inLanguage\":\"sk-SK\"},{\"@type\":\"WebPage\",\"@id\":\"https:\/\/www.vkpbratislava.sk\/?p=23689\",\"url\":\"https:\/\/www.vkpbratislava.sk\/?p=23689\",\"name\":\"\u017deny vicemajsterkami Slovenska - VK SLOVAN Bratislava\",\"isPartOf\":{\"@id\":\"https:\/\/www.vkpbratislava.sk\/#website\"},\"primaryImageOfPage\":{\"@id\":\"https:\/\/www.vkpbratislava.sk\/?p=23689#primaryimage\"},\"image\":{\"@id\":\"https:\/\/www.vkpbratislava.sk\/?p=23689#primaryimage\"},\"thumbnailUrl\":\"https:\/\/www.vkpbratislava.sk\/wp-content\/uploads\/2023\/04\/20230426_VKP-BA-Z-vs-Slavia-BA-Z3_IUR00132.jpg\",\"datePublished\":\"2023-04-27T16:08:14+00:00\",\"description\":\"Po zisku Slovensk\u00e9ho poh\u00e1ra z\u00edskali \u017eeny VKP Bratislava strieborn\u00e9 medaily v Nik\u00e9 extralige, ke\u010f vo fin\u00e1lovej s\u00e9rii pod\u013eahli Sl\u00e1vii EU 0:3.\",\"breadcrumb\":{\"@id\":\"https:\/\/www.vkpbratislava.sk\/?p=23689#breadcrumb\"},\"inLanguage\":\"sk-SK\",\"potentialAction\":[{\"@type\":\"ReadAction\",\"target\":[\"https:\/\/www.vkpbratislava.sk\/?p=23689\"]}]},{\"@type\":\"ImageObject\",\"inLanguage\":\"sk-SK\",\"@id\":\"https:\/\/www.vkpbratislava.sk\/?p=23689#primaryimage\",\"url\":\"https:\/\/www.vkpbratislava.sk\/wp-content\/uploads\/2023\/04\/20230426_VKP-BA-Z-vs-Slavia-BA-Z3_IUR00132.jpg\",\"contentUrl\":\"https:\/\/www.vkpbratislava.sk\/wp-content\/uploads\/2023\/04\/20230426_VKP-BA-Z-vs-Slavia-BA-Z3_IUR00132.jpg\",\"width\":2500,\"height\":1667},{\"@type\":\"BreadcrumbList\",\"@id\":\"https:\/\/www.vkpbratislava.sk\/?p=23689#breadcrumb\",\"itemListElement\":[{\"@type\":\"ListItem\",\"position\":1,\"name\":\"Domov\",\"item\":\"https:\/\/www.vkpbratislava.sk\/\"},{\"@type\":\"ListItem\",\"position\":2,\"name\":\"\u017deny vicemajsterkami Slovenska\"}]},{\"@type\":\"WebSite\",\"@id\":\"https:\/\/www.vkpbratislava.sk\/#website\",\"url\":\"https:\/\/www.vkpbratislava.sk\/\",\"name\":\"VK SLOVAN Bratislava\",\"description\":\"Volejbalov\u00fd klub\",\"publisher\":{\"@id\":\"https:\/\/www.vkpbratislava.sk\/#organization\"},\"potentialAction\":[{\"@type\":\"SearchAction\",\"target\":{\"@type\":\"EntryPoint\",\"urlTemplate\":\"https:\/\/www.vkpbratislava.sk\/?s={search_term_string}\"},\"query-input\":{\"@type\":\"PropertyValueSpecification\",\"valueRequired\":true,\"valueName\":\"search_term_string\"}}],\"inLanguage\":\"sk-SK\"},{\"@type\":\"Organization\",\"@id\":\"https:\/\/www.vkpbratislava.sk\/#organization\",\"name\":\"VKP Bratislava\",\"url\":\"https:\/\/www.vkpbratislava.sk\/\",\"logo\":{\"@type\":\"ImageObject\",\"inLanguage\":\"sk-SK\",\"@id\":\"https:\/\/www.vkpbratislava.sk\/#\/schema\/logo\/image\/\",\"url\":\"https:\/\/www.vkpbratislava.sk\/wp-content\/uploads\/2020\/10\/vkpBA.png\",\"contentUrl\":\"https:\/\/www.vkpbratislava.sk\/wp-content\/uploads\/2020\/10\/vkpBA.png\",\"width\":600,\"height\":600,\"caption\":\"VKP Bratislava\"},\"image\":{\"@id\":\"https:\/\/www.vkpbratislava.sk\/#\/schema\/logo\/image\/\"}},{\"@type\":\"Person\",\"@id\":\"https:\/\/www.vkpbratislava.sk\/#\/schema\/person\/7037e769f9515aa58493d1b5852c4c50\",\"name\":\"jenca\",\"image\":{\"@type\":\"ImageObject\",\"inLanguage\":\"sk-SK\",\"@id\":\"https:\/\/www.vkpbratislava.sk\/#\/schema\/person\/image\/\",\"url\":\"https:\/\/secure.gravatar.com\/avatar\/67aa89e9aab2911bbd0c6fbf0a891ea8d80c207c9b6a6e2c96e13fc2f16e536d?s=96&d=mm&r=g\",\"contentUrl\":\"https:\/\/secure.gravatar.com\/avatar\/67aa89e9aab2911bbd0c6fbf0a891ea8d80c207c9b6a6e2c96e13fc2f16e536d?s=96&d=mm&r=g\",\"caption\":\"jenca\"},\"url\":\"https:\/\/www.vkpbratislava.sk\/?author=3\"}]}<\/script>\n<!-- \/ Yoast SEO plugin. -->","yoast_head_json":{"title":"\u017deny vicemajsterkami Slovenska - VK SLOVAN Bratislava","description":"Po zisku Slovensk\u00e9ho poh\u00e1ra z\u00edskali \u017eeny VKP Bratislava strieborn\u00e9 medaily v Nik\u00e9 extralige, ke\u010f vo fin\u00e1lovej s\u00e9rii pod\u013eahli Sl\u00e1vii EU 0:3.","robots":{"index":"index","follow":"follow","max-snippet":"max-snippet:-1","max-image-preview":"max-image-preview:large","max-video-preview":"max-video-preview:-1"},"canonical":"https:\/\/www.vkpbratislava.sk\/?p=23689","og_locale":"sk_SK","og_type":"article","og_title":"\u017deny vicemajsterkami Slovenska - VK SLOVAN Bratislava","og_description":"Po zisku Slovensk\u00e9ho poh\u00e1ra z\u00edskali \u017eeny VKP Bratislava strieborn\u00e9 medaily v Nik\u00e9 extralige, ke\u010f vo fin\u00e1lovej s\u00e9rii pod\u013eahli Sl\u00e1vii EU 0:3.","og_url":"https:\/\/www.vkpbratislava.sk\/?p=23689","og_site_name":"VK SLOVAN Bratislava","article_published_time":"2023-04-27T16:08:14+00:00","og_image":[{"width":1280,"height":854,"url":"https:\/\/www.vkpbratislava.sk\/wp-content\/uploads\/2023\/04\/20230426_VKP-BA-Z-vs-Slavia-BA-Z3_IUR00132-1280x854.jpg","type":"image\/jpeg"}],"author":"jenca","twitter_card":"summary_large_image","twitter_misc":{"Autor":"jenca","Predpokladan\u00fd \u010das \u010d\u00edtania":"2 min\u00faty"},"schema":{"@context":"https:\/\/schema.org","@graph":[{"@type":"Article","@id":"https:\/\/www.vkpbratislava.sk\/?p=23689#article","isPartOf":{"@id":"https:\/\/www.vkpbratislava.sk\/?p=23689"},"author":{"name":"jenca","@id":"https:\/\/www.vkpbratislava.sk\/#\/schema\/person\/7037e769f9515aa58493d1b5852c4c50"},"headline":"\u017deny vicemajsterkami Slovenska","datePublished":"2023-04-27T16:08:14+00:00","mainEntityOfPage":{"@id":"https:\/\/www.vkpbratislava.sk\/?p=23689"},"wordCount":397,"publisher":{"@id":"https:\/\/www.vkpbratislava.sk\/#organization"},"image":{"@id":"https:\/\/www.vkpbratislava.sk\/?p=23689#primaryimage"},"thumbnailUrl":"https:\/\/www.vkpbratislava.sk\/wp-content\/uploads\/2023\/04\/20230426_VKP-BA-Z-vs-Slavia-BA-Z3_IUR00132.jpg","articleSection":["\u017deny"],"inLanguage":"sk-SK"},{"@type":"WebPage","@id":"https:\/\/www.vkpbratislava.sk\/?p=23689","url":"https:\/\/www.vkpbratislava.sk\/?p=23689","name":"\u017deny vicemajsterkami Slovenska - VK SLOVAN Bratislava","isPartOf":{"@id":"https:\/\/www.vkpbratislava.sk\/#website"},"primaryImageOfPage":{"@id":"https:\/\/www.vkpbratislava.sk\/?p=23689#primaryimage"},"image":{"@id":"https:\/\/www.vkpbratislava.sk\/?p=23689#primaryimage"},"thumbnailUrl":"https:\/\/www.vkpbratislava.sk\/wp-content\/uploads\/2023\/04\/20230426_VKP-BA-Z-vs-Slavia-BA-Z3_IUR00132.jpg","datePublished":"2023-04-27T16:08:14+00:00","description":"Po zisku Slovensk\u00e9ho poh\u00e1ra z\u00edskali \u017eeny VKP Bratislava strieborn\u00e9 medaily v Nik\u00e9 extralige, ke\u010f vo fin\u00e1lovej s\u00e9rii pod\u013eahli Sl\u00e1vii EU 0:3.","breadcrumb":{"@id":"https:\/\/www.vkpbratislava.sk\/?p=23689#breadcrumb"},"inLanguage":"sk-SK","potentialAction":[{"@type":"ReadAction","target":["https:\/\/www.vkpbratislava.sk\/?p=23689"]}]},{"@type":"ImageObject","inLanguage":"sk-SK","@id":"https:\/\/www.vkpbratislava.sk\/?p=23689#primaryimage","url":"https:\/\/www.vkpbratislava.sk\/wp-content\/uploads\/2023\/04\/20230426_VKP-BA-Z-vs-Slavia-BA-Z3_IUR00132.jpg","contentUrl":"https:\/\/www.vkpbratislava.sk\/wp-content\/uploads\/2023\/04\/20230426_VKP-BA-Z-vs-Slavia-BA-Z3_IUR00132.jpg","width":2500,"height":1667},{"@type":"BreadcrumbList","@id":"https:\/\/www.vkpbratislava.sk\/?p=23689#breadcrumb","itemListElement":[{"@type":"ListItem","position":1,"name":"Domov","item":"https:\/\/www.vkpbratislava.sk\/"},{"@type":"ListItem","position":2,"name":"\u017deny vicemajsterkami Slovenska"}]},{"@type":"WebSite","@id":"https:\/\/www.vkpbratislava.sk\/#website","url":"https:\/\/www.vkpbratislava.sk\/","name":"VK SLOVAN Bratislava","description":"Volejbalov\u00fd klub","publisher":{"@id":"https:\/\/www.vkpbratislava.sk\/#organization"},"potentialAction":[{"@type":"SearchAction","target":{"@type":"EntryPoint","urlTemplate":"https:\/\/www.vkpbratislava.sk\/?s={search_term_string}"},"query-input":{"@type":"PropertyValueSpecification","valueRequired":true,"valueName":"search_term_string"}}],"inLanguage":"sk-SK"},{"@type":"Organization","@id":"https:\/\/www.vkpbratislava.sk\/#organization","name":"VKP Bratislava","url":"https:\/\/www.vkpbratislava.sk\/","logo":{"@type":"ImageObject","inLanguage":"sk-SK","@id":"https:\/\/www.vkpbratislava.sk\/#\/schema\/logo\/image\/","url":"https:\/\/www.vkpbratislava.sk\/wp-content\/uploads\/2020\/10\/vkpBA.png","contentUrl":"https:\/\/www.vkpbratislava.sk\/wp-content\/uploads\/2020\/10\/vkpBA.png","width":600,"height":600,"caption":"VKP Bratislava"},"image":{"@id":"https:\/\/www.vkpbratislava.sk\/#\/schema\/logo\/image\/"}},{"@type":"Person","@id":"https:\/\/www.vkpbratislava.sk\/#\/schema\/person\/7037e769f9515aa58493d1b5852c4c50","name":"jenca","image":{"@type":"ImageObject","inLanguage":"sk-SK","@id":"https:\/\/www.vkpbratislava.sk\/#\/schema\/person\/image\/","url":"https:\/\/secure.gravatar.com\/avatar\/67aa89e9aab2911bbd0c6fbf0a891ea8d80c207c9b6a6e2c96e13fc2f16e536d?s=96&d=mm&r=g","contentUrl":"https:\/\/secure.gravatar.com\/avatar\/67aa89e9aab2911bbd0c6fbf0a891ea8d80c207c9b6a6e2c96e13fc2f16e536d?s=96&d=mm&r=g","caption":"jenca"},"url":"https:\/\/www.vkpbratislava.sk\/?author=3"}]}},"_links":{"self":[{"href":"https:\/\/www.vkpbratislava.sk\/index.php?rest_route=\/wp\/v2\/posts\/23689","targetHints":{"allow":["GET"]}}],"collection":[{"href":"https:\/\/www.vkpbratislava.sk\/index.php?rest_route=\/wp\/v2\/posts"}],"about":[{"href":"https:\/\/www.vkpbratislava.sk\/index.php?rest_route=\/wp\/v2\/types\/post"}],"author":[{"embeddable":true,"href":"https:\/\/www.vkpbratislava.sk\/index.php?rest_route=\/wp\/v2\/users\/3"}],"replies":[{"embeddable":true,"href":"https:\/\/www.vkpbratislava.sk\/index.php?rest_route=%2Fwp%2Fv2%2Fcomments&post=23689"}],"version-history":[{"count":1,"href":"https:\/\/www.vkpbratislava.sk\/index.php?rest_route=\/wp\/v2\/posts\/23689\/revisions"}],"predecessor-version":[{"id":23690,"href":"https:\/\/www.vkpbratislava.sk\/index.php?rest_route=\/wp\/v2\/posts\/23689\/revisions\/23690"}],"wp:featuredmedia":[{"embeddable":true,"href":"https:\/\/www.vkpbratislava.sk\/index.php?rest_route=\/wp\/v2\/media\/23558"}],"wp:attachment":[{"href":"https:\/\/www.vkpbratislava.sk\/index.php?rest_route=%2Fwp%2Fv2%2Fmedia&parent=23689"}],"wp:term":[{"taxonomy":"category","embeddable":true,"href":"https:\/\/www.vkpbratislava.sk\/index.php?rest_route=%2Fwp%2Fv2%2Fcategories&post=23689"},{"taxonomy":"post_tag","embeddable":true,"href":"https:\/\/www.vkpbratislava.sk\/index.php?rest_route=%2Fwp%2Fv2%2Ftags&post=23689"}],"curies":[{"name":"wp","href":"https:\/\/api.w.org\/{rel}","templated":true}]}}