{"id":23831,"date":"2023-05-05T10:33:58","date_gmt":"2023-05-05T08:33:58","guid":{"rendered":"https:\/\/www.vkpbratislava.sk\/?p=23831"},"modified":"2023-05-05T10:33:58","modified_gmt":"2023-05-05T08:33:58","slug":"kapitan-juniorov-vkp-simon-cervenak-byt-dvojnasobnym-majstrom-by-bolo-krasne","status":"publish","type":"post","link":"https:\/\/www.vkpbratislava.sk\/?p=23831","title":{"rendered":"Kapit\u00e1n juniorov VKP \u0160imon \u010cerven\u00e1k: By\u0165 dvojn\u00e1sobn\u00fdm majstrom by bolo kr\u00e1sne"},"content":{"rendered":"<p><strong>Pred dvoma t\u00fd\u017ed\u0148ami z\u00edskal titul majstra Slovenska v\u00a0Nik\u00e9 extralige mu\u017eov, tento v\u00edkend sa pok\u00fasi o\u00a0ten juniorsk\u00fd. Sme\u010diar \u0160imon \u010cerven\u00e1k sa m\u00f4\u017ee sta\u0165 jedn\u00fdm z\u00a0m\u00e1la, ktor\u00fd dvihne v\u00a0kr\u00e1tkom \u010dase nad hlavu dve trofeje.<\/strong><\/p>\n<p><strong>Ak\u00e9 boli oslavy majstrovsk\u00e9ho titulu?<\/strong><\/p>\n<p>&#8211; U\u017eili sme si ich v\u00a0r\u00e1mci mo\u017enosti. Titul sme spe\u010datili v\u00a0nede\u013eu a\u00a0v\u00a0t\u00fd\u017edni ma \u010dakala \u0161kola, in\u00fdch chalanov zase pracovn\u00e9 povinnosti. Nejak\u00e9 oslavy n\u00e1s e\u0161te \u010dakaj\u00fa, v\u00a0pondelok ve\u010der ideme do ka\u0161tie\u013ea v\u00a0Oponiciach k\u00a0n\u00e1\u0161mu prezidentovi Petrovi Nov\u00e1kovi, ktor\u00fd n\u00e1s pozval na ukon\u010denie sez\u00f3ny, tak\u017ee sa ur\u010dite zabav\u00edme.<\/p>\n<p><strong>Predt\u00fdm \u0165a v\u0161ak \u010dak\u00e1 e\u0161te trojd\u0148ov\u00fd marat\u00f3n fin\u00e1lov\u00e9ho turnaja juniorov&#8230;<\/strong><\/p>\n<p>&#8211; \u00c1no a\u00a0v\u00a0prvom rade mysl\u00edme na to, aby sme podali \u010do najlep\u0161ie v\u00fdkony. Zodpovedne sme sa pripravovali, aby sme na\u010dasovali formu na fin\u00e1lov\u00fd turnaj. Odohrali sme aj modelovan\u00fd z\u00e1pas proti chalanom zo seniorsk\u00e9ho t\u00edmu, tak\u017ee teraz som sa\u00a0aj s\u00a0Bra\u0148om Belasom ocitol na opa\u010dnej strane a\u00a0veru, potr\u00e1pili sme chalanov z\u00a0\u00e1\u010dka. D\u00fafam, \u017ee n\u00e1s ne\u0161etrili (smiech). Ur\u010dite n\u00e1s namotivovalo aj to, \u017ee na tr\u00e9ningoch boli s\u00a0nami aj Pa\u0165o Marjov a\u00a0Mat\u00fa\u0161 Jaloveck\u00fd. Aj ich rady a\u00a0sparing n\u00e1m m\u00f4\u017eu pom\u00f4c\u0165 k\u00a0dobr\u00fdm v\u00fdsledkom.<\/p>\n<p><img loading=\"lazy\" decoding=\"async\" class=\"alignnone  wp-image-23732\" src=\"https:\/\/www.vkpbratislava.sk\/wp-content\/uploads\/2023\/04\/7B4A0403-640x427.jpg\" alt=\"\" width=\"489\" height=\"326\" srcset=\"https:\/\/www.vkpbratislava.sk\/wp-content\/uploads\/2023\/04\/7B4A0403-640x427.jpg 640w, https:\/\/www.vkpbratislava.sk\/wp-content\/uploads\/2023\/04\/7B4A0403-1280x853.jpg 1280w, https:\/\/www.vkpbratislava.sk\/wp-content\/uploads\/2023\/04\/7B4A0403-768x512.jpg 768w, https:\/\/www.vkpbratislava.sk\/wp-content\/uploads\/2023\/04\/7B4A0403-1536x1024.jpg 1536w, https:\/\/www.vkpbratislava.sk\/wp-content\/uploads\/2023\/04\/7B4A0403-320x213.jpg 320w, https:\/\/www.vkpbratislava.sk\/wp-content\/uploads\/2023\/04\/7B4A0403-600x400.jpg 600w, https:\/\/www.vkpbratislava.sk\/wp-content\/uploads\/2023\/04\/7B4A0403.jpg 2048w\" sizes=\"auto, (max-width: 489px) 100vw, 489px\" \/><\/p>\n<p><strong>Te\u0161\u00edte sa, \u017ee budete hra\u0165 doma?<\/strong><\/p>\n<p>&#8211; \u00c1no. S\u00edce cez rok tr\u00e9nujeme najm\u00e4 na FEI-ke alebo H\u00e1lovej, ale viacer\u00ed pozn\u00e1me halu Domu \u0161portu. Na hlavnom ihrisku je dokonca polo\u017een\u00fd taraflex, na ktorom sa hr\u00e1 v\u00fdborne a\u00a0sedel mi aj po\u010das fin\u00e1lovej s\u00e9rie mu\u017eov s\u00a0Pre\u0161ovom. Ver\u00edm, \u017ee n\u00e1s pr\u00edde podpori\u0165 ve\u013ea fan\u00fa\u0161ikov, kamar\u00e1tov, rodina a\u00a0vytvoria n\u00e1m v\u00fdborn\u00fa atmosf\u00e9ru a\u00a0nesklameme ich na\u0161imi v\u00fdkonmi.<\/p>\n<p><strong>Zmenil sa form\u00e1t. Namiesto dvoch \u0161tvor\u010dlenn\u00fdch skup\u00edn a\u00a0n\u00e1sledn\u00fdch vyra\u010fovac\u00edch z\u00e1pasov sa hr\u00e1 syst\u00e9mom ka\u017ed\u00fd s\u00a0ka\u017ed\u00fdm. Pozit\u00edvna zmena?<\/strong><\/p>\n<p>&#8211; Mne sa viac pozd\u00e1val predo\u0161l\u00fd syst\u00e9m dvoch skup\u00edn a\u00a0n\u00e1sledn\u00fdch z\u00e1pasov o\u00a0umiestnenie. Mus\u00edme v\u0161ak hra\u0165 tak, ako je to napl\u00e1novan\u00e9, my to nezmen\u00edme. U\u017e \u00favodn\u00e9 z\u00e1pasy uk\u00e1\u017eu s\u00a0ak\u00fdm umiestnen\u00edm m\u00f4\u017eeme po\u010d\u00edta\u0165.<\/p>\n<p><strong>V\u00a0z\u00e1vere seniorskej sez\u00f3ny si chytil formu a\u00a0bol oporou \u00e1\u010dka. Ako sa c\u00edti\u0161 aktu\u00e1lne?<\/strong><\/p>\n<p>&#8211; Som r\u00e1d, \u017ee som dostal \u0161ancu od tr\u00e9nera Robina P\u011bluchu. Sna\u017eil som sa nesklama\u0165 d\u00f4veru a\u00a0som r\u00e1d, \u017ee mi z\u00e1pasy vy\u0161li. Bolo to v\u0161ak dielo cel\u00e9ho mu\u017estva. Uk\u00e1zali sme na\u0161u silu a\u00a0charakter a\u00a0napokon sa te\u0161ili z\u00a0titulu.<\/p>\n<p><strong>Teraz m\u00f4\u017ee\u0161 do zbierky prida\u0165 \u010fal\u0161\u00ed titul&#8230;<\/strong><\/p>\n<p>&#8211; Bolo by to pekn\u00e9! Konkurencia je ve\u013ek\u00e1, ale netreba sa b\u00e1\u0165 \u017eiadneho s\u00fapera. Vieme, \u010do s\u00fa na\u0161e siln\u00e9 str\u00e1nky, budeme bojova\u0165 a\u00a0uvid\u00edme, ako to vyp\u00e1li.<\/p>\n<p>mb, foto: VKP\/Michal \u0160p\u00e1nik<\/p>\n","protected":false},"excerpt":{"rendered":"<p>Sme\u010diar \u0160imon \u010cerven\u00e1k sa m\u00f4\u017ee sta\u0165 jedn\u00fdm z\u00a0m\u00e1la, ktor\u00fd dvihne v\u00a0kr\u00e1tkom \u010dase nad hlavu dve trofeje.<\/p>\n","protected":false},"author":3,"featured_media":23236,"comment_status":"closed","ping_status":"closed","sticky":false,"template":"","format":"standard","meta":{"_monsterinsights_skip_tracking":false,"_monsterinsights_sitenote_active":false,"_monsterinsights_sitenote_note":"","_monsterinsights_sitenote_category":0,"footnotes":""},"categories":[50,47],"tags":[],"class_list":["post-23831","post","type-post","status-publish","format-standard","has-post-thumbnail","hentry","category-mladez","category-muzi"],"yoast_head":"<!-- This site is optimized with the Yoast SEO plugin v25.6 - https:\/\/yoast.com\/wordpress\/plugins\/seo\/ -->\n<title>Kapit\u00e1n juniorov VKP \u0160imon \u010cerven\u00e1k: By\u0165 dvojn\u00e1sobn\u00fdm majstrom by bolo kr\u00e1sne - VK SLOVAN Bratislava<\/title>\n<meta name=\"description\" content=\"Sme\u010diar \u0160imon \u010cerven\u00e1k sa m\u00f4\u017ee sta\u0165 jedn\u00fdm z\u00a0m\u00e1la, ktor\u00fd dvihne v\u00a0kr\u00e1tkom \u010dase nad hlavu dve trofeje\" \/>\n<meta name=\"robots\" content=\"index, follow, max-snippet:-1, max-image-preview:large, max-video-preview:-1\" \/>\n<link rel=\"canonical\" href=\"https:\/\/www.vkpbratislava.sk\/?p=23831\" \/>\n<meta property=\"og:locale\" content=\"sk_SK\" \/>\n<meta property=\"og:type\" content=\"article\" \/>\n<meta property=\"og:title\" content=\"Kapit\u00e1n juniorov VKP \u0160imon \u010cerven\u00e1k: By\u0165 dvojn\u00e1sobn\u00fdm majstrom by bolo kr\u00e1sne - VK SLOVAN Bratislava\" \/>\n<meta property=\"og:description\" content=\"Sme\u010diar \u0160imon \u010cerven\u00e1k sa m\u00f4\u017ee sta\u0165 jedn\u00fdm z\u00a0m\u00e1la, ktor\u00fd dvihne v\u00a0kr\u00e1tkom \u010dase nad hlavu dve trofeje\" \/>\n<meta property=\"og:url\" content=\"https:\/\/www.vkpbratislava.sk\/?p=23831\" \/>\n<meta property=\"og:site_name\" content=\"VK SLOVAN Bratislava\" \/>\n<meta property=\"article:published_time\" content=\"2023-05-05T08:33:58+00:00\" \/>\n<meta property=\"og:image\" content=\"https:\/\/www.vkpbratislava.sk\/wp-content\/uploads\/2023\/04\/7B4A0811-1.jpg\" \/>\n\t<meta property=\"og:image:width\" content=\"2048\" \/>\n\t<meta property=\"og:image:height\" content=\"1365\" \/>\n\t<meta property=\"og:image:type\" content=\"image\/jpeg\" \/>\n<meta name=\"author\" content=\"jenca\" \/>\n<meta name=\"twitter:card\" content=\"summary_large_image\" \/>\n<meta name=\"twitter:label1\" content=\"Autor\" \/>\n\t<meta name=\"twitter:data1\" content=\"jenca\" \/>\n\t<meta name=\"twitter:label2\" content=\"Predpokladan\u00fd \u010das \u010d\u00edtania\" \/>\n\t<meta name=\"twitter:data2\" content=\"3 min\u00faty\" \/>\n<script type=\"application\/ld+json\" class=\"yoast-schema-graph\">{\"@context\":\"https:\/\/schema.org\",\"@graph\":[{\"@type\":\"Article\",\"@id\":\"https:\/\/www.vkpbratislava.sk\/?p=23831#article\",\"isPartOf\":{\"@id\":\"https:\/\/www.vkpbratislava.sk\/?p=23831\"},\"author\":{\"name\":\"jenca\",\"@id\":\"https:\/\/www.vkpbratislava.sk\/#\/schema\/person\/7037e769f9515aa58493d1b5852c4c50\"},\"headline\":\"Kapit\u00e1n juniorov VKP \u0160imon \u010cerven\u00e1k: By\u0165 dvojn\u00e1sobn\u00fdm majstrom by bolo kr\u00e1sne\",\"datePublished\":\"2023-05-05T08:33:58+00:00\",\"mainEntityOfPage\":{\"@id\":\"https:\/\/www.vkpbratislava.sk\/?p=23831\"},\"wordCount\":563,\"publisher\":{\"@id\":\"https:\/\/www.vkpbratislava.sk\/#organization\"},\"image\":{\"@id\":\"https:\/\/www.vkpbratislava.sk\/?p=23831#primaryimage\"},\"thumbnailUrl\":\"https:\/\/www.vkpbratislava.sk\/wp-content\/uploads\/2023\/04\/7B4A0811-1.jpg\",\"articleSection\":[\"Ml\u00e1de\u017e\",\"Mu\u017ei\"],\"inLanguage\":\"sk-SK\"},{\"@type\":\"WebPage\",\"@id\":\"https:\/\/www.vkpbratislava.sk\/?p=23831\",\"url\":\"https:\/\/www.vkpbratislava.sk\/?p=23831\",\"name\":\"Kapit\u00e1n juniorov VKP \u0160imon \u010cerven\u00e1k: By\u0165 dvojn\u00e1sobn\u00fdm majstrom by bolo kr\u00e1sne - VK SLOVAN Bratislava\",\"isPartOf\":{\"@id\":\"https:\/\/www.vkpbratislava.sk\/#website\"},\"primaryImageOfPage\":{\"@id\":\"https:\/\/www.vkpbratislava.sk\/?p=23831#primaryimage\"},\"image\":{\"@id\":\"https:\/\/www.vkpbratislava.sk\/?p=23831#primaryimage\"},\"thumbnailUrl\":\"https:\/\/www.vkpbratislava.sk\/wp-content\/uploads\/2023\/04\/7B4A0811-1.jpg\",\"datePublished\":\"2023-05-05T08:33:58+00:00\",\"description\":\"Sme\u010diar \u0160imon \u010cerven\u00e1k sa m\u00f4\u017ee sta\u0165 jedn\u00fdm z\u00a0m\u00e1la, ktor\u00fd dvihne v\u00a0kr\u00e1tkom \u010dase nad hlavu dve trofeje\",\"breadcrumb\":{\"@id\":\"https:\/\/www.vkpbratislava.sk\/?p=23831#breadcrumb\"},\"inLanguage\":\"sk-SK\",\"potentialAction\":[{\"@type\":\"ReadAction\",\"target\":[\"https:\/\/www.vkpbratislava.sk\/?p=23831\"]}]},{\"@type\":\"ImageObject\",\"inLanguage\":\"sk-SK\",\"@id\":\"https:\/\/www.vkpbratislava.sk\/?p=23831#primaryimage\",\"url\":\"https:\/\/www.vkpbratislava.sk\/wp-content\/uploads\/2023\/04\/7B4A0811-1.jpg\",\"contentUrl\":\"https:\/\/www.vkpbratislava.sk\/wp-content\/uploads\/2023\/04\/7B4A0811-1.jpg\",\"width\":2048,\"height\":1365},{\"@type\":\"BreadcrumbList\",\"@id\":\"https:\/\/www.vkpbratislava.sk\/?p=23831#breadcrumb\",\"itemListElement\":[{\"@type\":\"ListItem\",\"position\":1,\"name\":\"Domov\",\"item\":\"https:\/\/www.vkpbratislava.sk\/\"},{\"@type\":\"ListItem\",\"position\":2,\"name\":\"Kapit\u00e1n juniorov VKP \u0160imon \u010cerven\u00e1k: By\u0165 dvojn\u00e1sobn\u00fdm majstrom by bolo kr\u00e1sne\"}]},{\"@type\":\"WebSite\",\"@id\":\"https:\/\/www.vkpbratislava.sk\/#website\",\"url\":\"https:\/\/www.vkpbratislava.sk\/\",\"name\":\"VK SLOVAN Bratislava\",\"description\":\"Volejbalov\u00fd klub\",\"publisher\":{\"@id\":\"https:\/\/www.vkpbratislava.sk\/#organization\"},\"potentialAction\":[{\"@type\":\"SearchAction\",\"target\":{\"@type\":\"EntryPoint\",\"urlTemplate\":\"https:\/\/www.vkpbratislava.sk\/?s={search_term_string}\"},\"query-input\":{\"@type\":\"PropertyValueSpecification\",\"valueRequired\":true,\"valueName\":\"search_term_string\"}}],\"inLanguage\":\"sk-SK\"},{\"@type\":\"Organization\",\"@id\":\"https:\/\/www.vkpbratislava.sk\/#organization\",\"name\":\"VKP Bratislava\",\"url\":\"https:\/\/www.vkpbratislava.sk\/\",\"logo\":{\"@type\":\"ImageObject\",\"inLanguage\":\"sk-SK\",\"@id\":\"https:\/\/www.vkpbratislava.sk\/#\/schema\/logo\/image\/\",\"url\":\"https:\/\/www.vkpbratislava.sk\/wp-content\/uploads\/2020\/10\/vkpBA.png\",\"contentUrl\":\"https:\/\/www.vkpbratislava.sk\/wp-content\/uploads\/2020\/10\/vkpBA.png\",\"width\":600,\"height\":600,\"caption\":\"VKP Bratislava\"},\"image\":{\"@id\":\"https:\/\/www.vkpbratislava.sk\/#\/schema\/logo\/image\/\"}},{\"@type\":\"Person\",\"@id\":\"https:\/\/www.vkpbratislava.sk\/#\/schema\/person\/7037e769f9515aa58493d1b5852c4c50\",\"name\":\"jenca\",\"image\":{\"@type\":\"ImageObject\",\"inLanguage\":\"sk-SK\",\"@id\":\"https:\/\/www.vkpbratislava.sk\/#\/schema\/person\/image\/\",\"url\":\"https:\/\/secure.gravatar.com\/avatar\/67aa89e9aab2911bbd0c6fbf0a891ea8d80c207c9b6a6e2c96e13fc2f16e536d?s=96&d=mm&r=g\",\"contentUrl\":\"https:\/\/secure.gravatar.com\/avatar\/67aa89e9aab2911bbd0c6fbf0a891ea8d80c207c9b6a6e2c96e13fc2f16e536d?s=96&d=mm&r=g\",\"caption\":\"jenca\"},\"url\":\"https:\/\/www.vkpbratislava.sk\/?author=3\"}]}<\/script>\n<!-- \/ Yoast SEO plugin. -->","yoast_head_json":{"title":"Kapit\u00e1n juniorov VKP \u0160imon \u010cerven\u00e1k: By\u0165 dvojn\u00e1sobn\u00fdm majstrom by bolo kr\u00e1sne - VK SLOVAN Bratislava","description":"Sme\u010diar \u0160imon \u010cerven\u00e1k sa m\u00f4\u017ee sta\u0165 jedn\u00fdm z\u00a0m\u00e1la, ktor\u00fd dvihne v\u00a0kr\u00e1tkom \u010dase nad hlavu dve trofeje","robots":{"index":"index","follow":"follow","max-snippet":"max-snippet:-1","max-image-preview":"max-image-preview:large","max-video-preview":"max-video-preview:-1"},"canonical":"https:\/\/www.vkpbratislava.sk\/?p=23831","og_locale":"sk_SK","og_type":"article","og_title":"Kapit\u00e1n juniorov VKP \u0160imon \u010cerven\u00e1k: By\u0165 dvojn\u00e1sobn\u00fdm majstrom by bolo kr\u00e1sne - VK SLOVAN Bratislava","og_description":"Sme\u010diar \u0160imon \u010cerven\u00e1k sa m\u00f4\u017ee sta\u0165 jedn\u00fdm z\u00a0m\u00e1la, ktor\u00fd dvihne v\u00a0kr\u00e1tkom \u010dase nad hlavu dve trofeje","og_url":"https:\/\/www.vkpbratislava.sk\/?p=23831","og_site_name":"VK SLOVAN Bratislava","article_published_time":"2023-05-05T08:33:58+00:00","og_image":[{"width":2048,"height":1365,"url":"https:\/\/www.vkpbratislava.sk\/wp-content\/uploads\/2023\/04\/7B4A0811-1.jpg","type":"image\/jpeg"}],"author":"jenca","twitter_card":"summary_large_image","twitter_misc":{"Autor":"jenca","Predpokladan\u00fd \u010das \u010d\u00edtania":"3 min\u00faty"},"schema":{"@context":"https:\/\/schema.org","@graph":[{"@type":"Article","@id":"https:\/\/www.vkpbratislava.sk\/?p=23831#article","isPartOf":{"@id":"https:\/\/www.vkpbratislava.sk\/?p=23831"},"author":{"name":"jenca","@id":"https:\/\/www.vkpbratislava.sk\/#\/schema\/person\/7037e769f9515aa58493d1b5852c4c50"},"headline":"Kapit\u00e1n juniorov VKP \u0160imon \u010cerven\u00e1k: By\u0165 dvojn\u00e1sobn\u00fdm majstrom by bolo kr\u00e1sne","datePublished":"2023-05-05T08:33:58+00:00","mainEntityOfPage":{"@id":"https:\/\/www.vkpbratislava.sk\/?p=23831"},"wordCount":563,"publisher":{"@id":"https:\/\/www.vkpbratislava.sk\/#organization"},"image":{"@id":"https:\/\/www.vkpbratislava.sk\/?p=23831#primaryimage"},"thumbnailUrl":"https:\/\/www.vkpbratislava.sk\/wp-content\/uploads\/2023\/04\/7B4A0811-1.jpg","articleSection":["Ml\u00e1de\u017e","Mu\u017ei"],"inLanguage":"sk-SK"},{"@type":"WebPage","@id":"https:\/\/www.vkpbratislava.sk\/?p=23831","url":"https:\/\/www.vkpbratislava.sk\/?p=23831","name":"Kapit\u00e1n juniorov VKP \u0160imon \u010cerven\u00e1k: By\u0165 dvojn\u00e1sobn\u00fdm majstrom by bolo kr\u00e1sne - VK SLOVAN Bratislava","isPartOf":{"@id":"https:\/\/www.vkpbratislava.sk\/#website"},"primaryImageOfPage":{"@id":"https:\/\/www.vkpbratislava.sk\/?p=23831#primaryimage"},"image":{"@id":"https:\/\/www.vkpbratislava.sk\/?p=23831#primaryimage"},"thumbnailUrl":"https:\/\/www.vkpbratislava.sk\/wp-content\/uploads\/2023\/04\/7B4A0811-1.jpg","datePublished":"2023-05-05T08:33:58+00:00","description":"Sme\u010diar \u0160imon \u010cerven\u00e1k sa m\u00f4\u017ee sta\u0165 jedn\u00fdm z\u00a0m\u00e1la, ktor\u00fd dvihne v\u00a0kr\u00e1tkom \u010dase nad hlavu dve trofeje","breadcrumb":{"@id":"https:\/\/www.vkpbratislava.sk\/?p=23831#breadcrumb"},"inLanguage":"sk-SK","potentialAction":[{"@type":"ReadAction","target":["https:\/\/www.vkpbratislava.sk\/?p=23831"]}]},{"@type":"ImageObject","inLanguage":"sk-SK","@id":"https:\/\/www.vkpbratislava.sk\/?p=23831#primaryimage","url":"https:\/\/www.vkpbratislava.sk\/wp-content\/uploads\/2023\/04\/7B4A0811-1.jpg","contentUrl":"https:\/\/www.vkpbratislava.sk\/wp-content\/uploads\/2023\/04\/7B4A0811-1.jpg","width":2048,"height":1365},{"@type":"BreadcrumbList","@id":"https:\/\/www.vkpbratislava.sk\/?p=23831#breadcrumb","itemListElement":[{"@type":"ListItem","position":1,"name":"Domov","item":"https:\/\/www.vkpbratislava.sk\/"},{"@type":"ListItem","position":2,"name":"Kapit\u00e1n juniorov VKP \u0160imon \u010cerven\u00e1k: By\u0165 dvojn\u00e1sobn\u00fdm majstrom by bolo kr\u00e1sne"}]},{"@type":"WebSite","@id":"https:\/\/www.vkpbratislava.sk\/#website","url":"https:\/\/www.vkpbratislava.sk\/","name":"VK SLOVAN Bratislava","description":"Volejbalov\u00fd klub","publisher":{"@id":"https:\/\/www.vkpbratislava.sk\/#organization"},"potentialAction":[{"@type":"SearchAction","target":{"@type":"EntryPoint","urlTemplate":"https:\/\/www.vkpbratislava.sk\/?s={search_term_string}"},"query-input":{"@type":"PropertyValueSpecification","valueRequired":true,"valueName":"search_term_string"}}],"inLanguage":"sk-SK"},{"@type":"Organization","@id":"https:\/\/www.vkpbratislava.sk\/#organization","name":"VKP Bratislava","url":"https:\/\/www.vkpbratislava.sk\/","logo":{"@type":"ImageObject","inLanguage":"sk-SK","@id":"https:\/\/www.vkpbratislava.sk\/#\/schema\/logo\/image\/","url":"https:\/\/www.vkpbratislava.sk\/wp-content\/uploads\/2020\/10\/vkpBA.png","contentUrl":"https:\/\/www.vkpbratislava.sk\/wp-content\/uploads\/2020\/10\/vkpBA.png","width":600,"height":600,"caption":"VKP Bratislava"},"image":{"@id":"https:\/\/www.vkpbratislava.sk\/#\/schema\/logo\/image\/"}},{"@type":"Person","@id":"https:\/\/www.vkpbratislava.sk\/#\/schema\/person\/7037e769f9515aa58493d1b5852c4c50","name":"jenca","image":{"@type":"ImageObject","inLanguage":"sk-SK","@id":"https:\/\/www.vkpbratislava.sk\/#\/schema\/person\/image\/","url":"https:\/\/secure.gravatar.com\/avatar\/67aa89e9aab2911bbd0c6fbf0a891ea8d80c207c9b6a6e2c96e13fc2f16e536d?s=96&d=mm&r=g","contentUrl":"https:\/\/secure.gravatar.com\/avatar\/67aa89e9aab2911bbd0c6fbf0a891ea8d80c207c9b6a6e2c96e13fc2f16e536d?s=96&d=mm&r=g","caption":"jenca"},"url":"https:\/\/www.vkpbratislava.sk\/?author=3"}]}},"_links":{"self":[{"href":"https:\/\/www.vkpbratislava.sk\/index.php?rest_route=\/wp\/v2\/posts\/23831","targetHints":{"allow":["GET"]}}],"collection":[{"href":"https:\/\/www.vkpbratislava.sk\/index.php?rest_route=\/wp\/v2\/posts"}],"about":[{"href":"https:\/\/www.vkpbratislava.sk\/index.php?rest_route=\/wp\/v2\/types\/post"}],"author":[{"embeddable":true,"href":"https:\/\/www.vkpbratislava.sk\/index.php?rest_route=\/wp\/v2\/users\/3"}],"replies":[{"embeddable":true,"href":"https:\/\/www.vkpbratislava.sk\/index.php?rest_route=%2Fwp%2Fv2%2Fcomments&post=23831"}],"version-history":[{"count":1,"href":"https:\/\/www.vkpbratislava.sk\/index.php?rest_route=\/wp\/v2\/posts\/23831\/revisions"}],"predecessor-version":[{"id":23832,"href":"https:\/\/www.vkpbratislava.sk\/index.php?rest_route=\/wp\/v2\/posts\/23831\/revisions\/23832"}],"wp:featuredmedia":[{"embeddable":true,"href":"https:\/\/www.vkpbratislava.sk\/index.php?rest_route=\/wp\/v2\/media\/23236"}],"wp:attachment":[{"href":"https:\/\/www.vkpbratislava.sk\/index.php?rest_route=%2Fwp%2Fv2%2Fmedia&parent=23831"}],"wp:term":[{"taxonomy":"category","embeddable":true,"href":"https:\/\/www.vkpbratislava.sk\/index.php?rest_route=%2Fwp%2Fv2%2Fcategories&post=23831"},{"taxonomy":"post_tag","embeddable":true,"href":"https:\/\/www.vkpbratislava.sk\/index.php?rest_route=%2Fwp%2Fv2%2Ftags&post=23831"}],"curies":[{"name":"wp","href":"https:\/\/api.w.org\/{rel}","templated":true}]}}