{"id":24157,"date":"2023-07-25T11:30:47","date_gmt":"2023-07-25T09:30:47","guid":{"rendered":"https:\/\/www.vkpbratislava.sk\/?p=24157"},"modified":"2023-07-25T11:30:47","modified_gmt":"2023-07-25T09:30:47","slug":"vyhlasenie-obcianskeho-zdruzenia-vkp-bratislava","status":"publish","type":"post","link":"https:\/\/www.vkpbratislava.sk\/?p=24157","title":{"rendered":"Vyhl\u00e1senie ob\u010dianskeho zdru\u017eenia VKP Bratislava"},"content":{"rendered":"<p style=\"text-align: center;\"><strong><em>STANOVISKO<\/em><\/strong><\/p>\n<p style=\"text-align: center;\"><strong><em>Spr\u00e1vnej rady Ob\u010dianskeho zdru\u017eenia <\/em><\/strong><strong><em>Volejbalov\u00fd klub pol\u00edcie Bratislava<\/em><\/strong><\/p>\n<p style=\"text-align: center;\"><span style=\"text-decoration: underline;\"><em>Spr\u00e1vna rada Ob\u010dianskeho zdru\u017eenia \u201eVolejbalov\u00fd klub pol\u00edcie Bratislava\u201c prijala nasledovn\u00e9 stanovisko k\u00a0medializovan\u00fdm inform\u00e1ci\u00e1m v\u00a0dru\u017estve junioriek VKP Bratislava:<\/em><\/span><\/p>\n<p><em>Odmietame ak\u00e9ko\u013evek neslu\u0161n\u00e9, ur\u00e1\u017eliv\u00e9 a\u00a0dehonestuj\u00face formy spr\u00e1vania sa v\u00a0\u0161porte. Rovnako odmietame ak\u00e9ko\u013evek formy \u0161ikany a\u00a0sexu\u00e1lneho ob\u0165a\u017eovania v\u00a0\u0161porte a\u00a0nen\u00e1vistn\u00e9 prejavy na \u0161portovisku i\u00a0mimo neho.<\/em><\/p>\n<p><em>Sme plne s\u00fa\u010dinn\u00ed pri rie\u0161en\u00ed dan\u00e9ho probl\u00e9mu a\u00a0komunikujeme s\u00a0jednotliv\u00fdmi stranami na jeho vyrie\u0161en\u00ed. Aj v spolupr\u00e1ci so Slovenskou volejbalovou feder\u00e1ciou chceme by\u0165 n\u00e1pomocn\u00ed v\u00a0tom, aby ak\u00e9ko\u013evek neduhy zo slovensk\u00e9ho \u0161portu zmizli.<\/em><\/p>\n<p><em>Volejbalov\u00fd klub pol\u00edcie VKP Bratislava sa ospravedl\u0148uje v\u0161etk\u00fdm akt\u00e9rom, ktor\u00fdch sa nevhodn\u00e9 spr\u00e1vanie tr\u00e9nera junioriek dotklo a\u00a0prijalo opatrenie, \u017ee nebude v\u00a0nasleduj\u00facej sez\u00f3ne vies\u0165 \u017eiadne dru\u017estvo VKP Bratislava. Vzniknut\u00e1 situ\u00e1cia mrz\u00ed klub i\u00a0samotn\u00e9ho tr\u00e9nera a\u00a0klub zabezpe\u010d\u00ed, aby sa v\u00a0bud\u00facnosti podobn\u00e9 probl\u00e9my neopakovali.<\/em><\/p>\n<p><em>Volejbalov\u00fd klub pol\u00edcie Bratislava vychoval desiatky \u00faspe\u0161n\u00fdch a sl\u00e1vnych volejbalistov, reprezentantov Slovenska a\u00a0v\u00a0pr\u00e1ci s\u00a0ml\u00e1de\u017eou patr\u00ed medzi najlep\u0161ie na Slovensku. Ka\u017edoro\u010dne sa z\u00fa\u010dast\u0148uje na fin\u00e1lov\u00fdch ml\u00e1de\u017en\u00edckych turnajoch, \u010do sved\u010d\u00ed o\u00a0kvalitnej pr\u00e1ci s\u00a0ml\u00e1de\u017eou a\u00a0v\u00a0tom chceme aj na\u010falej pokra\u010dova\u0165. <\/em><\/p>\n<p><em>\u00a0<\/em><\/p>\n","protected":false},"excerpt":{"rendered":"<p>STANOVISKO Spr\u00e1vnej rady Ob\u010dianskeho zdru\u017eenia Volejbalov\u00fd klub pol\u00edcie Bratislava Spr\u00e1vna rada Ob\u010dianskeho zdru\u017eenia \u201eVolejbalov\u00fd klub pol\u00edcie Bratislava\u201c prijala nasledovn\u00e9 stanovisko k\u00a0medializovan\u00fdm inform\u00e1ci\u00e1m v\u00a0dru\u017estve junioriek VKP Bratislava: Odmietame ak\u00e9ko\u013evek neslu\u0161n\u00e9, ur\u00e1\u017eliv\u00e9 a\u00a0dehonestuj\u00face formy spr\u00e1vania sa v\u00a0\u0161porte. Rovnako odmietame ak\u00e9ko\u013evek formy \u0161ikany a\u00a0sexu\u00e1lneho ob\u0165a\u017eovania v\u00a0\u0161porte a\u00a0nen\u00e1vistn\u00e9 prejavy na \u0161portovisku i\u00a0mimo neho. Sme plne s\u00fa\u010dinn\u00ed pri rie\u0161en\u00ed dan\u00e9ho&#8230;<\/p>\n","protected":false},"author":3,"featured_media":1898,"comment_status":"closed","ping_status":"closed","sticky":false,"template":"","format":"standard","meta":{"_monsterinsights_skip_tracking":false,"_monsterinsights_sitenote_active":false,"_monsterinsights_sitenote_note":"","_monsterinsights_sitenote_category":0,"footnotes":""},"categories":[50],"tags":[],"class_list":["post-24157","post","type-post","status-publish","format-standard","has-post-thumbnail","hentry","category-mladez"],"yoast_head":"<!-- This site is optimized with the Yoast SEO plugin v25.6 - https:\/\/yoast.com\/wordpress\/plugins\/seo\/ -->\n<title>Vyhl\u00e1senie ob\u010dianskeho zdru\u017eenia VKP Bratislava - VK SLOVAN Bratislava<\/title>\n<meta name=\"robots\" content=\"index, follow, max-snippet:-1, max-image-preview:large, max-video-preview:-1\" \/>\n<link rel=\"canonical\" href=\"https:\/\/www.vkpbratislava.sk\/?p=24157\" \/>\n<meta property=\"og:locale\" content=\"sk_SK\" \/>\n<meta property=\"og:type\" content=\"article\" \/>\n<meta property=\"og:title\" content=\"Vyhl\u00e1senie ob\u010dianskeho zdru\u017eenia VKP Bratislava - VK SLOVAN Bratislava\" \/>\n<meta property=\"og:description\" content=\"STANOVISKO Spr\u00e1vnej rady Ob\u010dianskeho zdru\u017eenia Volejbalov\u00fd klub pol\u00edcie Bratislava Spr\u00e1vna rada Ob\u010dianskeho zdru\u017eenia \u201eVolejbalov\u00fd klub pol\u00edcie Bratislava\u201c prijala nasledovn\u00e9 stanovisko k\u00a0medializovan\u00fdm inform\u00e1ci\u00e1m v\u00a0dru\u017estve junioriek VKP Bratislava: Odmietame ak\u00e9ko\u013evek neslu\u0161n\u00e9, ur\u00e1\u017eliv\u00e9 a\u00a0dehonestuj\u00face formy spr\u00e1vania sa v\u00a0\u0161porte. Rovnako odmietame ak\u00e9ko\u013evek formy \u0161ikany a\u00a0sexu\u00e1lneho ob\u0165a\u017eovania v\u00a0\u0161porte a\u00a0nen\u00e1vistn\u00e9 prejavy na \u0161portovisku i\u00a0mimo neho. Sme plne s\u00fa\u010dinn\u00ed pri rie\u0161en\u00ed dan\u00e9ho...\" \/>\n<meta property=\"og:url\" content=\"https:\/\/www.vkpbratislava.sk\/?p=24157\" \/>\n<meta property=\"og:site_name\" content=\"VK SLOVAN Bratislava\" \/>\n<meta property=\"article:published_time\" content=\"2023-07-25T09:30:47+00:00\" \/>\n<meta property=\"og:image\" content=\"https:\/\/www.vkpbratislava.sk\/wp-content\/uploads\/2020\/09\/size-volleyball-court-ba-bc-domaincxaosaskcom-volleyball-715214093.jpg\" \/>\n\t<meta property=\"og:image:width\" content=\"1400\" \/>\n\t<meta property=\"og:image:height\" content=\"788\" \/>\n\t<meta property=\"og:image:type\" content=\"image\/jpeg\" \/>\n<meta name=\"author\" content=\"jenca\" \/>\n<meta name=\"twitter:card\" content=\"summary_large_image\" \/>\n<meta name=\"twitter:label1\" content=\"Autor\" \/>\n\t<meta name=\"twitter:data1\" content=\"jenca\" \/>\n\t<meta name=\"twitter:label2\" content=\"Predpokladan\u00fd \u010das \u010d\u00edtania\" \/>\n\t<meta name=\"twitter:data2\" content=\"1 min\u00fata\" \/>\n<script type=\"application\/ld+json\" class=\"yoast-schema-graph\">{\"@context\":\"https:\/\/schema.org\",\"@graph\":[{\"@type\":\"Article\",\"@id\":\"https:\/\/www.vkpbratislava.sk\/?p=24157#article\",\"isPartOf\":{\"@id\":\"https:\/\/www.vkpbratislava.sk\/?p=24157\"},\"author\":{\"name\":\"jenca\",\"@id\":\"https:\/\/www.vkpbratislava.sk\/#\/schema\/person\/7037e769f9515aa58493d1b5852c4c50\"},\"headline\":\"Vyhl\u00e1senie ob\u010dianskeho zdru\u017eenia VKP Bratislava\",\"datePublished\":\"2023-07-25T09:30:47+00:00\",\"mainEntityOfPage\":{\"@id\":\"https:\/\/www.vkpbratislava.sk\/?p=24157\"},\"wordCount\":262,\"publisher\":{\"@id\":\"https:\/\/www.vkpbratislava.sk\/#organization\"},\"image\":{\"@id\":\"https:\/\/www.vkpbratislava.sk\/?p=24157#primaryimage\"},\"thumbnailUrl\":\"https:\/\/www.vkpbratislava.sk\/wp-content\/uploads\/2020\/09\/size-volleyball-court-ba-bc-domaincxaosaskcom-volleyball-715214093.jpg\",\"articleSection\":[\"Ml\u00e1de\u017e\"],\"inLanguage\":\"sk-SK\"},{\"@type\":\"WebPage\",\"@id\":\"https:\/\/www.vkpbratislava.sk\/?p=24157\",\"url\":\"https:\/\/www.vkpbratislava.sk\/?p=24157\",\"name\":\"Vyhl\u00e1senie ob\u010dianskeho zdru\u017eenia VKP Bratislava - VK SLOVAN Bratislava\",\"isPartOf\":{\"@id\":\"https:\/\/www.vkpbratislava.sk\/#website\"},\"primaryImageOfPage\":{\"@id\":\"https:\/\/www.vkpbratislava.sk\/?p=24157#primaryimage\"},\"image\":{\"@id\":\"https:\/\/www.vkpbratislava.sk\/?p=24157#primaryimage\"},\"thumbnailUrl\":\"https:\/\/www.vkpbratislava.sk\/wp-content\/uploads\/2020\/09\/size-volleyball-court-ba-bc-domaincxaosaskcom-volleyball-715214093.jpg\",\"datePublished\":\"2023-07-25T09:30:47+00:00\",\"breadcrumb\":{\"@id\":\"https:\/\/www.vkpbratislava.sk\/?p=24157#breadcrumb\"},\"inLanguage\":\"sk-SK\",\"potentialAction\":[{\"@type\":\"ReadAction\",\"target\":[\"https:\/\/www.vkpbratislava.sk\/?p=24157\"]}]},{\"@type\":\"ImageObject\",\"inLanguage\":\"sk-SK\",\"@id\":\"https:\/\/www.vkpbratislava.sk\/?p=24157#primaryimage\",\"url\":\"https:\/\/www.vkpbratislava.sk\/wp-content\/uploads\/2020\/09\/size-volleyball-court-ba-bc-domaincxaosaskcom-volleyball-715214093.jpg\",\"contentUrl\":\"https:\/\/www.vkpbratislava.sk\/wp-content\/uploads\/2020\/09\/size-volleyball-court-ba-bc-domaincxaosaskcom-volleyball-715214093.jpg\",\"width\":1400,\"height\":788},{\"@type\":\"BreadcrumbList\",\"@id\":\"https:\/\/www.vkpbratislava.sk\/?p=24157#breadcrumb\",\"itemListElement\":[{\"@type\":\"ListItem\",\"position\":1,\"name\":\"Domov\",\"item\":\"https:\/\/www.vkpbratislava.sk\/\"},{\"@type\":\"ListItem\",\"position\":2,\"name\":\"Vyhl\u00e1senie ob\u010dianskeho zdru\u017eenia VKP Bratislava\"}]},{\"@type\":\"WebSite\",\"@id\":\"https:\/\/www.vkpbratislava.sk\/#website\",\"url\":\"https:\/\/www.vkpbratislava.sk\/\",\"name\":\"VK SLOVAN Bratislava\",\"description\":\"Volejbalov\u00fd klub\",\"publisher\":{\"@id\":\"https:\/\/www.vkpbratislava.sk\/#organization\"},\"potentialAction\":[{\"@type\":\"SearchAction\",\"target\":{\"@type\":\"EntryPoint\",\"urlTemplate\":\"https:\/\/www.vkpbratislava.sk\/?s={search_term_string}\"},\"query-input\":{\"@type\":\"PropertyValueSpecification\",\"valueRequired\":true,\"valueName\":\"search_term_string\"}}],\"inLanguage\":\"sk-SK\"},{\"@type\":\"Organization\",\"@id\":\"https:\/\/www.vkpbratislava.sk\/#organization\",\"name\":\"VKP Bratislava\",\"url\":\"https:\/\/www.vkpbratislava.sk\/\",\"logo\":{\"@type\":\"ImageObject\",\"inLanguage\":\"sk-SK\",\"@id\":\"https:\/\/www.vkpbratislava.sk\/#\/schema\/logo\/image\/\",\"url\":\"https:\/\/www.vkpbratislava.sk\/wp-content\/uploads\/2020\/10\/vkpBA.png\",\"contentUrl\":\"https:\/\/www.vkpbratislava.sk\/wp-content\/uploads\/2020\/10\/vkpBA.png\",\"width\":600,\"height\":600,\"caption\":\"VKP Bratislava\"},\"image\":{\"@id\":\"https:\/\/www.vkpbratislava.sk\/#\/schema\/logo\/image\/\"}},{\"@type\":\"Person\",\"@id\":\"https:\/\/www.vkpbratislava.sk\/#\/schema\/person\/7037e769f9515aa58493d1b5852c4c50\",\"name\":\"jenca\",\"image\":{\"@type\":\"ImageObject\",\"inLanguage\":\"sk-SK\",\"@id\":\"https:\/\/www.vkpbratislava.sk\/#\/schema\/person\/image\/\",\"url\":\"https:\/\/secure.gravatar.com\/avatar\/67aa89e9aab2911bbd0c6fbf0a891ea8d80c207c9b6a6e2c96e13fc2f16e536d?s=96&d=mm&r=g\",\"contentUrl\":\"https:\/\/secure.gravatar.com\/avatar\/67aa89e9aab2911bbd0c6fbf0a891ea8d80c207c9b6a6e2c96e13fc2f16e536d?s=96&d=mm&r=g\",\"caption\":\"jenca\"},\"url\":\"https:\/\/www.vkpbratislava.sk\/?author=3\"}]}<\/script>\n<!-- \/ Yoast SEO plugin. -->","yoast_head_json":{"title":"Vyhl\u00e1senie ob\u010dianskeho zdru\u017eenia VKP Bratislava - VK SLOVAN Bratislava","robots":{"index":"index","follow":"follow","max-snippet":"max-snippet:-1","max-image-preview":"max-image-preview:large","max-video-preview":"max-video-preview:-1"},"canonical":"https:\/\/www.vkpbratislava.sk\/?p=24157","og_locale":"sk_SK","og_type":"article","og_title":"Vyhl\u00e1senie ob\u010dianskeho zdru\u017eenia VKP Bratislava - VK SLOVAN Bratislava","og_description":"STANOVISKO Spr\u00e1vnej rady Ob\u010dianskeho zdru\u017eenia Volejbalov\u00fd klub pol\u00edcie Bratislava Spr\u00e1vna rada Ob\u010dianskeho zdru\u017eenia \u201eVolejbalov\u00fd klub pol\u00edcie Bratislava\u201c prijala nasledovn\u00e9 stanovisko k\u00a0medializovan\u00fdm inform\u00e1ci\u00e1m v\u00a0dru\u017estve junioriek VKP Bratislava: Odmietame ak\u00e9ko\u013evek neslu\u0161n\u00e9, ur\u00e1\u017eliv\u00e9 a\u00a0dehonestuj\u00face formy spr\u00e1vania sa v\u00a0\u0161porte. Rovnako odmietame ak\u00e9ko\u013evek formy \u0161ikany a\u00a0sexu\u00e1lneho ob\u0165a\u017eovania v\u00a0\u0161porte a\u00a0nen\u00e1vistn\u00e9 prejavy na \u0161portovisku i\u00a0mimo neho. Sme plne s\u00fa\u010dinn\u00ed pri rie\u0161en\u00ed dan\u00e9ho...","og_url":"https:\/\/www.vkpbratislava.sk\/?p=24157","og_site_name":"VK SLOVAN Bratislava","article_published_time":"2023-07-25T09:30:47+00:00","og_image":[{"width":1400,"height":788,"url":"https:\/\/www.vkpbratislava.sk\/wp-content\/uploads\/2020\/09\/size-volleyball-court-ba-bc-domaincxaosaskcom-volleyball-715214093.jpg","type":"image\/jpeg"}],"author":"jenca","twitter_card":"summary_large_image","twitter_misc":{"Autor":"jenca","Predpokladan\u00fd \u010das \u010d\u00edtania":"1 min\u00fata"},"schema":{"@context":"https:\/\/schema.org","@graph":[{"@type":"Article","@id":"https:\/\/www.vkpbratislava.sk\/?p=24157#article","isPartOf":{"@id":"https:\/\/www.vkpbratislava.sk\/?p=24157"},"author":{"name":"jenca","@id":"https:\/\/www.vkpbratislava.sk\/#\/schema\/person\/7037e769f9515aa58493d1b5852c4c50"},"headline":"Vyhl\u00e1senie ob\u010dianskeho zdru\u017eenia VKP Bratislava","datePublished":"2023-07-25T09:30:47+00:00","mainEntityOfPage":{"@id":"https:\/\/www.vkpbratislava.sk\/?p=24157"},"wordCount":262,"publisher":{"@id":"https:\/\/www.vkpbratislava.sk\/#organization"},"image":{"@id":"https:\/\/www.vkpbratislava.sk\/?p=24157#primaryimage"},"thumbnailUrl":"https:\/\/www.vkpbratislava.sk\/wp-content\/uploads\/2020\/09\/size-volleyball-court-ba-bc-domaincxaosaskcom-volleyball-715214093.jpg","articleSection":["Ml\u00e1de\u017e"],"inLanguage":"sk-SK"},{"@type":"WebPage","@id":"https:\/\/www.vkpbratislava.sk\/?p=24157","url":"https:\/\/www.vkpbratislava.sk\/?p=24157","name":"Vyhl\u00e1senie ob\u010dianskeho zdru\u017eenia VKP Bratislava - VK SLOVAN Bratislava","isPartOf":{"@id":"https:\/\/www.vkpbratislava.sk\/#website"},"primaryImageOfPage":{"@id":"https:\/\/www.vkpbratislava.sk\/?p=24157#primaryimage"},"image":{"@id":"https:\/\/www.vkpbratislava.sk\/?p=24157#primaryimage"},"thumbnailUrl":"https:\/\/www.vkpbratislava.sk\/wp-content\/uploads\/2020\/09\/size-volleyball-court-ba-bc-domaincxaosaskcom-volleyball-715214093.jpg","datePublished":"2023-07-25T09:30:47+00:00","breadcrumb":{"@id":"https:\/\/www.vkpbratislava.sk\/?p=24157#breadcrumb"},"inLanguage":"sk-SK","potentialAction":[{"@type":"ReadAction","target":["https:\/\/www.vkpbratislava.sk\/?p=24157"]}]},{"@type":"ImageObject","inLanguage":"sk-SK","@id":"https:\/\/www.vkpbratislava.sk\/?p=24157#primaryimage","url":"https:\/\/www.vkpbratislava.sk\/wp-content\/uploads\/2020\/09\/size-volleyball-court-ba-bc-domaincxaosaskcom-volleyball-715214093.jpg","contentUrl":"https:\/\/www.vkpbratislava.sk\/wp-content\/uploads\/2020\/09\/size-volleyball-court-ba-bc-domaincxaosaskcom-volleyball-715214093.jpg","width":1400,"height":788},{"@type":"BreadcrumbList","@id":"https:\/\/www.vkpbratislava.sk\/?p=24157#breadcrumb","itemListElement":[{"@type":"ListItem","position":1,"name":"Domov","item":"https:\/\/www.vkpbratislava.sk\/"},{"@type":"ListItem","position":2,"name":"Vyhl\u00e1senie ob\u010dianskeho zdru\u017eenia VKP Bratislava"}]},{"@type":"WebSite","@id":"https:\/\/www.vkpbratislava.sk\/#website","url":"https:\/\/www.vkpbratislava.sk\/","name":"VK SLOVAN Bratislava","description":"Volejbalov\u00fd klub","publisher":{"@id":"https:\/\/www.vkpbratislava.sk\/#organization"},"potentialAction":[{"@type":"SearchAction","target":{"@type":"EntryPoint","urlTemplate":"https:\/\/www.vkpbratislava.sk\/?s={search_term_string}"},"query-input":{"@type":"PropertyValueSpecification","valueRequired":true,"valueName":"search_term_string"}}],"inLanguage":"sk-SK"},{"@type":"Organization","@id":"https:\/\/www.vkpbratislava.sk\/#organization","name":"VKP Bratislava","url":"https:\/\/www.vkpbratislava.sk\/","logo":{"@type":"ImageObject","inLanguage":"sk-SK","@id":"https:\/\/www.vkpbratislava.sk\/#\/schema\/logo\/image\/","url":"https:\/\/www.vkpbratislava.sk\/wp-content\/uploads\/2020\/10\/vkpBA.png","contentUrl":"https:\/\/www.vkpbratislava.sk\/wp-content\/uploads\/2020\/10\/vkpBA.png","width":600,"height":600,"caption":"VKP Bratislava"},"image":{"@id":"https:\/\/www.vkpbratislava.sk\/#\/schema\/logo\/image\/"}},{"@type":"Person","@id":"https:\/\/www.vkpbratislava.sk\/#\/schema\/person\/7037e769f9515aa58493d1b5852c4c50","name":"jenca","image":{"@type":"ImageObject","inLanguage":"sk-SK","@id":"https:\/\/www.vkpbratislava.sk\/#\/schema\/person\/image\/","url":"https:\/\/secure.gravatar.com\/avatar\/67aa89e9aab2911bbd0c6fbf0a891ea8d80c207c9b6a6e2c96e13fc2f16e536d?s=96&d=mm&r=g","contentUrl":"https:\/\/secure.gravatar.com\/avatar\/67aa89e9aab2911bbd0c6fbf0a891ea8d80c207c9b6a6e2c96e13fc2f16e536d?s=96&d=mm&r=g","caption":"jenca"},"url":"https:\/\/www.vkpbratislava.sk\/?author=3"}]}},"_links":{"self":[{"href":"https:\/\/www.vkpbratislava.sk\/index.php?rest_route=\/wp\/v2\/posts\/24157","targetHints":{"allow":["GET"]}}],"collection":[{"href":"https:\/\/www.vkpbratislava.sk\/index.php?rest_route=\/wp\/v2\/posts"}],"about":[{"href":"https:\/\/www.vkpbratislava.sk\/index.php?rest_route=\/wp\/v2\/types\/post"}],"author":[{"embeddable":true,"href":"https:\/\/www.vkpbratislava.sk\/index.php?rest_route=\/wp\/v2\/users\/3"}],"replies":[{"embeddable":true,"href":"https:\/\/www.vkpbratislava.sk\/index.php?rest_route=%2Fwp%2Fv2%2Fcomments&post=24157"}],"version-history":[{"count":1,"href":"https:\/\/www.vkpbratislava.sk\/index.php?rest_route=\/wp\/v2\/posts\/24157\/revisions"}],"predecessor-version":[{"id":24158,"href":"https:\/\/www.vkpbratislava.sk\/index.php?rest_route=\/wp\/v2\/posts\/24157\/revisions\/24158"}],"wp:featuredmedia":[{"embeddable":true,"href":"https:\/\/www.vkpbratislava.sk\/index.php?rest_route=\/wp\/v2\/media\/1898"}],"wp:attachment":[{"href":"https:\/\/www.vkpbratislava.sk\/index.php?rest_route=%2Fwp%2Fv2%2Fmedia&parent=24157"}],"wp:term":[{"taxonomy":"category","embeddable":true,"href":"https:\/\/www.vkpbratislava.sk\/index.php?rest_route=%2Fwp%2Fv2%2Fcategories&post=24157"},{"taxonomy":"post_tag","embeddable":true,"href":"https:\/\/www.vkpbratislava.sk\/index.php?rest_route=%2Fwp%2Fv2%2Ftags&post=24157"}],"curies":[{"name":"wp","href":"https:\/\/api.w.org\/{rel}","templated":true}]}}