{"id":24179,"date":"2023-08-08T20:11:56","date_gmt":"2023-08-08T18:11:56","guid":{"rendered":"https:\/\/www.vkpbratislava.sk\/?p=24179"},"modified":"2023-08-08T20:11:56","modified_gmt":"2023-08-08T18:11:56","slug":"z-ceska-prichadza-do-klubu-skuseny-smeciar","status":"publish","type":"post","link":"https:\/\/www.vkpbratislava.sk\/?p=24179","title":{"rendered":"Z\u00a0\u010ceska prich\u00e1dza do klubu sk\u00fasen\u00fd sme\u010diar"},"content":{"rendered":"<p><strong>VKP Bratislava sa dohodol na spolupr\u00e1ci s\u00a0b\u00fdval\u00fdm \u010desk\u00fdm reprezentantom, sk\u00fasen\u00fdm 33-ro\u010dn\u00fdm sme\u010diarom Dominikom Fo\u0159tom.<\/strong><\/p>\n<p>Fo\u0159t ochutnal ve\u013ek\u00fd volejbal v\u00a0Brne, odkia\u013e sa presunul do Ostravy, s\u00a0ktorou z\u00edskal v\u00a0roku 2013 majstrovsk\u00fd titul. P\u00e4\u0165 sez\u00f3n si odkr\u00fatil vo \u0160vaj\u010diarsku, postupne si obliekal dresy N\u00e4felsu, Amriswilu \u010di Luzernu, aby sa vr\u00e1til do Ostravy. Pred aktu\u00e1lnou sez\u00f3nou sa 190 cm vysok\u00fd sme\u010diar dohodol na zmluve s\u00a0VKP Bratislava. S\u00a0nov\u00fdmi spoluhr\u00e1\u010dmi u\u017e od\u0161tartoval aj pr\u00edpravu na nov\u00fa sez\u00f3nu. \u201eRokovania neboli \u00faplne jednoduch\u00e9. Kon\u010dil som v\u00a0Ostrave a\u00a0uva\u017eoval som nad t\u00fdm, \u010do \u010falej. Rodina \u017eije tu v\u00a0Bratislave, a\u00a0tak som mal z\u00e1ujem hra\u0165 tu, rovnako prejavil z\u00e1ujem aj klub. Dohodli sme sa na podmienkach a\u00a0som r\u00e1d, \u017ee m\u00f4\u017eem by\u0165 vo VKP,\u201c prezradil Dominik Fo\u0159t. Na s\u00faboje o\u00a0vrchn\u00e9 prie\u010dky v\u00a0tabu\u013eke je zvyknut\u00fd aj zo \u0160vaj\u010diarska, kde sa stal trikr\u00e1t vicemajstrom, v\u00a0n\u00e1rodnom poh\u00e1ri bol dvakr\u00e1t druh\u00fd a\u00a0raz ho vyhral. Na to by r\u00e1d nadviazal aj pri Dunaji, v\u00a0drese \u00faraduj\u00faceho slovensk\u00e9ho \u0161ampi\u00f3na. \u201eJe to trochu zodpovednos\u0165 op\u00e4\u0165 zopakova\u0165 \u00faspech z\u00a0predo\u0161lej sez\u00f3ny. VKP som sledoval sk\u00f4r v\u00fdsledkovo, z\u00e1pasy som nevidel. Bolo vidie\u0165, \u017ee je tu v\u00fdborn\u00e1 partia, ktor\u00e1 si sadla a\u00a0dok\u00e1zali z\u00edska\u0165 titul. Klob\u00fak dolu,\u201c doplnil Fo\u0159t. \u201eJe to ve\u013emi sk\u00fasen\u00fd hr\u00e1\u010d, ktor\u00fd odohral ve\u013ea sez\u00f3n v\u00a0zahrani\u010d\u00ed. M\u00f4\u017eeme ho pova\u017eova\u0165 za dom\u00e1ceho, ke\u010f\u017ee \u017eije v\u00a0Bratislave a\u00a0ver\u00edm, \u017ee bude pre na\u0161e mlad\u00e9 dru\u017estvo pr\u00ednosom nielen na ihrisku, ale aj v kab\u00edne,\u201c povedal tr\u00e9ner Robin P\u011blucha.<\/p>\n<p>&nbsp;<\/p>\n<p><img loading=\"lazy\" decoding=\"async\" class=\"alignnone size-medium wp-image-24181\" src=\"https:\/\/www.vkpbratislava.sk\/wp-content\/uploads\/2023\/08\/fort2-640x640.jpg\" alt=\"\" width=\"640\" height=\"640\" srcset=\"https:\/\/www.vkpbratislava.sk\/wp-content\/uploads\/2023\/08\/fort2-640x640.jpg 640w, https:\/\/www.vkpbratislava.sk\/wp-content\/uploads\/2023\/08\/fort2-160x160.jpg 160w, https:\/\/www.vkpbratislava.sk\/wp-content\/uploads\/2023\/08\/fort2-768x768.jpg 768w, https:\/\/www.vkpbratislava.sk\/wp-content\/uploads\/2023\/08\/fort2-320x320.jpg 320w, https:\/\/www.vkpbratislava.sk\/wp-content\/uploads\/2023\/08\/fort2-600x600.jpg 600w, https:\/\/www.vkpbratislava.sk\/wp-content\/uploads\/2023\/08\/fort2-100x100.jpg 100w, https:\/\/www.vkpbratislava.sk\/wp-content\/uploads\/2023\/08\/fort2.jpg 1200w\" sizes=\"auto, (max-width: 640px) 100vw, 640px\" \/><\/p>\n<p>&nbsp;<\/p>\n","protected":false},"excerpt":{"rendered":"<p>VKP Bratislava sa dohodol na spolupr\u00e1ci s\u00a0b\u00fdval\u00fdm \u010desk\u00fdm reprezentantom, sk\u00fasen\u00fdm 33-ro\u010dn\u00fdm sme\u010diarom Dominikom Fo\u0159tom. Fo\u0159t ochutnal ve\u013ek\u00fd volejbal v\u00a0Brne, odkia\u013e sa presunul do Ostravy, s\u00a0ktorou z\u00edskal v\u00a0roku 2013 majstrovsk\u00fd titul. P\u00e4\u0165 sez\u00f3n si odkr\u00fatil vo \u0160vaj\u010diarsku, postupne si obliekal dresy N\u00e4felsu, Amriswilu \u010di Luzernu, aby sa vr\u00e1til do Ostravy. Pred aktu\u00e1lnou sez\u00f3nou sa 190 cm&#8230;<\/p>\n","protected":false},"author":3,"featured_media":24182,"comment_status":"closed","ping_status":"closed","sticky":false,"template":"","format":"standard","meta":{"_monsterinsights_skip_tracking":false,"_monsterinsights_sitenote_active":false,"_monsterinsights_sitenote_note":"","_monsterinsights_sitenote_category":0,"footnotes":""},"categories":[1],"tags":[],"class_list":["post-24179","post","type-post","status-publish","format-standard","has-post-thumbnail","hentry","category-nezaradene"],"yoast_head":"<!-- This site is optimized with the Yoast SEO plugin v25.6 - https:\/\/yoast.com\/wordpress\/plugins\/seo\/ -->\n<title>Z\u00a0\u010ceska prich\u00e1dza do klubu sk\u00fasen\u00fd sme\u010diar - VK SLOVAN Bratislava<\/title>\n<meta name=\"robots\" content=\"index, follow, max-snippet:-1, max-image-preview:large, max-video-preview:-1\" \/>\n<link rel=\"canonical\" href=\"https:\/\/www.vkpbratislava.sk\/?p=24179\" \/>\n<meta property=\"og:locale\" content=\"sk_SK\" \/>\n<meta property=\"og:type\" content=\"article\" \/>\n<meta property=\"og:title\" content=\"Z\u00a0\u010ceska prich\u00e1dza do klubu sk\u00fasen\u00fd sme\u010diar - VK SLOVAN Bratislava\" \/>\n<meta property=\"og:description\" content=\"VKP Bratislava sa dohodol na spolupr\u00e1ci s\u00a0b\u00fdval\u00fdm \u010desk\u00fdm reprezentantom, sk\u00fasen\u00fdm 33-ro\u010dn\u00fdm sme\u010diarom Dominikom Fo\u0159tom. Fo\u0159t ochutnal ve\u013ek\u00fd volejbal v\u00a0Brne, odkia\u013e sa presunul do Ostravy, s\u00a0ktorou z\u00edskal v\u00a0roku 2013 majstrovsk\u00fd titul. P\u00e4\u0165 sez\u00f3n si odkr\u00fatil vo \u0160vaj\u010diarsku, postupne si obliekal dresy N\u00e4felsu, Amriswilu \u010di Luzernu, aby sa vr\u00e1til do Ostravy. Pred aktu\u00e1lnou sez\u00f3nou sa 190 cm...\" \/>\n<meta property=\"og:url\" content=\"https:\/\/www.vkpbratislava.sk\/?p=24179\" \/>\n<meta property=\"og:site_name\" content=\"VK SLOVAN Bratislava\" \/>\n<meta property=\"article:published_time\" content=\"2023-08-08T18:11:56+00:00\" \/>\n<meta property=\"og:image\" content=\"https:\/\/www.vkpbratislava.sk\/wp-content\/uploads\/2023\/08\/IMG_7891-2-scaled.jpg\" \/>\n\t<meta property=\"og:image:width\" content=\"2560\" \/>\n\t<meta property=\"og:image:height\" content=\"1920\" \/>\n\t<meta property=\"og:image:type\" content=\"image\/jpeg\" \/>\n<meta name=\"author\" content=\"jenca\" \/>\n<meta name=\"twitter:card\" content=\"summary_large_image\" \/>\n<meta name=\"twitter:label1\" content=\"Autor\" \/>\n\t<meta name=\"twitter:data1\" content=\"jenca\" \/>\n\t<meta name=\"twitter:label2\" content=\"Predpokladan\u00fd \u010das \u010d\u00edtania\" \/>\n\t<meta name=\"twitter:data2\" content=\"2 min\u00faty\" \/>\n<script type=\"application\/ld+json\" class=\"yoast-schema-graph\">{\"@context\":\"https:\/\/schema.org\",\"@graph\":[{\"@type\":\"Article\",\"@id\":\"https:\/\/www.vkpbratislava.sk\/?p=24179#article\",\"isPartOf\":{\"@id\":\"https:\/\/www.vkpbratislava.sk\/?p=24179\"},\"author\":{\"name\":\"jenca\",\"@id\":\"https:\/\/www.vkpbratislava.sk\/#\/schema\/person\/7037e769f9515aa58493d1b5852c4c50\"},\"headline\":\"Z\u00a0\u010ceska prich\u00e1dza do klubu sk\u00fasen\u00fd sme\u010diar\",\"datePublished\":\"2023-08-08T18:11:56+00:00\",\"mainEntityOfPage\":{\"@id\":\"https:\/\/www.vkpbratislava.sk\/?p=24179\"},\"wordCount\":322,\"publisher\":{\"@id\":\"https:\/\/www.vkpbratislava.sk\/#organization\"},\"image\":{\"@id\":\"https:\/\/www.vkpbratislava.sk\/?p=24179#primaryimage\"},\"thumbnailUrl\":\"https:\/\/www.vkpbratislava.sk\/wp-content\/uploads\/2023\/08\/IMG_7891-2-scaled.jpg\",\"inLanguage\":\"sk-SK\"},{\"@type\":\"WebPage\",\"@id\":\"https:\/\/www.vkpbratislava.sk\/?p=24179\",\"url\":\"https:\/\/www.vkpbratislava.sk\/?p=24179\",\"name\":\"Z\u00a0\u010ceska prich\u00e1dza do klubu sk\u00fasen\u00fd sme\u010diar - VK SLOVAN Bratislava\",\"isPartOf\":{\"@id\":\"https:\/\/www.vkpbratislava.sk\/#website\"},\"primaryImageOfPage\":{\"@id\":\"https:\/\/www.vkpbratislava.sk\/?p=24179#primaryimage\"},\"image\":{\"@id\":\"https:\/\/www.vkpbratislava.sk\/?p=24179#primaryimage\"},\"thumbnailUrl\":\"https:\/\/www.vkpbratislava.sk\/wp-content\/uploads\/2023\/08\/IMG_7891-2-scaled.jpg\",\"datePublished\":\"2023-08-08T18:11:56+00:00\",\"breadcrumb\":{\"@id\":\"https:\/\/www.vkpbratislava.sk\/?p=24179#breadcrumb\"},\"inLanguage\":\"sk-SK\",\"potentialAction\":[{\"@type\":\"ReadAction\",\"target\":[\"https:\/\/www.vkpbratislava.sk\/?p=24179\"]}]},{\"@type\":\"ImageObject\",\"inLanguage\":\"sk-SK\",\"@id\":\"https:\/\/www.vkpbratislava.sk\/?p=24179#primaryimage\",\"url\":\"https:\/\/www.vkpbratislava.sk\/wp-content\/uploads\/2023\/08\/IMG_7891-2-scaled.jpg\",\"contentUrl\":\"https:\/\/www.vkpbratislava.sk\/wp-content\/uploads\/2023\/08\/IMG_7891-2-scaled.jpg\",\"width\":2560,\"height\":1920},{\"@type\":\"BreadcrumbList\",\"@id\":\"https:\/\/www.vkpbratislava.sk\/?p=24179#breadcrumb\",\"itemListElement\":[{\"@type\":\"ListItem\",\"position\":1,\"name\":\"Domov\",\"item\":\"https:\/\/www.vkpbratislava.sk\/\"},{\"@type\":\"ListItem\",\"position\":2,\"name\":\"Z\u00a0\u010ceska prich\u00e1dza do klubu sk\u00fasen\u00fd sme\u010diar\"}]},{\"@type\":\"WebSite\",\"@id\":\"https:\/\/www.vkpbratislava.sk\/#website\",\"url\":\"https:\/\/www.vkpbratislava.sk\/\",\"name\":\"VK SLOVAN Bratislava\",\"description\":\"Volejbalov\u00fd klub\",\"publisher\":{\"@id\":\"https:\/\/www.vkpbratislava.sk\/#organization\"},\"potentialAction\":[{\"@type\":\"SearchAction\",\"target\":{\"@type\":\"EntryPoint\",\"urlTemplate\":\"https:\/\/www.vkpbratislava.sk\/?s={search_term_string}\"},\"query-input\":{\"@type\":\"PropertyValueSpecification\",\"valueRequired\":true,\"valueName\":\"search_term_string\"}}],\"inLanguage\":\"sk-SK\"},{\"@type\":\"Organization\",\"@id\":\"https:\/\/www.vkpbratislava.sk\/#organization\",\"name\":\"VKP Bratislava\",\"url\":\"https:\/\/www.vkpbratislava.sk\/\",\"logo\":{\"@type\":\"ImageObject\",\"inLanguage\":\"sk-SK\",\"@id\":\"https:\/\/www.vkpbratislava.sk\/#\/schema\/logo\/image\/\",\"url\":\"https:\/\/www.vkpbratislava.sk\/wp-content\/uploads\/2020\/10\/vkpBA.png\",\"contentUrl\":\"https:\/\/www.vkpbratislava.sk\/wp-content\/uploads\/2020\/10\/vkpBA.png\",\"width\":600,\"height\":600,\"caption\":\"VKP Bratislava\"},\"image\":{\"@id\":\"https:\/\/www.vkpbratislava.sk\/#\/schema\/logo\/image\/\"}},{\"@type\":\"Person\",\"@id\":\"https:\/\/www.vkpbratislava.sk\/#\/schema\/person\/7037e769f9515aa58493d1b5852c4c50\",\"name\":\"jenca\",\"image\":{\"@type\":\"ImageObject\",\"inLanguage\":\"sk-SK\",\"@id\":\"https:\/\/www.vkpbratislava.sk\/#\/schema\/person\/image\/\",\"url\":\"https:\/\/secure.gravatar.com\/avatar\/67aa89e9aab2911bbd0c6fbf0a891ea8d80c207c9b6a6e2c96e13fc2f16e536d?s=96&d=mm&r=g\",\"contentUrl\":\"https:\/\/secure.gravatar.com\/avatar\/67aa89e9aab2911bbd0c6fbf0a891ea8d80c207c9b6a6e2c96e13fc2f16e536d?s=96&d=mm&r=g\",\"caption\":\"jenca\"},\"url\":\"https:\/\/www.vkpbratislava.sk\/?author=3\"}]}<\/script>\n<!-- \/ Yoast SEO plugin. -->","yoast_head_json":{"title":"Z\u00a0\u010ceska prich\u00e1dza do klubu sk\u00fasen\u00fd sme\u010diar - VK SLOVAN Bratislava","robots":{"index":"index","follow":"follow","max-snippet":"max-snippet:-1","max-image-preview":"max-image-preview:large","max-video-preview":"max-video-preview:-1"},"canonical":"https:\/\/www.vkpbratislava.sk\/?p=24179","og_locale":"sk_SK","og_type":"article","og_title":"Z\u00a0\u010ceska prich\u00e1dza do klubu sk\u00fasen\u00fd sme\u010diar - VK SLOVAN Bratislava","og_description":"VKP Bratislava sa dohodol na spolupr\u00e1ci s\u00a0b\u00fdval\u00fdm \u010desk\u00fdm reprezentantom, sk\u00fasen\u00fdm 33-ro\u010dn\u00fdm sme\u010diarom Dominikom Fo\u0159tom. Fo\u0159t ochutnal ve\u013ek\u00fd volejbal v\u00a0Brne, odkia\u013e sa presunul do Ostravy, s\u00a0ktorou z\u00edskal v\u00a0roku 2013 majstrovsk\u00fd titul. P\u00e4\u0165 sez\u00f3n si odkr\u00fatil vo \u0160vaj\u010diarsku, postupne si obliekal dresy N\u00e4felsu, Amriswilu \u010di Luzernu, aby sa vr\u00e1til do Ostravy. Pred aktu\u00e1lnou sez\u00f3nou sa 190 cm...","og_url":"https:\/\/www.vkpbratislava.sk\/?p=24179","og_site_name":"VK SLOVAN Bratislava","article_published_time":"2023-08-08T18:11:56+00:00","og_image":[{"width":2560,"height":1920,"url":"https:\/\/www.vkpbratislava.sk\/wp-content\/uploads\/2023\/08\/IMG_7891-2-scaled.jpg","type":"image\/jpeg"}],"author":"jenca","twitter_card":"summary_large_image","twitter_misc":{"Autor":"jenca","Predpokladan\u00fd \u010das \u010d\u00edtania":"2 min\u00faty"},"schema":{"@context":"https:\/\/schema.org","@graph":[{"@type":"Article","@id":"https:\/\/www.vkpbratislava.sk\/?p=24179#article","isPartOf":{"@id":"https:\/\/www.vkpbratislava.sk\/?p=24179"},"author":{"name":"jenca","@id":"https:\/\/www.vkpbratislava.sk\/#\/schema\/person\/7037e769f9515aa58493d1b5852c4c50"},"headline":"Z\u00a0\u010ceska prich\u00e1dza do klubu sk\u00fasen\u00fd sme\u010diar","datePublished":"2023-08-08T18:11:56+00:00","mainEntityOfPage":{"@id":"https:\/\/www.vkpbratislava.sk\/?p=24179"},"wordCount":322,"publisher":{"@id":"https:\/\/www.vkpbratislava.sk\/#organization"},"image":{"@id":"https:\/\/www.vkpbratislava.sk\/?p=24179#primaryimage"},"thumbnailUrl":"https:\/\/www.vkpbratislava.sk\/wp-content\/uploads\/2023\/08\/IMG_7891-2-scaled.jpg","inLanguage":"sk-SK"},{"@type":"WebPage","@id":"https:\/\/www.vkpbratislava.sk\/?p=24179","url":"https:\/\/www.vkpbratislava.sk\/?p=24179","name":"Z\u00a0\u010ceska prich\u00e1dza do klubu sk\u00fasen\u00fd sme\u010diar - VK SLOVAN Bratislava","isPartOf":{"@id":"https:\/\/www.vkpbratislava.sk\/#website"},"primaryImageOfPage":{"@id":"https:\/\/www.vkpbratislava.sk\/?p=24179#primaryimage"},"image":{"@id":"https:\/\/www.vkpbratislava.sk\/?p=24179#primaryimage"},"thumbnailUrl":"https:\/\/www.vkpbratislava.sk\/wp-content\/uploads\/2023\/08\/IMG_7891-2-scaled.jpg","datePublished":"2023-08-08T18:11:56+00:00","breadcrumb":{"@id":"https:\/\/www.vkpbratislava.sk\/?p=24179#breadcrumb"},"inLanguage":"sk-SK","potentialAction":[{"@type":"ReadAction","target":["https:\/\/www.vkpbratislava.sk\/?p=24179"]}]},{"@type":"ImageObject","inLanguage":"sk-SK","@id":"https:\/\/www.vkpbratislava.sk\/?p=24179#primaryimage","url":"https:\/\/www.vkpbratislava.sk\/wp-content\/uploads\/2023\/08\/IMG_7891-2-scaled.jpg","contentUrl":"https:\/\/www.vkpbratislava.sk\/wp-content\/uploads\/2023\/08\/IMG_7891-2-scaled.jpg","width":2560,"height":1920},{"@type":"BreadcrumbList","@id":"https:\/\/www.vkpbratislava.sk\/?p=24179#breadcrumb","itemListElement":[{"@type":"ListItem","position":1,"name":"Domov","item":"https:\/\/www.vkpbratislava.sk\/"},{"@type":"ListItem","position":2,"name":"Z\u00a0\u010ceska prich\u00e1dza do klubu sk\u00fasen\u00fd sme\u010diar"}]},{"@type":"WebSite","@id":"https:\/\/www.vkpbratislava.sk\/#website","url":"https:\/\/www.vkpbratislava.sk\/","name":"VK SLOVAN Bratislava","description":"Volejbalov\u00fd klub","publisher":{"@id":"https:\/\/www.vkpbratislava.sk\/#organization"},"potentialAction":[{"@type":"SearchAction","target":{"@type":"EntryPoint","urlTemplate":"https:\/\/www.vkpbratislava.sk\/?s={search_term_string}"},"query-input":{"@type":"PropertyValueSpecification","valueRequired":true,"valueName":"search_term_string"}}],"inLanguage":"sk-SK"},{"@type":"Organization","@id":"https:\/\/www.vkpbratislava.sk\/#organization","name":"VKP Bratislava","url":"https:\/\/www.vkpbratislava.sk\/","logo":{"@type":"ImageObject","inLanguage":"sk-SK","@id":"https:\/\/www.vkpbratislava.sk\/#\/schema\/logo\/image\/","url":"https:\/\/www.vkpbratislava.sk\/wp-content\/uploads\/2020\/10\/vkpBA.png","contentUrl":"https:\/\/www.vkpbratislava.sk\/wp-content\/uploads\/2020\/10\/vkpBA.png","width":600,"height":600,"caption":"VKP Bratislava"},"image":{"@id":"https:\/\/www.vkpbratislava.sk\/#\/schema\/logo\/image\/"}},{"@type":"Person","@id":"https:\/\/www.vkpbratislava.sk\/#\/schema\/person\/7037e769f9515aa58493d1b5852c4c50","name":"jenca","image":{"@type":"ImageObject","inLanguage":"sk-SK","@id":"https:\/\/www.vkpbratislava.sk\/#\/schema\/person\/image\/","url":"https:\/\/secure.gravatar.com\/avatar\/67aa89e9aab2911bbd0c6fbf0a891ea8d80c207c9b6a6e2c96e13fc2f16e536d?s=96&d=mm&r=g","contentUrl":"https:\/\/secure.gravatar.com\/avatar\/67aa89e9aab2911bbd0c6fbf0a891ea8d80c207c9b6a6e2c96e13fc2f16e536d?s=96&d=mm&r=g","caption":"jenca"},"url":"https:\/\/www.vkpbratislava.sk\/?author=3"}]}},"_links":{"self":[{"href":"https:\/\/www.vkpbratislava.sk\/index.php?rest_route=\/wp\/v2\/posts\/24179","targetHints":{"allow":["GET"]}}],"collection":[{"href":"https:\/\/www.vkpbratislava.sk\/index.php?rest_route=\/wp\/v2\/posts"}],"about":[{"href":"https:\/\/www.vkpbratislava.sk\/index.php?rest_route=\/wp\/v2\/types\/post"}],"author":[{"embeddable":true,"href":"https:\/\/www.vkpbratislava.sk\/index.php?rest_route=\/wp\/v2\/users\/3"}],"replies":[{"embeddable":true,"href":"https:\/\/www.vkpbratislava.sk\/index.php?rest_route=%2Fwp%2Fv2%2Fcomments&post=24179"}],"version-history":[{"count":1,"href":"https:\/\/www.vkpbratislava.sk\/index.php?rest_route=\/wp\/v2\/posts\/24179\/revisions"}],"predecessor-version":[{"id":24183,"href":"https:\/\/www.vkpbratislava.sk\/index.php?rest_route=\/wp\/v2\/posts\/24179\/revisions\/24183"}],"wp:featuredmedia":[{"embeddable":true,"href":"https:\/\/www.vkpbratislava.sk\/index.php?rest_route=\/wp\/v2\/media\/24182"}],"wp:attachment":[{"href":"https:\/\/www.vkpbratislava.sk\/index.php?rest_route=%2Fwp%2Fv2%2Fmedia&parent=24179"}],"wp:term":[{"taxonomy":"category","embeddable":true,"href":"https:\/\/www.vkpbratislava.sk\/index.php?rest_route=%2Fwp%2Fv2%2Fcategories&post=24179"},{"taxonomy":"post_tag","embeddable":true,"href":"https:\/\/www.vkpbratislava.sk\/index.php?rest_route=%2Fwp%2Fv2%2Ftags&post=24179"}],"curies":[{"name":"wp","href":"https:\/\/api.w.org\/{rel}","templated":true}]}}