{"id":24184,"date":"2023-08-15T14:14:20","date_gmt":"2023-08-15T12:14:20","guid":{"rendered":"https:\/\/www.vkpbratislava.sk\/?p=24184"},"modified":"2023-08-15T14:14:20","modified_gmt":"2023-08-15T12:14:20","slug":"nahravac-emil-gabko-posilou-vkp-bratislava","status":"publish","type":"post","link":"https:\/\/www.vkpbratislava.sk\/?p=24184","title":{"rendered":"Nahr\u00e1va\u010d Emil Gabko posilou VKP Bratislava"},"content":{"rendered":"<p><strong>Novou tv\u00e1rou v\u00a0drese VKP Bratislava bude aj mlad\u00fd nahr\u00e1va\u010d Emil Gabko. Dvadsa\u0165ro\u010dn\u00fd rod\u00e1k z\u00a0P\u00fachova vyplnil miesto v t\u00edme po kapit\u00e1novi Mat\u00fa\u0161ovi Jaloveckom, ktor\u00fd zamieril do Nemecka.<\/strong><\/p>\n<p>Na nahr\u00e1va\u010dskom poste bude zbiera\u0165 cenn\u00e9 sk\u00fasenosti od rekord\u00e9ra v\u00a0po\u010dte \u0161tartov za reprezent\u00e1ciu Juraja Za\u0165ka, ktor\u00fd bude takisto v\u00a0k\u00e1dri \u201epolicajtov\u201c v\u00a0novej sez\u00f3ne. Dvojicu Za\u0165ko &#8211; Gabko tie\u017e dopln\u00ed v\u00fdtvor na\u0161ej dom\u00e1cej liahne Matej Michalica. Gabko v\u00a0minulej sez\u00f3ne p\u00f4sobil v\u00a0Kom\u00e1rne, juniorsk\u00e9 majstrovstv\u00e1 Slovenska absolvoval v\u00a0drese domovsk\u00e9ho P\u00fachova. \u201eKontakt s\u00a0VKP za\u010dal po majstrovstv\u00e1ch Slovenska juniorov, ktor\u00e9 sa n\u00e1m celkom vydarili. Som ve\u013emi r\u00e1d, \u017ee pri\u0161la ponuka z\u00a0Bratislavy a\u00a0ver\u00edm, \u017ee nadvia\u017eeme s\u00a0chalanmi na minuloro\u010dn\u00fa sez\u00f3nu, ke\u010f z\u00edskali titul a\u00a0budeme dosahova\u0165 v\u00fdborn\u00e9 v\u00fdsledky,\u201c prezradil mlad\u00fd nahr\u00e1va\u010d Emil Gabko. \u201eAj v\u00a0drese Kom\u00e1rna boli z\u00e1pasy s\u00a0VKP ve\u013emi zauj\u00edmav\u00e9 a\u00a0n\u00e1ro\u010dn\u00e9. Teraz, ke\u010f som u\u017e vo VKP, ver\u00edm, \u017ee budeme my na palubovke dominantnej\u0161\u00ed,\u201c za\u017eelal si Gabko.<\/p>\n<p>A\u00a0ako vid\u00ed mlad\u00fa posilu tr\u00e9ner Robin P\u011blucha? \u201ePo odchode Mat\u00fa\u0161a Jaloveck\u00e9ho sme potrebovali zapl\u00e1ta\u0165 dieru na nahr\u00e1va\u010dskom poste. Som r\u00e1d, \u017ee s\u00a0nami pokra\u010duje Juraj Za\u0165ko a\u00a0Emil Gabko m\u00f4\u017ee pri \u0148om nazbiera\u0165 cenn\u00e9 sk\u00fasenosti. Sez\u00f3na je dlh\u00e1, ka\u017ed\u00fd ur\u010dite dostane \u0161ancu,\u201c uviedol kou\u010d majstrovsk\u00e9ho t\u00edmu.<\/p>\n<p><img loading=\"lazy\" decoding=\"async\" class=\"alignnone size-medium wp-image-24185\" src=\"https:\/\/www.vkpbratislava.sk\/wp-content\/uploads\/2023\/08\/fotor_2023-8-8_20_7_56-fotor-20230815134618-640x640.jpg\" alt=\"\" width=\"640\" height=\"640\" srcset=\"https:\/\/www.vkpbratislava.sk\/wp-content\/uploads\/2023\/08\/fotor_2023-8-8_20_7_56-fotor-20230815134618-640x640.jpg 640w, https:\/\/www.vkpbratislava.sk\/wp-content\/uploads\/2023\/08\/fotor_2023-8-8_20_7_56-fotor-20230815134618-160x160.jpg 160w, https:\/\/www.vkpbratislava.sk\/wp-content\/uploads\/2023\/08\/fotor_2023-8-8_20_7_56-fotor-20230815134618-768x768.jpg 768w, https:\/\/www.vkpbratislava.sk\/wp-content\/uploads\/2023\/08\/fotor_2023-8-8_20_7_56-fotor-20230815134618-320x320.jpg 320w, https:\/\/www.vkpbratislava.sk\/wp-content\/uploads\/2023\/08\/fotor_2023-8-8_20_7_56-fotor-20230815134618-600x600.jpg 600w, https:\/\/www.vkpbratislava.sk\/wp-content\/uploads\/2023\/08\/fotor_2023-8-8_20_7_56-fotor-20230815134618-100x100.jpg 100w, https:\/\/www.vkpbratislava.sk\/wp-content\/uploads\/2023\/08\/fotor_2023-8-8_20_7_56-fotor-20230815134618.jpg 1200w\" sizes=\"auto, (max-width: 640px) 100vw, 640px\" \/><\/p>\n","protected":false},"excerpt":{"rendered":"<p>Novou tv\u00e1rou v\u00a0drese VKP Bratislava bude aj mlad\u00fd nahr\u00e1va\u010d Emil Gabko. Dvadsa\u0165ro\u010dn\u00fd rod\u00e1k z\u00a0P\u00fachova vyplnil miesto v t\u00edme po kapit\u00e1novi Mat\u00fa\u0161ovi Jaloveckom, ktor\u00fd zamieril do Nemecka.<\/p>\n","protected":false},"author":3,"featured_media":24186,"comment_status":"closed","ping_status":"closed","sticky":false,"template":"","format":"standard","meta":{"_monsterinsights_skip_tracking":false,"_monsterinsights_sitenote_active":false,"_monsterinsights_sitenote_note":"","_monsterinsights_sitenote_category":0,"footnotes":""},"categories":[47],"tags":[],"class_list":["post-24184","post","type-post","status-publish","format-standard","has-post-thumbnail","hentry","category-muzi"],"yoast_head":"<!-- This site is optimized with the Yoast SEO plugin v25.6 - https:\/\/yoast.com\/wordpress\/plugins\/seo\/ -->\n<title>Nahr\u00e1va\u010d Emil Gabko posilou VKP Bratislava - VK SLOVAN Bratislava<\/title>\n<meta name=\"description\" content=\"Novou tv\u00e1rou v\u00a0drese VKP Bratislava bude aj mlad\u00fd nahr\u00e1va\u010d Emil Gabko. Dvadsa\u0165ro\u010dn\u00fd rod\u00e1k z\u00a0P\u00fachova vyplnil miesto v t\u00edme po kapit\u00e1novi Mat\u00fa\u0161ovi Jaloveckom, ktor\u00fd zamieril do Nemecka.\" \/>\n<meta name=\"robots\" content=\"index, follow, max-snippet:-1, max-image-preview:large, max-video-preview:-1\" \/>\n<link rel=\"canonical\" href=\"https:\/\/www.vkpbratislava.sk\/?p=24184\" \/>\n<meta property=\"og:locale\" content=\"sk_SK\" \/>\n<meta property=\"og:type\" content=\"article\" \/>\n<meta property=\"og:title\" content=\"Nahr\u00e1va\u010d Emil Gabko posilou VKP Bratislava - VK SLOVAN Bratislava\" \/>\n<meta property=\"og:description\" content=\"Novou tv\u00e1rou v\u00a0drese VKP Bratislava bude aj mlad\u00fd nahr\u00e1va\u010d Emil Gabko. Dvadsa\u0165ro\u010dn\u00fd rod\u00e1k z\u00a0P\u00fachova vyplnil miesto v t\u00edme po kapit\u00e1novi Mat\u00fa\u0161ovi Jaloveckom, ktor\u00fd zamieril do Nemecka.\" \/>\n<meta property=\"og:url\" content=\"https:\/\/www.vkpbratislava.sk\/?p=24184\" \/>\n<meta property=\"og:site_name\" content=\"VK SLOVAN Bratislava\" \/>\n<meta property=\"article:published_time\" content=\"2023-08-15T12:14:20+00:00\" \/>\n<meta property=\"og:image\" content=\"https:\/\/www.vkpbratislava.sk\/wp-content\/uploads\/2023\/08\/IMG_7894-2-scaled.jpg\" \/>\n\t<meta property=\"og:image:width\" content=\"2560\" \/>\n\t<meta property=\"og:image:height\" content=\"1920\" \/>\n\t<meta property=\"og:image:type\" content=\"image\/jpeg\" \/>\n<meta name=\"author\" content=\"jenca\" \/>\n<meta name=\"twitter:card\" content=\"summary_large_image\" \/>\n<meta name=\"twitter:label1\" content=\"Autor\" \/>\n\t<meta name=\"twitter:data1\" content=\"jenca\" \/>\n\t<meta name=\"twitter:label2\" content=\"Predpokladan\u00fd \u010das \u010d\u00edtania\" \/>\n\t<meta name=\"twitter:data2\" content=\"2 min\u00faty\" \/>\n<script type=\"application\/ld+json\" class=\"yoast-schema-graph\">{\"@context\":\"https:\/\/schema.org\",\"@graph\":[{\"@type\":\"Article\",\"@id\":\"https:\/\/www.vkpbratislava.sk\/?p=24184#article\",\"isPartOf\":{\"@id\":\"https:\/\/www.vkpbratislava.sk\/?p=24184\"},\"author\":{\"name\":\"jenca\",\"@id\":\"https:\/\/www.vkpbratislava.sk\/#\/schema\/person\/7037e769f9515aa58493d1b5852c4c50\"},\"headline\":\"Nahr\u00e1va\u010d Emil Gabko posilou VKP Bratislava\",\"datePublished\":\"2023-08-15T12:14:20+00:00\",\"mainEntityOfPage\":{\"@id\":\"https:\/\/www.vkpbratislava.sk\/?p=24184\"},\"wordCount\":271,\"publisher\":{\"@id\":\"https:\/\/www.vkpbratislava.sk\/#organization\"},\"image\":{\"@id\":\"https:\/\/www.vkpbratislava.sk\/?p=24184#primaryimage\"},\"thumbnailUrl\":\"https:\/\/www.vkpbratislava.sk\/wp-content\/uploads\/2023\/08\/IMG_7894-2-scaled.jpg\",\"articleSection\":[\"Mu\u017ei\"],\"inLanguage\":\"sk-SK\"},{\"@type\":\"WebPage\",\"@id\":\"https:\/\/www.vkpbratislava.sk\/?p=24184\",\"url\":\"https:\/\/www.vkpbratislava.sk\/?p=24184\",\"name\":\"Nahr\u00e1va\u010d Emil Gabko posilou VKP Bratislava - VK SLOVAN Bratislava\",\"isPartOf\":{\"@id\":\"https:\/\/www.vkpbratislava.sk\/#website\"},\"primaryImageOfPage\":{\"@id\":\"https:\/\/www.vkpbratislava.sk\/?p=24184#primaryimage\"},\"image\":{\"@id\":\"https:\/\/www.vkpbratislava.sk\/?p=24184#primaryimage\"},\"thumbnailUrl\":\"https:\/\/www.vkpbratislava.sk\/wp-content\/uploads\/2023\/08\/IMG_7894-2-scaled.jpg\",\"datePublished\":\"2023-08-15T12:14:20+00:00\",\"description\":\"Novou tv\u00e1rou v\u00a0drese VKP Bratislava bude aj mlad\u00fd nahr\u00e1va\u010d Emil Gabko. Dvadsa\u0165ro\u010dn\u00fd rod\u00e1k z\u00a0P\u00fachova vyplnil miesto v t\u00edme po kapit\u00e1novi Mat\u00fa\u0161ovi Jaloveckom, ktor\u00fd zamieril do Nemecka.\",\"breadcrumb\":{\"@id\":\"https:\/\/www.vkpbratislava.sk\/?p=24184#breadcrumb\"},\"inLanguage\":\"sk-SK\",\"potentialAction\":[{\"@type\":\"ReadAction\",\"target\":[\"https:\/\/www.vkpbratislava.sk\/?p=24184\"]}]},{\"@type\":\"ImageObject\",\"inLanguage\":\"sk-SK\",\"@id\":\"https:\/\/www.vkpbratislava.sk\/?p=24184#primaryimage\",\"url\":\"https:\/\/www.vkpbratislava.sk\/wp-content\/uploads\/2023\/08\/IMG_7894-2-scaled.jpg\",\"contentUrl\":\"https:\/\/www.vkpbratislava.sk\/wp-content\/uploads\/2023\/08\/IMG_7894-2-scaled.jpg\",\"width\":2560,\"height\":1920},{\"@type\":\"BreadcrumbList\",\"@id\":\"https:\/\/www.vkpbratislava.sk\/?p=24184#breadcrumb\",\"itemListElement\":[{\"@type\":\"ListItem\",\"position\":1,\"name\":\"Domov\",\"item\":\"https:\/\/www.vkpbratislava.sk\/\"},{\"@type\":\"ListItem\",\"position\":2,\"name\":\"Nahr\u00e1va\u010d Emil Gabko posilou VKP Bratislava\"}]},{\"@type\":\"WebSite\",\"@id\":\"https:\/\/www.vkpbratislava.sk\/#website\",\"url\":\"https:\/\/www.vkpbratislava.sk\/\",\"name\":\"VK SLOVAN Bratislava\",\"description\":\"Volejbalov\u00fd klub\",\"publisher\":{\"@id\":\"https:\/\/www.vkpbratislava.sk\/#organization\"},\"potentialAction\":[{\"@type\":\"SearchAction\",\"target\":{\"@type\":\"EntryPoint\",\"urlTemplate\":\"https:\/\/www.vkpbratislava.sk\/?s={search_term_string}\"},\"query-input\":{\"@type\":\"PropertyValueSpecification\",\"valueRequired\":true,\"valueName\":\"search_term_string\"}}],\"inLanguage\":\"sk-SK\"},{\"@type\":\"Organization\",\"@id\":\"https:\/\/www.vkpbratislava.sk\/#organization\",\"name\":\"VKP Bratislava\",\"url\":\"https:\/\/www.vkpbratislava.sk\/\",\"logo\":{\"@type\":\"ImageObject\",\"inLanguage\":\"sk-SK\",\"@id\":\"https:\/\/www.vkpbratislava.sk\/#\/schema\/logo\/image\/\",\"url\":\"https:\/\/www.vkpbratislava.sk\/wp-content\/uploads\/2020\/10\/vkpBA.png\",\"contentUrl\":\"https:\/\/www.vkpbratislava.sk\/wp-content\/uploads\/2020\/10\/vkpBA.png\",\"width\":600,\"height\":600,\"caption\":\"VKP Bratislava\"},\"image\":{\"@id\":\"https:\/\/www.vkpbratislava.sk\/#\/schema\/logo\/image\/\"}},{\"@type\":\"Person\",\"@id\":\"https:\/\/www.vkpbratislava.sk\/#\/schema\/person\/7037e769f9515aa58493d1b5852c4c50\",\"name\":\"jenca\",\"image\":{\"@type\":\"ImageObject\",\"inLanguage\":\"sk-SK\",\"@id\":\"https:\/\/www.vkpbratislava.sk\/#\/schema\/person\/image\/\",\"url\":\"https:\/\/secure.gravatar.com\/avatar\/67aa89e9aab2911bbd0c6fbf0a891ea8d80c207c9b6a6e2c96e13fc2f16e536d?s=96&d=mm&r=g\",\"contentUrl\":\"https:\/\/secure.gravatar.com\/avatar\/67aa89e9aab2911bbd0c6fbf0a891ea8d80c207c9b6a6e2c96e13fc2f16e536d?s=96&d=mm&r=g\",\"caption\":\"jenca\"},\"url\":\"https:\/\/www.vkpbratislava.sk\/?author=3\"}]}<\/script>\n<!-- \/ Yoast SEO plugin. -->","yoast_head_json":{"title":"Nahr\u00e1va\u010d Emil Gabko posilou VKP Bratislava - VK SLOVAN Bratislava","description":"Novou tv\u00e1rou v\u00a0drese VKP Bratislava bude aj mlad\u00fd nahr\u00e1va\u010d Emil Gabko. Dvadsa\u0165ro\u010dn\u00fd rod\u00e1k z\u00a0P\u00fachova vyplnil miesto v t\u00edme po kapit\u00e1novi Mat\u00fa\u0161ovi Jaloveckom, ktor\u00fd zamieril do Nemecka.","robots":{"index":"index","follow":"follow","max-snippet":"max-snippet:-1","max-image-preview":"max-image-preview:large","max-video-preview":"max-video-preview:-1"},"canonical":"https:\/\/www.vkpbratislava.sk\/?p=24184","og_locale":"sk_SK","og_type":"article","og_title":"Nahr\u00e1va\u010d Emil Gabko posilou VKP Bratislava - VK SLOVAN Bratislava","og_description":"Novou tv\u00e1rou v\u00a0drese VKP Bratislava bude aj mlad\u00fd nahr\u00e1va\u010d Emil Gabko. Dvadsa\u0165ro\u010dn\u00fd rod\u00e1k z\u00a0P\u00fachova vyplnil miesto v t\u00edme po kapit\u00e1novi Mat\u00fa\u0161ovi Jaloveckom, ktor\u00fd zamieril do Nemecka.","og_url":"https:\/\/www.vkpbratislava.sk\/?p=24184","og_site_name":"VK SLOVAN Bratislava","article_published_time":"2023-08-15T12:14:20+00:00","og_image":[{"width":2560,"height":1920,"url":"https:\/\/www.vkpbratislava.sk\/wp-content\/uploads\/2023\/08\/IMG_7894-2-scaled.jpg","type":"image\/jpeg"}],"author":"jenca","twitter_card":"summary_large_image","twitter_misc":{"Autor":"jenca","Predpokladan\u00fd \u010das \u010d\u00edtania":"2 min\u00faty"},"schema":{"@context":"https:\/\/schema.org","@graph":[{"@type":"Article","@id":"https:\/\/www.vkpbratislava.sk\/?p=24184#article","isPartOf":{"@id":"https:\/\/www.vkpbratislava.sk\/?p=24184"},"author":{"name":"jenca","@id":"https:\/\/www.vkpbratislava.sk\/#\/schema\/person\/7037e769f9515aa58493d1b5852c4c50"},"headline":"Nahr\u00e1va\u010d Emil Gabko posilou VKP Bratislava","datePublished":"2023-08-15T12:14:20+00:00","mainEntityOfPage":{"@id":"https:\/\/www.vkpbratislava.sk\/?p=24184"},"wordCount":271,"publisher":{"@id":"https:\/\/www.vkpbratislava.sk\/#organization"},"image":{"@id":"https:\/\/www.vkpbratislava.sk\/?p=24184#primaryimage"},"thumbnailUrl":"https:\/\/www.vkpbratislava.sk\/wp-content\/uploads\/2023\/08\/IMG_7894-2-scaled.jpg","articleSection":["Mu\u017ei"],"inLanguage":"sk-SK"},{"@type":"WebPage","@id":"https:\/\/www.vkpbratislava.sk\/?p=24184","url":"https:\/\/www.vkpbratislava.sk\/?p=24184","name":"Nahr\u00e1va\u010d Emil Gabko posilou VKP Bratislava - VK SLOVAN Bratislava","isPartOf":{"@id":"https:\/\/www.vkpbratislava.sk\/#website"},"primaryImageOfPage":{"@id":"https:\/\/www.vkpbratislava.sk\/?p=24184#primaryimage"},"image":{"@id":"https:\/\/www.vkpbratislava.sk\/?p=24184#primaryimage"},"thumbnailUrl":"https:\/\/www.vkpbratislava.sk\/wp-content\/uploads\/2023\/08\/IMG_7894-2-scaled.jpg","datePublished":"2023-08-15T12:14:20+00:00","description":"Novou tv\u00e1rou v\u00a0drese VKP Bratislava bude aj mlad\u00fd nahr\u00e1va\u010d Emil Gabko. Dvadsa\u0165ro\u010dn\u00fd rod\u00e1k z\u00a0P\u00fachova vyplnil miesto v t\u00edme po kapit\u00e1novi Mat\u00fa\u0161ovi Jaloveckom, ktor\u00fd zamieril do Nemecka.","breadcrumb":{"@id":"https:\/\/www.vkpbratislava.sk\/?p=24184#breadcrumb"},"inLanguage":"sk-SK","potentialAction":[{"@type":"ReadAction","target":["https:\/\/www.vkpbratislava.sk\/?p=24184"]}]},{"@type":"ImageObject","inLanguage":"sk-SK","@id":"https:\/\/www.vkpbratislava.sk\/?p=24184#primaryimage","url":"https:\/\/www.vkpbratislava.sk\/wp-content\/uploads\/2023\/08\/IMG_7894-2-scaled.jpg","contentUrl":"https:\/\/www.vkpbratislava.sk\/wp-content\/uploads\/2023\/08\/IMG_7894-2-scaled.jpg","width":2560,"height":1920},{"@type":"BreadcrumbList","@id":"https:\/\/www.vkpbratislava.sk\/?p=24184#breadcrumb","itemListElement":[{"@type":"ListItem","position":1,"name":"Domov","item":"https:\/\/www.vkpbratislava.sk\/"},{"@type":"ListItem","position":2,"name":"Nahr\u00e1va\u010d Emil Gabko posilou VKP Bratislava"}]},{"@type":"WebSite","@id":"https:\/\/www.vkpbratislava.sk\/#website","url":"https:\/\/www.vkpbratislava.sk\/","name":"VK SLOVAN Bratislava","description":"Volejbalov\u00fd klub","publisher":{"@id":"https:\/\/www.vkpbratislava.sk\/#organization"},"potentialAction":[{"@type":"SearchAction","target":{"@type":"EntryPoint","urlTemplate":"https:\/\/www.vkpbratislava.sk\/?s={search_term_string}"},"query-input":{"@type":"PropertyValueSpecification","valueRequired":true,"valueName":"search_term_string"}}],"inLanguage":"sk-SK"},{"@type":"Organization","@id":"https:\/\/www.vkpbratislava.sk\/#organization","name":"VKP Bratislava","url":"https:\/\/www.vkpbratislava.sk\/","logo":{"@type":"ImageObject","inLanguage":"sk-SK","@id":"https:\/\/www.vkpbratislava.sk\/#\/schema\/logo\/image\/","url":"https:\/\/www.vkpbratislava.sk\/wp-content\/uploads\/2020\/10\/vkpBA.png","contentUrl":"https:\/\/www.vkpbratislava.sk\/wp-content\/uploads\/2020\/10\/vkpBA.png","width":600,"height":600,"caption":"VKP Bratislava"},"image":{"@id":"https:\/\/www.vkpbratislava.sk\/#\/schema\/logo\/image\/"}},{"@type":"Person","@id":"https:\/\/www.vkpbratislava.sk\/#\/schema\/person\/7037e769f9515aa58493d1b5852c4c50","name":"jenca","image":{"@type":"ImageObject","inLanguage":"sk-SK","@id":"https:\/\/www.vkpbratislava.sk\/#\/schema\/person\/image\/","url":"https:\/\/secure.gravatar.com\/avatar\/67aa89e9aab2911bbd0c6fbf0a891ea8d80c207c9b6a6e2c96e13fc2f16e536d?s=96&d=mm&r=g","contentUrl":"https:\/\/secure.gravatar.com\/avatar\/67aa89e9aab2911bbd0c6fbf0a891ea8d80c207c9b6a6e2c96e13fc2f16e536d?s=96&d=mm&r=g","caption":"jenca"},"url":"https:\/\/www.vkpbratislava.sk\/?author=3"}]}},"_links":{"self":[{"href":"https:\/\/www.vkpbratislava.sk\/index.php?rest_route=\/wp\/v2\/posts\/24184","targetHints":{"allow":["GET"]}}],"collection":[{"href":"https:\/\/www.vkpbratislava.sk\/index.php?rest_route=\/wp\/v2\/posts"}],"about":[{"href":"https:\/\/www.vkpbratislava.sk\/index.php?rest_route=\/wp\/v2\/types\/post"}],"author":[{"embeddable":true,"href":"https:\/\/www.vkpbratislava.sk\/index.php?rest_route=\/wp\/v2\/users\/3"}],"replies":[{"embeddable":true,"href":"https:\/\/www.vkpbratislava.sk\/index.php?rest_route=%2Fwp%2Fv2%2Fcomments&post=24184"}],"version-history":[{"count":1,"href":"https:\/\/www.vkpbratislava.sk\/index.php?rest_route=\/wp\/v2\/posts\/24184\/revisions"}],"predecessor-version":[{"id":24187,"href":"https:\/\/www.vkpbratislava.sk\/index.php?rest_route=\/wp\/v2\/posts\/24184\/revisions\/24187"}],"wp:featuredmedia":[{"embeddable":true,"href":"https:\/\/www.vkpbratislava.sk\/index.php?rest_route=\/wp\/v2\/media\/24186"}],"wp:attachment":[{"href":"https:\/\/www.vkpbratislava.sk\/index.php?rest_route=%2Fwp%2Fv2%2Fmedia&parent=24184"}],"wp:term":[{"taxonomy":"category","embeddable":true,"href":"https:\/\/www.vkpbratislava.sk\/index.php?rest_route=%2Fwp%2Fv2%2Fcategories&post=24184"},{"taxonomy":"post_tag","embeddable":true,"href":"https:\/\/www.vkpbratislava.sk\/index.php?rest_route=%2Fwp%2Fv2%2Ftags&post=24184"}],"curies":[{"name":"wp","href":"https:\/\/api.w.org\/{rel}","templated":true}]}}