{"id":24194,"date":"2023-09-17T20:34:29","date_gmt":"2023-09-17T18:34:29","guid":{"rendered":"https:\/\/www.vkpbratislava.sk\/?p=24194"},"modified":"2023-09-17T20:57:05","modified_gmt":"2023-09-17T18:57:05","slug":"po-materskej-dovolenke-posilni-vkp-romana-hudecova","status":"publish","type":"post","link":"https:\/\/www.vkpbratislava.sk\/?p=24194","title":{"rendered":"Po materskej dovolenke posiln\u00ed VKP Romana Hudecov\u00e1"},"content":{"rendered":"<p><strong>Posila ako lusk. VKP Bratislava z\u00edskal do svojich radov sk\u00fasen\u00fa sme\u010diarku Romanu Hudecov\u00e1, ktor\u00e1 sa na extraligov\u00e9 palubovky vracia po ro\u010dnej materskej dovolenke.<\/strong><\/p>\n<p>Rod\u00e1\u010dka z\u00a0Lev\u00edc je odchovanky\u0148ou VK Palas Levice. Cenn\u00e9 sk\u00fasenosti zbierala na zahrani\u010dn\u00fdch destin\u00e1ci\u00e1ch v\u00a0Gr\u00e9cku, Alb\u00e1nsku a\u00a0Turecku. Zahrala si aj na majstrovstv\u00e1ch Eur\u00f3py 2019, ktor\u00e9 sa hrali doma v\u00a0Bratislave. Teraz sa do hlavn\u00e9ho mesta vracia op\u00e4\u0165, ale na klubov\u00fa sc\u00e9nu. \u201eZatia\u013e sa c\u00edtim super, som ve\u013emi spokojn\u00e1. Som rada, \u017ee som si vybrala pr\u00e1ve VKP, v\u00a0ktor\u00e9ho prospech zohralo, \u017ee som mala ve\u013emi dobr\u00fa sk\u00fasenos\u0165 s\u00a0tr\u00e9nerom Bern\u00e1thom. Viedol ma predt\u00fdm v\u00a0Strabagu i\u00a0Nitre. Diev\u010dat\u00e1 mali v\u00fdborn\u00fa minul\u00fa sez\u00f3nu a\u00a0klub mi bol ve\u013emi sympatick\u00fd svojou pr\u00e1cou, ke\u010f\u017ee som ich po\u010das materskej sledovala,\u201c povedala sk\u00fasen\u00e1 sme\u010diarka Romana Hudecov\u00e1, ktor\u00e1 m\u00e1 nespo\u010detne ve\u013ea sk\u00fasenost\u00ed nielen zo zahrani\u010dia, ale aj z\u00a0reprezent\u00e1cie.<\/p>\n<p>V\u00a0extralige naposledy p\u00f4sobila v\u00a0sez\u00f3ne 2021\/2022, ke\u010f v\u00a0drese Volley Project UKF Nitra skon\u010dila druh\u00e1 a z\u00edskala Slovensk\u00fd poh\u00e1r. Napokon odch\u00e1dzala na matersk\u00fa dovolenku ako naju\u017eito\u010dnej\u0161ia hr\u00e1\u010dka extraligy. \u201eRada by som na to nadviazala aj v\u00a0drese VKP. Uvid\u00edm v\u00a0akej budem fyzickej kond\u00edcii, ale budem sa sna\u017ei\u0165 v\u00a0prvom rade pom\u00f4c\u0165 dru\u017estvu. Individu\u00e1lne ocenenia s\u00fa a\u017e druhorad\u00e9,\u201c doplnila Romana Hudecov\u00e1, ktorej ve\u013ekou fanynkou v h\u013eadisku bude aj 10-mesa\u010dn\u00e1 dc\u00e9rka Ela.<\/p>\n<p>&nbsp;<\/p>\n<p>&nbsp;<\/p>\n","protected":false},"excerpt":{"rendered":"<p>Posila ako lusk. VKP Bratislava z\u00edskal do svojich radov sk\u00fasen\u00fa sme\u010diarku Romanu Hudecov\u00e1, ktor\u00e1 sa na extraligov\u00e9 palubovky vracia po ro\u010dnej materskej dovolenke.<\/p>\n","protected":false},"author":3,"featured_media":24258,"comment_status":"closed","ping_status":"closed","sticky":false,"template":"","format":"standard","meta":{"_monsterinsights_skip_tracking":false,"_monsterinsights_sitenote_active":false,"_monsterinsights_sitenote_note":"","_monsterinsights_sitenote_category":0,"footnotes":""},"categories":[48],"tags":[],"class_list":["post-24194","post","type-post","status-publish","format-standard","has-post-thumbnail","hentry","category-zeny"],"yoast_head":"<!-- This site is optimized with the Yoast SEO plugin v25.6 - https:\/\/yoast.com\/wordpress\/plugins\/seo\/ -->\n<title>Po materskej dovolenke posiln\u00ed VKP Romana Hudecov\u00e1 - VK SLOVAN Bratislava<\/title>\n<meta name=\"robots\" content=\"index, follow, max-snippet:-1, max-image-preview:large, max-video-preview:-1\" \/>\n<link rel=\"canonical\" href=\"https:\/\/www.vkpbratislava.sk\/?p=24194\" \/>\n<meta property=\"og:locale\" content=\"sk_SK\" \/>\n<meta property=\"og:type\" content=\"article\" \/>\n<meta property=\"og:title\" content=\"Po materskej dovolenke posiln\u00ed VKP Romana Hudecov\u00e1 - VK SLOVAN Bratislava\" \/>\n<meta property=\"og:description\" content=\"Posila ako lusk. VKP Bratislava z\u00edskal do svojich radov sk\u00fasen\u00fa sme\u010diarku Romanu Hudecov\u00e1, ktor\u00e1 sa na extraligov\u00e9 palubovky vracia po ro\u010dnej materskej dovolenke.\" \/>\n<meta property=\"og:url\" content=\"https:\/\/www.vkpbratislava.sk\/?p=24194\" \/>\n<meta property=\"og:site_name\" content=\"VK SLOVAN Bratislava\" \/>\n<meta property=\"article:published_time\" content=\"2023-09-17T18:34:29+00:00\" \/>\n<meta property=\"article:modified_time\" content=\"2023-09-17T18:57:05+00:00\" \/>\n<meta property=\"og:image\" content=\"https:\/\/www.vkpbratislava.sk\/wp-content\/uploads\/2023\/09\/20230831_VKP-ZA-vs-NItra-Turnaj_IUR00102.jpg\" \/>\n\t<meta property=\"og:image:width\" content=\"1800\" \/>\n\t<meta property=\"og:image:height\" content=\"1200\" \/>\n\t<meta property=\"og:image:type\" content=\"image\/jpeg\" \/>\n<meta name=\"author\" content=\"jenca\" \/>\n<meta name=\"twitter:card\" content=\"summary_large_image\" \/>\n<meta name=\"twitter:label1\" content=\"Autor\" \/>\n\t<meta name=\"twitter:data1\" content=\"jenca\" \/>\n\t<meta name=\"twitter:label2\" content=\"Predpokladan\u00fd \u010das \u010d\u00edtania\" \/>\n\t<meta name=\"twitter:data2\" content=\"2 min\u00faty\" \/>\n<script type=\"application\/ld+json\" class=\"yoast-schema-graph\">{\"@context\":\"https:\/\/schema.org\",\"@graph\":[{\"@type\":\"Article\",\"@id\":\"https:\/\/www.vkpbratislava.sk\/?p=24194#article\",\"isPartOf\":{\"@id\":\"https:\/\/www.vkpbratislava.sk\/?p=24194\"},\"author\":{\"name\":\"jenca\",\"@id\":\"https:\/\/www.vkpbratislava.sk\/#\/schema\/person\/7037e769f9515aa58493d1b5852c4c50\"},\"headline\":\"Po materskej dovolenke posiln\u00ed VKP Romana Hudecov\u00e1\",\"datePublished\":\"2023-09-17T18:34:29+00:00\",\"dateModified\":\"2023-09-17T18:57:05+00:00\",\"mainEntityOfPage\":{\"@id\":\"https:\/\/www.vkpbratislava.sk\/?p=24194\"},\"wordCount\":277,\"publisher\":{\"@id\":\"https:\/\/www.vkpbratislava.sk\/#organization\"},\"image\":{\"@id\":\"https:\/\/www.vkpbratislava.sk\/?p=24194#primaryimage\"},\"thumbnailUrl\":\"https:\/\/www.vkpbratislava.sk\/wp-content\/uploads\/2023\/09\/20230831_VKP-ZA-vs-NItra-Turnaj_IUR00102.jpg\",\"articleSection\":[\"\u017deny\"],\"inLanguage\":\"sk-SK\"},{\"@type\":\"WebPage\",\"@id\":\"https:\/\/www.vkpbratislava.sk\/?p=24194\",\"url\":\"https:\/\/www.vkpbratislava.sk\/?p=24194\",\"name\":\"Po materskej dovolenke posiln\u00ed VKP Romana Hudecov\u00e1 - VK SLOVAN Bratislava\",\"isPartOf\":{\"@id\":\"https:\/\/www.vkpbratislava.sk\/#website\"},\"primaryImageOfPage\":{\"@id\":\"https:\/\/www.vkpbratislava.sk\/?p=24194#primaryimage\"},\"image\":{\"@id\":\"https:\/\/www.vkpbratislava.sk\/?p=24194#primaryimage\"},\"thumbnailUrl\":\"https:\/\/www.vkpbratislava.sk\/wp-content\/uploads\/2023\/09\/20230831_VKP-ZA-vs-NItra-Turnaj_IUR00102.jpg\",\"datePublished\":\"2023-09-17T18:34:29+00:00\",\"dateModified\":\"2023-09-17T18:57:05+00:00\",\"breadcrumb\":{\"@id\":\"https:\/\/www.vkpbratislava.sk\/?p=24194#breadcrumb\"},\"inLanguage\":\"sk-SK\",\"potentialAction\":[{\"@type\":\"ReadAction\",\"target\":[\"https:\/\/www.vkpbratislava.sk\/?p=24194\"]}]},{\"@type\":\"ImageObject\",\"inLanguage\":\"sk-SK\",\"@id\":\"https:\/\/www.vkpbratislava.sk\/?p=24194#primaryimage\",\"url\":\"https:\/\/www.vkpbratislava.sk\/wp-content\/uploads\/2023\/09\/20230831_VKP-ZA-vs-NItra-Turnaj_IUR00102.jpg\",\"contentUrl\":\"https:\/\/www.vkpbratislava.sk\/wp-content\/uploads\/2023\/09\/20230831_VKP-ZA-vs-NItra-Turnaj_IUR00102.jpg\",\"width\":1800,\"height\":1200},{\"@type\":\"BreadcrumbList\",\"@id\":\"https:\/\/www.vkpbratislava.sk\/?p=24194#breadcrumb\",\"itemListElement\":[{\"@type\":\"ListItem\",\"position\":1,\"name\":\"Domov\",\"item\":\"https:\/\/www.vkpbratislava.sk\/\"},{\"@type\":\"ListItem\",\"position\":2,\"name\":\"Po materskej dovolenke posiln\u00ed VKP Romana Hudecov\u00e1\"}]},{\"@type\":\"WebSite\",\"@id\":\"https:\/\/www.vkpbratislava.sk\/#website\",\"url\":\"https:\/\/www.vkpbratislava.sk\/\",\"name\":\"VK SLOVAN Bratislava\",\"description\":\"Volejbalov\u00fd klub\",\"publisher\":{\"@id\":\"https:\/\/www.vkpbratislava.sk\/#organization\"},\"potentialAction\":[{\"@type\":\"SearchAction\",\"target\":{\"@type\":\"EntryPoint\",\"urlTemplate\":\"https:\/\/www.vkpbratislava.sk\/?s={search_term_string}\"},\"query-input\":{\"@type\":\"PropertyValueSpecification\",\"valueRequired\":true,\"valueName\":\"search_term_string\"}}],\"inLanguage\":\"sk-SK\"},{\"@type\":\"Organization\",\"@id\":\"https:\/\/www.vkpbratislava.sk\/#organization\",\"name\":\"VKP Bratislava\",\"url\":\"https:\/\/www.vkpbratislava.sk\/\",\"logo\":{\"@type\":\"ImageObject\",\"inLanguage\":\"sk-SK\",\"@id\":\"https:\/\/www.vkpbratislava.sk\/#\/schema\/logo\/image\/\",\"url\":\"https:\/\/www.vkpbratislava.sk\/wp-content\/uploads\/2020\/10\/vkpBA.png\",\"contentUrl\":\"https:\/\/www.vkpbratislava.sk\/wp-content\/uploads\/2020\/10\/vkpBA.png\",\"width\":600,\"height\":600,\"caption\":\"VKP Bratislava\"},\"image\":{\"@id\":\"https:\/\/www.vkpbratislava.sk\/#\/schema\/logo\/image\/\"}},{\"@type\":\"Person\",\"@id\":\"https:\/\/www.vkpbratislava.sk\/#\/schema\/person\/7037e769f9515aa58493d1b5852c4c50\",\"name\":\"jenca\",\"image\":{\"@type\":\"ImageObject\",\"inLanguage\":\"sk-SK\",\"@id\":\"https:\/\/www.vkpbratislava.sk\/#\/schema\/person\/image\/\",\"url\":\"https:\/\/secure.gravatar.com\/avatar\/67aa89e9aab2911bbd0c6fbf0a891ea8d80c207c9b6a6e2c96e13fc2f16e536d?s=96&d=mm&r=g\",\"contentUrl\":\"https:\/\/secure.gravatar.com\/avatar\/67aa89e9aab2911bbd0c6fbf0a891ea8d80c207c9b6a6e2c96e13fc2f16e536d?s=96&d=mm&r=g\",\"caption\":\"jenca\"},\"url\":\"https:\/\/www.vkpbratislava.sk\/?author=3\"}]}<\/script>\n<!-- \/ Yoast SEO plugin. -->","yoast_head_json":{"title":"Po materskej dovolenke posiln\u00ed VKP Romana Hudecov\u00e1 - VK SLOVAN Bratislava","robots":{"index":"index","follow":"follow","max-snippet":"max-snippet:-1","max-image-preview":"max-image-preview:large","max-video-preview":"max-video-preview:-1"},"canonical":"https:\/\/www.vkpbratislava.sk\/?p=24194","og_locale":"sk_SK","og_type":"article","og_title":"Po materskej dovolenke posiln\u00ed VKP Romana Hudecov\u00e1 - VK SLOVAN Bratislava","og_description":"Posila ako lusk. VKP Bratislava z\u00edskal do svojich radov sk\u00fasen\u00fa sme\u010diarku Romanu Hudecov\u00e1, ktor\u00e1 sa na extraligov\u00e9 palubovky vracia po ro\u010dnej materskej dovolenke.","og_url":"https:\/\/www.vkpbratislava.sk\/?p=24194","og_site_name":"VK SLOVAN Bratislava","article_published_time":"2023-09-17T18:34:29+00:00","article_modified_time":"2023-09-17T18:57:05+00:00","og_image":[{"width":1800,"height":1200,"url":"https:\/\/www.vkpbratislava.sk\/wp-content\/uploads\/2023\/09\/20230831_VKP-ZA-vs-NItra-Turnaj_IUR00102.jpg","type":"image\/jpeg"}],"author":"jenca","twitter_card":"summary_large_image","twitter_misc":{"Autor":"jenca","Predpokladan\u00fd \u010das \u010d\u00edtania":"2 min\u00faty"},"schema":{"@context":"https:\/\/schema.org","@graph":[{"@type":"Article","@id":"https:\/\/www.vkpbratislava.sk\/?p=24194#article","isPartOf":{"@id":"https:\/\/www.vkpbratislava.sk\/?p=24194"},"author":{"name":"jenca","@id":"https:\/\/www.vkpbratislava.sk\/#\/schema\/person\/7037e769f9515aa58493d1b5852c4c50"},"headline":"Po materskej dovolenke posiln\u00ed VKP Romana Hudecov\u00e1","datePublished":"2023-09-17T18:34:29+00:00","dateModified":"2023-09-17T18:57:05+00:00","mainEntityOfPage":{"@id":"https:\/\/www.vkpbratislava.sk\/?p=24194"},"wordCount":277,"publisher":{"@id":"https:\/\/www.vkpbratislava.sk\/#organization"},"image":{"@id":"https:\/\/www.vkpbratislava.sk\/?p=24194#primaryimage"},"thumbnailUrl":"https:\/\/www.vkpbratislava.sk\/wp-content\/uploads\/2023\/09\/20230831_VKP-ZA-vs-NItra-Turnaj_IUR00102.jpg","articleSection":["\u017deny"],"inLanguage":"sk-SK"},{"@type":"WebPage","@id":"https:\/\/www.vkpbratislava.sk\/?p=24194","url":"https:\/\/www.vkpbratislava.sk\/?p=24194","name":"Po materskej dovolenke posiln\u00ed VKP Romana Hudecov\u00e1 - VK SLOVAN Bratislava","isPartOf":{"@id":"https:\/\/www.vkpbratislava.sk\/#website"},"primaryImageOfPage":{"@id":"https:\/\/www.vkpbratislava.sk\/?p=24194#primaryimage"},"image":{"@id":"https:\/\/www.vkpbratislava.sk\/?p=24194#primaryimage"},"thumbnailUrl":"https:\/\/www.vkpbratislava.sk\/wp-content\/uploads\/2023\/09\/20230831_VKP-ZA-vs-NItra-Turnaj_IUR00102.jpg","datePublished":"2023-09-17T18:34:29+00:00","dateModified":"2023-09-17T18:57:05+00:00","breadcrumb":{"@id":"https:\/\/www.vkpbratislava.sk\/?p=24194#breadcrumb"},"inLanguage":"sk-SK","potentialAction":[{"@type":"ReadAction","target":["https:\/\/www.vkpbratislava.sk\/?p=24194"]}]},{"@type":"ImageObject","inLanguage":"sk-SK","@id":"https:\/\/www.vkpbratislava.sk\/?p=24194#primaryimage","url":"https:\/\/www.vkpbratislava.sk\/wp-content\/uploads\/2023\/09\/20230831_VKP-ZA-vs-NItra-Turnaj_IUR00102.jpg","contentUrl":"https:\/\/www.vkpbratislava.sk\/wp-content\/uploads\/2023\/09\/20230831_VKP-ZA-vs-NItra-Turnaj_IUR00102.jpg","width":1800,"height":1200},{"@type":"BreadcrumbList","@id":"https:\/\/www.vkpbratislava.sk\/?p=24194#breadcrumb","itemListElement":[{"@type":"ListItem","position":1,"name":"Domov","item":"https:\/\/www.vkpbratislava.sk\/"},{"@type":"ListItem","position":2,"name":"Po materskej dovolenke posiln\u00ed VKP Romana Hudecov\u00e1"}]},{"@type":"WebSite","@id":"https:\/\/www.vkpbratislava.sk\/#website","url":"https:\/\/www.vkpbratislava.sk\/","name":"VK SLOVAN Bratislava","description":"Volejbalov\u00fd klub","publisher":{"@id":"https:\/\/www.vkpbratislava.sk\/#organization"},"potentialAction":[{"@type":"SearchAction","target":{"@type":"EntryPoint","urlTemplate":"https:\/\/www.vkpbratislava.sk\/?s={search_term_string}"},"query-input":{"@type":"PropertyValueSpecification","valueRequired":true,"valueName":"search_term_string"}}],"inLanguage":"sk-SK"},{"@type":"Organization","@id":"https:\/\/www.vkpbratislava.sk\/#organization","name":"VKP Bratislava","url":"https:\/\/www.vkpbratislava.sk\/","logo":{"@type":"ImageObject","inLanguage":"sk-SK","@id":"https:\/\/www.vkpbratislava.sk\/#\/schema\/logo\/image\/","url":"https:\/\/www.vkpbratislava.sk\/wp-content\/uploads\/2020\/10\/vkpBA.png","contentUrl":"https:\/\/www.vkpbratislava.sk\/wp-content\/uploads\/2020\/10\/vkpBA.png","width":600,"height":600,"caption":"VKP Bratislava"},"image":{"@id":"https:\/\/www.vkpbratislava.sk\/#\/schema\/logo\/image\/"}},{"@type":"Person","@id":"https:\/\/www.vkpbratislava.sk\/#\/schema\/person\/7037e769f9515aa58493d1b5852c4c50","name":"jenca","image":{"@type":"ImageObject","inLanguage":"sk-SK","@id":"https:\/\/www.vkpbratislava.sk\/#\/schema\/person\/image\/","url":"https:\/\/secure.gravatar.com\/avatar\/67aa89e9aab2911bbd0c6fbf0a891ea8d80c207c9b6a6e2c96e13fc2f16e536d?s=96&d=mm&r=g","contentUrl":"https:\/\/secure.gravatar.com\/avatar\/67aa89e9aab2911bbd0c6fbf0a891ea8d80c207c9b6a6e2c96e13fc2f16e536d?s=96&d=mm&r=g","caption":"jenca"},"url":"https:\/\/www.vkpbratislava.sk\/?author=3"}]}},"_links":{"self":[{"href":"https:\/\/www.vkpbratislava.sk\/index.php?rest_route=\/wp\/v2\/posts\/24194","targetHints":{"allow":["GET"]}}],"collection":[{"href":"https:\/\/www.vkpbratislava.sk\/index.php?rest_route=\/wp\/v2\/posts"}],"about":[{"href":"https:\/\/www.vkpbratislava.sk\/index.php?rest_route=\/wp\/v2\/types\/post"}],"author":[{"embeddable":true,"href":"https:\/\/www.vkpbratislava.sk\/index.php?rest_route=\/wp\/v2\/users\/3"}],"replies":[{"embeddable":true,"href":"https:\/\/www.vkpbratislava.sk\/index.php?rest_route=%2Fwp%2Fv2%2Fcomments&post=24194"}],"version-history":[{"count":1,"href":"https:\/\/www.vkpbratislava.sk\/index.php?rest_route=\/wp\/v2\/posts\/24194\/revisions"}],"predecessor-version":[{"id":24197,"href":"https:\/\/www.vkpbratislava.sk\/index.php?rest_route=\/wp\/v2\/posts\/24194\/revisions\/24197"}],"wp:featuredmedia":[{"embeddable":true,"href":"https:\/\/www.vkpbratislava.sk\/index.php?rest_route=\/wp\/v2\/media\/24258"}],"wp:attachment":[{"href":"https:\/\/www.vkpbratislava.sk\/index.php?rest_route=%2Fwp%2Fv2%2Fmedia&parent=24194"}],"wp:term":[{"taxonomy":"category","embeddable":true,"href":"https:\/\/www.vkpbratislava.sk\/index.php?rest_route=%2Fwp%2Fv2%2Fcategories&post=24194"},{"taxonomy":"post_tag","embeddable":true,"href":"https:\/\/www.vkpbratislava.sk\/index.php?rest_route=%2Fwp%2Fv2%2Ftags&post=24194"}],"curies":[{"name":"wp","href":"https:\/\/api.w.org\/{rel}","templated":true}]}}