{"id":24302,"date":"2023-09-20T14:11:38","date_gmt":"2023-09-20T12:11:38","guid":{"rendered":"https:\/\/www.vkpbratislava.sk\/?p=24302"},"modified":"2023-09-20T14:31:13","modified_gmt":"2023-09-20T12:31:13","slug":"s-novym-nazvom-a-posilami-opat-za-medailami","status":"publish","type":"post","link":"https:\/\/www.vkpbratislava.sk\/?p=24302","title":{"rendered":"S nov\u00fdm n\u00e1zvom a posilami op\u00e4\u0165 za medailami"},"content":{"rendered":"<p><strong>Volejbalov\u00fd klub pol\u00edcie (VKP) Bratislava vstupuje do svojej \u0161tvrtej extraligovej sez\u00f3ny po n\u00e1vrate do Bratislavy. Popri mu\u017eskom t\u00edme sa pod strechou VKP od roku 2021 udom\u00e1cnili, a\u00a0ve\u013emi \u00faspe\u0161ne, aj extraligov\u00e9 volejbalistky. O novink\u00e1ch pred aktu\u00e1lnou sez\u00f3nou porozpr\u00e1vali hlavn\u00ed akt\u00e9ri na tla\u010dovej konferencii.<\/strong><\/p>\n<p>Uplynul\u00e1 sez\u00f3na 2022\/23 vyznela pre cel\u00fd Volejbalov\u00fd klub pol\u00edcie Bratislava ako z\u00a0r\u00ed\u0161e snov. Po z\u00e1sluhe sa stal neofici\u00e1lne naj\u00faspe\u0161nej\u0161\u00edm volejbalov\u00fdm klubom na Slovensku nielen preto, \u017ee jeho s\u00fa\u010das\u0165ou s\u00fa dva extraligov\u00e9 t\u00edmy. No najm\u00e4 preto, \u017ee mu\u017ei z\u00edskali v\u00a0porad\u00ed u\u017e 11. majstrovsk\u00fd titul po 11 rokoch a\u00a0\u017eeny popri premi\u00e9rovej trofeji vicemajstra extraligy \u017eien si siahli aj na prvenstvo v\u00a0NIK\u00c9 Slovenskom poh\u00e1ri.<\/p>\n<p>\u201eUplynul\u00e1 \u00faspe\u0161n\u00e1 sez\u00f3na bola vyvrcholen\u00edm na\u0161ej spolo\u010dnej pr\u00e1ce za tri roky, ke\u010f sme prebrali klub a\u00a0budovali ho od nuly. Uvedomujeme si, \u017ee mus\u00edme na\u010falej tvrdo pracova\u0165, preto\u017ee dosiahnut\u00e9 \u00faspechy zav\u00e4zuj\u00fa, s\u00fa pre n\u00e1s \u010fal\u0161ou motiv\u00e1ciou i\u00a0v\u00fdzvou. \u010co m\u0148a osobne te\u0161\u00ed najviac, \u017ee Bratislava po rokoch znova o\u017eila volejbalom, \u017ee sa k\u00a0nemu vracaj\u00fa fan\u00fa\u0161ikovia a\u00a0to je dobr\u00e9 znamenie. Hlavn\u00e9 mesto si zasl\u00fa\u017ei kvalitn\u00fd volejbal a ver\u00edm, \u017ee so ziskom trofej\u00ed ich bude do haly chodi\u0165 e\u0161te viac. To je n\u00e1\u0161 hlavn\u00fd cie\u013e pred touto sez\u00f3nou a\u00a0k\u00a0tomu budeme potrebova\u0165 kvalitn\u00e9 v\u00fdkony na\u0161ich t\u00edmov. Ver\u00edm, \u017ee sa znova popasujeme o\u00a0tie najvy\u0161\u0161ie prie\u010dky, hoci konkurencia bude e\u0161te silnej\u0161ia, ako v\u00a0mu\u017eskej tak aj v\u00a0\u017eenskej \u010dasti,\u201c povedal prezident VKP Bratislava Peter Nov\u00e1k.<\/p>\n<h5><strong>\u00a0<\/strong><strong>V\u00a0N\u00c1ZVE AJ FTV\u0160 UK<\/strong><\/h5>\n<p><strong>\u00a0<\/strong>Novinkou v\u00a0klube je doplnenie marketingov\u00e9ho a\u00a0medi\u00e1lneho n\u00e1zvu klubu. Po novom do neho pribudne FTV\u0160 UK. \u201eTe\u0161\u00ed n\u00e1s, \u017ee sme na\u0161li re\u010d s\u00a0Fakultou telesnej v\u00fdchovy a\u00a0\u0161portu Univerzity Komensk\u00e9ho. Je to jedin\u00e1 \u0161portov\u00e1 univerzita v\u00a0Bratislave. \u0160tuduje tam ve\u013ea na\u0161ich hr\u00e1\u010dov i\u00a0hr\u00e1\u010dok. Ver\u00edme, \u017ee aj \u0161kolu budeme na poli \u0161portovom \u010do najlep\u0161ie reprezentova\u0165 \u00a0v\u00a0r\u00e1mci cel\u00e9ho Slovenska,\u201c doplnil viceprezident pre \u0161portov\u00e9 \u010dinnosti Eduard Hronsk\u00fd.<\/p>\n<p><img loading=\"lazy\" decoding=\"async\" class=\"alignnone size-medium wp-image-24306\" src=\"https:\/\/www.vkpbratislava.sk\/wp-content\/uploads\/2023\/09\/7B4A3829-640x427.jpg\" alt=\"\" width=\"640\" height=\"427\" srcset=\"https:\/\/www.vkpbratislava.sk\/wp-content\/uploads\/2023\/09\/7B4A3829-640x427.jpg 640w, https:\/\/www.vkpbratislava.sk\/wp-content\/uploads\/2023\/09\/7B4A3829-1280x853.jpg 1280w, https:\/\/www.vkpbratislava.sk\/wp-content\/uploads\/2023\/09\/7B4A3829-768x512.jpg 768w, https:\/\/www.vkpbratislava.sk\/wp-content\/uploads\/2023\/09\/7B4A3829-1536x1024.jpg 1536w, https:\/\/www.vkpbratislava.sk\/wp-content\/uploads\/2023\/09\/7B4A3829-320x213.jpg 320w, https:\/\/www.vkpbratislava.sk\/wp-content\/uploads\/2023\/09\/7B4A3829-600x400.jpg 600w, https:\/\/www.vkpbratislava.sk\/wp-content\/uploads\/2023\/09\/7B4A3829.jpg 2048w\" sizes=\"auto, (max-width: 640px) 100vw, 640px\" \/><\/p>\n<h5><strong>MINIM\u00c1LNE ZMENY V\u00a0K\u00c1DROCH<\/strong><\/h5>\n<p>Na s\u00fapisk\u00e1ch oboch extraligov\u00fdch t\u00edmov nastali len kozmetick\u00e9 \u00fapravy. Jedin\u00fdm legion\u00e1rom z\u00a0oboch t\u00edmov bude \u010cech Dominik Fo\u0159t, ktor\u00fd pri\u0161iel z\u00a0Ostravy do Bratislavy \u017ei\u0165 so svojou rodinou. \u201ePovedali sme si, \u017ee pri mu\u017eoch i\u00a0\u017een\u00e1ch chceme da\u0165 zelen\u00fa slovensk\u00fdm hr\u00e1\u010dom a\u00a0hr\u00e1\u010dkam. Dominik Fo\u0159t je v\u00fdnimkou, ale jeho partnerka je Slovenka. Vs\u00e1dzame aj na dom\u00e1cich odchovancov a\u00a0talentovan\u00fdch hr\u00e1\u010dov zo Slovenska, ktor\u00ed n\u00e1s zaujali. Kapit\u00e1na Jaloveck\u00e9ho v\u00a0plnej miere nahrad\u00ed sk\u00fasen\u00fd Juraj Za\u0165ko. Do t\u00edmu \u017eien pribudla sk\u00fasen\u00e1 Romana Hudecov\u00e1, ktor\u00e1 m\u00f4\u017ee by\u0165 pri top forme najlep\u0161ou hr\u00e1\u010dkou s\u00fa\u0165a\u017ee,\u201c poznamenal k\u00a0zmen\u00e1m v\u00a0k\u00e1dri \u0161portov\u00fd riadite\u013e pre extraligu Eduard Hronsk\u00fd. Pri \u017eenskom t\u00edme na\u010falej pokra\u010duje \u00faspe\u0161n\u00e1 spolupr\u00e1ca so Strednou \u0161portovou \u0161kolou Bil\u00edkov\u00e1.<\/p>\n<p>Domovsk\u00fdm st\u00e1nkom VKP Bratislava bude na\u010falej nov\u00e1 \u0161portov\u00e1 hala pri Dome \u0161portu. Klub spustil predaj klasick\u00fdch aj VIP permanentiek v\u00a0sume 149 eur, resp. 249 eur za rok. Vstupn\u00e9 pre nadch\u00e1dzaj\u00facu sez\u00f3nu zost\u00e1va nemenn\u00e9 &#8211; dospel\u00ed 5 eur, \u0161tudenti a\u00a0d\u00f4chodcovia 3 eur\u00e1.<\/p>\n<p>Pr\u00e1cu klubu koordinuje novozvolen\u00fd V\u00fdkonn\u00fd v\u00fdbor, ktor\u00fd pozost\u00e1va z\u00a08 riadnych \u010dlenov, vr\u00e1tane z\u00e1stupcu Ob\u010dianskeho zdru\u017eenia VKP. Predsedom V\u00fdkonn\u00e9ho v\u00fdboru a\u00a0z\u00e1rove\u0148 prezidentom klubu je Peter Nov\u00e1k.<\/p>\n<p><u>Vedenie klubu, \u010dlenovia VV VKP:<\/u><\/p>\n<p><strong>Prezident:<\/strong> Peter Nov\u00e1k, <strong>viceprezident pre \u0161portov\u00e9 \u010dinnosti:<\/strong> Eduard Hronsk\u00fd, v<strong>iceprezident pre marketing:<\/strong> Roland Osvald, <strong>gener\u00e1lny riadite\u013e klubu:<\/strong> Tom\u00e1\u0161 Jen\u010da, <strong>PR mana\u017e\u00e9r:<\/strong> Michal Bachrat\u00fd, <strong>Team manager \u017eien:<\/strong> R\u00f3bert Hronsk\u00fd, <strong>\u0161portov\u00fd riadite\u013e pre ml\u00e1de\u017e:<\/strong> Juraj Ti\u0148o, <strong>\u010dlen v\u00fdkonn\u00e9ho v\u00fdboru:<\/strong> Miroslav Michalica.<\/p>\n<h5><strong>SPONZORSK\u00c9 POSILY \u2013 GRANDEN a\u00a0EVERTEC<\/strong><\/h5>\n<p><strong>\u00a0<\/strong>Nov\u00fdmi reklamn\u00fdmi partnermi VKP Bratislava a\u00a0v\u00fdrazn\u00fdmi posilami na poli marketingovom sa stali obchodn\u00e9 zna\u010dky GRANDEN a\u00a0EVERTEC. Te\u0161\u00edme sa na spolupr\u00e1cu a\u00a0\u010fakujeme za podporu.<\/p>\n<p>\u201cNa\u0161im strategick\u00fdm obchodn\u00fdm cie\u013eom je sp\u00e1ja\u0165 sa s t\u00fdmi najlep\u0161\u00edmi. A to ist\u00e9 plat\u00ed aj v oblasti \u0161portu. Na\u0161a spolo\u010dnos\u0165 podporuje ml\u00e1de\u017en\u00edcke volejbalov\u00e9 projekty v gescii SVF, z\u00e1le\u017e\u00ed n\u00e1m na zdravom \u017eivotnom \u0161t\u00fdle, akt\u00edvnom pohybe a raste volejbalov\u00fdch talentov. Te\u0161\u00ed n\u00e1s, \u017ee sme si podali ruku na spolupr\u00e1cu s aktu\u00e1lne naj\u00faspe\u0161nej\u0161\u00edm volejbalov\u00fdm klubom na Slovensku, ktor\u00fd naposledy z\u00edskal mu\u017esk\u00fd majstrovsk\u00fd titul a \u017eeny okrem strieborn\u00fdch extraligov\u00fdch medail\u00ed aj trofej v Slovenskom poh\u00e1ri. Ver\u00edm, \u017ee sa im bude rovnako dobre dari\u0165 aj s na\u0161im logom na dresoch,\u201d uviedol Jozef Koll\u00e1r, konate\u013e pois\u0165ovacej spolo\u010dnosti GRANDEN, jednej z\u00a0najv\u00fdznamnej\u0161\u00edch spolo\u010dnost\u00ed v\u00a0tomto segmente na slovenskom trhu.<\/p>\n<p><img loading=\"lazy\" decoding=\"async\" class=\"alignnone size-medium wp-image-24303\" src=\"https:\/\/www.vkpbratislava.sk\/wp-content\/uploads\/2023\/09\/7B4A3946-640x427.jpg\" alt=\"\" width=\"640\" height=\"427\" srcset=\"https:\/\/www.vkpbratislava.sk\/wp-content\/uploads\/2023\/09\/7B4A3946-640x427.jpg 640w, https:\/\/www.vkpbratislava.sk\/wp-content\/uploads\/2023\/09\/7B4A3946-1280x853.jpg 1280w, https:\/\/www.vkpbratislava.sk\/wp-content\/uploads\/2023\/09\/7B4A3946-768x512.jpg 768w, https:\/\/www.vkpbratislava.sk\/wp-content\/uploads\/2023\/09\/7B4A3946-1536x1024.jpg 1536w, https:\/\/www.vkpbratislava.sk\/wp-content\/uploads\/2023\/09\/7B4A3946-320x213.jpg 320w, https:\/\/www.vkpbratislava.sk\/wp-content\/uploads\/2023\/09\/7B4A3946-600x400.jpg 600w, https:\/\/www.vkpbratislava.sk\/wp-content\/uploads\/2023\/09\/7B4A3946.jpg 2048w\" sizes=\"auto, (max-width: 640px) 100vw, 640px\" \/><\/p>\n<p>EVERTEC je modern\u00e1 obchodn\u00e1 spolo\u010dnos\u0165, ktor\u00e1 vyu\u017e\u00edva\u00a0modern\u00e9 technol\u00f3gie na marketingovom trhu. \u201eOsud VKP sme sledovali u\u017e dlh\u0161ie, preto\u017ee sme ve\u013ek\u00fdmi fan\u00fa\u0161ikmi volejbalu. Mysl\u00edme si, \u017ee vr\u00e1ti\u0165 VKP do Bratislavy bolo v\u00fdborn\u00e9 rie\u0161enie a\u00a0u\u017e aj prinieslo svoje ovocie. Sledovali sme fin\u00e1lov\u00e9 z\u00e1pasy extraligy, ich \u00farove\u0148, nielen \u0161portov\u00e1, rastie a\u00a0budem sa te\u0161i\u0165, ak ku kvalite a\u00a0\u0161portov\u00e9mu z\u00e1\u017eitku prispejeme aj na\u0161imi aktivitami a\u00a0slu\u017ebami,\u201c pripomenul \u0161\u00e9f exekut\u00edvy EVERTEC Alexander Hocko.<\/p>\n<p><img loading=\"lazy\" decoding=\"async\" class=\"alignnone size-medium wp-image-24313\" src=\"https:\/\/www.vkpbratislava.sk\/wp-content\/uploads\/2023\/09\/7B4A3875-640x427.jpg\" alt=\"\" width=\"640\" height=\"427\" srcset=\"https:\/\/www.vkpbratislava.sk\/wp-content\/uploads\/2023\/09\/7B4A3875-640x427.jpg 640w, https:\/\/www.vkpbratislava.sk\/wp-content\/uploads\/2023\/09\/7B4A3875-1280x853.jpg 1280w, https:\/\/www.vkpbratislava.sk\/wp-content\/uploads\/2023\/09\/7B4A3875-768x512.jpg 768w, https:\/\/www.vkpbratislava.sk\/wp-content\/uploads\/2023\/09\/7B4A3875-1536x1024.jpg 1536w, https:\/\/www.vkpbratislava.sk\/wp-content\/uploads\/2023\/09\/7B4A3875-320x213.jpg 320w, https:\/\/www.vkpbratislava.sk\/wp-content\/uploads\/2023\/09\/7B4A3875-600x400.jpg 600w, https:\/\/www.vkpbratislava.sk\/wp-content\/uploads\/2023\/09\/7B4A3875.jpg 2048w\" sizes=\"auto, (max-width: 640px) 100vw, 640px\" \/><\/p>\n<p><strong><u>ZMENY V\u00a0K\u00c1DRI \u2013 MU\u017dI<\/u><\/strong><\/p>\n<p><strong>Pri\u0161li:<\/strong> Fo\u0159t (\u010cR, Ostrava), Gabko, Tur\u010d\u00e1ni (obaja P\u00fachov, v minulej sez\u00f3ne hos\u0165ovali v Kom\u00e1rne), Michalica (ml\u00e1de\u017e).<\/p>\n<p><strong>Odi\u0161li:<\/strong> Jaloveck\u00fd (Bitterfeld-Wolfen, Nem.), M. Kub\u0161, Rak (obaja bez klubu).<\/p>\n<p><strong><u>S\u00daPISKA \u2013 MU\u017dI<\/u><\/strong><\/p>\n<p><strong>Nahr\u00e1va\u010di:<\/strong> Juraj Za\u0165ko (1987\/192), Emil Gabko (2003\/189), Matej Mihalica (2007\/185).<\/p>\n<p><strong>Sme\u010diari:<\/strong> Michal Truba\u010d (2001\/197), \u0160imon \u010cerven\u00e1k (2003\/193), Dominik Fo\u0159t (\u010cR, 1989\/190), Matej Tur\u010d\u00e1ni (2003\/195), Samuel Fekete (2002\/197).<\/p>\n<p><strong>Univerz\u00e1lni hr\u00e1\u010di:<\/strong> Adri\u00e1n Van\u010do (2002\/194), Samuel Jur\u00edk (1999\/197).<\/p>\n<p><strong>Blok\u00e1ri:<\/strong> Andrej Billich (2002\/204), Patrik Marjov (2002\/199), Peter Str\u00ed\u017e (1998\/201).<\/p>\n<p><strong>Liberovia:<\/strong> \u013dubo\u0161 Nemec (1995\/183), Bartolomej Jakub\u00edk (1998\/179).<\/p>\n<p><strong><u>REALIZA\u010cN\u00dd T\u00cdM<\/u><\/strong><\/p>\n<p><strong>Tr\u00e9ner:<\/strong> Robin P\u011blucha (1980)<\/p>\n<p><strong>Asistent: <\/strong>Juraj Ti\u0148o (1995)<\/p>\n<p><strong>Kondi\u010dn\u00fd tr\u00e9ner:<\/strong> Patrik Kraj\u010d\u00edk,<\/p>\n<p><strong>Lek\u00e1ri:<\/strong> MUDr. Martin Somora a MUDr. Tom\u00e1\u0161 Horv\u00e1th<\/p>\n<p><strong>Fyzioterapeut:<\/strong> Mat\u00fa\u0161 \u0160\u00edma<\/p>\n<p><strong>\u0160tatistik:<\/strong> Dominik Hajtol.<\/p>\n<p><u><img loading=\"lazy\" decoding=\"async\" class=\"alignnone size-medium wp-image-24321\" src=\"https:\/\/www.vkpbratislava.sk\/wp-content\/uploads\/2023\/09\/7B4A3904-640x427.jpg\" alt=\"\" width=\"640\" height=\"427\" srcset=\"https:\/\/www.vkpbratislava.sk\/wp-content\/uploads\/2023\/09\/7B4A3904-640x427.jpg 640w, https:\/\/www.vkpbratislava.sk\/wp-content\/uploads\/2023\/09\/7B4A3904-1280x853.jpg 1280w, https:\/\/www.vkpbratislava.sk\/wp-content\/uploads\/2023\/09\/7B4A3904-768x512.jpg 768w, https:\/\/www.vkpbratislava.sk\/wp-content\/uploads\/2023\/09\/7B4A3904-1536x1024.jpg 1536w, https:\/\/www.vkpbratislava.sk\/wp-content\/uploads\/2023\/09\/7B4A3904-320x213.jpg 320w, https:\/\/www.vkpbratislava.sk\/wp-content\/uploads\/2023\/09\/7B4A3904-600x400.jpg 600w, https:\/\/www.vkpbratislava.sk\/wp-content\/uploads\/2023\/09\/7B4A3904.jpg 2048w\" sizes=\"auto, (max-width: 640px) 100vw, 640px\" \/><\/u><\/p>\n<p><strong><u>ZMENY V\u00a0K\u00c1DRI \u2013 \u017dENY<\/u><\/strong><\/p>\n<p><strong>Pri\u0161li:<\/strong> Hvozdov\u00e1 (COP Nitra), Hudecov\u00e1 (po materskej prest\u00e1vke, naposledy UKF Nitra), Bar\u00e1thov\u00e1 (UKF Nitra), Luk\u00e1\u010dov\u00e1 (VK Pre\u0161ov).<\/p>\n<p><strong>Odi\u0161li:<\/strong> L. Spev\u00e1r (ukon\u010dila kari\u00e9ru), Fartelov\u00e1 (nepokra\u010duje), Pelozov\u00e1 (Argent\u00edna), Murillov\u00e1 (Kolumbia), \u0160termensk\u00e1 (Southern Illinois University, USA), Boledovi\u010dov\u00e1 (Florida Southewestern College, USA).<\/p>\n<p><strong><u>S\u00daPISKA \u2013 \u017dENY<\/u><\/strong><\/p>\n<p><strong>Nahr\u00e1va\u010dky:<\/strong> Anna Koh\u00fatov\u00e1 (2003\/181), Zdenka Hvozdov\u00e1 (2004\/175).<\/p>\n<p><strong>Sme\u010diarky:<\/strong> Romana Hudecov\u00e1 (1993\/180),\u00a0 Tamara Hru\u0161eck\u00e1 (2005\/187), Vladim\u00edra M\u00fcllerov\u00e1 (2007\/177), Nina Dreisigov\u00e1 (2006\/184), Katar\u00edna Paz\u00farikov\u00e1 (2007\/180).<\/p>\n<p><strong>Blok\u00e1rky:<\/strong> Ema Smie\u0161kov\u00e1 (2003\/187), Barbora Bar\u00e1thov\u00e1 (2004\/181), Katar\u00edna Luk\u00e1\u010dov\u00e1 (2003\/184).<\/p>\n<p><strong>Univerz\u00e1lne hr\u00e1\u010dky:<\/strong> Diana N\u00e1vratov\u00e1 (2003\/181), Zuzana P\u00edse\u010dn\u00e1 (1997\/187).<\/p>\n<p><strong>Liberka:<\/strong> Nat\u00e1lia Tak\u00e1\u010dov\u00e1 (2004\/168).<\/p>\n<p><strong><u>REALIZA\u010cN\u00dd T\u00cdM<\/u><\/strong><\/p>\n<p><strong>Tr\u00e9ner:<\/strong> Pavel Bern\u00e1th (1974)<\/p>\n<p><strong>Asistenti:<\/strong> Andrea Snopkov\u00e1 (1990) a R\u00f3bert Hronsk\u00fd (1982)<\/p>\n<p><strong>Kondi\u010dn\u00fd tr\u00e9ner:<\/strong> David Kormuth<\/p>\n<p><strong>\u0160tatistik:<\/strong> Daniel Hajduk<\/p>\n<p><img loading=\"lazy\" decoding=\"async\" class=\"alignnone size-medium wp-image-24304\" src=\"https:\/\/www.vkpbratislava.sk\/wp-content\/uploads\/2023\/09\/7B4A3977-640x427.jpg\" alt=\"\" width=\"640\" height=\"427\" srcset=\"https:\/\/www.vkpbratislava.sk\/wp-content\/uploads\/2023\/09\/7B4A3977-640x427.jpg 640w, https:\/\/www.vkpbratislava.sk\/wp-content\/uploads\/2023\/09\/7B4A3977-1280x853.jpg 1280w, https:\/\/www.vkpbratislava.sk\/wp-content\/uploads\/2023\/09\/7B4A3977-768x512.jpg 768w, https:\/\/www.vkpbratislava.sk\/wp-content\/uploads\/2023\/09\/7B4A3977-1536x1024.jpg 1536w, https:\/\/www.vkpbratislava.sk\/wp-content\/uploads\/2023\/09\/7B4A3977-320x213.jpg 320w, https:\/\/www.vkpbratislava.sk\/wp-content\/uploads\/2023\/09\/7B4A3977-600x400.jpg 600w, https:\/\/www.vkpbratislava.sk\/wp-content\/uploads\/2023\/09\/7B4A3977.jpg 2048w\" sizes=\"auto, (max-width: 640px) 100vw, 640px\" \/><\/p>\n<p><a href=\"https:\/\/www.facebook.com\/vkpbratislava\/videos\/3654997414779309\/?extid=NS-UNK-UNK-UNK-IOS_GK0T-GK1C&amp;ref=sharing\" target=\"_blank\" rel=\"noopener\">Cel\u00e9 video z predsez\u00f3nnej tla\u010dovej konferencie<\/a><\/p>\n","protected":false},"excerpt":{"rendered":"<p>Volejbalov\u00fd klub pol\u00edcie (VKP) Bratislava vstupuje do svojej \u0161tvrtej extraligovej sez\u00f3ny po n\u00e1vrate do Bratislavy. Popri mu\u017eskom t\u00edme sa pod strechou VKP od roku 2021 udom\u00e1cnili, a\u00a0ve\u013emi \u00faspe\u0161ne, aj extraligov\u00e9 volejbalistky. O novink\u00e1ch pred aktu\u00e1lnou sez\u00f3nou porozpr\u00e1vali hlavn\u00ed akt\u00e9ri na tla\u010dovej konferencii. Uplynul\u00e1 sez\u00f3na 2022\/23 vyznela pre cel\u00fd Volejbalov\u00fd klub pol\u00edcie Bratislava ako z\u00a0r\u00ed\u0161e snov&#8230;.<\/p>\n","protected":false},"author":3,"featured_media":24329,"comment_status":"closed","ping_status":"closed","sticky":false,"template":"","format":"standard","meta":{"_monsterinsights_skip_tracking":false,"_monsterinsights_sitenote_active":false,"_monsterinsights_sitenote_note":"","_monsterinsights_sitenote_category":0,"footnotes":""},"categories":[47,1,48],"tags":[],"class_list":["post-24302","post","type-post","status-publish","format-standard","has-post-thumbnail","hentry","category-muzi","category-nezaradene","category-zeny"],"yoast_head":"<!-- This site is optimized with the Yoast SEO plugin v25.6 - https:\/\/yoast.com\/wordpress\/plugins\/seo\/ -->\n<title>S nov\u00fdm n\u00e1zvom a posilami op\u00e4\u0165 za medailami - VK SLOVAN Bratislava<\/title>\n<meta name=\"robots\" content=\"index, follow, max-snippet:-1, max-image-preview:large, max-video-preview:-1\" \/>\n<link rel=\"canonical\" href=\"https:\/\/www.vkpbratislava.sk\/?p=24302\" \/>\n<meta property=\"og:locale\" content=\"sk_SK\" \/>\n<meta property=\"og:type\" content=\"article\" \/>\n<meta property=\"og:title\" content=\"S nov\u00fdm n\u00e1zvom a posilami op\u00e4\u0165 za medailami - VK SLOVAN Bratislava\" \/>\n<meta property=\"og:description\" content=\"Volejbalov\u00fd klub pol\u00edcie (VKP) Bratislava vstupuje do svojej \u0161tvrtej extraligovej sez\u00f3ny po n\u00e1vrate do Bratislavy. Popri mu\u017eskom t\u00edme sa pod strechou VKP od roku 2021 udom\u00e1cnili, a\u00a0ve\u013emi \u00faspe\u0161ne, aj extraligov\u00e9 volejbalistky. O novink\u00e1ch pred aktu\u00e1lnou sez\u00f3nou porozpr\u00e1vali hlavn\u00ed akt\u00e9ri na tla\u010dovej konferencii. Uplynul\u00e1 sez\u00f3na 2022\/23 vyznela pre cel\u00fd Volejbalov\u00fd klub pol\u00edcie Bratislava ako z\u00a0r\u00ed\u0161e snov....\" \/>\n<meta property=\"og:url\" content=\"https:\/\/www.vkpbratislava.sk\/?p=24302\" \/>\n<meta property=\"og:site_name\" content=\"VK SLOVAN Bratislava\" \/>\n<meta property=\"article:published_time\" content=\"2023-09-20T12:11:38+00:00\" \/>\n<meta property=\"article:modified_time\" content=\"2023-09-20T12:31:13+00:00\" \/>\n<meta property=\"og:image\" content=\"https:\/\/www.vkpbratislava.sk\/wp-content\/uploads\/2023\/09\/7B4A3850.jpg\" \/>\n\t<meta property=\"og:image:width\" content=\"2048\" \/>\n\t<meta property=\"og:image:height\" content=\"1365\" \/>\n\t<meta property=\"og:image:type\" content=\"image\/jpeg\" \/>\n<meta name=\"author\" content=\"jenca\" \/>\n<meta name=\"twitter:card\" content=\"summary_large_image\" \/>\n<meta name=\"twitter:label1\" content=\"Autor\" \/>\n\t<meta name=\"twitter:data1\" content=\"jenca\" \/>\n\t<meta name=\"twitter:label2\" content=\"Predpokladan\u00fd \u010das \u010d\u00edtania\" \/>\n\t<meta name=\"twitter:data2\" content=\"7 min\u00fat\" \/>\n<script type=\"application\/ld+json\" class=\"yoast-schema-graph\">{\"@context\":\"https:\/\/schema.org\",\"@graph\":[{\"@type\":\"Article\",\"@id\":\"https:\/\/www.vkpbratislava.sk\/?p=24302#article\",\"isPartOf\":{\"@id\":\"https:\/\/www.vkpbratislava.sk\/?p=24302\"},\"author\":{\"name\":\"jenca\",\"@id\":\"https:\/\/www.vkpbratislava.sk\/#\/schema\/person\/7037e769f9515aa58493d1b5852c4c50\"},\"headline\":\"S nov\u00fdm n\u00e1zvom a posilami op\u00e4\u0165 za medailami\",\"datePublished\":\"2023-09-20T12:11:38+00:00\",\"dateModified\":\"2023-09-20T12:31:13+00:00\",\"mainEntityOfPage\":{\"@id\":\"https:\/\/www.vkpbratislava.sk\/?p=24302\"},\"wordCount\":1233,\"publisher\":{\"@id\":\"https:\/\/www.vkpbratislava.sk\/#organization\"},\"image\":{\"@id\":\"https:\/\/www.vkpbratislava.sk\/?p=24302#primaryimage\"},\"thumbnailUrl\":\"https:\/\/www.vkpbratislava.sk\/wp-content\/uploads\/2023\/09\/7B4A3850.jpg\",\"articleSection\":{\"0\":\"Mu\u017ei\",\"2\":\"\u017deny\"},\"inLanguage\":\"sk-SK\"},{\"@type\":\"WebPage\",\"@id\":\"https:\/\/www.vkpbratislava.sk\/?p=24302\",\"url\":\"https:\/\/www.vkpbratislava.sk\/?p=24302\",\"name\":\"S nov\u00fdm n\u00e1zvom a posilami op\u00e4\u0165 za medailami - VK SLOVAN Bratislava\",\"isPartOf\":{\"@id\":\"https:\/\/www.vkpbratislava.sk\/#website\"},\"primaryImageOfPage\":{\"@id\":\"https:\/\/www.vkpbratislava.sk\/?p=24302#primaryimage\"},\"image\":{\"@id\":\"https:\/\/www.vkpbratislava.sk\/?p=24302#primaryimage\"},\"thumbnailUrl\":\"https:\/\/www.vkpbratislava.sk\/wp-content\/uploads\/2023\/09\/7B4A3850.jpg\",\"datePublished\":\"2023-09-20T12:11:38+00:00\",\"dateModified\":\"2023-09-20T12:31:13+00:00\",\"breadcrumb\":{\"@id\":\"https:\/\/www.vkpbratislava.sk\/?p=24302#breadcrumb\"},\"inLanguage\":\"sk-SK\",\"potentialAction\":[{\"@type\":\"ReadAction\",\"target\":[\"https:\/\/www.vkpbratislava.sk\/?p=24302\"]}]},{\"@type\":\"ImageObject\",\"inLanguage\":\"sk-SK\",\"@id\":\"https:\/\/www.vkpbratislava.sk\/?p=24302#primaryimage\",\"url\":\"https:\/\/www.vkpbratislava.sk\/wp-content\/uploads\/2023\/09\/7B4A3850.jpg\",\"contentUrl\":\"https:\/\/www.vkpbratislava.sk\/wp-content\/uploads\/2023\/09\/7B4A3850.jpg\",\"width\":2048,\"height\":1365},{\"@type\":\"BreadcrumbList\",\"@id\":\"https:\/\/www.vkpbratislava.sk\/?p=24302#breadcrumb\",\"itemListElement\":[{\"@type\":\"ListItem\",\"position\":1,\"name\":\"Domov\",\"item\":\"https:\/\/www.vkpbratislava.sk\/\"},{\"@type\":\"ListItem\",\"position\":2,\"name\":\"S nov\u00fdm n\u00e1zvom a posilami op\u00e4\u0165 za medailami\"}]},{\"@type\":\"WebSite\",\"@id\":\"https:\/\/www.vkpbratislava.sk\/#website\",\"url\":\"https:\/\/www.vkpbratislava.sk\/\",\"name\":\"VK SLOVAN Bratislava\",\"description\":\"Volejbalov\u00fd klub\",\"publisher\":{\"@id\":\"https:\/\/www.vkpbratislava.sk\/#organization\"},\"potentialAction\":[{\"@type\":\"SearchAction\",\"target\":{\"@type\":\"EntryPoint\",\"urlTemplate\":\"https:\/\/www.vkpbratislava.sk\/?s={search_term_string}\"},\"query-input\":{\"@type\":\"PropertyValueSpecification\",\"valueRequired\":true,\"valueName\":\"search_term_string\"}}],\"inLanguage\":\"sk-SK\"},{\"@type\":\"Organization\",\"@id\":\"https:\/\/www.vkpbratislava.sk\/#organization\",\"name\":\"VKP Bratislava\",\"url\":\"https:\/\/www.vkpbratislava.sk\/\",\"logo\":{\"@type\":\"ImageObject\",\"inLanguage\":\"sk-SK\",\"@id\":\"https:\/\/www.vkpbratislava.sk\/#\/schema\/logo\/image\/\",\"url\":\"https:\/\/www.vkpbratislava.sk\/wp-content\/uploads\/2020\/10\/vkpBA.png\",\"contentUrl\":\"https:\/\/www.vkpbratislava.sk\/wp-content\/uploads\/2020\/10\/vkpBA.png\",\"width\":600,\"height\":600,\"caption\":\"VKP Bratislava\"},\"image\":{\"@id\":\"https:\/\/www.vkpbratislava.sk\/#\/schema\/logo\/image\/\"}},{\"@type\":\"Person\",\"@id\":\"https:\/\/www.vkpbratislava.sk\/#\/schema\/person\/7037e769f9515aa58493d1b5852c4c50\",\"name\":\"jenca\",\"image\":{\"@type\":\"ImageObject\",\"inLanguage\":\"sk-SK\",\"@id\":\"https:\/\/www.vkpbratislava.sk\/#\/schema\/person\/image\/\",\"url\":\"https:\/\/secure.gravatar.com\/avatar\/67aa89e9aab2911bbd0c6fbf0a891ea8d80c207c9b6a6e2c96e13fc2f16e536d?s=96&d=mm&r=g\",\"contentUrl\":\"https:\/\/secure.gravatar.com\/avatar\/67aa89e9aab2911bbd0c6fbf0a891ea8d80c207c9b6a6e2c96e13fc2f16e536d?s=96&d=mm&r=g\",\"caption\":\"jenca\"},\"url\":\"https:\/\/www.vkpbratislava.sk\/?author=3\"}]}<\/script>\n<!-- \/ Yoast SEO plugin. -->","yoast_head_json":{"title":"S nov\u00fdm n\u00e1zvom a posilami op\u00e4\u0165 za medailami - VK SLOVAN Bratislava","robots":{"index":"index","follow":"follow","max-snippet":"max-snippet:-1","max-image-preview":"max-image-preview:large","max-video-preview":"max-video-preview:-1"},"canonical":"https:\/\/www.vkpbratislava.sk\/?p=24302","og_locale":"sk_SK","og_type":"article","og_title":"S nov\u00fdm n\u00e1zvom a posilami op\u00e4\u0165 za medailami - VK SLOVAN Bratislava","og_description":"Volejbalov\u00fd klub pol\u00edcie (VKP) Bratislava vstupuje do svojej \u0161tvrtej extraligovej sez\u00f3ny po n\u00e1vrate do Bratislavy. Popri mu\u017eskom t\u00edme sa pod strechou VKP od roku 2021 udom\u00e1cnili, a\u00a0ve\u013emi \u00faspe\u0161ne, aj extraligov\u00e9 volejbalistky. O novink\u00e1ch pred aktu\u00e1lnou sez\u00f3nou porozpr\u00e1vali hlavn\u00ed akt\u00e9ri na tla\u010dovej konferencii. Uplynul\u00e1 sez\u00f3na 2022\/23 vyznela pre cel\u00fd Volejbalov\u00fd klub pol\u00edcie Bratislava ako z\u00a0r\u00ed\u0161e snov....","og_url":"https:\/\/www.vkpbratislava.sk\/?p=24302","og_site_name":"VK SLOVAN Bratislava","article_published_time":"2023-09-20T12:11:38+00:00","article_modified_time":"2023-09-20T12:31:13+00:00","og_image":[{"width":2048,"height":1365,"url":"https:\/\/www.vkpbratislava.sk\/wp-content\/uploads\/2023\/09\/7B4A3850.jpg","type":"image\/jpeg"}],"author":"jenca","twitter_card":"summary_large_image","twitter_misc":{"Autor":"jenca","Predpokladan\u00fd \u010das \u010d\u00edtania":"7 min\u00fat"},"schema":{"@context":"https:\/\/schema.org","@graph":[{"@type":"Article","@id":"https:\/\/www.vkpbratislava.sk\/?p=24302#article","isPartOf":{"@id":"https:\/\/www.vkpbratislava.sk\/?p=24302"},"author":{"name":"jenca","@id":"https:\/\/www.vkpbratislava.sk\/#\/schema\/person\/7037e769f9515aa58493d1b5852c4c50"},"headline":"S nov\u00fdm n\u00e1zvom a posilami op\u00e4\u0165 za medailami","datePublished":"2023-09-20T12:11:38+00:00","dateModified":"2023-09-20T12:31:13+00:00","mainEntityOfPage":{"@id":"https:\/\/www.vkpbratislava.sk\/?p=24302"},"wordCount":1233,"publisher":{"@id":"https:\/\/www.vkpbratislava.sk\/#organization"},"image":{"@id":"https:\/\/www.vkpbratislava.sk\/?p=24302#primaryimage"},"thumbnailUrl":"https:\/\/www.vkpbratislava.sk\/wp-content\/uploads\/2023\/09\/7B4A3850.jpg","articleSection":{"0":"Mu\u017ei","2":"\u017deny"},"inLanguage":"sk-SK"},{"@type":"WebPage","@id":"https:\/\/www.vkpbratislava.sk\/?p=24302","url":"https:\/\/www.vkpbratislava.sk\/?p=24302","name":"S nov\u00fdm n\u00e1zvom a posilami op\u00e4\u0165 za medailami - VK SLOVAN Bratislava","isPartOf":{"@id":"https:\/\/www.vkpbratislava.sk\/#website"},"primaryImageOfPage":{"@id":"https:\/\/www.vkpbratislava.sk\/?p=24302#primaryimage"},"image":{"@id":"https:\/\/www.vkpbratislava.sk\/?p=24302#primaryimage"},"thumbnailUrl":"https:\/\/www.vkpbratislava.sk\/wp-content\/uploads\/2023\/09\/7B4A3850.jpg","datePublished":"2023-09-20T12:11:38+00:00","dateModified":"2023-09-20T12:31:13+00:00","breadcrumb":{"@id":"https:\/\/www.vkpbratislava.sk\/?p=24302#breadcrumb"},"inLanguage":"sk-SK","potentialAction":[{"@type":"ReadAction","target":["https:\/\/www.vkpbratislava.sk\/?p=24302"]}]},{"@type":"ImageObject","inLanguage":"sk-SK","@id":"https:\/\/www.vkpbratislava.sk\/?p=24302#primaryimage","url":"https:\/\/www.vkpbratislava.sk\/wp-content\/uploads\/2023\/09\/7B4A3850.jpg","contentUrl":"https:\/\/www.vkpbratislava.sk\/wp-content\/uploads\/2023\/09\/7B4A3850.jpg","width":2048,"height":1365},{"@type":"BreadcrumbList","@id":"https:\/\/www.vkpbratislava.sk\/?p=24302#breadcrumb","itemListElement":[{"@type":"ListItem","position":1,"name":"Domov","item":"https:\/\/www.vkpbratislava.sk\/"},{"@type":"ListItem","position":2,"name":"S nov\u00fdm n\u00e1zvom a posilami op\u00e4\u0165 za medailami"}]},{"@type":"WebSite","@id":"https:\/\/www.vkpbratislava.sk\/#website","url":"https:\/\/www.vkpbratislava.sk\/","name":"VK SLOVAN Bratislava","description":"Volejbalov\u00fd klub","publisher":{"@id":"https:\/\/www.vkpbratislava.sk\/#organization"},"potentialAction":[{"@type":"SearchAction","target":{"@type":"EntryPoint","urlTemplate":"https:\/\/www.vkpbratislava.sk\/?s={search_term_string}"},"query-input":{"@type":"PropertyValueSpecification","valueRequired":true,"valueName":"search_term_string"}}],"inLanguage":"sk-SK"},{"@type":"Organization","@id":"https:\/\/www.vkpbratislava.sk\/#organization","name":"VKP Bratislava","url":"https:\/\/www.vkpbratislava.sk\/","logo":{"@type":"ImageObject","inLanguage":"sk-SK","@id":"https:\/\/www.vkpbratislava.sk\/#\/schema\/logo\/image\/","url":"https:\/\/www.vkpbratislava.sk\/wp-content\/uploads\/2020\/10\/vkpBA.png","contentUrl":"https:\/\/www.vkpbratislava.sk\/wp-content\/uploads\/2020\/10\/vkpBA.png","width":600,"height":600,"caption":"VKP Bratislava"},"image":{"@id":"https:\/\/www.vkpbratislava.sk\/#\/schema\/logo\/image\/"}},{"@type":"Person","@id":"https:\/\/www.vkpbratislava.sk\/#\/schema\/person\/7037e769f9515aa58493d1b5852c4c50","name":"jenca","image":{"@type":"ImageObject","inLanguage":"sk-SK","@id":"https:\/\/www.vkpbratislava.sk\/#\/schema\/person\/image\/","url":"https:\/\/secure.gravatar.com\/avatar\/67aa89e9aab2911bbd0c6fbf0a891ea8d80c207c9b6a6e2c96e13fc2f16e536d?s=96&d=mm&r=g","contentUrl":"https:\/\/secure.gravatar.com\/avatar\/67aa89e9aab2911bbd0c6fbf0a891ea8d80c207c9b6a6e2c96e13fc2f16e536d?s=96&d=mm&r=g","caption":"jenca"},"url":"https:\/\/www.vkpbratislava.sk\/?author=3"}]}},"_links":{"self":[{"href":"https:\/\/www.vkpbratislava.sk\/index.php?rest_route=\/wp\/v2\/posts\/24302","targetHints":{"allow":["GET"]}}],"collection":[{"href":"https:\/\/www.vkpbratislava.sk\/index.php?rest_route=\/wp\/v2\/posts"}],"about":[{"href":"https:\/\/www.vkpbratislava.sk\/index.php?rest_route=\/wp\/v2\/types\/post"}],"author":[{"embeddable":true,"href":"https:\/\/www.vkpbratislava.sk\/index.php?rest_route=\/wp\/v2\/users\/3"}],"replies":[{"embeddable":true,"href":"https:\/\/www.vkpbratislava.sk\/index.php?rest_route=%2Fwp%2Fv2%2Fcomments&post=24302"}],"version-history":[{"count":3,"href":"https:\/\/www.vkpbratislava.sk\/index.php?rest_route=\/wp\/v2\/posts\/24302\/revisions"}],"predecessor-version":[{"id":24344,"href":"https:\/\/www.vkpbratislava.sk\/index.php?rest_route=\/wp\/v2\/posts\/24302\/revisions\/24344"}],"wp:featuredmedia":[{"embeddable":true,"href":"https:\/\/www.vkpbratislava.sk\/index.php?rest_route=\/wp\/v2\/media\/24329"}],"wp:attachment":[{"href":"https:\/\/www.vkpbratislava.sk\/index.php?rest_route=%2Fwp%2Fv2%2Fmedia&parent=24302"}],"wp:term":[{"taxonomy":"category","embeddable":true,"href":"https:\/\/www.vkpbratislava.sk\/index.php?rest_route=%2Fwp%2Fv2%2Fcategories&post=24302"},{"taxonomy":"post_tag","embeddable":true,"href":"https:\/\/www.vkpbratislava.sk\/index.php?rest_route=%2Fwp%2Fv2%2Ftags&post=24302"}],"curies":[{"name":"wp","href":"https:\/\/api.w.org\/{rel}","templated":true}]}}