{"id":24437,"date":"2023-09-24T21:41:59","date_gmt":"2023-09-24T19:41:59","guid":{"rendered":"https:\/\/www.vkpbratislava.sk\/?p=24437"},"modified":"2023-09-24T21:41:59","modified_gmt":"2023-09-24T19:41:59","slug":"na-uvod-vyhra-v-presove","status":"publish","type":"post","link":"https:\/\/www.vkpbratislava.sk\/?p=24437","title":{"rendered":"Na \u00favod v\u00fdhra v Pre\u0161ove"},"content":{"rendered":"<p><strong>V prvom kole Nik\u00e9 extraligy mu\u017eov vyhrali volejbalisti VKP FTV\u0160 UK Bratislava na palubovke Miradu Pre\u0161ov 3:0.<\/strong><\/p>\n<p><b>VK MIRAD UNIPO Pre\u0161ov \u2013 VKP FTV\u0160 UK Bratislava 0:3 (-17, -17, -18)<\/b><br \/>\n<b>Rozhodovali: <\/b>Andrej\u010d\u00e1k a\u00a0H\u00f6ger, 288 div\u00e1kov.<\/p>\n<p><b>VK MIRAD UNIPO: <\/b>Anderko 5, Tasev 1, Gul\u00e1k 4, \u0160\u010derba 14, Jendrej\u010d\u00e1k 3, Bart\u00e1k 2, libero Turis (Suchani\u010d 1, Rosina 0, V. Rzyman 5). Tr\u00e9ner: E. Diga\u0148a.<br \/>\n<b>VKP FTV\u0160 UK: <\/b>\u010cerven\u00e1k 10, Marjov 13, Za\u0165ko 1, Fo\u0159t 11, Billich 12, Van\u010do 13, libero Jakub\u00edk. Tr\u00e9ner: R. P\u011blucha.<\/p>\n<p><b>Hr\u00e1\u010di z\u00e1pasu: <\/b>Michal \u0160\u010derba (VK MIRAD UNIPO Pre\u0161ov) \u2013 Bartolomej Jakub\u00edk (VKP FTV\u0160 UK Bratislava)<\/p>\n<p><b>Erik Diga\u0148a, tr\u00e9ner VK MIRAD UNIPO Pre\u0161ov<\/b>: <i>\u201ePrehrali sme. Ni\u010d nie je ide\u00e1lne. Mus\u00edme na tr\u00e9ningu popracova\u0165 na niektor\u00fdch veciach. Hr\u00e1\u010di prich\u00e1dzali do pr\u00edpravy postupne, \u010di\u017ee mus\u00edme popracova\u0165 na s\u00fahre, ktor\u00e1 e\u0161te nefunguje tak, ako by mala. Vzh\u013eadom na potenci\u00e1l dru\u017estva mus\u00edm z\u00a0nich ja ako tr\u00e9ner vy\u017em\u00fdka\u0165 viac na tr\u00e9ningu a\u00a0n\u00e1sledne to pretav\u00edme do z\u00e1pasov.\u201c<\/i><\/p>\n<p><b>Robin P\u011blucha, tr\u00e9ner VKP Bratislava: <\/b><i>\u201eZ\u00e1pas sa skon\u010dil 3:0 v\u00a0n\u00e1\u0161 prospech, z \u010doho sa ve\u013emi te\u0161\u00edme. Bol to v\u0161ak len prv\u00fd z\u00e1pas, st\u00e1le n\u00e1s \u010dak\u00e1 ve\u013ea roboty. Ako sme vyhrali, tak sme mohli aj prehra\u0165, \u010di\u017ee mus\u00edme \u00eds\u0165 pomaly krok po kroku. Pre\u0161ov netreba podce\u0148ova\u0165, ke\u010f s\u00a0n\u00edm budeme hra\u0165 doma to m\u00f4\u017ee by\u0165 \u00faplne in\u00fd z\u00e1pas. Te\u0161\u00edm sa z\u00a0tohto v\u00fdsledku, ale pokra\u010dujeme \u010falej v tvrdej pr\u00e1ci.\u201c<\/i><\/p>\n","protected":false},"excerpt":{"rendered":"<p>V prvom kole Nik\u00e9 extraligy mu\u017eov vyhrali volejbalisti VKP FTV\u0160 UK Bratislava na palubovke Miradu Pre\u0161ov 3:0.<\/p>\n","protected":false},"author":3,"featured_media":24420,"comment_status":"closed","ping_status":"closed","sticky":false,"template":"","format":"standard","meta":{"_monsterinsights_skip_tracking":false,"_monsterinsights_sitenote_active":false,"_monsterinsights_sitenote_note":"","_monsterinsights_sitenote_category":0,"footnotes":""},"categories":[47],"tags":[],"class_list":["post-24437","post","type-post","status-publish","format-standard","has-post-thumbnail","hentry","category-muzi"],"yoast_head":"<!-- This site is optimized with the Yoast SEO plugin v25.6 - https:\/\/yoast.com\/wordpress\/plugins\/seo\/ -->\n<title>Na \u00favod v\u00fdhra v Pre\u0161ove - VK SLOVAN Bratislava<\/title>\n<meta name=\"description\" content=\"V prvom kole Nik\u00e9 extraligy mu\u017eov vyhrali volejbalisti VKP FTV\u0160 UK Bratislava na palubovke Miradu Pre\u0161ov 3:0.\" \/>\n<meta name=\"robots\" content=\"index, follow, max-snippet:-1, max-image-preview:large, max-video-preview:-1\" \/>\n<link rel=\"canonical\" href=\"https:\/\/www.vkpbratislava.sk\/?p=24437\" \/>\n<meta property=\"og:locale\" content=\"sk_SK\" \/>\n<meta property=\"og:type\" content=\"article\" \/>\n<meta property=\"og:title\" content=\"Na \u00favod v\u00fdhra v Pre\u0161ove - VK SLOVAN Bratislava\" \/>\n<meta property=\"og:description\" content=\"V prvom kole Nik\u00e9 extraligy mu\u017eov vyhrali volejbalisti VKP FTV\u0160 UK Bratislava na palubovke Miradu Pre\u0161ov 3:0.\" \/>\n<meta property=\"og:url\" content=\"https:\/\/www.vkpbratislava.sk\/?p=24437\" \/>\n<meta property=\"og:site_name\" content=\"VK SLOVAN Bratislava\" \/>\n<meta property=\"article:published_time\" content=\"2023-09-24T19:41:59+00:00\" \/>\n<meta property=\"og:image\" content=\"https:\/\/www.vkpbratislava.sk\/wp-content\/uploads\/2023\/09\/MS_202309_ELVKPvsPresov-82-1280x853.jpg\" \/>\n\t<meta property=\"og:image:width\" content=\"1280\" \/>\n\t<meta property=\"og:image:height\" content=\"853\" \/>\n\t<meta property=\"og:image:type\" content=\"image\/jpeg\" \/>\n<meta name=\"author\" content=\"jenca\" \/>\n<meta name=\"twitter:card\" content=\"summary_large_image\" \/>\n<meta name=\"twitter:label1\" content=\"Autor\" \/>\n\t<meta name=\"twitter:data1\" content=\"jenca\" \/>\n\t<meta name=\"twitter:label2\" content=\"Predpokladan\u00fd \u010das \u010d\u00edtania\" \/>\n\t<meta name=\"twitter:data2\" content=\"2 min\u00faty\" \/>\n<script type=\"application\/ld+json\" class=\"yoast-schema-graph\">{\"@context\":\"https:\/\/schema.org\",\"@graph\":[{\"@type\":\"Article\",\"@id\":\"https:\/\/www.vkpbratislava.sk\/?p=24437#article\",\"isPartOf\":{\"@id\":\"https:\/\/www.vkpbratislava.sk\/?p=24437\"},\"author\":{\"name\":\"jenca\",\"@id\":\"https:\/\/www.vkpbratislava.sk\/#\/schema\/person\/7037e769f9515aa58493d1b5852c4c50\"},\"headline\":\"Na \u00favod v\u00fdhra v Pre\u0161ove\",\"datePublished\":\"2023-09-24T19:41:59+00:00\",\"mainEntityOfPage\":{\"@id\":\"https:\/\/www.vkpbratislava.sk\/?p=24437\"},\"wordCount\":279,\"publisher\":{\"@id\":\"https:\/\/www.vkpbratislava.sk\/#organization\"},\"image\":{\"@id\":\"https:\/\/www.vkpbratislava.sk\/?p=24437#primaryimage\"},\"thumbnailUrl\":\"https:\/\/www.vkpbratislava.sk\/wp-content\/uploads\/2023\/09\/MS_202309_ELVKPvsPresov-82.jpg\",\"articleSection\":[\"Mu\u017ei\"],\"inLanguage\":\"sk-SK\"},{\"@type\":\"WebPage\",\"@id\":\"https:\/\/www.vkpbratislava.sk\/?p=24437\",\"url\":\"https:\/\/www.vkpbratislava.sk\/?p=24437\",\"name\":\"Na \u00favod v\u00fdhra v Pre\u0161ove - VK SLOVAN Bratislava\",\"isPartOf\":{\"@id\":\"https:\/\/www.vkpbratislava.sk\/#website\"},\"primaryImageOfPage\":{\"@id\":\"https:\/\/www.vkpbratislava.sk\/?p=24437#primaryimage\"},\"image\":{\"@id\":\"https:\/\/www.vkpbratislava.sk\/?p=24437#primaryimage\"},\"thumbnailUrl\":\"https:\/\/www.vkpbratislava.sk\/wp-content\/uploads\/2023\/09\/MS_202309_ELVKPvsPresov-82.jpg\",\"datePublished\":\"2023-09-24T19:41:59+00:00\",\"description\":\"V prvom kole Nik\u00e9 extraligy mu\u017eov vyhrali volejbalisti VKP FTV\u0160 UK Bratislava na palubovke Miradu Pre\u0161ov 3:0.\",\"breadcrumb\":{\"@id\":\"https:\/\/www.vkpbratislava.sk\/?p=24437#breadcrumb\"},\"inLanguage\":\"sk-SK\",\"potentialAction\":[{\"@type\":\"ReadAction\",\"target\":[\"https:\/\/www.vkpbratislava.sk\/?p=24437\"]}]},{\"@type\":\"ImageObject\",\"inLanguage\":\"sk-SK\",\"@id\":\"https:\/\/www.vkpbratislava.sk\/?p=24437#primaryimage\",\"url\":\"https:\/\/www.vkpbratislava.sk\/wp-content\/uploads\/2023\/09\/MS_202309_ELVKPvsPresov-82.jpg\",\"contentUrl\":\"https:\/\/www.vkpbratislava.sk\/wp-content\/uploads\/2023\/09\/MS_202309_ELVKPvsPresov-82.jpg\",\"width\":2048,\"height\":1365},{\"@type\":\"BreadcrumbList\",\"@id\":\"https:\/\/www.vkpbratislava.sk\/?p=24437#breadcrumb\",\"itemListElement\":[{\"@type\":\"ListItem\",\"position\":1,\"name\":\"Domov\",\"item\":\"https:\/\/www.vkpbratislava.sk\/\"},{\"@type\":\"ListItem\",\"position\":2,\"name\":\"Na \u00favod v\u00fdhra v Pre\u0161ove\"}]},{\"@type\":\"WebSite\",\"@id\":\"https:\/\/www.vkpbratislava.sk\/#website\",\"url\":\"https:\/\/www.vkpbratislava.sk\/\",\"name\":\"VK SLOVAN Bratislava\",\"description\":\"Volejbalov\u00fd klub\",\"publisher\":{\"@id\":\"https:\/\/www.vkpbratislava.sk\/#organization\"},\"potentialAction\":[{\"@type\":\"SearchAction\",\"target\":{\"@type\":\"EntryPoint\",\"urlTemplate\":\"https:\/\/www.vkpbratislava.sk\/?s={search_term_string}\"},\"query-input\":{\"@type\":\"PropertyValueSpecification\",\"valueRequired\":true,\"valueName\":\"search_term_string\"}}],\"inLanguage\":\"sk-SK\"},{\"@type\":\"Organization\",\"@id\":\"https:\/\/www.vkpbratislava.sk\/#organization\",\"name\":\"VKP Bratislava\",\"url\":\"https:\/\/www.vkpbratislava.sk\/\",\"logo\":{\"@type\":\"ImageObject\",\"inLanguage\":\"sk-SK\",\"@id\":\"https:\/\/www.vkpbratislava.sk\/#\/schema\/logo\/image\/\",\"url\":\"https:\/\/www.vkpbratislava.sk\/wp-content\/uploads\/2020\/10\/vkpBA.png\",\"contentUrl\":\"https:\/\/www.vkpbratislava.sk\/wp-content\/uploads\/2020\/10\/vkpBA.png\",\"width\":600,\"height\":600,\"caption\":\"VKP Bratislava\"},\"image\":{\"@id\":\"https:\/\/www.vkpbratislava.sk\/#\/schema\/logo\/image\/\"}},{\"@type\":\"Person\",\"@id\":\"https:\/\/www.vkpbratislava.sk\/#\/schema\/person\/7037e769f9515aa58493d1b5852c4c50\",\"name\":\"jenca\",\"image\":{\"@type\":\"ImageObject\",\"inLanguage\":\"sk-SK\",\"@id\":\"https:\/\/www.vkpbratislava.sk\/#\/schema\/person\/image\/\",\"url\":\"https:\/\/secure.gravatar.com\/avatar\/67aa89e9aab2911bbd0c6fbf0a891ea8d80c207c9b6a6e2c96e13fc2f16e536d?s=96&d=mm&r=g\",\"contentUrl\":\"https:\/\/secure.gravatar.com\/avatar\/67aa89e9aab2911bbd0c6fbf0a891ea8d80c207c9b6a6e2c96e13fc2f16e536d?s=96&d=mm&r=g\",\"caption\":\"jenca\"},\"url\":\"https:\/\/www.vkpbratislava.sk\/?author=3\"}]}<\/script>\n<!-- \/ Yoast SEO plugin. -->","yoast_head_json":{"title":"Na \u00favod v\u00fdhra v Pre\u0161ove - VK SLOVAN Bratislava","description":"V prvom kole Nik\u00e9 extraligy mu\u017eov vyhrali volejbalisti VKP FTV\u0160 UK Bratislava na palubovke Miradu Pre\u0161ov 3:0.","robots":{"index":"index","follow":"follow","max-snippet":"max-snippet:-1","max-image-preview":"max-image-preview:large","max-video-preview":"max-video-preview:-1"},"canonical":"https:\/\/www.vkpbratislava.sk\/?p=24437","og_locale":"sk_SK","og_type":"article","og_title":"Na \u00favod v\u00fdhra v Pre\u0161ove - VK SLOVAN Bratislava","og_description":"V prvom kole Nik\u00e9 extraligy mu\u017eov vyhrali volejbalisti VKP FTV\u0160 UK Bratislava na palubovke Miradu Pre\u0161ov 3:0.","og_url":"https:\/\/www.vkpbratislava.sk\/?p=24437","og_site_name":"VK SLOVAN Bratislava","article_published_time":"2023-09-24T19:41:59+00:00","og_image":[{"width":1280,"height":853,"url":"https:\/\/www.vkpbratislava.sk\/wp-content\/uploads\/2023\/09\/MS_202309_ELVKPvsPresov-82-1280x853.jpg","type":"image\/jpeg"}],"author":"jenca","twitter_card":"summary_large_image","twitter_misc":{"Autor":"jenca","Predpokladan\u00fd \u010das \u010d\u00edtania":"2 min\u00faty"},"schema":{"@context":"https:\/\/schema.org","@graph":[{"@type":"Article","@id":"https:\/\/www.vkpbratislava.sk\/?p=24437#article","isPartOf":{"@id":"https:\/\/www.vkpbratislava.sk\/?p=24437"},"author":{"name":"jenca","@id":"https:\/\/www.vkpbratislava.sk\/#\/schema\/person\/7037e769f9515aa58493d1b5852c4c50"},"headline":"Na \u00favod v\u00fdhra v Pre\u0161ove","datePublished":"2023-09-24T19:41:59+00:00","mainEntityOfPage":{"@id":"https:\/\/www.vkpbratislava.sk\/?p=24437"},"wordCount":279,"publisher":{"@id":"https:\/\/www.vkpbratislava.sk\/#organization"},"image":{"@id":"https:\/\/www.vkpbratislava.sk\/?p=24437#primaryimage"},"thumbnailUrl":"https:\/\/www.vkpbratislava.sk\/wp-content\/uploads\/2023\/09\/MS_202309_ELVKPvsPresov-82.jpg","articleSection":["Mu\u017ei"],"inLanguage":"sk-SK"},{"@type":"WebPage","@id":"https:\/\/www.vkpbratislava.sk\/?p=24437","url":"https:\/\/www.vkpbratislava.sk\/?p=24437","name":"Na \u00favod v\u00fdhra v Pre\u0161ove - VK SLOVAN Bratislava","isPartOf":{"@id":"https:\/\/www.vkpbratislava.sk\/#website"},"primaryImageOfPage":{"@id":"https:\/\/www.vkpbratislava.sk\/?p=24437#primaryimage"},"image":{"@id":"https:\/\/www.vkpbratislava.sk\/?p=24437#primaryimage"},"thumbnailUrl":"https:\/\/www.vkpbratislava.sk\/wp-content\/uploads\/2023\/09\/MS_202309_ELVKPvsPresov-82.jpg","datePublished":"2023-09-24T19:41:59+00:00","description":"V prvom kole Nik\u00e9 extraligy mu\u017eov vyhrali volejbalisti VKP FTV\u0160 UK Bratislava na palubovke Miradu Pre\u0161ov 3:0.","breadcrumb":{"@id":"https:\/\/www.vkpbratislava.sk\/?p=24437#breadcrumb"},"inLanguage":"sk-SK","potentialAction":[{"@type":"ReadAction","target":["https:\/\/www.vkpbratislava.sk\/?p=24437"]}]},{"@type":"ImageObject","inLanguage":"sk-SK","@id":"https:\/\/www.vkpbratislava.sk\/?p=24437#primaryimage","url":"https:\/\/www.vkpbratislava.sk\/wp-content\/uploads\/2023\/09\/MS_202309_ELVKPvsPresov-82.jpg","contentUrl":"https:\/\/www.vkpbratislava.sk\/wp-content\/uploads\/2023\/09\/MS_202309_ELVKPvsPresov-82.jpg","width":2048,"height":1365},{"@type":"BreadcrumbList","@id":"https:\/\/www.vkpbratislava.sk\/?p=24437#breadcrumb","itemListElement":[{"@type":"ListItem","position":1,"name":"Domov","item":"https:\/\/www.vkpbratislava.sk\/"},{"@type":"ListItem","position":2,"name":"Na \u00favod v\u00fdhra v Pre\u0161ove"}]},{"@type":"WebSite","@id":"https:\/\/www.vkpbratislava.sk\/#website","url":"https:\/\/www.vkpbratislava.sk\/","name":"VK SLOVAN Bratislava","description":"Volejbalov\u00fd klub","publisher":{"@id":"https:\/\/www.vkpbratislava.sk\/#organization"},"potentialAction":[{"@type":"SearchAction","target":{"@type":"EntryPoint","urlTemplate":"https:\/\/www.vkpbratislava.sk\/?s={search_term_string}"},"query-input":{"@type":"PropertyValueSpecification","valueRequired":true,"valueName":"search_term_string"}}],"inLanguage":"sk-SK"},{"@type":"Organization","@id":"https:\/\/www.vkpbratislava.sk\/#organization","name":"VKP Bratislava","url":"https:\/\/www.vkpbratislava.sk\/","logo":{"@type":"ImageObject","inLanguage":"sk-SK","@id":"https:\/\/www.vkpbratislava.sk\/#\/schema\/logo\/image\/","url":"https:\/\/www.vkpbratislava.sk\/wp-content\/uploads\/2020\/10\/vkpBA.png","contentUrl":"https:\/\/www.vkpbratislava.sk\/wp-content\/uploads\/2020\/10\/vkpBA.png","width":600,"height":600,"caption":"VKP Bratislava"},"image":{"@id":"https:\/\/www.vkpbratislava.sk\/#\/schema\/logo\/image\/"}},{"@type":"Person","@id":"https:\/\/www.vkpbratislava.sk\/#\/schema\/person\/7037e769f9515aa58493d1b5852c4c50","name":"jenca","image":{"@type":"ImageObject","inLanguage":"sk-SK","@id":"https:\/\/www.vkpbratislava.sk\/#\/schema\/person\/image\/","url":"https:\/\/secure.gravatar.com\/avatar\/67aa89e9aab2911bbd0c6fbf0a891ea8d80c207c9b6a6e2c96e13fc2f16e536d?s=96&d=mm&r=g","contentUrl":"https:\/\/secure.gravatar.com\/avatar\/67aa89e9aab2911bbd0c6fbf0a891ea8d80c207c9b6a6e2c96e13fc2f16e536d?s=96&d=mm&r=g","caption":"jenca"},"url":"https:\/\/www.vkpbratislava.sk\/?author=3"}]}},"_links":{"self":[{"href":"https:\/\/www.vkpbratislava.sk\/index.php?rest_route=\/wp\/v2\/posts\/24437","targetHints":{"allow":["GET"]}}],"collection":[{"href":"https:\/\/www.vkpbratislava.sk\/index.php?rest_route=\/wp\/v2\/posts"}],"about":[{"href":"https:\/\/www.vkpbratislava.sk\/index.php?rest_route=\/wp\/v2\/types\/post"}],"author":[{"embeddable":true,"href":"https:\/\/www.vkpbratislava.sk\/index.php?rest_route=\/wp\/v2\/users\/3"}],"replies":[{"embeddable":true,"href":"https:\/\/www.vkpbratislava.sk\/index.php?rest_route=%2Fwp%2Fv2%2Fcomments&post=24437"}],"version-history":[{"count":1,"href":"https:\/\/www.vkpbratislava.sk\/index.php?rest_route=\/wp\/v2\/posts\/24437\/revisions"}],"predecessor-version":[{"id":24438,"href":"https:\/\/www.vkpbratislava.sk\/index.php?rest_route=\/wp\/v2\/posts\/24437\/revisions\/24438"}],"wp:featuredmedia":[{"embeddable":true,"href":"https:\/\/www.vkpbratislava.sk\/index.php?rest_route=\/wp\/v2\/media\/24420"}],"wp:attachment":[{"href":"https:\/\/www.vkpbratislava.sk\/index.php?rest_route=%2Fwp%2Fv2%2Fmedia&parent=24437"}],"wp:term":[{"taxonomy":"category","embeddable":true,"href":"https:\/\/www.vkpbratislava.sk\/index.php?rest_route=%2Fwp%2Fv2%2Fcategories&post=24437"},{"taxonomy":"post_tag","embeddable":true,"href":"https:\/\/www.vkpbratislava.sk\/index.php?rest_route=%2Fwp%2Fv2%2Ftags&post=24437"}],"curies":[{"name":"wp","href":"https:\/\/api.w.org\/{rel}","templated":true}]}}