{"id":24470,"date":"2023-09-28T00:30:37","date_gmt":"2023-09-27T22:30:37","guid":{"rendered":"https:\/\/www.vkpbratislava.sk\/?p=24470"},"modified":"2023-09-28T00:30:37","modified_gmt":"2023-09-27T22:30:37","slug":"zeny-vstupili-do-sezony-prehrou","status":"publish","type":"post","link":"https:\/\/www.vkpbratislava.sk\/?p=24470","title":{"rendered":"\u017deny vst\u00fapili do sez\u00f3ny prehrou"},"content":{"rendered":"<p><strong>V dohr\u00e1vke 1. kola Nik\u00e9 extraligy \u017eien prehrali volejbalsitky VKP FTV\u0160 UK Bratislava na palubovke Nov\u00e9ho Mesta nad V\u00e1hom 3:0.<\/strong><\/p>\n<p><strong>Nik\u00e9 Extraliga \u017eeny &#8211; z\u00e1kladn\u00e1 \u010das\u0165 &#8211; 1. kolo \u2013 streda: \u2028<\/strong><\/p>\n<p><strong>VK Nov\u00e9 Mesto nad V\u00e1hom \u2013 VKP FTV\u0160 UK Bratislava 3:0 (16, 20, 22)<\/strong><br \/>\n<strong>Rozhodovali:<\/strong> Yurlov a \u010cuntala, 200 div\u00e1kov.<\/p>\n<p><strong>VK:<\/strong> Re\u0161ut\u00edkov\u00e1 2, Richweissov\u00e1 12, Vojtechov\u00e1 4, Pol\u00e1\u010dikov\u00e1 19, Mart\u00e1kov\u00e1 15, \u0160imekov\u00e1 6, liberka Mikov\u00e1 (Koval\u010d\u00edkov\u00e1 0, Dan\u010dov\u00e1 0, Mon\u00edkov\u00e1 0, Skopalov\u00e1 0). Tr\u00e9ner: J. \u0160ujan.<\/p>\n<p><strong>VKP FTV\u0160 UK:<\/strong> Bar\u00e1thov\u00e1 6, Koh\u00fatov\u00e1 1, Dreisigov\u00e1 5, Smie\u0161kov\u00e1 8, Z. P\u00edse\u010dn\u00e1 5, Tamara Hru\u0161eck\u00e1 7, liberka Tak\u00e1\u010dov\u00e1 (Hudecov\u00e1 6, N\u00e1vratov\u00e1 4). Tr\u00e9ner: P. Bern\u00e1th.<\/p>\n<p><strong>Hr\u00e1\u010dky z\u00e1pasu:<\/strong> Lucia Pol\u00e1\u010dikov\u00e1 (VK Nov\u00e9 Mesto nad V\u00e1hom) \u2013 Nat\u00e1lia Tak\u00e1\u010dov\u00e1 (VKP FTV\u0160 UK Bratislava)<\/p>\n<p><strong>\u2028Pavel Bern\u00e1th, tr\u00e9ner VKP FTV\u0160 UK:<\/strong> <em>\u201eZ\u00e1pas sme odohrali ve\u013emi zle. Vedel som, \u017ee v tomto rozlo\u017een\u00ed s\u00edl, f\u00e1ze sez\u00f3ny a aj forme Nov\u00e9ho Mesta nad V\u00e1hom, n\u00e1s \u010dak\u00e1 mimoriadne n\u00e1ro\u010dn\u00fd duel. Ak by sme boli aj vo faz\u00f3ne, tak by to bol proti tomuto s\u00faperovi \u0165a\u017ek\u00fd z\u00e1pas. Nehrali sme dobre. V \u00fato\u010dnej \u010dinnosti a v kombin\u00e1ci\u00e1ch sme si nevedeli dohra\u0165 lopty. L\u00e1mali sme sa na jednej-dvoch lopt\u00e1ch. Nevedeli sme n\u00e1js\u0165 rie\u0161enia a so zostavou sme mohli robi\u0165, \u010do sme chceli&#8230;\u201c<\/em><\/p>\n","protected":false},"excerpt":{"rendered":"<p>V dohr\u00e1vke 1. kola Nik\u00e9 extraligy \u017eien prehrali volejbalsitky VKP FTV\u0160 UK Bratislava na palubovke Nov\u00e9ho Mesta nad V\u00e1hom 3:0.<\/p>\n","protected":false},"author":3,"featured_media":24472,"comment_status":"closed","ping_status":"closed","sticky":false,"template":"","format":"standard","meta":{"_monsterinsights_skip_tracking":false,"_monsterinsights_sitenote_active":false,"_monsterinsights_sitenote_note":"","_monsterinsights_sitenote_category":0,"footnotes":""},"categories":[48],"tags":[],"class_list":["post-24470","post","type-post","status-publish","format-standard","has-post-thumbnail","hentry","category-zeny"],"yoast_head":"<!-- This site is optimized with the Yoast SEO plugin v25.6 - https:\/\/yoast.com\/wordpress\/plugins\/seo\/ -->\n<title>\u017deny vst\u00fapili do sez\u00f3ny prehrou - VK SLOVAN Bratislava<\/title>\n<meta name=\"description\" content=\"V dohr\u00e1vke 1. kola Nik\u00e9 extraligy \u017eien prehrali volejbalsitky VKP FTV\u0160 UK Bratislava na palubovke Nov\u00e9ho Mesta nad V\u00e1hom 3:0.\" \/>\n<meta name=\"robots\" content=\"index, follow, max-snippet:-1, max-image-preview:large, max-video-preview:-1\" \/>\n<link rel=\"canonical\" href=\"https:\/\/www.vkpbratislava.sk\/?p=24470\" \/>\n<meta property=\"og:locale\" content=\"sk_SK\" \/>\n<meta property=\"og:type\" content=\"article\" \/>\n<meta property=\"og:title\" content=\"\u017deny vst\u00fapili do sez\u00f3ny prehrou - VK SLOVAN Bratislava\" \/>\n<meta property=\"og:description\" content=\"V dohr\u00e1vke 1. kola Nik\u00e9 extraligy \u017eien prehrali volejbalsitky VKP FTV\u0160 UK Bratislava na palubovke Nov\u00e9ho Mesta nad V\u00e1hom 3:0.\" \/>\n<meta property=\"og:url\" content=\"https:\/\/www.vkpbratislava.sk\/?p=24470\" \/>\n<meta property=\"og:site_name\" content=\"VK SLOVAN Bratislava\" \/>\n<meta property=\"article:published_time\" content=\"2023-09-27T22:30:37+00:00\" \/>\n<meta property=\"og:image\" content=\"https:\/\/www.vkpbratislava.sk\/wp-content\/uploads\/2023\/09\/20230927_Nove-Mesto-vs-VKP-FTVS-UK-BA_IUR00125-1280x854.jpg\" \/>\n\t<meta property=\"og:image:width\" content=\"1280\" \/>\n\t<meta property=\"og:image:height\" content=\"854\" \/>\n\t<meta property=\"og:image:type\" content=\"image\/jpeg\" \/>\n<meta name=\"author\" content=\"jenca\" \/>\n<meta name=\"twitter:card\" content=\"summary_large_image\" \/>\n<meta name=\"twitter:label1\" content=\"Autor\" \/>\n\t<meta name=\"twitter:data1\" content=\"jenca\" \/>\n\t<meta name=\"twitter:label2\" content=\"Predpokladan\u00fd \u010das \u010d\u00edtania\" \/>\n\t<meta name=\"twitter:data2\" content=\"2 min\u00faty\" \/>\n<script type=\"application\/ld+json\" class=\"yoast-schema-graph\">{\"@context\":\"https:\/\/schema.org\",\"@graph\":[{\"@type\":\"Article\",\"@id\":\"https:\/\/www.vkpbratislava.sk\/?p=24470#article\",\"isPartOf\":{\"@id\":\"https:\/\/www.vkpbratislava.sk\/?p=24470\"},\"author\":{\"name\":\"jenca\",\"@id\":\"https:\/\/www.vkpbratislava.sk\/#\/schema\/person\/7037e769f9515aa58493d1b5852c4c50\"},\"headline\":\"\u017deny vst\u00fapili do sez\u00f3ny prehrou\",\"datePublished\":\"2023-09-27T22:30:37+00:00\",\"mainEntityOfPage\":{\"@id\":\"https:\/\/www.vkpbratislava.sk\/?p=24470\"},\"wordCount\":232,\"publisher\":{\"@id\":\"https:\/\/www.vkpbratislava.sk\/#organization\"},\"image\":{\"@id\":\"https:\/\/www.vkpbratislava.sk\/?p=24470#primaryimage\"},\"thumbnailUrl\":\"https:\/\/www.vkpbratislava.sk\/wp-content\/uploads\/2023\/09\/20230927_Nove-Mesto-vs-VKP-FTVS-UK-BA_IUR00125.jpg\",\"articleSection\":[\"\u017deny\"],\"inLanguage\":\"sk-SK\"},{\"@type\":\"WebPage\",\"@id\":\"https:\/\/www.vkpbratislava.sk\/?p=24470\",\"url\":\"https:\/\/www.vkpbratislava.sk\/?p=24470\",\"name\":\"\u017deny vst\u00fapili do sez\u00f3ny prehrou - VK SLOVAN Bratislava\",\"isPartOf\":{\"@id\":\"https:\/\/www.vkpbratislava.sk\/#website\"},\"primaryImageOfPage\":{\"@id\":\"https:\/\/www.vkpbratislava.sk\/?p=24470#primaryimage\"},\"image\":{\"@id\":\"https:\/\/www.vkpbratislava.sk\/?p=24470#primaryimage\"},\"thumbnailUrl\":\"https:\/\/www.vkpbratislava.sk\/wp-content\/uploads\/2023\/09\/20230927_Nove-Mesto-vs-VKP-FTVS-UK-BA_IUR00125.jpg\",\"datePublished\":\"2023-09-27T22:30:37+00:00\",\"description\":\"V dohr\u00e1vke 1. kola Nik\u00e9 extraligy \u017eien prehrali volejbalsitky VKP FTV\u0160 UK Bratislava na palubovke Nov\u00e9ho Mesta nad V\u00e1hom 3:0.\",\"breadcrumb\":{\"@id\":\"https:\/\/www.vkpbratislava.sk\/?p=24470#breadcrumb\"},\"inLanguage\":\"sk-SK\",\"potentialAction\":[{\"@type\":\"ReadAction\",\"target\":[\"https:\/\/www.vkpbratislava.sk\/?p=24470\"]}]},{\"@type\":\"ImageObject\",\"inLanguage\":\"sk-SK\",\"@id\":\"https:\/\/www.vkpbratislava.sk\/?p=24470#primaryimage\",\"url\":\"https:\/\/www.vkpbratislava.sk\/wp-content\/uploads\/2023\/09\/20230927_Nove-Mesto-vs-VKP-FTVS-UK-BA_IUR00125.jpg\",\"contentUrl\":\"https:\/\/www.vkpbratislava.sk\/wp-content\/uploads\/2023\/09\/20230927_Nove-Mesto-vs-VKP-FTVS-UK-BA_IUR00125.jpg\",\"width\":2500,\"height\":1667},{\"@type\":\"BreadcrumbList\",\"@id\":\"https:\/\/www.vkpbratislava.sk\/?p=24470#breadcrumb\",\"itemListElement\":[{\"@type\":\"ListItem\",\"position\":1,\"name\":\"Domov\",\"item\":\"https:\/\/www.vkpbratislava.sk\/\"},{\"@type\":\"ListItem\",\"position\":2,\"name\":\"\u017deny vst\u00fapili do sez\u00f3ny prehrou\"}]},{\"@type\":\"WebSite\",\"@id\":\"https:\/\/www.vkpbratislava.sk\/#website\",\"url\":\"https:\/\/www.vkpbratislava.sk\/\",\"name\":\"VK SLOVAN Bratislava\",\"description\":\"Volejbalov\u00fd klub\",\"publisher\":{\"@id\":\"https:\/\/www.vkpbratislava.sk\/#organization\"},\"potentialAction\":[{\"@type\":\"SearchAction\",\"target\":{\"@type\":\"EntryPoint\",\"urlTemplate\":\"https:\/\/www.vkpbratislava.sk\/?s={search_term_string}\"},\"query-input\":{\"@type\":\"PropertyValueSpecification\",\"valueRequired\":true,\"valueName\":\"search_term_string\"}}],\"inLanguage\":\"sk-SK\"},{\"@type\":\"Organization\",\"@id\":\"https:\/\/www.vkpbratislava.sk\/#organization\",\"name\":\"VKP Bratislava\",\"url\":\"https:\/\/www.vkpbratislava.sk\/\",\"logo\":{\"@type\":\"ImageObject\",\"inLanguage\":\"sk-SK\",\"@id\":\"https:\/\/www.vkpbratislava.sk\/#\/schema\/logo\/image\/\",\"url\":\"https:\/\/www.vkpbratislava.sk\/wp-content\/uploads\/2020\/10\/vkpBA.png\",\"contentUrl\":\"https:\/\/www.vkpbratislava.sk\/wp-content\/uploads\/2020\/10\/vkpBA.png\",\"width\":600,\"height\":600,\"caption\":\"VKP Bratislava\"},\"image\":{\"@id\":\"https:\/\/www.vkpbratislava.sk\/#\/schema\/logo\/image\/\"}},{\"@type\":\"Person\",\"@id\":\"https:\/\/www.vkpbratislava.sk\/#\/schema\/person\/7037e769f9515aa58493d1b5852c4c50\",\"name\":\"jenca\",\"image\":{\"@type\":\"ImageObject\",\"inLanguage\":\"sk-SK\",\"@id\":\"https:\/\/www.vkpbratislava.sk\/#\/schema\/person\/image\/\",\"url\":\"https:\/\/secure.gravatar.com\/avatar\/67aa89e9aab2911bbd0c6fbf0a891ea8d80c207c9b6a6e2c96e13fc2f16e536d?s=96&d=mm&r=g\",\"contentUrl\":\"https:\/\/secure.gravatar.com\/avatar\/67aa89e9aab2911bbd0c6fbf0a891ea8d80c207c9b6a6e2c96e13fc2f16e536d?s=96&d=mm&r=g\",\"caption\":\"jenca\"},\"url\":\"https:\/\/www.vkpbratislava.sk\/?author=3\"}]}<\/script>\n<!-- \/ Yoast SEO plugin. -->","yoast_head_json":{"title":"\u017deny vst\u00fapili do sez\u00f3ny prehrou - VK SLOVAN Bratislava","description":"V dohr\u00e1vke 1. kola Nik\u00e9 extraligy \u017eien prehrali volejbalsitky VKP FTV\u0160 UK Bratislava na palubovke Nov\u00e9ho Mesta nad V\u00e1hom 3:0.","robots":{"index":"index","follow":"follow","max-snippet":"max-snippet:-1","max-image-preview":"max-image-preview:large","max-video-preview":"max-video-preview:-1"},"canonical":"https:\/\/www.vkpbratislava.sk\/?p=24470","og_locale":"sk_SK","og_type":"article","og_title":"\u017deny vst\u00fapili do sez\u00f3ny prehrou - VK SLOVAN Bratislava","og_description":"V dohr\u00e1vke 1. kola Nik\u00e9 extraligy \u017eien prehrali volejbalsitky VKP FTV\u0160 UK Bratislava na palubovke Nov\u00e9ho Mesta nad V\u00e1hom 3:0.","og_url":"https:\/\/www.vkpbratislava.sk\/?p=24470","og_site_name":"VK SLOVAN Bratislava","article_published_time":"2023-09-27T22:30:37+00:00","og_image":[{"width":1280,"height":854,"url":"https:\/\/www.vkpbratislava.sk\/wp-content\/uploads\/2023\/09\/20230927_Nove-Mesto-vs-VKP-FTVS-UK-BA_IUR00125-1280x854.jpg","type":"image\/jpeg"}],"author":"jenca","twitter_card":"summary_large_image","twitter_misc":{"Autor":"jenca","Predpokladan\u00fd \u010das \u010d\u00edtania":"2 min\u00faty"},"schema":{"@context":"https:\/\/schema.org","@graph":[{"@type":"Article","@id":"https:\/\/www.vkpbratislava.sk\/?p=24470#article","isPartOf":{"@id":"https:\/\/www.vkpbratislava.sk\/?p=24470"},"author":{"name":"jenca","@id":"https:\/\/www.vkpbratislava.sk\/#\/schema\/person\/7037e769f9515aa58493d1b5852c4c50"},"headline":"\u017deny vst\u00fapili do sez\u00f3ny prehrou","datePublished":"2023-09-27T22:30:37+00:00","mainEntityOfPage":{"@id":"https:\/\/www.vkpbratislava.sk\/?p=24470"},"wordCount":232,"publisher":{"@id":"https:\/\/www.vkpbratislava.sk\/#organization"},"image":{"@id":"https:\/\/www.vkpbratislava.sk\/?p=24470#primaryimage"},"thumbnailUrl":"https:\/\/www.vkpbratislava.sk\/wp-content\/uploads\/2023\/09\/20230927_Nove-Mesto-vs-VKP-FTVS-UK-BA_IUR00125.jpg","articleSection":["\u017deny"],"inLanguage":"sk-SK"},{"@type":"WebPage","@id":"https:\/\/www.vkpbratislava.sk\/?p=24470","url":"https:\/\/www.vkpbratislava.sk\/?p=24470","name":"\u017deny vst\u00fapili do sez\u00f3ny prehrou - VK SLOVAN Bratislava","isPartOf":{"@id":"https:\/\/www.vkpbratislava.sk\/#website"},"primaryImageOfPage":{"@id":"https:\/\/www.vkpbratislava.sk\/?p=24470#primaryimage"},"image":{"@id":"https:\/\/www.vkpbratislava.sk\/?p=24470#primaryimage"},"thumbnailUrl":"https:\/\/www.vkpbratislava.sk\/wp-content\/uploads\/2023\/09\/20230927_Nove-Mesto-vs-VKP-FTVS-UK-BA_IUR00125.jpg","datePublished":"2023-09-27T22:30:37+00:00","description":"V dohr\u00e1vke 1. kola Nik\u00e9 extraligy \u017eien prehrali volejbalsitky VKP FTV\u0160 UK Bratislava na palubovke Nov\u00e9ho Mesta nad V\u00e1hom 3:0.","breadcrumb":{"@id":"https:\/\/www.vkpbratislava.sk\/?p=24470#breadcrumb"},"inLanguage":"sk-SK","potentialAction":[{"@type":"ReadAction","target":["https:\/\/www.vkpbratislava.sk\/?p=24470"]}]},{"@type":"ImageObject","inLanguage":"sk-SK","@id":"https:\/\/www.vkpbratislava.sk\/?p=24470#primaryimage","url":"https:\/\/www.vkpbratislava.sk\/wp-content\/uploads\/2023\/09\/20230927_Nove-Mesto-vs-VKP-FTVS-UK-BA_IUR00125.jpg","contentUrl":"https:\/\/www.vkpbratislava.sk\/wp-content\/uploads\/2023\/09\/20230927_Nove-Mesto-vs-VKP-FTVS-UK-BA_IUR00125.jpg","width":2500,"height":1667},{"@type":"BreadcrumbList","@id":"https:\/\/www.vkpbratislava.sk\/?p=24470#breadcrumb","itemListElement":[{"@type":"ListItem","position":1,"name":"Domov","item":"https:\/\/www.vkpbratislava.sk\/"},{"@type":"ListItem","position":2,"name":"\u017deny vst\u00fapili do sez\u00f3ny prehrou"}]},{"@type":"WebSite","@id":"https:\/\/www.vkpbratislava.sk\/#website","url":"https:\/\/www.vkpbratislava.sk\/","name":"VK SLOVAN Bratislava","description":"Volejbalov\u00fd klub","publisher":{"@id":"https:\/\/www.vkpbratislava.sk\/#organization"},"potentialAction":[{"@type":"SearchAction","target":{"@type":"EntryPoint","urlTemplate":"https:\/\/www.vkpbratislava.sk\/?s={search_term_string}"},"query-input":{"@type":"PropertyValueSpecification","valueRequired":true,"valueName":"search_term_string"}}],"inLanguage":"sk-SK"},{"@type":"Organization","@id":"https:\/\/www.vkpbratislava.sk\/#organization","name":"VKP Bratislava","url":"https:\/\/www.vkpbratislava.sk\/","logo":{"@type":"ImageObject","inLanguage":"sk-SK","@id":"https:\/\/www.vkpbratislava.sk\/#\/schema\/logo\/image\/","url":"https:\/\/www.vkpbratislava.sk\/wp-content\/uploads\/2020\/10\/vkpBA.png","contentUrl":"https:\/\/www.vkpbratislava.sk\/wp-content\/uploads\/2020\/10\/vkpBA.png","width":600,"height":600,"caption":"VKP Bratislava"},"image":{"@id":"https:\/\/www.vkpbratislava.sk\/#\/schema\/logo\/image\/"}},{"@type":"Person","@id":"https:\/\/www.vkpbratislava.sk\/#\/schema\/person\/7037e769f9515aa58493d1b5852c4c50","name":"jenca","image":{"@type":"ImageObject","inLanguage":"sk-SK","@id":"https:\/\/www.vkpbratislava.sk\/#\/schema\/person\/image\/","url":"https:\/\/secure.gravatar.com\/avatar\/67aa89e9aab2911bbd0c6fbf0a891ea8d80c207c9b6a6e2c96e13fc2f16e536d?s=96&d=mm&r=g","contentUrl":"https:\/\/secure.gravatar.com\/avatar\/67aa89e9aab2911bbd0c6fbf0a891ea8d80c207c9b6a6e2c96e13fc2f16e536d?s=96&d=mm&r=g","caption":"jenca"},"url":"https:\/\/www.vkpbratislava.sk\/?author=3"}]}},"_links":{"self":[{"href":"https:\/\/www.vkpbratislava.sk\/index.php?rest_route=\/wp\/v2\/posts\/24470","targetHints":{"allow":["GET"]}}],"collection":[{"href":"https:\/\/www.vkpbratislava.sk\/index.php?rest_route=\/wp\/v2\/posts"}],"about":[{"href":"https:\/\/www.vkpbratislava.sk\/index.php?rest_route=\/wp\/v2\/types\/post"}],"author":[{"embeddable":true,"href":"https:\/\/www.vkpbratislava.sk\/index.php?rest_route=\/wp\/v2\/users\/3"}],"replies":[{"embeddable":true,"href":"https:\/\/www.vkpbratislava.sk\/index.php?rest_route=%2Fwp%2Fv2%2Fcomments&post=24470"}],"version-history":[{"count":1,"href":"https:\/\/www.vkpbratislava.sk\/index.php?rest_route=\/wp\/v2\/posts\/24470\/revisions"}],"predecessor-version":[{"id":24473,"href":"https:\/\/www.vkpbratislava.sk\/index.php?rest_route=\/wp\/v2\/posts\/24470\/revisions\/24473"}],"wp:featuredmedia":[{"embeddable":true,"href":"https:\/\/www.vkpbratislava.sk\/index.php?rest_route=\/wp\/v2\/media\/24472"}],"wp:attachment":[{"href":"https:\/\/www.vkpbratislava.sk\/index.php?rest_route=%2Fwp%2Fv2%2Fmedia&parent=24470"}],"wp:term":[{"taxonomy":"category","embeddable":true,"href":"https:\/\/www.vkpbratislava.sk\/index.php?rest_route=%2Fwp%2Fv2%2Fcategories&post=24470"},{"taxonomy":"post_tag","embeddable":true,"href":"https:\/\/www.vkpbratislava.sk\/index.php?rest_route=%2Fwp%2Fv2%2Ftags&post=24470"}],"curies":[{"name":"wp","href":"https:\/\/api.w.org\/{rel}","templated":true}]}}