{"id":24490,"date":"2023-10-01T12:29:07","date_gmt":"2023-10-01T10:29:07","guid":{"rendered":"https:\/\/www.vkpbratislava.sk\/?p=24490"},"modified":"2023-10-01T12:29:07","modified_gmt":"2023-10-01T10:29:07","slug":"so-svidnikom-prehra-v-tajbrejku","status":"publish","type":"post","link":"https:\/\/www.vkpbratislava.sk\/?p=24490","title":{"rendered":"So Svidn\u00edkom prehra v tajbrejku"},"content":{"rendered":"<p><strong>V nap\u00ednavom stretnut\u00ed volejbalisti VKP FTV\u0160 UK Bratislava nenadviazali na v\u00ed\u0165azstvo z 1. kola z Pre\u0161ova a v s\u00faboji so Svidn\u00edkom prehrali po piatich setoch.<\/strong><\/p>\n<p><strong>VKP FTV\u0160 UK Bratislava \u2013 TJ Sl\u00e1via Svidn\u00edk 2:3 (-22, 18, -19, 22, -13)<\/strong><\/p>\n<p><strong>Rozhodovali:<\/strong> Sarka a Toman, 200 div\u00e1kov.<br \/>\n<strong>VKP FTV\u0160 UK BRATISLAVA:<\/strong> \u010cerven\u00e1k 12, Marjov 4, Za\u0165ko 3, Fo\u0159t 11, Billich 13, Van\u010do 37, libero \u013d. Nemec (Fekete 0, Jur\u00edk 0). Tr\u00e9ner: R. P\u011blucha.<br \/>\n<strong>SL\u00c1VIA SVIDN\u00cdK:<\/strong> R. Vitko 1, M. Sopko ml. 11, De Moraes 13, Salton 26, De Sousa Soares 8, \u0160ellong 9, libero M. Vitko (Jurko 0, Mi\u0161\u010d\u00edk 0). Tr\u00e9ner: R. Pa\u0148ko.<\/p>\n<p><strong>Hr\u00e1\u010di z\u00e1pasu:<\/strong> Adri\u00e1n Van\u010do (VKP FTV\u0160 UK Bratislava) \u2013 Salton Renan (TJ Sl\u00e1via Svidn\u00edk)<br \/>\n<strong>Robin P\u011blucha, tr\u00e9ner VKP FTV\u0160 UK:<\/strong> \u201eSvidn\u00edk bol \u0161\u0165astnej\u0161\u00ed a v\u00ed\u0165azstvo si ubojoval. V d\u00f4le\u017eit\u00fdch f\u00e1zach z\u00e1pasu hral lep\u0161ie a zasl\u00fa\u017eene vyhral. Nenasko\u010dili sme na to, \u010do n\u00e1m fungovalo v Pre\u0161ove. Svidn\u00edku gratulujem a naozaj podal pekn\u00fd v\u00fdkon.\u201c<br \/>\n<strong>Rastislav Pa\u0148ko, tr\u00e9ner TJ Sl\u00e1via:<\/strong> \u201eStretnutie bolo ako na hojda\u010dke. N\u00e1s m\u00f4\u017ee mrzie\u0165 druh\u00fd a \u0161tvrt\u00fd set, ked sme sa zasekli v jednom postaven\u00ed a to n\u00e1s st\u00e1lo v\u00ed\u0165azstvo v nich. Tajbrejk sme zvl\u00e1dli a pracujeme \u010falej.\u201c<\/p>\n","protected":false},"excerpt":{"rendered":"<p>V nap\u00ednavom stretnut\u00ed volejbalisti VKP FTV\u0160 UK Bratislava nenadviazali na v\u00ed\u0165azstvo z 1. kola z Pre\u0161ova a v s\u00faboji so Svidn\u00edkom prehrali po piatich setoch.<\/p>\n","protected":false},"author":3,"featured_media":24491,"comment_status":"closed","ping_status":"closed","sticky":false,"template":"","format":"standard","meta":{"_monsterinsights_skip_tracking":false,"_monsterinsights_sitenote_active":false,"_monsterinsights_sitenote_note":"","_monsterinsights_sitenote_category":0,"footnotes":""},"categories":[47],"tags":[],"class_list":["post-24490","post","type-post","status-publish","format-standard","has-post-thumbnail","hentry","category-muzi"],"yoast_head":"<!-- This site is optimized with the Yoast SEO plugin v25.6 - https:\/\/yoast.com\/wordpress\/plugins\/seo\/ -->\n<title>So Svidn\u00edkom prehra v tajbrejku - VK SLOVAN Bratislava<\/title>\n<meta name=\"description\" content=\"V nap\u00ednavom stretnut\u00ed volejbalisti VKP FTV\u0160 UK Bratislava nenadviazali na v\u00ed\u0165azstvo z 1. kola z Pre\u0161ova a v s\u00faboji so Svidn\u00edkom prehrali po piatich setoch.\" \/>\n<meta name=\"robots\" content=\"index, follow, max-snippet:-1, max-image-preview:large, max-video-preview:-1\" \/>\n<link rel=\"canonical\" href=\"https:\/\/www.vkpbratislava.sk\/?p=24490\" \/>\n<meta property=\"og:locale\" content=\"sk_SK\" \/>\n<meta property=\"og:type\" content=\"article\" \/>\n<meta property=\"og:title\" content=\"So Svidn\u00edkom prehra v tajbrejku - VK SLOVAN Bratislava\" \/>\n<meta property=\"og:description\" content=\"V nap\u00ednavom stretnut\u00ed volejbalisti VKP FTV\u0160 UK Bratislava nenadviazali na v\u00ed\u0165azstvo z 1. kola z Pre\u0161ova a v s\u00faboji so Svidn\u00edkom prehrali po piatich setoch.\" \/>\n<meta property=\"og:url\" content=\"https:\/\/www.vkpbratislava.sk\/?p=24490\" \/>\n<meta property=\"og:site_name\" content=\"VK SLOVAN Bratislava\" \/>\n<meta property=\"article:published_time\" content=\"2023-10-01T10:29:07+00:00\" \/>\n<meta property=\"og:image\" content=\"https:\/\/www.vkpbratislava.sk\/wp-content\/uploads\/2023\/10\/7B4A5009-1280x853.jpg\" \/>\n\t<meta property=\"og:image:width\" content=\"1280\" \/>\n\t<meta property=\"og:image:height\" content=\"853\" \/>\n\t<meta property=\"og:image:type\" content=\"image\/jpeg\" \/>\n<meta name=\"author\" content=\"jenca\" \/>\n<meta name=\"twitter:card\" content=\"summary_large_image\" \/>\n<meta name=\"twitter:label1\" content=\"Autor\" \/>\n\t<meta name=\"twitter:data1\" content=\"jenca\" \/>\n\t<meta name=\"twitter:label2\" content=\"Predpokladan\u00fd \u010das \u010d\u00edtania\" \/>\n\t<meta name=\"twitter:data2\" content=\"2 min\u00faty\" \/>\n<script type=\"application\/ld+json\" class=\"yoast-schema-graph\">{\"@context\":\"https:\/\/schema.org\",\"@graph\":[{\"@type\":\"Article\",\"@id\":\"https:\/\/www.vkpbratislava.sk\/?p=24490#article\",\"isPartOf\":{\"@id\":\"https:\/\/www.vkpbratislava.sk\/?p=24490\"},\"author\":{\"name\":\"jenca\",\"@id\":\"https:\/\/www.vkpbratislava.sk\/#\/schema\/person\/7037e769f9515aa58493d1b5852c4c50\"},\"headline\":\"So Svidn\u00edkom prehra v tajbrejku\",\"datePublished\":\"2023-10-01T10:29:07+00:00\",\"mainEntityOfPage\":{\"@id\":\"https:\/\/www.vkpbratislava.sk\/?p=24490\"},\"wordCount\":224,\"publisher\":{\"@id\":\"https:\/\/www.vkpbratislava.sk\/#organization\"},\"image\":{\"@id\":\"https:\/\/www.vkpbratislava.sk\/?p=24490#primaryimage\"},\"thumbnailUrl\":\"https:\/\/www.vkpbratislava.sk\/wp-content\/uploads\/2023\/10\/7B4A5009.jpg\",\"articleSection\":[\"Mu\u017ei\"],\"inLanguage\":\"sk-SK\"},{\"@type\":\"WebPage\",\"@id\":\"https:\/\/www.vkpbratislava.sk\/?p=24490\",\"url\":\"https:\/\/www.vkpbratislava.sk\/?p=24490\",\"name\":\"So Svidn\u00edkom prehra v tajbrejku - VK SLOVAN Bratislava\",\"isPartOf\":{\"@id\":\"https:\/\/www.vkpbratislava.sk\/#website\"},\"primaryImageOfPage\":{\"@id\":\"https:\/\/www.vkpbratislava.sk\/?p=24490#primaryimage\"},\"image\":{\"@id\":\"https:\/\/www.vkpbratislava.sk\/?p=24490#primaryimage\"},\"thumbnailUrl\":\"https:\/\/www.vkpbratislava.sk\/wp-content\/uploads\/2023\/10\/7B4A5009.jpg\",\"datePublished\":\"2023-10-01T10:29:07+00:00\",\"description\":\"V nap\u00ednavom stretnut\u00ed volejbalisti VKP FTV\u0160 UK Bratislava nenadviazali na v\u00ed\u0165azstvo z 1. kola z Pre\u0161ova a v s\u00faboji so Svidn\u00edkom prehrali po piatich setoch.\",\"breadcrumb\":{\"@id\":\"https:\/\/www.vkpbratislava.sk\/?p=24490#breadcrumb\"},\"inLanguage\":\"sk-SK\",\"potentialAction\":[{\"@type\":\"ReadAction\",\"target\":[\"https:\/\/www.vkpbratislava.sk\/?p=24490\"]}]},{\"@type\":\"ImageObject\",\"inLanguage\":\"sk-SK\",\"@id\":\"https:\/\/www.vkpbratislava.sk\/?p=24490#primaryimage\",\"url\":\"https:\/\/www.vkpbratislava.sk\/wp-content\/uploads\/2023\/10\/7B4A5009.jpg\",\"contentUrl\":\"https:\/\/www.vkpbratislava.sk\/wp-content\/uploads\/2023\/10\/7B4A5009.jpg\",\"width\":2048,\"height\":1365},{\"@type\":\"BreadcrumbList\",\"@id\":\"https:\/\/www.vkpbratislava.sk\/?p=24490#breadcrumb\",\"itemListElement\":[{\"@type\":\"ListItem\",\"position\":1,\"name\":\"Domov\",\"item\":\"https:\/\/www.vkpbratislava.sk\/\"},{\"@type\":\"ListItem\",\"position\":2,\"name\":\"So Svidn\u00edkom prehra v tajbrejku\"}]},{\"@type\":\"WebSite\",\"@id\":\"https:\/\/www.vkpbratislava.sk\/#website\",\"url\":\"https:\/\/www.vkpbratislava.sk\/\",\"name\":\"VK SLOVAN Bratislava\",\"description\":\"Volejbalov\u00fd klub\",\"publisher\":{\"@id\":\"https:\/\/www.vkpbratislava.sk\/#organization\"},\"potentialAction\":[{\"@type\":\"SearchAction\",\"target\":{\"@type\":\"EntryPoint\",\"urlTemplate\":\"https:\/\/www.vkpbratislava.sk\/?s={search_term_string}\"},\"query-input\":{\"@type\":\"PropertyValueSpecification\",\"valueRequired\":true,\"valueName\":\"search_term_string\"}}],\"inLanguage\":\"sk-SK\"},{\"@type\":\"Organization\",\"@id\":\"https:\/\/www.vkpbratislava.sk\/#organization\",\"name\":\"VKP Bratislava\",\"url\":\"https:\/\/www.vkpbratislava.sk\/\",\"logo\":{\"@type\":\"ImageObject\",\"inLanguage\":\"sk-SK\",\"@id\":\"https:\/\/www.vkpbratislava.sk\/#\/schema\/logo\/image\/\",\"url\":\"https:\/\/www.vkpbratislava.sk\/wp-content\/uploads\/2020\/10\/vkpBA.png\",\"contentUrl\":\"https:\/\/www.vkpbratislava.sk\/wp-content\/uploads\/2020\/10\/vkpBA.png\",\"width\":600,\"height\":600,\"caption\":\"VKP Bratislava\"},\"image\":{\"@id\":\"https:\/\/www.vkpbratislava.sk\/#\/schema\/logo\/image\/\"}},{\"@type\":\"Person\",\"@id\":\"https:\/\/www.vkpbratislava.sk\/#\/schema\/person\/7037e769f9515aa58493d1b5852c4c50\",\"name\":\"jenca\",\"image\":{\"@type\":\"ImageObject\",\"inLanguage\":\"sk-SK\",\"@id\":\"https:\/\/www.vkpbratislava.sk\/#\/schema\/person\/image\/\",\"url\":\"https:\/\/secure.gravatar.com\/avatar\/67aa89e9aab2911bbd0c6fbf0a891ea8d80c207c9b6a6e2c96e13fc2f16e536d?s=96&d=mm&r=g\",\"contentUrl\":\"https:\/\/secure.gravatar.com\/avatar\/67aa89e9aab2911bbd0c6fbf0a891ea8d80c207c9b6a6e2c96e13fc2f16e536d?s=96&d=mm&r=g\",\"caption\":\"jenca\"},\"url\":\"https:\/\/www.vkpbratislava.sk\/?author=3\"}]}<\/script>\n<!-- \/ Yoast SEO plugin. -->","yoast_head_json":{"title":"So Svidn\u00edkom prehra v tajbrejku - VK SLOVAN Bratislava","description":"V nap\u00ednavom stretnut\u00ed volejbalisti VKP FTV\u0160 UK Bratislava nenadviazali na v\u00ed\u0165azstvo z 1. kola z Pre\u0161ova a v s\u00faboji so Svidn\u00edkom prehrali po piatich setoch.","robots":{"index":"index","follow":"follow","max-snippet":"max-snippet:-1","max-image-preview":"max-image-preview:large","max-video-preview":"max-video-preview:-1"},"canonical":"https:\/\/www.vkpbratislava.sk\/?p=24490","og_locale":"sk_SK","og_type":"article","og_title":"So Svidn\u00edkom prehra v tajbrejku - VK SLOVAN Bratislava","og_description":"V nap\u00ednavom stretnut\u00ed volejbalisti VKP FTV\u0160 UK Bratislava nenadviazali na v\u00ed\u0165azstvo z 1. kola z Pre\u0161ova a v s\u00faboji so Svidn\u00edkom prehrali po piatich setoch.","og_url":"https:\/\/www.vkpbratislava.sk\/?p=24490","og_site_name":"VK SLOVAN Bratislava","article_published_time":"2023-10-01T10:29:07+00:00","og_image":[{"width":1280,"height":853,"url":"https:\/\/www.vkpbratislava.sk\/wp-content\/uploads\/2023\/10\/7B4A5009-1280x853.jpg","type":"image\/jpeg"}],"author":"jenca","twitter_card":"summary_large_image","twitter_misc":{"Autor":"jenca","Predpokladan\u00fd \u010das \u010d\u00edtania":"2 min\u00faty"},"schema":{"@context":"https:\/\/schema.org","@graph":[{"@type":"Article","@id":"https:\/\/www.vkpbratislava.sk\/?p=24490#article","isPartOf":{"@id":"https:\/\/www.vkpbratislava.sk\/?p=24490"},"author":{"name":"jenca","@id":"https:\/\/www.vkpbratislava.sk\/#\/schema\/person\/7037e769f9515aa58493d1b5852c4c50"},"headline":"So Svidn\u00edkom prehra v tajbrejku","datePublished":"2023-10-01T10:29:07+00:00","mainEntityOfPage":{"@id":"https:\/\/www.vkpbratislava.sk\/?p=24490"},"wordCount":224,"publisher":{"@id":"https:\/\/www.vkpbratislava.sk\/#organization"},"image":{"@id":"https:\/\/www.vkpbratislava.sk\/?p=24490#primaryimage"},"thumbnailUrl":"https:\/\/www.vkpbratislava.sk\/wp-content\/uploads\/2023\/10\/7B4A5009.jpg","articleSection":["Mu\u017ei"],"inLanguage":"sk-SK"},{"@type":"WebPage","@id":"https:\/\/www.vkpbratislava.sk\/?p=24490","url":"https:\/\/www.vkpbratislava.sk\/?p=24490","name":"So Svidn\u00edkom prehra v tajbrejku - VK SLOVAN Bratislava","isPartOf":{"@id":"https:\/\/www.vkpbratislava.sk\/#website"},"primaryImageOfPage":{"@id":"https:\/\/www.vkpbratislava.sk\/?p=24490#primaryimage"},"image":{"@id":"https:\/\/www.vkpbratislava.sk\/?p=24490#primaryimage"},"thumbnailUrl":"https:\/\/www.vkpbratislava.sk\/wp-content\/uploads\/2023\/10\/7B4A5009.jpg","datePublished":"2023-10-01T10:29:07+00:00","description":"V nap\u00ednavom stretnut\u00ed volejbalisti VKP FTV\u0160 UK Bratislava nenadviazali na v\u00ed\u0165azstvo z 1. kola z Pre\u0161ova a v s\u00faboji so Svidn\u00edkom prehrali po piatich setoch.","breadcrumb":{"@id":"https:\/\/www.vkpbratislava.sk\/?p=24490#breadcrumb"},"inLanguage":"sk-SK","potentialAction":[{"@type":"ReadAction","target":["https:\/\/www.vkpbratislava.sk\/?p=24490"]}]},{"@type":"ImageObject","inLanguage":"sk-SK","@id":"https:\/\/www.vkpbratislava.sk\/?p=24490#primaryimage","url":"https:\/\/www.vkpbratislava.sk\/wp-content\/uploads\/2023\/10\/7B4A5009.jpg","contentUrl":"https:\/\/www.vkpbratislava.sk\/wp-content\/uploads\/2023\/10\/7B4A5009.jpg","width":2048,"height":1365},{"@type":"BreadcrumbList","@id":"https:\/\/www.vkpbratislava.sk\/?p=24490#breadcrumb","itemListElement":[{"@type":"ListItem","position":1,"name":"Domov","item":"https:\/\/www.vkpbratislava.sk\/"},{"@type":"ListItem","position":2,"name":"So Svidn\u00edkom prehra v tajbrejku"}]},{"@type":"WebSite","@id":"https:\/\/www.vkpbratislava.sk\/#website","url":"https:\/\/www.vkpbratislava.sk\/","name":"VK SLOVAN Bratislava","description":"Volejbalov\u00fd klub","publisher":{"@id":"https:\/\/www.vkpbratislava.sk\/#organization"},"potentialAction":[{"@type":"SearchAction","target":{"@type":"EntryPoint","urlTemplate":"https:\/\/www.vkpbratislava.sk\/?s={search_term_string}"},"query-input":{"@type":"PropertyValueSpecification","valueRequired":true,"valueName":"search_term_string"}}],"inLanguage":"sk-SK"},{"@type":"Organization","@id":"https:\/\/www.vkpbratislava.sk\/#organization","name":"VKP Bratislava","url":"https:\/\/www.vkpbratislava.sk\/","logo":{"@type":"ImageObject","inLanguage":"sk-SK","@id":"https:\/\/www.vkpbratislava.sk\/#\/schema\/logo\/image\/","url":"https:\/\/www.vkpbratislava.sk\/wp-content\/uploads\/2020\/10\/vkpBA.png","contentUrl":"https:\/\/www.vkpbratislava.sk\/wp-content\/uploads\/2020\/10\/vkpBA.png","width":600,"height":600,"caption":"VKP Bratislava"},"image":{"@id":"https:\/\/www.vkpbratislava.sk\/#\/schema\/logo\/image\/"}},{"@type":"Person","@id":"https:\/\/www.vkpbratislava.sk\/#\/schema\/person\/7037e769f9515aa58493d1b5852c4c50","name":"jenca","image":{"@type":"ImageObject","inLanguage":"sk-SK","@id":"https:\/\/www.vkpbratislava.sk\/#\/schema\/person\/image\/","url":"https:\/\/secure.gravatar.com\/avatar\/67aa89e9aab2911bbd0c6fbf0a891ea8d80c207c9b6a6e2c96e13fc2f16e536d?s=96&d=mm&r=g","contentUrl":"https:\/\/secure.gravatar.com\/avatar\/67aa89e9aab2911bbd0c6fbf0a891ea8d80c207c9b6a6e2c96e13fc2f16e536d?s=96&d=mm&r=g","caption":"jenca"},"url":"https:\/\/www.vkpbratislava.sk\/?author=3"}]}},"_links":{"self":[{"href":"https:\/\/www.vkpbratislava.sk\/index.php?rest_route=\/wp\/v2\/posts\/24490","targetHints":{"allow":["GET"]}}],"collection":[{"href":"https:\/\/www.vkpbratislava.sk\/index.php?rest_route=\/wp\/v2\/posts"}],"about":[{"href":"https:\/\/www.vkpbratislava.sk\/index.php?rest_route=\/wp\/v2\/types\/post"}],"author":[{"embeddable":true,"href":"https:\/\/www.vkpbratislava.sk\/index.php?rest_route=\/wp\/v2\/users\/3"}],"replies":[{"embeddable":true,"href":"https:\/\/www.vkpbratislava.sk\/index.php?rest_route=%2Fwp%2Fv2%2Fcomments&post=24490"}],"version-history":[{"count":1,"href":"https:\/\/www.vkpbratislava.sk\/index.php?rest_route=\/wp\/v2\/posts\/24490\/revisions"}],"predecessor-version":[{"id":24492,"href":"https:\/\/www.vkpbratislava.sk\/index.php?rest_route=\/wp\/v2\/posts\/24490\/revisions\/24492"}],"wp:featuredmedia":[{"embeddable":true,"href":"https:\/\/www.vkpbratislava.sk\/index.php?rest_route=\/wp\/v2\/media\/24491"}],"wp:attachment":[{"href":"https:\/\/www.vkpbratislava.sk\/index.php?rest_route=%2Fwp%2Fv2%2Fmedia&parent=24490"}],"wp:term":[{"taxonomy":"category","embeddable":true,"href":"https:\/\/www.vkpbratislava.sk\/index.php?rest_route=%2Fwp%2Fv2%2Fcategories&post=24490"},{"taxonomy":"post_tag","embeddable":true,"href":"https:\/\/www.vkpbratislava.sk\/index.php?rest_route=%2Fwp%2Fv2%2Ftags&post=24490"}],"curies":[{"name":"wp","href":"https:\/\/api.w.org\/{rel}","templated":true}]}}