{"id":25110,"date":"2023-10-07T20:17:22","date_gmt":"2023-10-07T18:17:22","guid":{"rendered":"https:\/\/www.vkpbratislava.sk\/?p=25110"},"modified":"2023-10-09T00:21:40","modified_gmt":"2023-10-08T22:21:40","slug":"hladka-vyhra-v-trencine-debut-michalicu","status":"publish","type":"post","link":"https:\/\/www.vkpbratislava.sk\/?p=25110","title":{"rendered":"Hladk\u00e1 v\u00fdhra v Tren\u010d\u00edne, debut Michalicu"},"content":{"rendered":"<p><strong>V predohr\u00e1vke 3. kola Nik\u00e9 extraligy mu\u017eov zv\u00ed\u0165azili na\u0161i volejbalisti v oklie\u0161tenej zostave v Tren\u010d\u00edne hladko 3:0. Premi\u00e9ru v \u00e1\u010dku si prip\u00edsal talentovan\u00fd odchovanec Matej Michalica.<\/strong><\/p>\n<p><strong>S\u0160\u0160 Tren\u010d\u00edn-Projekt RD SVF \u2013 VKP FTV\u0160 UK Bratislava 0:3 (-14, -20, -12)<\/strong><br \/>\n<strong>Rozhodovali:<\/strong> \u010cuntala a Schimpl, 25 div\u00e1kov.<br \/>\n<strong>S\u0160\u0160:<\/strong> Brz\u00e1\u010d 2, M. Macko 1, D. Str\u00ed\u017e 8, Rendla 10, Pij\u00e1\u010dek 7, Belas 2, liber\u00e1 M. Mak\u00f3nyi a Fris (Beli\u010dka 0, F. Mak\u00f3nyi 1). Tr\u00e9ner: M. Kardo\u0161.<br \/>\n<strong>VKP FTV\u0160 UK:<\/strong> Fekete 1, Marjov 7, Gabko 5, Fo\u0159t 8, Billich 12, Jur\u00edk 11, libero \u013d. Nemec (Tur\u010d\u00e1ni 7, Michalica 0). Tr\u00e9ner: R. P\u011blucha.<\/p>\n<p><strong>Hr\u00e1\u010di z\u00e1pasu:<\/strong> Mat\u00fa\u0161 Mak\u00f3nyi (S\u0160\u0160 Tren\u010d\u00edn-Projekt RD SVF) \u2013 Andrej Billich (VKP FTV\u0160 UK Bratislava)<br \/>\n<strong>Marek Kardo\u0161, tr\u00e9ner S\u0160\u0160:<\/strong> \u201eDnes to nebol z na\u0161ej strany dobr\u00fd v\u00fdkon. Nedok\u00e1zali sme dr\u017ea\u0165 krok so s\u00faperom v \u017eiadnej \u010dinnosti. Gratulujeme VKP k zasl\u00fa\u017een\u00e9mu v\u00ed\u0165azstvu.\u201c<br \/>\n<strong>Robin P\u011blucha, tr\u00e9ner VKP FTV\u0160 UK:<\/strong> \u201eSom r\u00e1d, \u017ee sme vyhrali. S\u00faper nekl\u00e1dol ve\u013emi ve\u013ek\u00fd odpor.\u201c<\/p>\n","protected":false},"excerpt":{"rendered":"<p>V predohr\u00e1vke 3. kola Nik\u00e9 extraligy mu\u017eov zv\u00ed\u0165azili na\u0161i volejbalisti v oklie\u0161tenej zostave v Tren\u010d\u00edne hladko 3:0. Premi\u00e9ru v \u00e1\u010dku si prip\u00edsal talentovan\u00fd odchovanec Matej Michalica.<\/p>\n","protected":false},"author":3,"featured_media":25103,"comment_status":"closed","ping_status":"closed","sticky":false,"template":"","format":"standard","meta":{"_monsterinsights_skip_tracking":false,"_monsterinsights_sitenote_active":false,"_monsterinsights_sitenote_note":"","_monsterinsights_sitenote_category":0,"footnotes":""},"categories":[47],"tags":[],"class_list":["post-25110","post","type-post","status-publish","format-standard","has-post-thumbnail","hentry","category-muzi"],"yoast_head":"<!-- This site is optimized with the Yoast SEO plugin v25.6 - https:\/\/yoast.com\/wordpress\/plugins\/seo\/ -->\n<title>Hladk\u00e1 v\u00fdhra v Tren\u010d\u00edne, debut Michalicu - VK SLOVAN Bratislava<\/title>\n<meta name=\"description\" content=\"V predohr\u00e1vke 3. kola Nik\u00e9 extraligy mu\u017eov zv\u00ed\u0165azili na\u0161i volejbalisti v oklie\u0161tenej zostave v Tren\u010d\u00edne hladko 3:0. Premi\u00e9ru v \u00e1\u010dku si prip\u00edsal talentovan\u00fd odchovanec Matej Michalica.\" \/>\n<meta name=\"robots\" content=\"index, follow, max-snippet:-1, max-image-preview:large, max-video-preview:-1\" \/>\n<link rel=\"canonical\" href=\"https:\/\/www.vkpbratislava.sk\/?p=25110\" \/>\n<meta property=\"og:locale\" content=\"sk_SK\" \/>\n<meta property=\"og:type\" content=\"article\" \/>\n<meta property=\"og:title\" content=\"Hladk\u00e1 v\u00fdhra v Tren\u010d\u00edne, debut Michalicu - VK SLOVAN Bratislava\" \/>\n<meta property=\"og:description\" content=\"V predohr\u00e1vke 3. kola Nik\u00e9 extraligy mu\u017eov zv\u00ed\u0165azili na\u0161i volejbalisti v oklie\u0161tenej zostave v Tren\u010d\u00edne hladko 3:0. Premi\u00e9ru v \u00e1\u010dku si prip\u00edsal talentovan\u00fd odchovanec Matej Michalica.\" \/>\n<meta property=\"og:url\" content=\"https:\/\/www.vkpbratislava.sk\/?p=25110\" \/>\n<meta property=\"og:site_name\" content=\"VK SLOVAN Bratislava\" \/>\n<meta property=\"article:published_time\" content=\"2023-10-07T18:17:22+00:00\" \/>\n<meta property=\"article:modified_time\" content=\"2023-10-08T22:21:40+00:00\" \/>\n<meta property=\"og:image\" content=\"https:\/\/www.vkpbratislava.sk\/wp-content\/uploads\/2023\/10\/MS_202310_ELVKPvsTrencin-98.jpg\" \/>\n\t<meta property=\"og:image:width\" content=\"2048\" \/>\n\t<meta property=\"og:image:height\" content=\"1365\" \/>\n\t<meta property=\"og:image:type\" content=\"image\/jpeg\" \/>\n<meta name=\"author\" content=\"jenca\" \/>\n<meta name=\"twitter:card\" content=\"summary_large_image\" \/>\n<meta name=\"twitter:label1\" content=\"Autor\" \/>\n\t<meta name=\"twitter:data1\" content=\"jenca\" \/>\n\t<meta name=\"twitter:label2\" content=\"Predpokladan\u00fd \u010das \u010d\u00edtania\" \/>\n\t<meta name=\"twitter:data2\" content=\"1 min\u00fata\" \/>\n<script type=\"application\/ld+json\" class=\"yoast-schema-graph\">{\"@context\":\"https:\/\/schema.org\",\"@graph\":[{\"@type\":\"Article\",\"@id\":\"https:\/\/www.vkpbratislava.sk\/?p=25110#article\",\"isPartOf\":{\"@id\":\"https:\/\/www.vkpbratislava.sk\/?p=25110\"},\"author\":{\"name\":\"jenca\",\"@id\":\"https:\/\/www.vkpbratislava.sk\/#\/schema\/person\/7037e769f9515aa58493d1b5852c4c50\"},\"headline\":\"Hladk\u00e1 v\u00fdhra v Tren\u010d\u00edne, debut Michalicu\",\"datePublished\":\"2023-10-07T18:17:22+00:00\",\"dateModified\":\"2023-10-08T22:21:40+00:00\",\"mainEntityOfPage\":{\"@id\":\"https:\/\/www.vkpbratislava.sk\/?p=25110\"},\"wordCount\":180,\"publisher\":{\"@id\":\"https:\/\/www.vkpbratislava.sk\/#organization\"},\"image\":{\"@id\":\"https:\/\/www.vkpbratislava.sk\/?p=25110#primaryimage\"},\"thumbnailUrl\":\"https:\/\/www.vkpbratislava.sk\/wp-content\/uploads\/2023\/10\/MS_202310_ELVKPvsTrencin-98.jpg\",\"articleSection\":[\"Mu\u017ei\"],\"inLanguage\":\"sk-SK\"},{\"@type\":\"WebPage\",\"@id\":\"https:\/\/www.vkpbratislava.sk\/?p=25110\",\"url\":\"https:\/\/www.vkpbratislava.sk\/?p=25110\",\"name\":\"Hladk\u00e1 v\u00fdhra v Tren\u010d\u00edne, debut Michalicu - VK SLOVAN Bratislava\",\"isPartOf\":{\"@id\":\"https:\/\/www.vkpbratislava.sk\/#website\"},\"primaryImageOfPage\":{\"@id\":\"https:\/\/www.vkpbratislava.sk\/?p=25110#primaryimage\"},\"image\":{\"@id\":\"https:\/\/www.vkpbratislava.sk\/?p=25110#primaryimage\"},\"thumbnailUrl\":\"https:\/\/www.vkpbratislava.sk\/wp-content\/uploads\/2023\/10\/MS_202310_ELVKPvsTrencin-98.jpg\",\"datePublished\":\"2023-10-07T18:17:22+00:00\",\"dateModified\":\"2023-10-08T22:21:40+00:00\",\"description\":\"V predohr\u00e1vke 3. kola Nik\u00e9 extraligy mu\u017eov zv\u00ed\u0165azili na\u0161i volejbalisti v oklie\u0161tenej zostave v Tren\u010d\u00edne hladko 3:0. Premi\u00e9ru v \u00e1\u010dku si prip\u00edsal talentovan\u00fd odchovanec Matej Michalica.\",\"breadcrumb\":{\"@id\":\"https:\/\/www.vkpbratislava.sk\/?p=25110#breadcrumb\"},\"inLanguage\":\"sk-SK\",\"potentialAction\":[{\"@type\":\"ReadAction\",\"target\":[\"https:\/\/www.vkpbratislava.sk\/?p=25110\"]}]},{\"@type\":\"ImageObject\",\"inLanguage\":\"sk-SK\",\"@id\":\"https:\/\/www.vkpbratislava.sk\/?p=25110#primaryimage\",\"url\":\"https:\/\/www.vkpbratislava.sk\/wp-content\/uploads\/2023\/10\/MS_202310_ELVKPvsTrencin-98.jpg\",\"contentUrl\":\"https:\/\/www.vkpbratislava.sk\/wp-content\/uploads\/2023\/10\/MS_202310_ELVKPvsTrencin-98.jpg\",\"width\":2048,\"height\":1365},{\"@type\":\"BreadcrumbList\",\"@id\":\"https:\/\/www.vkpbratislava.sk\/?p=25110#breadcrumb\",\"itemListElement\":[{\"@type\":\"ListItem\",\"position\":1,\"name\":\"Domov\",\"item\":\"https:\/\/www.vkpbratislava.sk\/\"},{\"@type\":\"ListItem\",\"position\":2,\"name\":\"Hladk\u00e1 v\u00fdhra v Tren\u010d\u00edne, debut Michalicu\"}]},{\"@type\":\"WebSite\",\"@id\":\"https:\/\/www.vkpbratislava.sk\/#website\",\"url\":\"https:\/\/www.vkpbratislava.sk\/\",\"name\":\"VK SLOVAN Bratislava\",\"description\":\"Volejbalov\u00fd klub\",\"publisher\":{\"@id\":\"https:\/\/www.vkpbratislava.sk\/#organization\"},\"potentialAction\":[{\"@type\":\"SearchAction\",\"target\":{\"@type\":\"EntryPoint\",\"urlTemplate\":\"https:\/\/www.vkpbratislava.sk\/?s={search_term_string}\"},\"query-input\":{\"@type\":\"PropertyValueSpecification\",\"valueRequired\":true,\"valueName\":\"search_term_string\"}}],\"inLanguage\":\"sk-SK\"},{\"@type\":\"Organization\",\"@id\":\"https:\/\/www.vkpbratislava.sk\/#organization\",\"name\":\"VKP Bratislava\",\"url\":\"https:\/\/www.vkpbratislava.sk\/\",\"logo\":{\"@type\":\"ImageObject\",\"inLanguage\":\"sk-SK\",\"@id\":\"https:\/\/www.vkpbratislava.sk\/#\/schema\/logo\/image\/\",\"url\":\"https:\/\/www.vkpbratislava.sk\/wp-content\/uploads\/2020\/10\/vkpBA.png\",\"contentUrl\":\"https:\/\/www.vkpbratislava.sk\/wp-content\/uploads\/2020\/10\/vkpBA.png\",\"width\":600,\"height\":600,\"caption\":\"VKP Bratislava\"},\"image\":{\"@id\":\"https:\/\/www.vkpbratislava.sk\/#\/schema\/logo\/image\/\"}},{\"@type\":\"Person\",\"@id\":\"https:\/\/www.vkpbratislava.sk\/#\/schema\/person\/7037e769f9515aa58493d1b5852c4c50\",\"name\":\"jenca\",\"image\":{\"@type\":\"ImageObject\",\"inLanguage\":\"sk-SK\",\"@id\":\"https:\/\/www.vkpbratislava.sk\/#\/schema\/person\/image\/\",\"url\":\"https:\/\/secure.gravatar.com\/avatar\/67aa89e9aab2911bbd0c6fbf0a891ea8d80c207c9b6a6e2c96e13fc2f16e536d?s=96&d=mm&r=g\",\"contentUrl\":\"https:\/\/secure.gravatar.com\/avatar\/67aa89e9aab2911bbd0c6fbf0a891ea8d80c207c9b6a6e2c96e13fc2f16e536d?s=96&d=mm&r=g\",\"caption\":\"jenca\"},\"url\":\"https:\/\/www.vkpbratislava.sk\/?author=3\"}]}<\/script>\n<!-- \/ Yoast SEO plugin. -->","yoast_head_json":{"title":"Hladk\u00e1 v\u00fdhra v Tren\u010d\u00edne, debut Michalicu - VK SLOVAN Bratislava","description":"V predohr\u00e1vke 3. kola Nik\u00e9 extraligy mu\u017eov zv\u00ed\u0165azili na\u0161i volejbalisti v oklie\u0161tenej zostave v Tren\u010d\u00edne hladko 3:0. Premi\u00e9ru v \u00e1\u010dku si prip\u00edsal talentovan\u00fd odchovanec Matej Michalica.","robots":{"index":"index","follow":"follow","max-snippet":"max-snippet:-1","max-image-preview":"max-image-preview:large","max-video-preview":"max-video-preview:-1"},"canonical":"https:\/\/www.vkpbratislava.sk\/?p=25110","og_locale":"sk_SK","og_type":"article","og_title":"Hladk\u00e1 v\u00fdhra v Tren\u010d\u00edne, debut Michalicu - VK SLOVAN Bratislava","og_description":"V predohr\u00e1vke 3. kola Nik\u00e9 extraligy mu\u017eov zv\u00ed\u0165azili na\u0161i volejbalisti v oklie\u0161tenej zostave v Tren\u010d\u00edne hladko 3:0. Premi\u00e9ru v \u00e1\u010dku si prip\u00edsal talentovan\u00fd odchovanec Matej Michalica.","og_url":"https:\/\/www.vkpbratislava.sk\/?p=25110","og_site_name":"VK SLOVAN Bratislava","article_published_time":"2023-10-07T18:17:22+00:00","article_modified_time":"2023-10-08T22:21:40+00:00","og_image":[{"width":2048,"height":1365,"url":"https:\/\/www.vkpbratislava.sk\/wp-content\/uploads\/2023\/10\/MS_202310_ELVKPvsTrencin-98.jpg","type":"image\/jpeg"}],"author":"jenca","twitter_card":"summary_large_image","twitter_misc":{"Autor":"jenca","Predpokladan\u00fd \u010das \u010d\u00edtania":"1 min\u00fata"},"schema":{"@context":"https:\/\/schema.org","@graph":[{"@type":"Article","@id":"https:\/\/www.vkpbratislava.sk\/?p=25110#article","isPartOf":{"@id":"https:\/\/www.vkpbratislava.sk\/?p=25110"},"author":{"name":"jenca","@id":"https:\/\/www.vkpbratislava.sk\/#\/schema\/person\/7037e769f9515aa58493d1b5852c4c50"},"headline":"Hladk\u00e1 v\u00fdhra v Tren\u010d\u00edne, debut Michalicu","datePublished":"2023-10-07T18:17:22+00:00","dateModified":"2023-10-08T22:21:40+00:00","mainEntityOfPage":{"@id":"https:\/\/www.vkpbratislava.sk\/?p=25110"},"wordCount":180,"publisher":{"@id":"https:\/\/www.vkpbratislava.sk\/#organization"},"image":{"@id":"https:\/\/www.vkpbratislava.sk\/?p=25110#primaryimage"},"thumbnailUrl":"https:\/\/www.vkpbratislava.sk\/wp-content\/uploads\/2023\/10\/MS_202310_ELVKPvsTrencin-98.jpg","articleSection":["Mu\u017ei"],"inLanguage":"sk-SK"},{"@type":"WebPage","@id":"https:\/\/www.vkpbratislava.sk\/?p=25110","url":"https:\/\/www.vkpbratislava.sk\/?p=25110","name":"Hladk\u00e1 v\u00fdhra v Tren\u010d\u00edne, debut Michalicu - VK SLOVAN Bratislava","isPartOf":{"@id":"https:\/\/www.vkpbratislava.sk\/#website"},"primaryImageOfPage":{"@id":"https:\/\/www.vkpbratislava.sk\/?p=25110#primaryimage"},"image":{"@id":"https:\/\/www.vkpbratislava.sk\/?p=25110#primaryimage"},"thumbnailUrl":"https:\/\/www.vkpbratislava.sk\/wp-content\/uploads\/2023\/10\/MS_202310_ELVKPvsTrencin-98.jpg","datePublished":"2023-10-07T18:17:22+00:00","dateModified":"2023-10-08T22:21:40+00:00","description":"V predohr\u00e1vke 3. kola Nik\u00e9 extraligy mu\u017eov zv\u00ed\u0165azili na\u0161i volejbalisti v oklie\u0161tenej zostave v Tren\u010d\u00edne hladko 3:0. Premi\u00e9ru v \u00e1\u010dku si prip\u00edsal talentovan\u00fd odchovanec Matej Michalica.","breadcrumb":{"@id":"https:\/\/www.vkpbratislava.sk\/?p=25110#breadcrumb"},"inLanguage":"sk-SK","potentialAction":[{"@type":"ReadAction","target":["https:\/\/www.vkpbratislava.sk\/?p=25110"]}]},{"@type":"ImageObject","inLanguage":"sk-SK","@id":"https:\/\/www.vkpbratislava.sk\/?p=25110#primaryimage","url":"https:\/\/www.vkpbratislava.sk\/wp-content\/uploads\/2023\/10\/MS_202310_ELVKPvsTrencin-98.jpg","contentUrl":"https:\/\/www.vkpbratislava.sk\/wp-content\/uploads\/2023\/10\/MS_202310_ELVKPvsTrencin-98.jpg","width":2048,"height":1365},{"@type":"BreadcrumbList","@id":"https:\/\/www.vkpbratislava.sk\/?p=25110#breadcrumb","itemListElement":[{"@type":"ListItem","position":1,"name":"Domov","item":"https:\/\/www.vkpbratislava.sk\/"},{"@type":"ListItem","position":2,"name":"Hladk\u00e1 v\u00fdhra v Tren\u010d\u00edne, debut Michalicu"}]},{"@type":"WebSite","@id":"https:\/\/www.vkpbratislava.sk\/#website","url":"https:\/\/www.vkpbratislava.sk\/","name":"VK SLOVAN Bratislava","description":"Volejbalov\u00fd klub","publisher":{"@id":"https:\/\/www.vkpbratislava.sk\/#organization"},"potentialAction":[{"@type":"SearchAction","target":{"@type":"EntryPoint","urlTemplate":"https:\/\/www.vkpbratislava.sk\/?s={search_term_string}"},"query-input":{"@type":"PropertyValueSpecification","valueRequired":true,"valueName":"search_term_string"}}],"inLanguage":"sk-SK"},{"@type":"Organization","@id":"https:\/\/www.vkpbratislava.sk\/#organization","name":"VKP Bratislava","url":"https:\/\/www.vkpbratislava.sk\/","logo":{"@type":"ImageObject","inLanguage":"sk-SK","@id":"https:\/\/www.vkpbratislava.sk\/#\/schema\/logo\/image\/","url":"https:\/\/www.vkpbratislava.sk\/wp-content\/uploads\/2020\/10\/vkpBA.png","contentUrl":"https:\/\/www.vkpbratislava.sk\/wp-content\/uploads\/2020\/10\/vkpBA.png","width":600,"height":600,"caption":"VKP Bratislava"},"image":{"@id":"https:\/\/www.vkpbratislava.sk\/#\/schema\/logo\/image\/"}},{"@type":"Person","@id":"https:\/\/www.vkpbratislava.sk\/#\/schema\/person\/7037e769f9515aa58493d1b5852c4c50","name":"jenca","image":{"@type":"ImageObject","inLanguage":"sk-SK","@id":"https:\/\/www.vkpbratislava.sk\/#\/schema\/person\/image\/","url":"https:\/\/secure.gravatar.com\/avatar\/67aa89e9aab2911bbd0c6fbf0a891ea8d80c207c9b6a6e2c96e13fc2f16e536d?s=96&d=mm&r=g","contentUrl":"https:\/\/secure.gravatar.com\/avatar\/67aa89e9aab2911bbd0c6fbf0a891ea8d80c207c9b6a6e2c96e13fc2f16e536d?s=96&d=mm&r=g","caption":"jenca"},"url":"https:\/\/www.vkpbratislava.sk\/?author=3"}]}},"_links":{"self":[{"href":"https:\/\/www.vkpbratislava.sk\/index.php?rest_route=\/wp\/v2\/posts\/25110","targetHints":{"allow":["GET"]}}],"collection":[{"href":"https:\/\/www.vkpbratislava.sk\/index.php?rest_route=\/wp\/v2\/posts"}],"about":[{"href":"https:\/\/www.vkpbratislava.sk\/index.php?rest_route=\/wp\/v2\/types\/post"}],"author":[{"embeddable":true,"href":"https:\/\/www.vkpbratislava.sk\/index.php?rest_route=\/wp\/v2\/users\/3"}],"replies":[{"embeddable":true,"href":"https:\/\/www.vkpbratislava.sk\/index.php?rest_route=%2Fwp%2Fv2%2Fcomments&post=25110"}],"version-history":[{"count":1,"href":"https:\/\/www.vkpbratislava.sk\/index.php?rest_route=\/wp\/v2\/posts\/25110\/revisions"}],"predecessor-version":[{"id":25111,"href":"https:\/\/www.vkpbratislava.sk\/index.php?rest_route=\/wp\/v2\/posts\/25110\/revisions\/25111"}],"wp:featuredmedia":[{"embeddable":true,"href":"https:\/\/www.vkpbratislava.sk\/index.php?rest_route=\/wp\/v2\/media\/25103"}],"wp:attachment":[{"href":"https:\/\/www.vkpbratislava.sk\/index.php?rest_route=%2Fwp%2Fv2%2Fmedia&parent=25110"}],"wp:term":[{"taxonomy":"category","embeddable":true,"href":"https:\/\/www.vkpbratislava.sk\/index.php?rest_route=%2Fwp%2Fv2%2Fcategories&post=25110"},{"taxonomy":"post_tag","embeddable":true,"href":"https:\/\/www.vkpbratislava.sk\/index.php?rest_route=%2Fwp%2Fv2%2Ftags&post=25110"}],"curies":[{"name":"wp","href":"https:\/\/api.w.org\/{rel}","templated":true}]}}