{"id":25337,"date":"2023-10-16T11:01:50","date_gmt":"2023-10-16T09:01:50","guid":{"rendered":"https:\/\/www.vkpbratislava.sk\/?p=25337"},"modified":"2023-10-16T11:22:44","modified_gmt":"2023-10-16T09:22:44","slug":"po-vyhre-nad-komarnom-lidrom-tabulky","status":"publish","type":"post","link":"https:\/\/www.vkpbratislava.sk\/?p=25337","title":{"rendered":"Po v\u00fdhre nad Kom\u00e1rnom l\u00eddrom tabu\u013eky"},"content":{"rendered":"<p><strong>Mu\u017ei VKP FTV\u0160 UK Bratislava sa po piatkovej v\u00fdhre nad Kom\u00e1rnom 3:1 dostali na \u010delo Nik\u00e9 extraligy pr\u00e1ve pred t\u00edm z ju\u017en\u00e9ho Slovenska.<\/strong><\/p>\n<p><b>VKP FTV\u0160 UK Bratislava <\/b><b>\u2013 <\/b><b>Rieker UJS Kom\u00e1rno<\/b><b>\u00a0<\/b><b>3<\/b><b>:<\/b><b>1<\/b><b>\u00a0(<\/b><b>20<\/b><b>,<\/b><b>\u00a023<\/b><b>,<\/b><b>\u00a0-12, 23<\/b><b>)<\/b><b><\/b><\/p>\n<p><b>Rozhodovali: <\/b>Kr\u00e1lovi\u010d a Sarka, 250 div\u00e1kov.<b><\/b><\/p>\n<p><b>VKP FTV\u0160 UK<\/b><b>: <\/b>\u010cerven\u00e1k 8, P. Str\u00ed\u017e 2, Za\u0165ko 7, Truba\u010d 5, Billich 14, Van\u010do 20, libero \u013d. Nemec (Fekete 0, Fo\u0159t 1, Jur\u00edk 3). Tr\u00e9ner:\u00a0R. P\u011blucha.<b><\/b><\/p>\n<p><b>RIEKEJ UJS<\/b><b>:<\/b><b>\u00a0<\/b>Ma\u010duha 9, Kasperkevi\u010d 2, Ogur\u010d\u00e1k 9, Koh\u00fat 6, Mlanar\u010d\u00edk 25, Lam 2, liber\u00e1 Kraj\u010do a Pati-Nagy (B. Han\u00fasek 0, Gergely 12, Forr\u00f3 0, S\u00e1nta 0, Sz\u00e1zvai 0, P. Kudra 0). Tr\u00e9ner:\u00a0R. Vlkolinsk\u00fd.<\/p>\n<p><b>Hr\u00e1\u010di z\u00e1pasu: <\/b>Juraj Za\u0165ko (VKP FTV\u0160 UK Bratislava) \u2013 Marek Gergely (Rieker UJS Kom\u00e1rno)<\/p>\n<p><strong>Robin P\u011blucha, tr\u00e9ner VKP FTV\u0160 UK:<\/strong> &#8222;Prv\u00e9 dva sety sme hrali odv\u00e1\u017eane a dobre, potom sme po\u013eavili. Vo \u0161tvrtom sete sme zabojovali v koncovke a som r\u00e1d, \u017ee sme vyhrali.\u201d<br \/>\n<strong>Richard Vlkolinsk\u00fd, tr\u00e9ner Rieker UJS:<\/strong>\u00a0\u201cDom\u00e1ci boli lep\u0161\u00ed a zasl\u00fa\u017eili si vyhra\u0165. Stratili sme vedenie vo \u0161tvrtom sete, kde sme vyhr\u00e1vali, ale stratili sme hru. Zlyhali sme ako kolekt\u00edv a to by sa nemalo sta\u0165.\u201d<\/p>\n","protected":false},"excerpt":{"rendered":"<p>Mu\u017ei VKP FTV\u0160 UK Bratislava sa po piatkovej v\u00fdhre nad Kom\u00e1rnom 3:1 dostali na \u010delo Nik\u00e9 extraligy pr\u00e1ve pred t\u00edm z ju\u017en\u00e9ho Slovenska.<\/p>\n","protected":false},"author":3,"featured_media":25334,"comment_status":"closed","ping_status":"closed","sticky":false,"template":"","format":"standard","meta":{"_monsterinsights_skip_tracking":false,"_monsterinsights_sitenote_active":false,"_monsterinsights_sitenote_note":"","_monsterinsights_sitenote_category":0,"footnotes":""},"categories":[47],"tags":[],"class_list":["post-25337","post","type-post","status-publish","format-standard","has-post-thumbnail","hentry","category-muzi"],"yoast_head":"<!-- This site is optimized with the Yoast SEO plugin v25.6 - https:\/\/yoast.com\/wordpress\/plugins\/seo\/ -->\n<title>Po v\u00fdhre nad Kom\u00e1rnom l\u00eddrom tabu\u013eky - VK SLOVAN Bratislava<\/title>\n<meta name=\"description\" content=\"Mu\u017ei VKP FTV\u0160 UK Bratislava sa po piatkovej v\u00fdhre nad Kom\u00e1rnom 3:1 dostali na \u010delo Nik\u00e9 extraligy pr\u00e1ve pred t\u00edm z ju\u017en\u00e9ho Slovenska.\" \/>\n<meta name=\"robots\" content=\"index, follow, max-snippet:-1, max-image-preview:large, max-video-preview:-1\" \/>\n<link rel=\"canonical\" href=\"https:\/\/www.vkpbratislava.sk\/?p=25337\" \/>\n<meta property=\"og:locale\" content=\"sk_SK\" \/>\n<meta property=\"og:type\" content=\"article\" \/>\n<meta property=\"og:title\" content=\"Po v\u00fdhre nad Kom\u00e1rnom l\u00eddrom tabu\u013eky - VK SLOVAN Bratislava\" \/>\n<meta property=\"og:description\" content=\"Mu\u017ei VKP FTV\u0160 UK Bratislava sa po piatkovej v\u00fdhre nad Kom\u00e1rnom 3:1 dostali na \u010delo Nik\u00e9 extraligy pr\u00e1ve pred t\u00edm z ju\u017en\u00e9ho Slovenska.\" \/>\n<meta property=\"og:url\" content=\"https:\/\/www.vkpbratislava.sk\/?p=25337\" \/>\n<meta property=\"og:site_name\" content=\"VK SLOVAN Bratislava\" \/>\n<meta property=\"article:published_time\" content=\"2023-10-16T09:01:50+00:00\" \/>\n<meta property=\"article:modified_time\" content=\"2023-10-16T09:22:44+00:00\" \/>\n<meta property=\"og:image\" content=\"https:\/\/www.vkpbratislava.sk\/wp-content\/uploads\/2023\/10\/MS_202310_ELVKPvsKomarno-33.jpg\" \/>\n\t<meta property=\"og:image:width\" content=\"2048\" \/>\n\t<meta property=\"og:image:height\" content=\"1365\" \/>\n\t<meta property=\"og:image:type\" content=\"image\/jpeg\" \/>\n<meta name=\"author\" content=\"jenca\" \/>\n<meta name=\"twitter:card\" content=\"summary_large_image\" \/>\n<meta name=\"twitter:label1\" content=\"Autor\" \/>\n\t<meta name=\"twitter:data1\" content=\"jenca\" \/>\n\t<meta name=\"twitter:label2\" content=\"Predpokladan\u00fd \u010das \u010d\u00edtania\" \/>\n\t<meta name=\"twitter:data2\" content=\"1 min\u00fata\" \/>\n<script type=\"application\/ld+json\" class=\"yoast-schema-graph\">{\"@context\":\"https:\/\/schema.org\",\"@graph\":[{\"@type\":\"Article\",\"@id\":\"https:\/\/www.vkpbratislava.sk\/?p=25337#article\",\"isPartOf\":{\"@id\":\"https:\/\/www.vkpbratislava.sk\/?p=25337\"},\"author\":{\"name\":\"jenca\",\"@id\":\"https:\/\/www.vkpbratislava.sk\/#\/schema\/person\/7037e769f9515aa58493d1b5852c4c50\"},\"headline\":\"Po v\u00fdhre nad Kom\u00e1rnom l\u00eddrom tabu\u013eky\",\"datePublished\":\"2023-10-16T09:01:50+00:00\",\"dateModified\":\"2023-10-16T09:22:44+00:00\",\"mainEntityOfPage\":{\"@id\":\"https:\/\/www.vkpbratislava.sk\/?p=25337\"},\"wordCount\":204,\"publisher\":{\"@id\":\"https:\/\/www.vkpbratislava.sk\/#organization\"},\"image\":{\"@id\":\"https:\/\/www.vkpbratislava.sk\/?p=25337#primaryimage\"},\"thumbnailUrl\":\"https:\/\/www.vkpbratislava.sk\/wp-content\/uploads\/2023\/10\/MS_202310_ELVKPvsKomarno-33.jpg\",\"articleSection\":[\"Mu\u017ei\"],\"inLanguage\":\"sk-SK\"},{\"@type\":\"WebPage\",\"@id\":\"https:\/\/www.vkpbratislava.sk\/?p=25337\",\"url\":\"https:\/\/www.vkpbratislava.sk\/?p=25337\",\"name\":\"Po v\u00fdhre nad Kom\u00e1rnom l\u00eddrom tabu\u013eky - VK SLOVAN Bratislava\",\"isPartOf\":{\"@id\":\"https:\/\/www.vkpbratislava.sk\/#website\"},\"primaryImageOfPage\":{\"@id\":\"https:\/\/www.vkpbratislava.sk\/?p=25337#primaryimage\"},\"image\":{\"@id\":\"https:\/\/www.vkpbratislava.sk\/?p=25337#primaryimage\"},\"thumbnailUrl\":\"https:\/\/www.vkpbratislava.sk\/wp-content\/uploads\/2023\/10\/MS_202310_ELVKPvsKomarno-33.jpg\",\"datePublished\":\"2023-10-16T09:01:50+00:00\",\"dateModified\":\"2023-10-16T09:22:44+00:00\",\"description\":\"Mu\u017ei VKP FTV\u0160 UK Bratislava sa po piatkovej v\u00fdhre nad Kom\u00e1rnom 3:1 dostali na \u010delo Nik\u00e9 extraligy pr\u00e1ve pred t\u00edm z ju\u017en\u00e9ho Slovenska.\",\"breadcrumb\":{\"@id\":\"https:\/\/www.vkpbratislava.sk\/?p=25337#breadcrumb\"},\"inLanguage\":\"sk-SK\",\"potentialAction\":[{\"@type\":\"ReadAction\",\"target\":[\"https:\/\/www.vkpbratislava.sk\/?p=25337\"]}]},{\"@type\":\"ImageObject\",\"inLanguage\":\"sk-SK\",\"@id\":\"https:\/\/www.vkpbratislava.sk\/?p=25337#primaryimage\",\"url\":\"https:\/\/www.vkpbratislava.sk\/wp-content\/uploads\/2023\/10\/MS_202310_ELVKPvsKomarno-33.jpg\",\"contentUrl\":\"https:\/\/www.vkpbratislava.sk\/wp-content\/uploads\/2023\/10\/MS_202310_ELVKPvsKomarno-33.jpg\",\"width\":2048,\"height\":1365},{\"@type\":\"BreadcrumbList\",\"@id\":\"https:\/\/www.vkpbratislava.sk\/?p=25337#breadcrumb\",\"itemListElement\":[{\"@type\":\"ListItem\",\"position\":1,\"name\":\"Domov\",\"item\":\"https:\/\/www.vkpbratislava.sk\/\"},{\"@type\":\"ListItem\",\"position\":2,\"name\":\"Po v\u00fdhre nad Kom\u00e1rnom l\u00eddrom tabu\u013eky\"}]},{\"@type\":\"WebSite\",\"@id\":\"https:\/\/www.vkpbratislava.sk\/#website\",\"url\":\"https:\/\/www.vkpbratislava.sk\/\",\"name\":\"VK SLOVAN Bratislava\",\"description\":\"Volejbalov\u00fd klub\",\"publisher\":{\"@id\":\"https:\/\/www.vkpbratislava.sk\/#organization\"},\"potentialAction\":[{\"@type\":\"SearchAction\",\"target\":{\"@type\":\"EntryPoint\",\"urlTemplate\":\"https:\/\/www.vkpbratislava.sk\/?s={search_term_string}\"},\"query-input\":{\"@type\":\"PropertyValueSpecification\",\"valueRequired\":true,\"valueName\":\"search_term_string\"}}],\"inLanguage\":\"sk-SK\"},{\"@type\":\"Organization\",\"@id\":\"https:\/\/www.vkpbratislava.sk\/#organization\",\"name\":\"VKP Bratislava\",\"url\":\"https:\/\/www.vkpbratislava.sk\/\",\"logo\":{\"@type\":\"ImageObject\",\"inLanguage\":\"sk-SK\",\"@id\":\"https:\/\/www.vkpbratislava.sk\/#\/schema\/logo\/image\/\",\"url\":\"https:\/\/www.vkpbratislava.sk\/wp-content\/uploads\/2020\/10\/vkpBA.png\",\"contentUrl\":\"https:\/\/www.vkpbratislava.sk\/wp-content\/uploads\/2020\/10\/vkpBA.png\",\"width\":600,\"height\":600,\"caption\":\"VKP Bratislava\"},\"image\":{\"@id\":\"https:\/\/www.vkpbratislava.sk\/#\/schema\/logo\/image\/\"}},{\"@type\":\"Person\",\"@id\":\"https:\/\/www.vkpbratislava.sk\/#\/schema\/person\/7037e769f9515aa58493d1b5852c4c50\",\"name\":\"jenca\",\"image\":{\"@type\":\"ImageObject\",\"inLanguage\":\"sk-SK\",\"@id\":\"https:\/\/www.vkpbratislava.sk\/#\/schema\/person\/image\/\",\"url\":\"https:\/\/secure.gravatar.com\/avatar\/67aa89e9aab2911bbd0c6fbf0a891ea8d80c207c9b6a6e2c96e13fc2f16e536d?s=96&d=mm&r=g\",\"contentUrl\":\"https:\/\/secure.gravatar.com\/avatar\/67aa89e9aab2911bbd0c6fbf0a891ea8d80c207c9b6a6e2c96e13fc2f16e536d?s=96&d=mm&r=g\",\"caption\":\"jenca\"},\"url\":\"https:\/\/www.vkpbratislava.sk\/?author=3\"}]}<\/script>\n<!-- \/ Yoast SEO plugin. -->","yoast_head_json":{"title":"Po v\u00fdhre nad Kom\u00e1rnom l\u00eddrom tabu\u013eky - VK SLOVAN Bratislava","description":"Mu\u017ei VKP FTV\u0160 UK Bratislava sa po piatkovej v\u00fdhre nad Kom\u00e1rnom 3:1 dostali na \u010delo Nik\u00e9 extraligy pr\u00e1ve pred t\u00edm z ju\u017en\u00e9ho Slovenska.","robots":{"index":"index","follow":"follow","max-snippet":"max-snippet:-1","max-image-preview":"max-image-preview:large","max-video-preview":"max-video-preview:-1"},"canonical":"https:\/\/www.vkpbratislava.sk\/?p=25337","og_locale":"sk_SK","og_type":"article","og_title":"Po v\u00fdhre nad Kom\u00e1rnom l\u00eddrom tabu\u013eky - VK SLOVAN Bratislava","og_description":"Mu\u017ei VKP FTV\u0160 UK Bratislava sa po piatkovej v\u00fdhre nad Kom\u00e1rnom 3:1 dostali na \u010delo Nik\u00e9 extraligy pr\u00e1ve pred t\u00edm z ju\u017en\u00e9ho Slovenska.","og_url":"https:\/\/www.vkpbratislava.sk\/?p=25337","og_site_name":"VK SLOVAN Bratislava","article_published_time":"2023-10-16T09:01:50+00:00","article_modified_time":"2023-10-16T09:22:44+00:00","og_image":[{"width":2048,"height":1365,"url":"https:\/\/www.vkpbratislava.sk\/wp-content\/uploads\/2023\/10\/MS_202310_ELVKPvsKomarno-33.jpg","type":"image\/jpeg"}],"author":"jenca","twitter_card":"summary_large_image","twitter_misc":{"Autor":"jenca","Predpokladan\u00fd \u010das \u010d\u00edtania":"1 min\u00fata"},"schema":{"@context":"https:\/\/schema.org","@graph":[{"@type":"Article","@id":"https:\/\/www.vkpbratislava.sk\/?p=25337#article","isPartOf":{"@id":"https:\/\/www.vkpbratislava.sk\/?p=25337"},"author":{"name":"jenca","@id":"https:\/\/www.vkpbratislava.sk\/#\/schema\/person\/7037e769f9515aa58493d1b5852c4c50"},"headline":"Po v\u00fdhre nad Kom\u00e1rnom l\u00eddrom tabu\u013eky","datePublished":"2023-10-16T09:01:50+00:00","dateModified":"2023-10-16T09:22:44+00:00","mainEntityOfPage":{"@id":"https:\/\/www.vkpbratislava.sk\/?p=25337"},"wordCount":204,"publisher":{"@id":"https:\/\/www.vkpbratislava.sk\/#organization"},"image":{"@id":"https:\/\/www.vkpbratislava.sk\/?p=25337#primaryimage"},"thumbnailUrl":"https:\/\/www.vkpbratislava.sk\/wp-content\/uploads\/2023\/10\/MS_202310_ELVKPvsKomarno-33.jpg","articleSection":["Mu\u017ei"],"inLanguage":"sk-SK"},{"@type":"WebPage","@id":"https:\/\/www.vkpbratislava.sk\/?p=25337","url":"https:\/\/www.vkpbratislava.sk\/?p=25337","name":"Po v\u00fdhre nad Kom\u00e1rnom l\u00eddrom tabu\u013eky - VK SLOVAN Bratislava","isPartOf":{"@id":"https:\/\/www.vkpbratislava.sk\/#website"},"primaryImageOfPage":{"@id":"https:\/\/www.vkpbratislava.sk\/?p=25337#primaryimage"},"image":{"@id":"https:\/\/www.vkpbratislava.sk\/?p=25337#primaryimage"},"thumbnailUrl":"https:\/\/www.vkpbratislava.sk\/wp-content\/uploads\/2023\/10\/MS_202310_ELVKPvsKomarno-33.jpg","datePublished":"2023-10-16T09:01:50+00:00","dateModified":"2023-10-16T09:22:44+00:00","description":"Mu\u017ei VKP FTV\u0160 UK Bratislava sa po piatkovej v\u00fdhre nad Kom\u00e1rnom 3:1 dostali na \u010delo Nik\u00e9 extraligy pr\u00e1ve pred t\u00edm z ju\u017en\u00e9ho Slovenska.","breadcrumb":{"@id":"https:\/\/www.vkpbratislava.sk\/?p=25337#breadcrumb"},"inLanguage":"sk-SK","potentialAction":[{"@type":"ReadAction","target":["https:\/\/www.vkpbratislava.sk\/?p=25337"]}]},{"@type":"ImageObject","inLanguage":"sk-SK","@id":"https:\/\/www.vkpbratislava.sk\/?p=25337#primaryimage","url":"https:\/\/www.vkpbratislava.sk\/wp-content\/uploads\/2023\/10\/MS_202310_ELVKPvsKomarno-33.jpg","contentUrl":"https:\/\/www.vkpbratislava.sk\/wp-content\/uploads\/2023\/10\/MS_202310_ELVKPvsKomarno-33.jpg","width":2048,"height":1365},{"@type":"BreadcrumbList","@id":"https:\/\/www.vkpbratislava.sk\/?p=25337#breadcrumb","itemListElement":[{"@type":"ListItem","position":1,"name":"Domov","item":"https:\/\/www.vkpbratislava.sk\/"},{"@type":"ListItem","position":2,"name":"Po v\u00fdhre nad Kom\u00e1rnom l\u00eddrom tabu\u013eky"}]},{"@type":"WebSite","@id":"https:\/\/www.vkpbratislava.sk\/#website","url":"https:\/\/www.vkpbratislava.sk\/","name":"VK SLOVAN Bratislava","description":"Volejbalov\u00fd klub","publisher":{"@id":"https:\/\/www.vkpbratislava.sk\/#organization"},"potentialAction":[{"@type":"SearchAction","target":{"@type":"EntryPoint","urlTemplate":"https:\/\/www.vkpbratislava.sk\/?s={search_term_string}"},"query-input":{"@type":"PropertyValueSpecification","valueRequired":true,"valueName":"search_term_string"}}],"inLanguage":"sk-SK"},{"@type":"Organization","@id":"https:\/\/www.vkpbratislava.sk\/#organization","name":"VKP Bratislava","url":"https:\/\/www.vkpbratislava.sk\/","logo":{"@type":"ImageObject","inLanguage":"sk-SK","@id":"https:\/\/www.vkpbratislava.sk\/#\/schema\/logo\/image\/","url":"https:\/\/www.vkpbratislava.sk\/wp-content\/uploads\/2020\/10\/vkpBA.png","contentUrl":"https:\/\/www.vkpbratislava.sk\/wp-content\/uploads\/2020\/10\/vkpBA.png","width":600,"height":600,"caption":"VKP Bratislava"},"image":{"@id":"https:\/\/www.vkpbratislava.sk\/#\/schema\/logo\/image\/"}},{"@type":"Person","@id":"https:\/\/www.vkpbratislava.sk\/#\/schema\/person\/7037e769f9515aa58493d1b5852c4c50","name":"jenca","image":{"@type":"ImageObject","inLanguage":"sk-SK","@id":"https:\/\/www.vkpbratislava.sk\/#\/schema\/person\/image\/","url":"https:\/\/secure.gravatar.com\/avatar\/67aa89e9aab2911bbd0c6fbf0a891ea8d80c207c9b6a6e2c96e13fc2f16e536d?s=96&d=mm&r=g","contentUrl":"https:\/\/secure.gravatar.com\/avatar\/67aa89e9aab2911bbd0c6fbf0a891ea8d80c207c9b6a6e2c96e13fc2f16e536d?s=96&d=mm&r=g","caption":"jenca"},"url":"https:\/\/www.vkpbratislava.sk\/?author=3"}]}},"_links":{"self":[{"href":"https:\/\/www.vkpbratislava.sk\/index.php?rest_route=\/wp\/v2\/posts\/25337","targetHints":{"allow":["GET"]}}],"collection":[{"href":"https:\/\/www.vkpbratislava.sk\/index.php?rest_route=\/wp\/v2\/posts"}],"about":[{"href":"https:\/\/www.vkpbratislava.sk\/index.php?rest_route=\/wp\/v2\/types\/post"}],"author":[{"embeddable":true,"href":"https:\/\/www.vkpbratislava.sk\/index.php?rest_route=\/wp\/v2\/users\/3"}],"replies":[{"embeddable":true,"href":"https:\/\/www.vkpbratislava.sk\/index.php?rest_route=%2Fwp%2Fv2%2Fcomments&post=25337"}],"version-history":[{"count":1,"href":"https:\/\/www.vkpbratislava.sk\/index.php?rest_route=\/wp\/v2\/posts\/25337\/revisions"}],"predecessor-version":[{"id":25338,"href":"https:\/\/www.vkpbratislava.sk\/index.php?rest_route=\/wp\/v2\/posts\/25337\/revisions\/25338"}],"wp:featuredmedia":[{"embeddable":true,"href":"https:\/\/www.vkpbratislava.sk\/index.php?rest_route=\/wp\/v2\/media\/25334"}],"wp:attachment":[{"href":"https:\/\/www.vkpbratislava.sk\/index.php?rest_route=%2Fwp%2Fv2%2Fmedia&parent=25337"}],"wp:term":[{"taxonomy":"category","embeddable":true,"href":"https:\/\/www.vkpbratislava.sk\/index.php?rest_route=%2Fwp%2Fv2%2Fcategories&post=25337"},{"taxonomy":"post_tag","embeddable":true,"href":"https:\/\/www.vkpbratislava.sk\/index.php?rest_route=%2Fwp%2Fv2%2Ftags&post=25337"}],"curies":[{"name":"wp","href":"https:\/\/api.w.org\/{rel}","templated":true}]}}