{"id":25969,"date":"2023-11-09T23:51:32","date_gmt":"2023-11-09T22:51:32","guid":{"rendered":"https:\/\/www.vkpbratislava.sk\/?p=25969"},"modified":"2023-11-09T23:51:32","modified_gmt":"2023-11-09T22:51:32","slug":"cez-svidnik-do-semifinale-pohara","status":"publish","type":"post","link":"https:\/\/www.vkpbratislava.sk\/?p=25969","title":{"rendered":"Cez Svidn\u00edk do semifin\u00e1le poh\u00e1ra"},"content":{"rendered":"<p><strong>V\u00fdhru 3:0 vo Svidn\u00edku potvrdili na\u0161i volejbalisti VKP aj v dom\u00e1com prostred\u00ed a v\u010faka v\u00fdhre 3:2 si zabezpe\u010dili postup do semifin\u00e1le Nik\u00e9 Slovensk\u00e9ho poh\u00e1ra, ktor\u00e9ho \u017ereb je na programe v pondelok 13. novembra.<\/strong><\/p>\n<p><strong>VKP FTV\u0160 UK Bratislava \u2013 TJ Sl\u00e1via Svidn\u00edk 3:2 (18, -22, -24, 15, 13), prv\u00fd z\u00e1pas 3:0, postupuje VKP<\/strong><br \/>\n<strong>Rozhodovali:<\/strong> Sarka a Morav\u010d\u00edk, 250 div\u00e1kov.<br \/>\n<strong>VKP FTV\u0160 UK:<\/strong> Fo\u0159t 12, Marjov 6, Za\u0165ko 7, Truba\u010d 17, Billich 8, Van\u010do 17, liber\u00e1 \u013d. Nemec a Jakub\u00edk (Gabko 0, P. Str\u00ed\u017e 1, Fekete 2, \u010cerven\u00e1k 3, Jur\u00edk 12). Tr\u00e9ner: R. P\u011blucha.<br \/>\n<strong>TJ SL\u00c1VIA:<\/strong> R. Vitko 1, De Sousa 10, De Moraes 12, Salton 14, M. Sopko ml. 7, \u0160ellong 17, liber\u00e1 M. Vitko a D\u00e1vid Hn\u00e1t (Jurko 2, Dami\u00e1n Hn\u00e1t 1, Mi\u0161\u010d\u00edk 0, Bogn\u00e1r 3). Tr\u00e9ner: R. Pa\u0148ko.<\/p>\n<p><strong>Hr\u00e1\u010di z\u00e1pasu:<\/strong> Samuel Jur\u00edk (VKP FTV\u0160 UK Bratislava) \u2013 Daniel \u0160ellong (TJ Sl\u00e1via Svidn\u00edk)<br \/>\n<strong>Robin P\u011blucha, tr\u00e9ner VKP FTV\u0160 UK:<\/strong> \u201eTe\u0161\u00edme sa z postupu. Chvalabohu sme si n\u00e1skok spravili u\u017e v\u00fdsledkom 3:0 vo Svidn\u00edku. Napriek dvom prehrat\u00fdm setom doma sme nezlo\u017eili zbrane a zvl\u00e1dli d\u00f4le\u017eit\u00fd \u0161tvrt\u00fd set.\u201c<br \/>\n<strong>Rastislav Pa\u0148ko, tr\u00e9ner TJ Sl\u00e1via:<\/strong> \u201eVypadli sme z poh\u00e1ra a za\u010dalo sa to cel\u00e9 u\u017e z\u00e1pasom vo Svidn\u00edku. Do Bratislavy sme cestovali s \u00famyslom pobi\u0165 sa o postup. V niektor\u00fdch postaveniach sme sa tr\u00e1pili, s\u00faper n\u00e1s zatla\u010dil servisom a vtedy sme nedok\u00e1zali zlo\u017ei\u0165 lopty.\u201c<\/p>\n","protected":false},"excerpt":{"rendered":"<p>V\u00fdhru 3:0 vo Svidn\u00edku potvrdili na\u0161i volejbalisti VKP aj v dom\u00e1com prostred\u00ed a v\u010faka v\u00fdhre 3:2 si zabezpe\u010dili postup do semifin\u00e1le Nik\u00e9 Slovensk\u00e9ho poh\u00e1ra, ktor\u00e9ho \u017ereb je na programe v pondelok 13. novembra.<\/p>\n","protected":false},"author":3,"featured_media":25820,"comment_status":"closed","ping_status":"closed","sticky":false,"template":"","format":"standard","meta":{"_monsterinsights_skip_tracking":false,"_monsterinsights_sitenote_active":false,"_monsterinsights_sitenote_note":"","_monsterinsights_sitenote_category":0,"footnotes":""},"categories":[47],"tags":[],"class_list":["post-25969","post","type-post","status-publish","format-standard","has-post-thumbnail","hentry","category-muzi"],"yoast_head":"<!-- This site is optimized with the Yoast SEO plugin v25.6 - https:\/\/yoast.com\/wordpress\/plugins\/seo\/ -->\n<title>Cez Svidn\u00edk do semifin\u00e1le poh\u00e1ra - VK SLOVAN Bratislava<\/title>\n<meta name=\"description\" content=\"V\u00fdhru 3:0 vo Svidn\u00edku potvrdili na\u0161i volejbalisti VKP aj v dom\u00e1com prostred\u00ed a v\u010faka v\u00fdhre 3:2 si zabezpe\u010dili postup do semifin\u00e1le Nik\u00e9 Slovensk\u00e9ho poh\u00e1ra, ktor\u00e9ho \u017ereb je na programe v pondelok 13. novembra.\" \/>\n<meta name=\"robots\" content=\"index, follow, max-snippet:-1, max-image-preview:large, max-video-preview:-1\" \/>\n<link rel=\"canonical\" href=\"https:\/\/www.vkpbratislava.sk\/?p=25969\" \/>\n<meta property=\"og:locale\" content=\"sk_SK\" \/>\n<meta property=\"og:type\" content=\"article\" \/>\n<meta property=\"og:title\" content=\"Cez Svidn\u00edk do semifin\u00e1le poh\u00e1ra - VK SLOVAN Bratislava\" \/>\n<meta property=\"og:description\" content=\"V\u00fdhru 3:0 vo Svidn\u00edku potvrdili na\u0161i volejbalisti VKP aj v dom\u00e1com prostred\u00ed a v\u010faka v\u00fdhre 3:2 si zabezpe\u010dili postup do semifin\u00e1le Nik\u00e9 Slovensk\u00e9ho poh\u00e1ra, ktor\u00e9ho \u017ereb je na programe v pondelok 13. novembra.\" \/>\n<meta property=\"og:url\" content=\"https:\/\/www.vkpbratislava.sk\/?p=25969\" \/>\n<meta property=\"og:site_name\" content=\"VK SLOVAN Bratislava\" \/>\n<meta property=\"article:published_time\" content=\"2023-11-09T22:51:32+00:00\" \/>\n<meta property=\"og:image\" content=\"https:\/\/www.vkpbratislava.sk\/wp-content\/uploads\/2023\/11\/MS_202311_SPVKPvsSvidnik-38.jpg\" \/>\n\t<meta property=\"og:image:width\" content=\"2048\" \/>\n\t<meta property=\"og:image:height\" content=\"1365\" \/>\n\t<meta property=\"og:image:type\" content=\"image\/jpeg\" \/>\n<meta name=\"author\" content=\"jenca\" \/>\n<meta name=\"twitter:card\" content=\"summary_large_image\" \/>\n<meta name=\"twitter:label1\" content=\"Autor\" \/>\n\t<meta name=\"twitter:data1\" content=\"jenca\" \/>\n\t<meta name=\"twitter:label2\" content=\"Predpokladan\u00fd \u010das \u010d\u00edtania\" \/>\n\t<meta name=\"twitter:data2\" content=\"2 min\u00faty\" \/>\n<script type=\"application\/ld+json\" class=\"yoast-schema-graph\">{\"@context\":\"https:\/\/schema.org\",\"@graph\":[{\"@type\":\"Article\",\"@id\":\"https:\/\/www.vkpbratislava.sk\/?p=25969#article\",\"isPartOf\":{\"@id\":\"https:\/\/www.vkpbratislava.sk\/?p=25969\"},\"author\":{\"name\":\"jenca\",\"@id\":\"https:\/\/www.vkpbratislava.sk\/#\/schema\/person\/7037e769f9515aa58493d1b5852c4c50\"},\"headline\":\"Cez Svidn\u00edk do semifin\u00e1le poh\u00e1ra\",\"datePublished\":\"2023-11-09T22:51:32+00:00\",\"mainEntityOfPage\":{\"@id\":\"https:\/\/www.vkpbratislava.sk\/?p=25969\"},\"wordCount\":257,\"publisher\":{\"@id\":\"https:\/\/www.vkpbratislava.sk\/#organization\"},\"image\":{\"@id\":\"https:\/\/www.vkpbratislava.sk\/?p=25969#primaryimage\"},\"thumbnailUrl\":\"https:\/\/www.vkpbratislava.sk\/wp-content\/uploads\/2023\/11\/MS_202311_SPVKPvsSvidnik-38.jpg\",\"articleSection\":[\"Mu\u017ei\"],\"inLanguage\":\"sk-SK\"},{\"@type\":\"WebPage\",\"@id\":\"https:\/\/www.vkpbratislava.sk\/?p=25969\",\"url\":\"https:\/\/www.vkpbratislava.sk\/?p=25969\",\"name\":\"Cez Svidn\u00edk do semifin\u00e1le poh\u00e1ra - VK SLOVAN Bratislava\",\"isPartOf\":{\"@id\":\"https:\/\/www.vkpbratislava.sk\/#website\"},\"primaryImageOfPage\":{\"@id\":\"https:\/\/www.vkpbratislava.sk\/?p=25969#primaryimage\"},\"image\":{\"@id\":\"https:\/\/www.vkpbratislava.sk\/?p=25969#primaryimage\"},\"thumbnailUrl\":\"https:\/\/www.vkpbratislava.sk\/wp-content\/uploads\/2023\/11\/MS_202311_SPVKPvsSvidnik-38.jpg\",\"datePublished\":\"2023-11-09T22:51:32+00:00\",\"description\":\"V\u00fdhru 3:0 vo Svidn\u00edku potvrdili na\u0161i volejbalisti VKP aj v dom\u00e1com prostred\u00ed a v\u010faka v\u00fdhre 3:2 si zabezpe\u010dili postup do semifin\u00e1le Nik\u00e9 Slovensk\u00e9ho poh\u00e1ra, ktor\u00e9ho \u017ereb je na programe v pondelok 13. novembra.\",\"breadcrumb\":{\"@id\":\"https:\/\/www.vkpbratislava.sk\/?p=25969#breadcrumb\"},\"inLanguage\":\"sk-SK\",\"potentialAction\":[{\"@type\":\"ReadAction\",\"target\":[\"https:\/\/www.vkpbratislava.sk\/?p=25969\"]}]},{\"@type\":\"ImageObject\",\"inLanguage\":\"sk-SK\",\"@id\":\"https:\/\/www.vkpbratislava.sk\/?p=25969#primaryimage\",\"url\":\"https:\/\/www.vkpbratislava.sk\/wp-content\/uploads\/2023\/11\/MS_202311_SPVKPvsSvidnik-38.jpg\",\"contentUrl\":\"https:\/\/www.vkpbratislava.sk\/wp-content\/uploads\/2023\/11\/MS_202311_SPVKPvsSvidnik-38.jpg\",\"width\":2048,\"height\":1365},{\"@type\":\"BreadcrumbList\",\"@id\":\"https:\/\/www.vkpbratislava.sk\/?p=25969#breadcrumb\",\"itemListElement\":[{\"@type\":\"ListItem\",\"position\":1,\"name\":\"Domov\",\"item\":\"https:\/\/www.vkpbratislava.sk\/\"},{\"@type\":\"ListItem\",\"position\":2,\"name\":\"Cez Svidn\u00edk do semifin\u00e1le poh\u00e1ra\"}]},{\"@type\":\"WebSite\",\"@id\":\"https:\/\/www.vkpbratislava.sk\/#website\",\"url\":\"https:\/\/www.vkpbratislava.sk\/\",\"name\":\"VK SLOVAN Bratislava\",\"description\":\"Volejbalov\u00fd klub\",\"publisher\":{\"@id\":\"https:\/\/www.vkpbratislava.sk\/#organization\"},\"potentialAction\":[{\"@type\":\"SearchAction\",\"target\":{\"@type\":\"EntryPoint\",\"urlTemplate\":\"https:\/\/www.vkpbratislava.sk\/?s={search_term_string}\"},\"query-input\":{\"@type\":\"PropertyValueSpecification\",\"valueRequired\":true,\"valueName\":\"search_term_string\"}}],\"inLanguage\":\"sk-SK\"},{\"@type\":\"Organization\",\"@id\":\"https:\/\/www.vkpbratislava.sk\/#organization\",\"name\":\"VKP Bratislava\",\"url\":\"https:\/\/www.vkpbratislava.sk\/\",\"logo\":{\"@type\":\"ImageObject\",\"inLanguage\":\"sk-SK\",\"@id\":\"https:\/\/www.vkpbratislava.sk\/#\/schema\/logo\/image\/\",\"url\":\"https:\/\/www.vkpbratislava.sk\/wp-content\/uploads\/2020\/10\/vkpBA.png\",\"contentUrl\":\"https:\/\/www.vkpbratislava.sk\/wp-content\/uploads\/2020\/10\/vkpBA.png\",\"width\":600,\"height\":600,\"caption\":\"VKP Bratislava\"},\"image\":{\"@id\":\"https:\/\/www.vkpbratislava.sk\/#\/schema\/logo\/image\/\"}},{\"@type\":\"Person\",\"@id\":\"https:\/\/www.vkpbratislava.sk\/#\/schema\/person\/7037e769f9515aa58493d1b5852c4c50\",\"name\":\"jenca\",\"image\":{\"@type\":\"ImageObject\",\"inLanguage\":\"sk-SK\",\"@id\":\"https:\/\/www.vkpbratislava.sk\/#\/schema\/person\/image\/\",\"url\":\"https:\/\/secure.gravatar.com\/avatar\/67aa89e9aab2911bbd0c6fbf0a891ea8d80c207c9b6a6e2c96e13fc2f16e536d?s=96&d=mm&r=g\",\"contentUrl\":\"https:\/\/secure.gravatar.com\/avatar\/67aa89e9aab2911bbd0c6fbf0a891ea8d80c207c9b6a6e2c96e13fc2f16e536d?s=96&d=mm&r=g\",\"caption\":\"jenca\"},\"url\":\"https:\/\/www.vkpbratislava.sk\/?author=3\"}]}<\/script>\n<!-- \/ Yoast SEO plugin. -->","yoast_head_json":{"title":"Cez Svidn\u00edk do semifin\u00e1le poh\u00e1ra - VK SLOVAN Bratislava","description":"V\u00fdhru 3:0 vo Svidn\u00edku potvrdili na\u0161i volejbalisti VKP aj v dom\u00e1com prostred\u00ed a v\u010faka v\u00fdhre 3:2 si zabezpe\u010dili postup do semifin\u00e1le Nik\u00e9 Slovensk\u00e9ho poh\u00e1ra, ktor\u00e9ho \u017ereb je na programe v pondelok 13. novembra.","robots":{"index":"index","follow":"follow","max-snippet":"max-snippet:-1","max-image-preview":"max-image-preview:large","max-video-preview":"max-video-preview:-1"},"canonical":"https:\/\/www.vkpbratislava.sk\/?p=25969","og_locale":"sk_SK","og_type":"article","og_title":"Cez Svidn\u00edk do semifin\u00e1le poh\u00e1ra - VK SLOVAN Bratislava","og_description":"V\u00fdhru 3:0 vo Svidn\u00edku potvrdili na\u0161i volejbalisti VKP aj v dom\u00e1com prostred\u00ed a v\u010faka v\u00fdhre 3:2 si zabezpe\u010dili postup do semifin\u00e1le Nik\u00e9 Slovensk\u00e9ho poh\u00e1ra, ktor\u00e9ho \u017ereb je na programe v pondelok 13. novembra.","og_url":"https:\/\/www.vkpbratislava.sk\/?p=25969","og_site_name":"VK SLOVAN Bratislava","article_published_time":"2023-11-09T22:51:32+00:00","og_image":[{"width":2048,"height":1365,"url":"https:\/\/www.vkpbratislava.sk\/wp-content\/uploads\/2023\/11\/MS_202311_SPVKPvsSvidnik-38.jpg","type":"image\/jpeg"}],"author":"jenca","twitter_card":"summary_large_image","twitter_misc":{"Autor":"jenca","Predpokladan\u00fd \u010das \u010d\u00edtania":"2 min\u00faty"},"schema":{"@context":"https:\/\/schema.org","@graph":[{"@type":"Article","@id":"https:\/\/www.vkpbratislava.sk\/?p=25969#article","isPartOf":{"@id":"https:\/\/www.vkpbratislava.sk\/?p=25969"},"author":{"name":"jenca","@id":"https:\/\/www.vkpbratislava.sk\/#\/schema\/person\/7037e769f9515aa58493d1b5852c4c50"},"headline":"Cez Svidn\u00edk do semifin\u00e1le poh\u00e1ra","datePublished":"2023-11-09T22:51:32+00:00","mainEntityOfPage":{"@id":"https:\/\/www.vkpbratislava.sk\/?p=25969"},"wordCount":257,"publisher":{"@id":"https:\/\/www.vkpbratislava.sk\/#organization"},"image":{"@id":"https:\/\/www.vkpbratislava.sk\/?p=25969#primaryimage"},"thumbnailUrl":"https:\/\/www.vkpbratislava.sk\/wp-content\/uploads\/2023\/11\/MS_202311_SPVKPvsSvidnik-38.jpg","articleSection":["Mu\u017ei"],"inLanguage":"sk-SK"},{"@type":"WebPage","@id":"https:\/\/www.vkpbratislava.sk\/?p=25969","url":"https:\/\/www.vkpbratislava.sk\/?p=25969","name":"Cez Svidn\u00edk do semifin\u00e1le poh\u00e1ra - VK SLOVAN Bratislava","isPartOf":{"@id":"https:\/\/www.vkpbratislava.sk\/#website"},"primaryImageOfPage":{"@id":"https:\/\/www.vkpbratislava.sk\/?p=25969#primaryimage"},"image":{"@id":"https:\/\/www.vkpbratislava.sk\/?p=25969#primaryimage"},"thumbnailUrl":"https:\/\/www.vkpbratislava.sk\/wp-content\/uploads\/2023\/11\/MS_202311_SPVKPvsSvidnik-38.jpg","datePublished":"2023-11-09T22:51:32+00:00","description":"V\u00fdhru 3:0 vo Svidn\u00edku potvrdili na\u0161i volejbalisti VKP aj v dom\u00e1com prostred\u00ed a v\u010faka v\u00fdhre 3:2 si zabezpe\u010dili postup do semifin\u00e1le Nik\u00e9 Slovensk\u00e9ho poh\u00e1ra, ktor\u00e9ho \u017ereb je na programe v pondelok 13. novembra.","breadcrumb":{"@id":"https:\/\/www.vkpbratislava.sk\/?p=25969#breadcrumb"},"inLanguage":"sk-SK","potentialAction":[{"@type":"ReadAction","target":["https:\/\/www.vkpbratislava.sk\/?p=25969"]}]},{"@type":"ImageObject","inLanguage":"sk-SK","@id":"https:\/\/www.vkpbratislava.sk\/?p=25969#primaryimage","url":"https:\/\/www.vkpbratislava.sk\/wp-content\/uploads\/2023\/11\/MS_202311_SPVKPvsSvidnik-38.jpg","contentUrl":"https:\/\/www.vkpbratislava.sk\/wp-content\/uploads\/2023\/11\/MS_202311_SPVKPvsSvidnik-38.jpg","width":2048,"height":1365},{"@type":"BreadcrumbList","@id":"https:\/\/www.vkpbratislava.sk\/?p=25969#breadcrumb","itemListElement":[{"@type":"ListItem","position":1,"name":"Domov","item":"https:\/\/www.vkpbratislava.sk\/"},{"@type":"ListItem","position":2,"name":"Cez Svidn\u00edk do semifin\u00e1le poh\u00e1ra"}]},{"@type":"WebSite","@id":"https:\/\/www.vkpbratislava.sk\/#website","url":"https:\/\/www.vkpbratislava.sk\/","name":"VK SLOVAN Bratislava","description":"Volejbalov\u00fd klub","publisher":{"@id":"https:\/\/www.vkpbratislava.sk\/#organization"},"potentialAction":[{"@type":"SearchAction","target":{"@type":"EntryPoint","urlTemplate":"https:\/\/www.vkpbratislava.sk\/?s={search_term_string}"},"query-input":{"@type":"PropertyValueSpecification","valueRequired":true,"valueName":"search_term_string"}}],"inLanguage":"sk-SK"},{"@type":"Organization","@id":"https:\/\/www.vkpbratislava.sk\/#organization","name":"VKP Bratislava","url":"https:\/\/www.vkpbratislava.sk\/","logo":{"@type":"ImageObject","inLanguage":"sk-SK","@id":"https:\/\/www.vkpbratislava.sk\/#\/schema\/logo\/image\/","url":"https:\/\/www.vkpbratislava.sk\/wp-content\/uploads\/2020\/10\/vkpBA.png","contentUrl":"https:\/\/www.vkpbratislava.sk\/wp-content\/uploads\/2020\/10\/vkpBA.png","width":600,"height":600,"caption":"VKP Bratislava"},"image":{"@id":"https:\/\/www.vkpbratislava.sk\/#\/schema\/logo\/image\/"}},{"@type":"Person","@id":"https:\/\/www.vkpbratislava.sk\/#\/schema\/person\/7037e769f9515aa58493d1b5852c4c50","name":"jenca","image":{"@type":"ImageObject","inLanguage":"sk-SK","@id":"https:\/\/www.vkpbratislava.sk\/#\/schema\/person\/image\/","url":"https:\/\/secure.gravatar.com\/avatar\/67aa89e9aab2911bbd0c6fbf0a891ea8d80c207c9b6a6e2c96e13fc2f16e536d?s=96&d=mm&r=g","contentUrl":"https:\/\/secure.gravatar.com\/avatar\/67aa89e9aab2911bbd0c6fbf0a891ea8d80c207c9b6a6e2c96e13fc2f16e536d?s=96&d=mm&r=g","caption":"jenca"},"url":"https:\/\/www.vkpbratislava.sk\/?author=3"}]}},"_links":{"self":[{"href":"https:\/\/www.vkpbratislava.sk\/index.php?rest_route=\/wp\/v2\/posts\/25969","targetHints":{"allow":["GET"]}}],"collection":[{"href":"https:\/\/www.vkpbratislava.sk\/index.php?rest_route=\/wp\/v2\/posts"}],"about":[{"href":"https:\/\/www.vkpbratislava.sk\/index.php?rest_route=\/wp\/v2\/types\/post"}],"author":[{"embeddable":true,"href":"https:\/\/www.vkpbratislava.sk\/index.php?rest_route=\/wp\/v2\/users\/3"}],"replies":[{"embeddable":true,"href":"https:\/\/www.vkpbratislava.sk\/index.php?rest_route=%2Fwp%2Fv2%2Fcomments&post=25969"}],"version-history":[{"count":1,"href":"https:\/\/www.vkpbratislava.sk\/index.php?rest_route=\/wp\/v2\/posts\/25969\/revisions"}],"predecessor-version":[{"id":25970,"href":"https:\/\/www.vkpbratislava.sk\/index.php?rest_route=\/wp\/v2\/posts\/25969\/revisions\/25970"}],"wp:featuredmedia":[{"embeddable":true,"href":"https:\/\/www.vkpbratislava.sk\/index.php?rest_route=\/wp\/v2\/media\/25820"}],"wp:attachment":[{"href":"https:\/\/www.vkpbratislava.sk\/index.php?rest_route=%2Fwp%2Fv2%2Fmedia&parent=25969"}],"wp:term":[{"taxonomy":"category","embeddable":true,"href":"https:\/\/www.vkpbratislava.sk\/index.php?rest_route=%2Fwp%2Fv2%2Fcategories&post=25969"},{"taxonomy":"post_tag","embeddable":true,"href":"https:\/\/www.vkpbratislava.sk\/index.php?rest_route=%2Fwp%2Fv2%2Ftags&post=25969"}],"curies":[{"name":"wp","href":"https:\/\/api.w.org\/{rel}","templated":true}]}}