{"id":26068,"date":"2023-11-12T17:24:36","date_gmt":"2023-11-12T16:24:36","guid":{"rendered":"https:\/\/www.vkpbratislava.sk\/?p=26068"},"modified":"2023-11-29T22:48:22","modified_gmt":"2023-11-29T21:48:22","slug":"doma-s-presovom-13","status":"publish","type":"post","link":"https:\/\/www.vkpbratislava.sk\/?p=26068","title":{"rendered":"Pre\u0161ov\u010dania n\u00e1m vr\u00e1tili po\u017ei\u010dan\u00e9"},"content":{"rendered":"<p><strong>V repete minuloro\u010dn\u00e9ho fin\u00e1le sme na dom\u00e1cej palubovke prehrali s Pre\u0161ovom 1:3.<\/strong><\/p>\n<p><strong>Nik\u00e9 Extraliga mu\u017ei \u2013 8. kolo \u2013 sobota:<\/strong><br \/>\n<strong>VKP FTV\u0160 UK Bratislava \u2013 VK MIRAD UNIPO Pre\u0161ov 1:3 (17, -22, -22, -22)<\/strong><br \/>\n<strong>Rozhodovali:<\/strong>\u00a0Schimpl a Svoren\u010d\u00edk, 250 div\u00e1kov.<br \/>\n<strong>VK FTV\u0160 UK:<\/strong>\u00a0\u010cerven\u00e1k 8, Marjov 8, Za\u0165ko 2, Truba\u010d 12, Billich 9, Jur\u00edk 13, liber\u00e1 Jakub\u00edk a \u013d. Nemec (Gabko 0, Van\u010do 7, Fo\u0159t 2). Tr\u00e9ner: R. P\u011blucha.<br \/>\n<strong>VK MIRAD UNIPO:<\/strong>\u00a0Tasev 7, Gul\u00e1k 11, \u0160\u010derba 29, Jendrej\u010d\u00e1k 8, Bart\u00e1k 2, Anderko 4, libero Turis (Suchani\u010d 0, Rosina 0, V. Rzyman 2). Tr\u00e9ner: E. Diga\u0148a.<\/p>\n<p><strong>Hr\u00e1\u010di z\u00e1pasu:<\/strong>\u00a0tr\u00e9ner VKP FTV\u0160 UK Bratislava najlep\u0161ieho hr\u00e1\u010da za svoj t\u00edm neur\u010dil \u2013 Michal \u0160\u010derba (VK MIRAD UNIPO Pre\u0161ov)<br \/>\n<strong>Robin P\u011blucha, tr\u00e9ner VKP FTV\u0160 UK:<\/strong>\u00a0\u201eGratulujem Pre\u0161ovu k v\u00ed\u0165azstvu. Prv\u00fd set bol pod\u013ea mojich predst\u00e1v, zvy\u0161n\u00e9 tri boli z na\u0161ej strany v\u00fdrazne a v\u00fdznamne zl\u00e9. Mrz\u00ed ma to, \u017ee sme takto hrali.\u201c<br \/>\n<strong>Erik Diga\u0148a, tr\u00e9ner VK MIRAD UNIPO:<\/strong>\u00a0\u201eSme radi za na\u0161e v\u00ed\u0165azstvo, nerodilo sa \u013eahko. Prv\u00fd set sme v z\u00e1pase \u201eneboli\u201c. Ani \u00fato\u010dne to nebolo ide\u00e1lne. Na druhej strane som r\u00e1d, \u017ee ke\u010f n\u00e1m vypadla jedna hern\u00e1 \u010dinnos\u0165, tak to chlapci nevzdali. Toto ma te\u0161\u00ed a te\u0161\u00ed ma aj to, \u017ee s\u00edce v\u00fdkonnostne m\u00e1me v\u00fdkyvy, ale v\u00fdsledkovo st\u00fapame vy\u0161\u0161ie. Ka\u017edop\u00e1dne od pondelka n\u00e1s \u010dak\u00e1 op\u00e4\u0165 tvrd\u00e1 pr\u00e1ca.\u201c<\/p>\n","protected":false},"excerpt":{"rendered":"<p>V repete minuloro\u010dn\u00e9ho fin\u00e1le sme na dom\u00e1cej palubovke prehrali s Pre\u0161ovom 1:3.<\/p>\n","protected":false},"author":3,"featured_media":25995,"comment_status":"closed","ping_status":"closed","sticky":false,"template":"","format":"standard","meta":{"_monsterinsights_skip_tracking":false,"_monsterinsights_sitenote_active":false,"_monsterinsights_sitenote_note":"","_monsterinsights_sitenote_category":0,"footnotes":""},"categories":[47],"tags":[],"class_list":["post-26068","post","type-post","status-publish","format-standard","has-post-thumbnail","hentry","category-muzi"],"yoast_head":"<!-- This site is optimized with the Yoast SEO plugin v25.6 - https:\/\/yoast.com\/wordpress\/plugins\/seo\/ -->\n<title>Pre\u0161ov\u010dania n\u00e1m vr\u00e1tili po\u017ei\u010dan\u00e9 - VK SLOVAN Bratislava<\/title>\n<meta name=\"description\" content=\"V repete minuloro\u010dn\u00e9ho fin\u00e1le sme na dom\u00e1cej palubovke prehrali s Pre\u0161ovom 1:3.\" \/>\n<meta name=\"robots\" content=\"index, follow, max-snippet:-1, max-image-preview:large, max-video-preview:-1\" \/>\n<link rel=\"canonical\" href=\"https:\/\/www.vkpbratislava.sk\/?p=26068\" \/>\n<meta property=\"og:locale\" content=\"sk_SK\" \/>\n<meta property=\"og:type\" content=\"article\" \/>\n<meta property=\"og:title\" content=\"Pre\u0161ov\u010dania n\u00e1m vr\u00e1tili po\u017ei\u010dan\u00e9 - VK SLOVAN Bratislava\" \/>\n<meta property=\"og:description\" content=\"V repete minuloro\u010dn\u00e9ho fin\u00e1le sme na dom\u00e1cej palubovke prehrali s Pre\u0161ovom 1:3.\" \/>\n<meta property=\"og:url\" content=\"https:\/\/www.vkpbratislava.sk\/?p=26068\" \/>\n<meta property=\"og:site_name\" content=\"VK SLOVAN Bratislava\" \/>\n<meta property=\"article:published_time\" content=\"2023-11-12T16:24:36+00:00\" \/>\n<meta property=\"article:modified_time\" content=\"2023-11-29T21:48:22+00:00\" \/>\n<meta property=\"og:image\" content=\"https:\/\/www.vkpbratislava.sk\/wp-content\/uploads\/2023\/11\/MS_202311_ELVKPvsPresov-90.jpg\" \/>\n\t<meta property=\"og:image:width\" content=\"2048\" \/>\n\t<meta property=\"og:image:height\" content=\"1365\" \/>\n\t<meta property=\"og:image:type\" content=\"image\/jpeg\" \/>\n<meta name=\"author\" content=\"jenca\" \/>\n<meta name=\"twitter:card\" content=\"summary_large_image\" \/>\n<meta name=\"twitter:label1\" content=\"Autor\" \/>\n\t<meta name=\"twitter:data1\" content=\"jenca\" \/>\n\t<meta name=\"twitter:label2\" content=\"Predpokladan\u00fd \u010das \u010d\u00edtania\" \/>\n\t<meta name=\"twitter:data2\" content=\"2 min\u00faty\" \/>\n<script type=\"application\/ld+json\" class=\"yoast-schema-graph\">{\"@context\":\"https:\/\/schema.org\",\"@graph\":[{\"@type\":\"Article\",\"@id\":\"https:\/\/www.vkpbratislava.sk\/?p=26068#article\",\"isPartOf\":{\"@id\":\"https:\/\/www.vkpbratislava.sk\/?p=26068\"},\"author\":{\"name\":\"jenca\",\"@id\":\"https:\/\/www.vkpbratislava.sk\/#\/schema\/person\/7037e769f9515aa58493d1b5852c4c50\"},\"headline\":\"Pre\u0161ov\u010dania n\u00e1m vr\u00e1tili po\u017ei\u010dan\u00e9\",\"datePublished\":\"2023-11-12T16:24:36+00:00\",\"dateModified\":\"2023-11-29T21:48:22+00:00\",\"mainEntityOfPage\":{\"@id\":\"https:\/\/www.vkpbratislava.sk\/?p=26068\"},\"wordCount\":257,\"publisher\":{\"@id\":\"https:\/\/www.vkpbratislava.sk\/#organization\"},\"image\":{\"@id\":\"https:\/\/www.vkpbratislava.sk\/?p=26068#primaryimage\"},\"thumbnailUrl\":\"https:\/\/www.vkpbratislava.sk\/wp-content\/uploads\/2023\/11\/MS_202311_ELVKPvsPresov-90.jpg\",\"articleSection\":[\"Mu\u017ei\"],\"inLanguage\":\"sk-SK\"},{\"@type\":\"WebPage\",\"@id\":\"https:\/\/www.vkpbratislava.sk\/?p=26068\",\"url\":\"https:\/\/www.vkpbratislava.sk\/?p=26068\",\"name\":\"Pre\u0161ov\u010dania n\u00e1m vr\u00e1tili po\u017ei\u010dan\u00e9 - VK SLOVAN Bratislava\",\"isPartOf\":{\"@id\":\"https:\/\/www.vkpbratislava.sk\/#website\"},\"primaryImageOfPage\":{\"@id\":\"https:\/\/www.vkpbratislava.sk\/?p=26068#primaryimage\"},\"image\":{\"@id\":\"https:\/\/www.vkpbratislava.sk\/?p=26068#primaryimage\"},\"thumbnailUrl\":\"https:\/\/www.vkpbratislava.sk\/wp-content\/uploads\/2023\/11\/MS_202311_ELVKPvsPresov-90.jpg\",\"datePublished\":\"2023-11-12T16:24:36+00:00\",\"dateModified\":\"2023-11-29T21:48:22+00:00\",\"description\":\"V repete minuloro\u010dn\u00e9ho fin\u00e1le sme na dom\u00e1cej palubovke prehrali s Pre\u0161ovom 1:3.\",\"breadcrumb\":{\"@id\":\"https:\/\/www.vkpbratislava.sk\/?p=26068#breadcrumb\"},\"inLanguage\":\"sk-SK\",\"potentialAction\":[{\"@type\":\"ReadAction\",\"target\":[\"https:\/\/www.vkpbratislava.sk\/?p=26068\"]}]},{\"@type\":\"ImageObject\",\"inLanguage\":\"sk-SK\",\"@id\":\"https:\/\/www.vkpbratislava.sk\/?p=26068#primaryimage\",\"url\":\"https:\/\/www.vkpbratislava.sk\/wp-content\/uploads\/2023\/11\/MS_202311_ELVKPvsPresov-90.jpg\",\"contentUrl\":\"https:\/\/www.vkpbratislava.sk\/wp-content\/uploads\/2023\/11\/MS_202311_ELVKPvsPresov-90.jpg\",\"width\":2048,\"height\":1365},{\"@type\":\"BreadcrumbList\",\"@id\":\"https:\/\/www.vkpbratislava.sk\/?p=26068#breadcrumb\",\"itemListElement\":[{\"@type\":\"ListItem\",\"position\":1,\"name\":\"Domov\",\"item\":\"https:\/\/www.vkpbratislava.sk\/\"},{\"@type\":\"ListItem\",\"position\":2,\"name\":\"Pre\u0161ov\u010dania n\u00e1m vr\u00e1tili po\u017ei\u010dan\u00e9\"}]},{\"@type\":\"WebSite\",\"@id\":\"https:\/\/www.vkpbratislava.sk\/#website\",\"url\":\"https:\/\/www.vkpbratislava.sk\/\",\"name\":\"VK SLOVAN Bratislava\",\"description\":\"Volejbalov\u00fd klub\",\"publisher\":{\"@id\":\"https:\/\/www.vkpbratislava.sk\/#organization\"},\"potentialAction\":[{\"@type\":\"SearchAction\",\"target\":{\"@type\":\"EntryPoint\",\"urlTemplate\":\"https:\/\/www.vkpbratislava.sk\/?s={search_term_string}\"},\"query-input\":{\"@type\":\"PropertyValueSpecification\",\"valueRequired\":true,\"valueName\":\"search_term_string\"}}],\"inLanguage\":\"sk-SK\"},{\"@type\":\"Organization\",\"@id\":\"https:\/\/www.vkpbratislava.sk\/#organization\",\"name\":\"VKP Bratislava\",\"url\":\"https:\/\/www.vkpbratislava.sk\/\",\"logo\":{\"@type\":\"ImageObject\",\"inLanguage\":\"sk-SK\",\"@id\":\"https:\/\/www.vkpbratislava.sk\/#\/schema\/logo\/image\/\",\"url\":\"https:\/\/www.vkpbratislava.sk\/wp-content\/uploads\/2020\/10\/vkpBA.png\",\"contentUrl\":\"https:\/\/www.vkpbratislava.sk\/wp-content\/uploads\/2020\/10\/vkpBA.png\",\"width\":600,\"height\":600,\"caption\":\"VKP Bratislava\"},\"image\":{\"@id\":\"https:\/\/www.vkpbratislava.sk\/#\/schema\/logo\/image\/\"}},{\"@type\":\"Person\",\"@id\":\"https:\/\/www.vkpbratislava.sk\/#\/schema\/person\/7037e769f9515aa58493d1b5852c4c50\",\"name\":\"jenca\",\"image\":{\"@type\":\"ImageObject\",\"inLanguage\":\"sk-SK\",\"@id\":\"https:\/\/www.vkpbratislava.sk\/#\/schema\/person\/image\/\",\"url\":\"https:\/\/secure.gravatar.com\/avatar\/67aa89e9aab2911bbd0c6fbf0a891ea8d80c207c9b6a6e2c96e13fc2f16e536d?s=96&d=mm&r=g\",\"contentUrl\":\"https:\/\/secure.gravatar.com\/avatar\/67aa89e9aab2911bbd0c6fbf0a891ea8d80c207c9b6a6e2c96e13fc2f16e536d?s=96&d=mm&r=g\",\"caption\":\"jenca\"},\"url\":\"https:\/\/www.vkpbratislava.sk\/?author=3\"}]}<\/script>\n<!-- \/ Yoast SEO plugin. -->","yoast_head_json":{"title":"Pre\u0161ov\u010dania n\u00e1m vr\u00e1tili po\u017ei\u010dan\u00e9 - VK SLOVAN Bratislava","description":"V repete minuloro\u010dn\u00e9ho fin\u00e1le sme na dom\u00e1cej palubovke prehrali s Pre\u0161ovom 1:3.","robots":{"index":"index","follow":"follow","max-snippet":"max-snippet:-1","max-image-preview":"max-image-preview:large","max-video-preview":"max-video-preview:-1"},"canonical":"https:\/\/www.vkpbratislava.sk\/?p=26068","og_locale":"sk_SK","og_type":"article","og_title":"Pre\u0161ov\u010dania n\u00e1m vr\u00e1tili po\u017ei\u010dan\u00e9 - VK SLOVAN Bratislava","og_description":"V repete minuloro\u010dn\u00e9ho fin\u00e1le sme na dom\u00e1cej palubovke prehrali s Pre\u0161ovom 1:3.","og_url":"https:\/\/www.vkpbratislava.sk\/?p=26068","og_site_name":"VK SLOVAN Bratislava","article_published_time":"2023-11-12T16:24:36+00:00","article_modified_time":"2023-11-29T21:48:22+00:00","og_image":[{"width":2048,"height":1365,"url":"https:\/\/www.vkpbratislava.sk\/wp-content\/uploads\/2023\/11\/MS_202311_ELVKPvsPresov-90.jpg","type":"image\/jpeg"}],"author":"jenca","twitter_card":"summary_large_image","twitter_misc":{"Autor":"jenca","Predpokladan\u00fd \u010das \u010d\u00edtania":"2 min\u00faty"},"schema":{"@context":"https:\/\/schema.org","@graph":[{"@type":"Article","@id":"https:\/\/www.vkpbratislava.sk\/?p=26068#article","isPartOf":{"@id":"https:\/\/www.vkpbratislava.sk\/?p=26068"},"author":{"name":"jenca","@id":"https:\/\/www.vkpbratislava.sk\/#\/schema\/person\/7037e769f9515aa58493d1b5852c4c50"},"headline":"Pre\u0161ov\u010dania n\u00e1m vr\u00e1tili po\u017ei\u010dan\u00e9","datePublished":"2023-11-12T16:24:36+00:00","dateModified":"2023-11-29T21:48:22+00:00","mainEntityOfPage":{"@id":"https:\/\/www.vkpbratislava.sk\/?p=26068"},"wordCount":257,"publisher":{"@id":"https:\/\/www.vkpbratislava.sk\/#organization"},"image":{"@id":"https:\/\/www.vkpbratislava.sk\/?p=26068#primaryimage"},"thumbnailUrl":"https:\/\/www.vkpbratislava.sk\/wp-content\/uploads\/2023\/11\/MS_202311_ELVKPvsPresov-90.jpg","articleSection":["Mu\u017ei"],"inLanguage":"sk-SK"},{"@type":"WebPage","@id":"https:\/\/www.vkpbratislava.sk\/?p=26068","url":"https:\/\/www.vkpbratislava.sk\/?p=26068","name":"Pre\u0161ov\u010dania n\u00e1m vr\u00e1tili po\u017ei\u010dan\u00e9 - VK SLOVAN Bratislava","isPartOf":{"@id":"https:\/\/www.vkpbratislava.sk\/#website"},"primaryImageOfPage":{"@id":"https:\/\/www.vkpbratislava.sk\/?p=26068#primaryimage"},"image":{"@id":"https:\/\/www.vkpbratislava.sk\/?p=26068#primaryimage"},"thumbnailUrl":"https:\/\/www.vkpbratislava.sk\/wp-content\/uploads\/2023\/11\/MS_202311_ELVKPvsPresov-90.jpg","datePublished":"2023-11-12T16:24:36+00:00","dateModified":"2023-11-29T21:48:22+00:00","description":"V repete minuloro\u010dn\u00e9ho fin\u00e1le sme na dom\u00e1cej palubovke prehrali s Pre\u0161ovom 1:3.","breadcrumb":{"@id":"https:\/\/www.vkpbratislava.sk\/?p=26068#breadcrumb"},"inLanguage":"sk-SK","potentialAction":[{"@type":"ReadAction","target":["https:\/\/www.vkpbratislava.sk\/?p=26068"]}]},{"@type":"ImageObject","inLanguage":"sk-SK","@id":"https:\/\/www.vkpbratislava.sk\/?p=26068#primaryimage","url":"https:\/\/www.vkpbratislava.sk\/wp-content\/uploads\/2023\/11\/MS_202311_ELVKPvsPresov-90.jpg","contentUrl":"https:\/\/www.vkpbratislava.sk\/wp-content\/uploads\/2023\/11\/MS_202311_ELVKPvsPresov-90.jpg","width":2048,"height":1365},{"@type":"BreadcrumbList","@id":"https:\/\/www.vkpbratislava.sk\/?p=26068#breadcrumb","itemListElement":[{"@type":"ListItem","position":1,"name":"Domov","item":"https:\/\/www.vkpbratislava.sk\/"},{"@type":"ListItem","position":2,"name":"Pre\u0161ov\u010dania n\u00e1m vr\u00e1tili po\u017ei\u010dan\u00e9"}]},{"@type":"WebSite","@id":"https:\/\/www.vkpbratislava.sk\/#website","url":"https:\/\/www.vkpbratislava.sk\/","name":"VK SLOVAN Bratislava","description":"Volejbalov\u00fd klub","publisher":{"@id":"https:\/\/www.vkpbratislava.sk\/#organization"},"potentialAction":[{"@type":"SearchAction","target":{"@type":"EntryPoint","urlTemplate":"https:\/\/www.vkpbratislava.sk\/?s={search_term_string}"},"query-input":{"@type":"PropertyValueSpecification","valueRequired":true,"valueName":"search_term_string"}}],"inLanguage":"sk-SK"},{"@type":"Organization","@id":"https:\/\/www.vkpbratislava.sk\/#organization","name":"VKP Bratislava","url":"https:\/\/www.vkpbratislava.sk\/","logo":{"@type":"ImageObject","inLanguage":"sk-SK","@id":"https:\/\/www.vkpbratislava.sk\/#\/schema\/logo\/image\/","url":"https:\/\/www.vkpbratislava.sk\/wp-content\/uploads\/2020\/10\/vkpBA.png","contentUrl":"https:\/\/www.vkpbratislava.sk\/wp-content\/uploads\/2020\/10\/vkpBA.png","width":600,"height":600,"caption":"VKP Bratislava"},"image":{"@id":"https:\/\/www.vkpbratislava.sk\/#\/schema\/logo\/image\/"}},{"@type":"Person","@id":"https:\/\/www.vkpbratislava.sk\/#\/schema\/person\/7037e769f9515aa58493d1b5852c4c50","name":"jenca","image":{"@type":"ImageObject","inLanguage":"sk-SK","@id":"https:\/\/www.vkpbratislava.sk\/#\/schema\/person\/image\/","url":"https:\/\/secure.gravatar.com\/avatar\/67aa89e9aab2911bbd0c6fbf0a891ea8d80c207c9b6a6e2c96e13fc2f16e536d?s=96&d=mm&r=g","contentUrl":"https:\/\/secure.gravatar.com\/avatar\/67aa89e9aab2911bbd0c6fbf0a891ea8d80c207c9b6a6e2c96e13fc2f16e536d?s=96&d=mm&r=g","caption":"jenca"},"url":"https:\/\/www.vkpbratislava.sk\/?author=3"}]}},"_links":{"self":[{"href":"https:\/\/www.vkpbratislava.sk\/index.php?rest_route=\/wp\/v2\/posts\/26068","targetHints":{"allow":["GET"]}}],"collection":[{"href":"https:\/\/www.vkpbratislava.sk\/index.php?rest_route=\/wp\/v2\/posts"}],"about":[{"href":"https:\/\/www.vkpbratislava.sk\/index.php?rest_route=\/wp\/v2\/types\/post"}],"author":[{"embeddable":true,"href":"https:\/\/www.vkpbratislava.sk\/index.php?rest_route=\/wp\/v2\/users\/3"}],"replies":[{"embeddable":true,"href":"https:\/\/www.vkpbratislava.sk\/index.php?rest_route=%2Fwp%2Fv2%2Fcomments&post=26068"}],"version-history":[{"count":2,"href":"https:\/\/www.vkpbratislava.sk\/index.php?rest_route=\/wp\/v2\/posts\/26068\/revisions"}],"predecessor-version":[{"id":26667,"href":"https:\/\/www.vkpbratislava.sk\/index.php?rest_route=\/wp\/v2\/posts\/26068\/revisions\/26667"}],"wp:featuredmedia":[{"embeddable":true,"href":"https:\/\/www.vkpbratislava.sk\/index.php?rest_route=\/wp\/v2\/media\/25995"}],"wp:attachment":[{"href":"https:\/\/www.vkpbratislava.sk\/index.php?rest_route=%2Fwp%2Fv2%2Fmedia&parent=26068"}],"wp:term":[{"taxonomy":"category","embeddable":true,"href":"https:\/\/www.vkpbratislava.sk\/index.php?rest_route=%2Fwp%2Fv2%2Fcategories&post=26068"},{"taxonomy":"post_tag","embeddable":true,"href":"https:\/\/www.vkpbratislava.sk\/index.php?rest_route=%2Fwp%2Fv2%2Ftags&post=26068"}],"curies":[{"name":"wp","href":"https:\/\/api.w.org\/{rel}","templated":true}]}}