{"id":26645,"date":"2023-11-27T12:48:52","date_gmt":"2023-11-27T11:48:52","guid":{"rendered":"https:\/\/www.vkpbratislava.sk\/?p=26645"},"modified":"2023-11-27T12:48:52","modified_gmt":"2023-11-27T11:48:52","slug":"granden-vkp-day-mikulassky-volejkolotoc-je-tu-pre-vas-vsetkych","status":"publish","type":"post","link":"https:\/\/www.vkpbratislava.sk\/?p=26645","title":{"rendered":"GRANDEN VKP DAY &#8211; Mikul\u00e1\u0161sky volejkoloto\u010d je tu pre V\u00c1S v\u0161etk\u00fdch!"},"content":{"rendered":"<p><em>Mil\u00ed priatelia, fan\u00fa\u0161ikovia,<\/em><\/p>\n<p><em>v\u00e1\u017een\u00e1 VKP volejbalov\u00e1 family!<\/em><\/p>\n<p><em>Bl\u00ed\u017ei sa n\u00e1m koniec kalend\u00e1rneho roka, aj tentoraz prich\u00e1dza \u010das viano\u010dn\u00fd, ale aj mikul\u00e1\u0161sky, a\u00a0ur\u010dite u\u017e mnoh\u00ed z\u00a0v\u00e1s vyzvedaj\u00fa, \u010di sa aj v\u00a0roku 2023 bud\u00fa m\u00f4c\u0165 zapoji\u0165 do volejbalov\u00e9ho koloto\u010da, akcie kde s\u00fa\u0165a\u017eia v\u0161etci, ktor\u00fdm akt\u00edvny pohyb chut\u00ed.<\/em><\/p>\n<p><em>M\u00e1me pre v\u00e1s skvel\u00fa spr\u00e1vu: v\u00a0nede\u013eu 3. decembra sa v\u0161etky tri hviezdy \u2013 viano\u010dn\u00e1, mikul\u00e1\u0161ska i\u00a0s\u00fa\u0165a\u017en\u00e1 \u2013 spoja. O\u00a0\u010do ide?<\/em><\/p>\n<p><em>Volejbalov\u00fd klub VKP FTV\u0160 UK Bratislava v\u00a0spolupr\u00e1ci s\u00a0ob\u010dianskym zdru\u017een\u00edm pripravuje na nede\u013eu \u00a03. decembra 2023\u00a0 od 14.30 hod. v\u00a0\u0161portovej hale FEI STU, Ilkovi\u010dova 3, podujatie <\/em><\/p>\n<p><em>\u00a0<\/em><strong><em>GRANDEN VKP DAY &#8211; Mikul\u00e1\u0161sky volejkoloto\u010d,<\/em><\/strong><\/p>\n<p><strong><em>\u00a0<\/em><\/strong><em>na ktorom sa z\u00eddu na\u0161e seniorsk\u00e9 dru\u017estv\u00e1 mu\u017eov a\u00a0\u017eien, v\u0161etky ml\u00e1de\u017en\u00edcke t\u00edmy z\u00a0ob\u010dianskeho zdru\u017eenia VKP Bratislava, tr\u00e9neri, \u010dlenovia realiza\u010dn\u00fdch t\u00edmov, z\u00e1stupcovia sponzorov \u2013 aj n\u00e1\u0161ho hostite\u013ea z pois\u0165ovacej spolo\u010dnosti GRANDEN. Pr\u00eddu aj funkcion\u00e1ri, rodi\u010dia, fan\u00fa\u0161ikovia, priatelia, no proste cel\u00e1 volejbalov\u00e1 VKP family.<\/em><\/p>\n<p><em>\u010cak\u00e1 n\u00e1s bohat\u00fd \u0161portov\u00fd, spolo\u010densk\u00fd i\u00a0kult\u00farny program. Bude sa \u0161portova\u0165, s\u00fa\u0165a\u017ei\u0165 v\u00a0koloto\u010di, debatova\u0165 o\u00a0\u0161portov\u00fdch a\u00a0in\u00fdch t\u00e9mach, bude aj autogrami\u00e1da. Pr\u00edde Mikul\u00e1\u0161, prinesie ka\u017ed\u00e9mu bal\u00ed\u010dek, bude pripraven\u00e1 kapustnica a\u00a0ob\u010derstvenie. M\u00f4\u017eete si \u0161peci\u00e1lne pochuti\u0165 na sladk\u00fdch dobrot\u00e1ch, podujatie bude ma\u0165 aj charitat\u00edvny n\u00e1dych, v\u00fd\u0165a\u017eok z neho poputuje nad\u00e1cii na boj proti rakovine. A\u00a0ako m\u00f4\u017eeme do zbierky finan\u010dne prispie\u0165? <\/em><\/p>\n<p><em>Jednoducho. Prineste z\u00a0domu \u010derstvo upe\u010den\u00e9 viano\u010dn\u00e9 pe\u010divo, kol\u00e1\u010diky, z\u00e1kusky \u2013 ka\u017ed\u00fd jeden z\u00a0nich sa na viano\u010dnej sladkej burze bude pred\u00e1va\u0165 za jedno euro. \u010c\u00edm viac kol\u00e1\u010dikov pred\u00e1me, o\u00a0to viac pom\u00f4\u017eeme dobrej veci.<\/em><\/p>\n<p><em>Budeme sa te\u0161i\u0165, ak si n\u00e1jdete \u010das a\u00a0pr\u00eddete spolu s\u00a0nami pozdravi\u0165 Mikul\u00e1\u0161a.<\/em><\/p>\n<p><em>Za\u017eijeme kr\u00e1sne nede\u013en\u00e9 popoludnie ako ve\u013ek\u00e1 volejbalov\u00e1 rodina.<\/em><\/p>\n<p><em>\u00a0<\/em><strong><em>Tak sa nala\u010fte \u0161portovo! GRANDEN VKP DAY znie l\u00e1kavo.<\/em><\/strong><\/p>\n<p><img loading=\"lazy\" decoding=\"async\" class=\"alignnone size-medium wp-image-26646\" src=\"https:\/\/www.vkpbratislava.sk\/wp-content\/uploads\/2023\/11\/granden-vkp-day-A3-640x905.jpg\" alt=\"\" width=\"640\" height=\"905\" srcset=\"https:\/\/www.vkpbratislava.sk\/wp-content\/uploads\/2023\/11\/granden-vkp-day-A3-640x905.jpg 640w, https:\/\/www.vkpbratislava.sk\/wp-content\/uploads\/2023\/11\/granden-vkp-day-A3-1280x1810.jpg 1280w, https:\/\/www.vkpbratislava.sk\/wp-content\/uploads\/2023\/11\/granden-vkp-day-A3-768x1086.jpg 768w, https:\/\/www.vkpbratislava.sk\/wp-content\/uploads\/2023\/11\/granden-vkp-day-A3-1086x1536.jpg 1086w, https:\/\/www.vkpbratislava.sk\/wp-content\/uploads\/2023\/11\/granden-vkp-day-A3-1448x2048.jpg 1448w, https:\/\/www.vkpbratislava.sk\/wp-content\/uploads\/2023\/11\/granden-vkp-day-A3-320x453.jpg 320w, https:\/\/www.vkpbratislava.sk\/wp-content\/uploads\/2023\/11\/granden-vkp-day-A3-600x849.jpg 600w, https:\/\/www.vkpbratislava.sk\/wp-content\/uploads\/2023\/11\/granden-vkp-day-A3-scaled.jpg 1810w\" sizes=\"auto, (max-width: 640px) 100vw, 640px\" \/><\/p>\n","protected":false},"excerpt":{"rendered":"<p>M\u00e1me pre v\u00e1s skvel\u00fa spr\u00e1vu: v\u00a0nede\u013eu 3. decembra sa v\u0161etky tri hviezdy \u2013 viano\u010dn\u00e1, mikul\u00e1\u0161ska i\u00a0s\u00fa\u0165a\u017en\u00e1 \u2013 spoja.<\/p>\n","protected":false},"author":3,"featured_media":26559,"comment_status":"closed","ping_status":"closed","sticky":false,"template":"","format":"standard","meta":{"_monsterinsights_skip_tracking":false,"_monsterinsights_sitenote_active":false,"_monsterinsights_sitenote_note":"","_monsterinsights_sitenote_category":0,"footnotes":""},"categories":[50,47,48],"tags":[],"class_list":["post-26645","post","type-post","status-publish","format-standard","has-post-thumbnail","hentry","category-mladez","category-muzi","category-zeny"],"yoast_head":"<!-- This site is optimized with the Yoast SEO plugin v25.6 - https:\/\/yoast.com\/wordpress\/plugins\/seo\/ -->\n<title>GRANDEN VKP DAY - Mikul\u00e1\u0161sky volejkoloto\u010d je tu pre V\u00c1S v\u0161etk\u00fdch! - VK SLOVAN Bratislava<\/title>\n<meta name=\"description\" content=\"M\u00e1me pre v\u00e1s skvel\u00fa spr\u00e1vu: v\u00a0nede\u013eu 3. decembra sa v\u0161etky tri hviezdy \u2013 viano\u010dn\u00e1, mikul\u00e1\u0161ska i\u00a0s\u00fa\u0165a\u017en\u00e1 \u2013 spoja.\" \/>\n<meta name=\"robots\" content=\"index, follow, max-snippet:-1, max-image-preview:large, max-video-preview:-1\" \/>\n<link rel=\"canonical\" href=\"https:\/\/www.vkpbratislava.sk\/?p=26645\" \/>\n<meta property=\"og:locale\" content=\"sk_SK\" \/>\n<meta property=\"og:type\" content=\"article\" \/>\n<meta property=\"og:title\" content=\"GRANDEN VKP DAY - Mikul\u00e1\u0161sky volejkoloto\u010d je tu pre V\u00c1S v\u0161etk\u00fdch! - VK SLOVAN Bratislava\" \/>\n<meta property=\"og:description\" content=\"M\u00e1me pre v\u00e1s skvel\u00fa spr\u00e1vu: v\u00a0nede\u013eu 3. decembra sa v\u0161etky tri hviezdy \u2013 viano\u010dn\u00e1, mikul\u00e1\u0161ska i\u00a0s\u00fa\u0165a\u017en\u00e1 \u2013 spoja.\" \/>\n<meta property=\"og:url\" content=\"https:\/\/www.vkpbratislava.sk\/?p=26645\" \/>\n<meta property=\"og:site_name\" content=\"VK SLOVAN Bratislava\" \/>\n<meta property=\"article:published_time\" content=\"2023-11-27T11:48:52+00:00\" \/>\n<meta property=\"og:image\" content=\"https:\/\/www.vkpbratislava.sk\/wp-content\/uploads\/2023\/11\/20231125_VKP-FTVS-UK-BA-vs-HIT-Trnava_IUR00054-1280x854.jpg\" \/>\n\t<meta property=\"og:image:width\" content=\"1280\" \/>\n\t<meta property=\"og:image:height\" content=\"854\" \/>\n\t<meta property=\"og:image:type\" content=\"image\/jpeg\" \/>\n<meta name=\"author\" content=\"jenca\" \/>\n<meta name=\"twitter:card\" content=\"summary_large_image\" \/>\n<meta name=\"twitter:label1\" content=\"Autor\" \/>\n\t<meta name=\"twitter:data1\" content=\"jenca\" \/>\n\t<meta name=\"twitter:label2\" content=\"Predpokladan\u00fd \u010das \u010d\u00edtania\" \/>\n\t<meta name=\"twitter:data2\" content=\"2 min\u00faty\" \/>\n<script type=\"application\/ld+json\" class=\"yoast-schema-graph\">{\"@context\":\"https:\/\/schema.org\",\"@graph\":[{\"@type\":\"Article\",\"@id\":\"https:\/\/www.vkpbratislava.sk\/?p=26645#article\",\"isPartOf\":{\"@id\":\"https:\/\/www.vkpbratislava.sk\/?p=26645\"},\"author\":{\"name\":\"jenca\",\"@id\":\"https:\/\/www.vkpbratislava.sk\/#\/schema\/person\/7037e769f9515aa58493d1b5852c4c50\"},\"headline\":\"GRANDEN VKP DAY &#8211; Mikul\u00e1\u0161sky volejkoloto\u010d je tu pre V\u00c1S v\u0161etk\u00fdch!\",\"datePublished\":\"2023-11-27T11:48:52+00:00\",\"mainEntityOfPage\":{\"@id\":\"https:\/\/www.vkpbratislava.sk\/?p=26645\"},\"wordCount\":387,\"publisher\":{\"@id\":\"https:\/\/www.vkpbratislava.sk\/#organization\"},\"image\":{\"@id\":\"https:\/\/www.vkpbratislava.sk\/?p=26645#primaryimage\"},\"thumbnailUrl\":\"https:\/\/www.vkpbratislava.sk\/wp-content\/uploads\/2023\/11\/20231125_VKP-FTVS-UK-BA-vs-HIT-Trnava_IUR00054.jpg\",\"articleSection\":[\"Ml\u00e1de\u017e\",\"Mu\u017ei\",\"\u017deny\"],\"inLanguage\":\"sk-SK\"},{\"@type\":\"WebPage\",\"@id\":\"https:\/\/www.vkpbratislava.sk\/?p=26645\",\"url\":\"https:\/\/www.vkpbratislava.sk\/?p=26645\",\"name\":\"GRANDEN VKP DAY - Mikul\u00e1\u0161sky volejkoloto\u010d je tu pre V\u00c1S v\u0161etk\u00fdch! - VK SLOVAN Bratislava\",\"isPartOf\":{\"@id\":\"https:\/\/www.vkpbratislava.sk\/#website\"},\"primaryImageOfPage\":{\"@id\":\"https:\/\/www.vkpbratislava.sk\/?p=26645#primaryimage\"},\"image\":{\"@id\":\"https:\/\/www.vkpbratislava.sk\/?p=26645#primaryimage\"},\"thumbnailUrl\":\"https:\/\/www.vkpbratislava.sk\/wp-content\/uploads\/2023\/11\/20231125_VKP-FTVS-UK-BA-vs-HIT-Trnava_IUR00054.jpg\",\"datePublished\":\"2023-11-27T11:48:52+00:00\",\"description\":\"M\u00e1me pre v\u00e1s skvel\u00fa spr\u00e1vu: v\u00a0nede\u013eu 3. decembra sa v\u0161etky tri hviezdy \u2013 viano\u010dn\u00e1, mikul\u00e1\u0161ska i\u00a0s\u00fa\u0165a\u017en\u00e1 \u2013 spoja.\",\"breadcrumb\":{\"@id\":\"https:\/\/www.vkpbratislava.sk\/?p=26645#breadcrumb\"},\"inLanguage\":\"sk-SK\",\"potentialAction\":[{\"@type\":\"ReadAction\",\"target\":[\"https:\/\/www.vkpbratislava.sk\/?p=26645\"]}]},{\"@type\":\"ImageObject\",\"inLanguage\":\"sk-SK\",\"@id\":\"https:\/\/www.vkpbratislava.sk\/?p=26645#primaryimage\",\"url\":\"https:\/\/www.vkpbratislava.sk\/wp-content\/uploads\/2023\/11\/20231125_VKP-FTVS-UK-BA-vs-HIT-Trnava_IUR00054.jpg\",\"contentUrl\":\"https:\/\/www.vkpbratislava.sk\/wp-content\/uploads\/2023\/11\/20231125_VKP-FTVS-UK-BA-vs-HIT-Trnava_IUR00054.jpg\",\"width\":2500,\"height\":1667},{\"@type\":\"BreadcrumbList\",\"@id\":\"https:\/\/www.vkpbratislava.sk\/?p=26645#breadcrumb\",\"itemListElement\":[{\"@type\":\"ListItem\",\"position\":1,\"name\":\"Domov\",\"item\":\"https:\/\/www.vkpbratislava.sk\/\"},{\"@type\":\"ListItem\",\"position\":2,\"name\":\"GRANDEN VKP DAY &#8211; Mikul\u00e1\u0161sky volejkoloto\u010d je tu pre V\u00c1S v\u0161etk\u00fdch!\"}]},{\"@type\":\"WebSite\",\"@id\":\"https:\/\/www.vkpbratislava.sk\/#website\",\"url\":\"https:\/\/www.vkpbratislava.sk\/\",\"name\":\"VK SLOVAN Bratislava\",\"description\":\"Volejbalov\u00fd klub\",\"publisher\":{\"@id\":\"https:\/\/www.vkpbratislava.sk\/#organization\"},\"potentialAction\":[{\"@type\":\"SearchAction\",\"target\":{\"@type\":\"EntryPoint\",\"urlTemplate\":\"https:\/\/www.vkpbratislava.sk\/?s={search_term_string}\"},\"query-input\":{\"@type\":\"PropertyValueSpecification\",\"valueRequired\":true,\"valueName\":\"search_term_string\"}}],\"inLanguage\":\"sk-SK\"},{\"@type\":\"Organization\",\"@id\":\"https:\/\/www.vkpbratislava.sk\/#organization\",\"name\":\"VKP Bratislava\",\"url\":\"https:\/\/www.vkpbratislava.sk\/\",\"logo\":{\"@type\":\"ImageObject\",\"inLanguage\":\"sk-SK\",\"@id\":\"https:\/\/www.vkpbratislava.sk\/#\/schema\/logo\/image\/\",\"url\":\"https:\/\/www.vkpbratislava.sk\/wp-content\/uploads\/2020\/10\/vkpBA.png\",\"contentUrl\":\"https:\/\/www.vkpbratislava.sk\/wp-content\/uploads\/2020\/10\/vkpBA.png\",\"width\":600,\"height\":600,\"caption\":\"VKP Bratislava\"},\"image\":{\"@id\":\"https:\/\/www.vkpbratislava.sk\/#\/schema\/logo\/image\/\"}},{\"@type\":\"Person\",\"@id\":\"https:\/\/www.vkpbratislava.sk\/#\/schema\/person\/7037e769f9515aa58493d1b5852c4c50\",\"name\":\"jenca\",\"image\":{\"@type\":\"ImageObject\",\"inLanguage\":\"sk-SK\",\"@id\":\"https:\/\/www.vkpbratislava.sk\/#\/schema\/person\/image\/\",\"url\":\"https:\/\/secure.gravatar.com\/avatar\/67aa89e9aab2911bbd0c6fbf0a891ea8d80c207c9b6a6e2c96e13fc2f16e536d?s=96&d=mm&r=g\",\"contentUrl\":\"https:\/\/secure.gravatar.com\/avatar\/67aa89e9aab2911bbd0c6fbf0a891ea8d80c207c9b6a6e2c96e13fc2f16e536d?s=96&d=mm&r=g\",\"caption\":\"jenca\"},\"url\":\"https:\/\/www.vkpbratislava.sk\/?author=3\"}]}<\/script>\n<!-- \/ Yoast SEO plugin. -->","yoast_head_json":{"title":"GRANDEN VKP DAY - Mikul\u00e1\u0161sky volejkoloto\u010d je tu pre V\u00c1S v\u0161etk\u00fdch! - VK SLOVAN Bratislava","description":"M\u00e1me pre v\u00e1s skvel\u00fa spr\u00e1vu: v\u00a0nede\u013eu 3. decembra sa v\u0161etky tri hviezdy \u2013 viano\u010dn\u00e1, mikul\u00e1\u0161ska i\u00a0s\u00fa\u0165a\u017en\u00e1 \u2013 spoja.","robots":{"index":"index","follow":"follow","max-snippet":"max-snippet:-1","max-image-preview":"max-image-preview:large","max-video-preview":"max-video-preview:-1"},"canonical":"https:\/\/www.vkpbratislava.sk\/?p=26645","og_locale":"sk_SK","og_type":"article","og_title":"GRANDEN VKP DAY - Mikul\u00e1\u0161sky volejkoloto\u010d je tu pre V\u00c1S v\u0161etk\u00fdch! - VK SLOVAN Bratislava","og_description":"M\u00e1me pre v\u00e1s skvel\u00fa spr\u00e1vu: v\u00a0nede\u013eu 3. decembra sa v\u0161etky tri hviezdy \u2013 viano\u010dn\u00e1, mikul\u00e1\u0161ska i\u00a0s\u00fa\u0165a\u017en\u00e1 \u2013 spoja.","og_url":"https:\/\/www.vkpbratislava.sk\/?p=26645","og_site_name":"VK SLOVAN Bratislava","article_published_time":"2023-11-27T11:48:52+00:00","og_image":[{"width":1280,"height":854,"url":"https:\/\/www.vkpbratislava.sk\/wp-content\/uploads\/2023\/11\/20231125_VKP-FTVS-UK-BA-vs-HIT-Trnava_IUR00054-1280x854.jpg","type":"image\/jpeg"}],"author":"jenca","twitter_card":"summary_large_image","twitter_misc":{"Autor":"jenca","Predpokladan\u00fd \u010das \u010d\u00edtania":"2 min\u00faty"},"schema":{"@context":"https:\/\/schema.org","@graph":[{"@type":"Article","@id":"https:\/\/www.vkpbratislava.sk\/?p=26645#article","isPartOf":{"@id":"https:\/\/www.vkpbratislava.sk\/?p=26645"},"author":{"name":"jenca","@id":"https:\/\/www.vkpbratislava.sk\/#\/schema\/person\/7037e769f9515aa58493d1b5852c4c50"},"headline":"GRANDEN VKP DAY &#8211; Mikul\u00e1\u0161sky volejkoloto\u010d je tu pre V\u00c1S v\u0161etk\u00fdch!","datePublished":"2023-11-27T11:48:52+00:00","mainEntityOfPage":{"@id":"https:\/\/www.vkpbratislava.sk\/?p=26645"},"wordCount":387,"publisher":{"@id":"https:\/\/www.vkpbratislava.sk\/#organization"},"image":{"@id":"https:\/\/www.vkpbratislava.sk\/?p=26645#primaryimage"},"thumbnailUrl":"https:\/\/www.vkpbratislava.sk\/wp-content\/uploads\/2023\/11\/20231125_VKP-FTVS-UK-BA-vs-HIT-Trnava_IUR00054.jpg","articleSection":["Ml\u00e1de\u017e","Mu\u017ei","\u017deny"],"inLanguage":"sk-SK"},{"@type":"WebPage","@id":"https:\/\/www.vkpbratislava.sk\/?p=26645","url":"https:\/\/www.vkpbratislava.sk\/?p=26645","name":"GRANDEN VKP DAY - Mikul\u00e1\u0161sky volejkoloto\u010d je tu pre V\u00c1S v\u0161etk\u00fdch! - VK SLOVAN Bratislava","isPartOf":{"@id":"https:\/\/www.vkpbratislava.sk\/#website"},"primaryImageOfPage":{"@id":"https:\/\/www.vkpbratislava.sk\/?p=26645#primaryimage"},"image":{"@id":"https:\/\/www.vkpbratislava.sk\/?p=26645#primaryimage"},"thumbnailUrl":"https:\/\/www.vkpbratislava.sk\/wp-content\/uploads\/2023\/11\/20231125_VKP-FTVS-UK-BA-vs-HIT-Trnava_IUR00054.jpg","datePublished":"2023-11-27T11:48:52+00:00","description":"M\u00e1me pre v\u00e1s skvel\u00fa spr\u00e1vu: v\u00a0nede\u013eu 3. decembra sa v\u0161etky tri hviezdy \u2013 viano\u010dn\u00e1, mikul\u00e1\u0161ska i\u00a0s\u00fa\u0165a\u017en\u00e1 \u2013 spoja.","breadcrumb":{"@id":"https:\/\/www.vkpbratislava.sk\/?p=26645#breadcrumb"},"inLanguage":"sk-SK","potentialAction":[{"@type":"ReadAction","target":["https:\/\/www.vkpbratislava.sk\/?p=26645"]}]},{"@type":"ImageObject","inLanguage":"sk-SK","@id":"https:\/\/www.vkpbratislava.sk\/?p=26645#primaryimage","url":"https:\/\/www.vkpbratislava.sk\/wp-content\/uploads\/2023\/11\/20231125_VKP-FTVS-UK-BA-vs-HIT-Trnava_IUR00054.jpg","contentUrl":"https:\/\/www.vkpbratislava.sk\/wp-content\/uploads\/2023\/11\/20231125_VKP-FTVS-UK-BA-vs-HIT-Trnava_IUR00054.jpg","width":2500,"height":1667},{"@type":"BreadcrumbList","@id":"https:\/\/www.vkpbratislava.sk\/?p=26645#breadcrumb","itemListElement":[{"@type":"ListItem","position":1,"name":"Domov","item":"https:\/\/www.vkpbratislava.sk\/"},{"@type":"ListItem","position":2,"name":"GRANDEN VKP DAY &#8211; Mikul\u00e1\u0161sky volejkoloto\u010d je tu pre V\u00c1S v\u0161etk\u00fdch!"}]},{"@type":"WebSite","@id":"https:\/\/www.vkpbratislava.sk\/#website","url":"https:\/\/www.vkpbratislava.sk\/","name":"VK SLOVAN Bratislava","description":"Volejbalov\u00fd klub","publisher":{"@id":"https:\/\/www.vkpbratislava.sk\/#organization"},"potentialAction":[{"@type":"SearchAction","target":{"@type":"EntryPoint","urlTemplate":"https:\/\/www.vkpbratislava.sk\/?s={search_term_string}"},"query-input":{"@type":"PropertyValueSpecification","valueRequired":true,"valueName":"search_term_string"}}],"inLanguage":"sk-SK"},{"@type":"Organization","@id":"https:\/\/www.vkpbratislava.sk\/#organization","name":"VKP Bratislava","url":"https:\/\/www.vkpbratislava.sk\/","logo":{"@type":"ImageObject","inLanguage":"sk-SK","@id":"https:\/\/www.vkpbratislava.sk\/#\/schema\/logo\/image\/","url":"https:\/\/www.vkpbratislava.sk\/wp-content\/uploads\/2020\/10\/vkpBA.png","contentUrl":"https:\/\/www.vkpbratislava.sk\/wp-content\/uploads\/2020\/10\/vkpBA.png","width":600,"height":600,"caption":"VKP Bratislava"},"image":{"@id":"https:\/\/www.vkpbratislava.sk\/#\/schema\/logo\/image\/"}},{"@type":"Person","@id":"https:\/\/www.vkpbratislava.sk\/#\/schema\/person\/7037e769f9515aa58493d1b5852c4c50","name":"jenca","image":{"@type":"ImageObject","inLanguage":"sk-SK","@id":"https:\/\/www.vkpbratislava.sk\/#\/schema\/person\/image\/","url":"https:\/\/secure.gravatar.com\/avatar\/67aa89e9aab2911bbd0c6fbf0a891ea8d80c207c9b6a6e2c96e13fc2f16e536d?s=96&d=mm&r=g","contentUrl":"https:\/\/secure.gravatar.com\/avatar\/67aa89e9aab2911bbd0c6fbf0a891ea8d80c207c9b6a6e2c96e13fc2f16e536d?s=96&d=mm&r=g","caption":"jenca"},"url":"https:\/\/www.vkpbratislava.sk\/?author=3"}]}},"_links":{"self":[{"href":"https:\/\/www.vkpbratislava.sk\/index.php?rest_route=\/wp\/v2\/posts\/26645","targetHints":{"allow":["GET"]}}],"collection":[{"href":"https:\/\/www.vkpbratislava.sk\/index.php?rest_route=\/wp\/v2\/posts"}],"about":[{"href":"https:\/\/www.vkpbratislava.sk\/index.php?rest_route=\/wp\/v2\/types\/post"}],"author":[{"embeddable":true,"href":"https:\/\/www.vkpbratislava.sk\/index.php?rest_route=\/wp\/v2\/users\/3"}],"replies":[{"embeddable":true,"href":"https:\/\/www.vkpbratislava.sk\/index.php?rest_route=%2Fwp%2Fv2%2Fcomments&post=26645"}],"version-history":[{"count":1,"href":"https:\/\/www.vkpbratislava.sk\/index.php?rest_route=\/wp\/v2\/posts\/26645\/revisions"}],"predecessor-version":[{"id":26647,"href":"https:\/\/www.vkpbratislava.sk\/index.php?rest_route=\/wp\/v2\/posts\/26645\/revisions\/26647"}],"wp:featuredmedia":[{"embeddable":true,"href":"https:\/\/www.vkpbratislava.sk\/index.php?rest_route=\/wp\/v2\/media\/26559"}],"wp:attachment":[{"href":"https:\/\/www.vkpbratislava.sk\/index.php?rest_route=%2Fwp%2Fv2%2Fmedia&parent=26645"}],"wp:term":[{"taxonomy":"category","embeddable":true,"href":"https:\/\/www.vkpbratislava.sk\/index.php?rest_route=%2Fwp%2Fv2%2Fcategories&post=26645"},{"taxonomy":"post_tag","embeddable":true,"href":"https:\/\/www.vkpbratislava.sk\/index.php?rest_route=%2Fwp%2Fv2%2Ftags&post=26645"}],"curies":[{"name":"wp","href":"https:\/\/api.w.org\/{rel}","templated":true}]}}