{"id":26652,"date":"2023-11-26T10:00:21","date_gmt":"2023-11-26T09:00:21","guid":{"rendered":"https:\/\/www.vkpbratislava.sk\/?p=26652"},"modified":"2023-11-29T22:42:08","modified_gmt":"2023-11-29T21:42:08","slug":"v-generalke-s-trencinom-naplno","status":"publish","type":"post","link":"https:\/\/www.vkpbratislava.sk\/?p=26652","title":{"rendered":"V &#8222;gener\u00e1lke&#8220; na Kom\u00e1rno naplno"},"content":{"rendered":"<p><strong>Volejbalisti VKP FTV\u0160 UK Bratislava si v 10. kole Nik\u00e9 extraligy mu\u017eov doma hladko poradili s Tren\u010d\u00ednom 3:0.<\/strong><\/p>\n<p><strong>VKP FTV\u0160 UK Bratislava \u2013 S\u0160\u0160 Tren\u010d\u00edn-Projekt RD SVF 3:0 (24, 11, 11)<\/strong><br \/>\n<strong>Rozhodovali:<\/strong>\u00a0Dovi\u010dovi\u010d a Morav\u010d\u00edk, 75 div\u00e1kov.<br \/>\n<strong>VKP FTV\u0160 UK:<\/strong>\u00a0Fo\u0159t 6, Marjov 6, Za\u0165ko 8, Truba\u010d 12, Billich 10, Van\u010do 15, libero \u013d. Nemec (Fekete 2). Tr\u00e9ner: R. P\u011blucha.<br \/>\n<strong>S\u0160\u0160:<\/strong>\u00a0F. Mak\u00f3nyi 6, Kapina 1, Pij\u00e1\u010dek 8, Rendla 7, D. Str\u00ed\u017e 9, Belas 0, libero M. Mak\u00f3nyi (O. Han\u00fasek 0, Bart\u00edk 0). Tr\u00e9ner: M. Kardo\u0161.<\/p>\n<p><strong>Hr\u00e1\u010di z\u00e1pasu:<\/strong>\u00a0\u013dubo\u0161 Nemec (VKP FTV\u0160 UK Bratislava) \u2013 Daniel Str\u00ed\u017e (S\u0160\u0160 Tren\u010d\u00edn-Projekt RD SVF)<br \/>\n<strong>Robin P\u011blucha, tr\u00e9ner VKP FTV\u0160 UK:<\/strong>\u00a0\u201eUkon\u010dili sme trojz\u00e1pasov\u00fa s\u00e9riu prehier, ale proti papierovo slab\u0161iemu s\u00faperovi, \u010do bolo pre n\u00e1s povinn\u00e9 v\u00ed\u0165azstvo. Teraz n\u00e1s \u010dak\u00e1 Kom\u00e1rno a Myjava, \u010do chceme zvl\u00e1dnu\u0165 a budeme sa na to pripravova\u0165.\u201c<br \/>\n<strong>Marek Kardo\u0161, tr\u00e9ner S\u0160\u0160:\u00a0<\/strong>\u201eV prvom sete sme hrali ve\u013emi dobre. Dok\u00e1zali sme pre\u010d\u00edta\u0165 prakticky v\u0161etky nahr\u00e1vky a dobre sme br\u00e1nili. \u017dia\u013e, nevy\u0161la n\u00e1m koncovka. Potom sa n\u00e1m to rozpadlo. Nedok\u00e1zali sme si poriadne prihra\u0165 a tak\u00fd sk\u00fasen\u00fd s\u00faper to vyu\u017eil a polo\u017eil n\u00e1s.&#8220;<\/p>\n","protected":false},"excerpt":{"rendered":"<p>Volejbalisti VKP FTV\u0160 UK Bratislava si v 10. kole Nik\u00e9 extraligy mu\u017eov doma hladko poradili s Tren\u010d\u00ednom 3:0. VKP FTV\u0160 UK Bratislava \u2013 S\u0160\u0160 Tren\u010d\u00edn-Projekt RD SVF 3:0 (24, 11, 11) Rozhodovali:\u00a0Dovi\u010dovi\u010d a Morav\u010d\u00edk, 75 div\u00e1kov. VKP FTV\u0160 UK:\u00a0Fo\u0159t 6, Marjov 6, Za\u0165ko 8, Truba\u010d 12, Billich 10, Van\u010do 15, libero \u013d. Nemec (Fekete 2)&#8230;.<\/p>\n","protected":false},"author":3,"featured_media":26489,"comment_status":"closed","ping_status":"closed","sticky":false,"template":"","format":"standard","meta":{"_monsterinsights_skip_tracking":false,"_monsterinsights_sitenote_active":false,"_monsterinsights_sitenote_note":"","_monsterinsights_sitenote_category":0,"footnotes":""},"categories":[47],"tags":[],"class_list":["post-26652","post","type-post","status-publish","format-standard","has-post-thumbnail","hentry","category-muzi"],"yoast_head":"<!-- This site is optimized with the Yoast SEO plugin v25.6 - https:\/\/yoast.com\/wordpress\/plugins\/seo\/ -->\n<title>V &quot;gener\u00e1lke&quot; na Kom\u00e1rno naplno - VK SLOVAN Bratislava<\/title>\n<meta name=\"description\" content=\"Volejbalisti VKP FTV\u0160 UK Bratislava si v 10. kole Nik\u00e9 extraligy mu\u017eov doma hladko poradili s Tren\u010d\u00ednom 3:0.\" \/>\n<meta name=\"robots\" content=\"index, follow, max-snippet:-1, max-image-preview:large, max-video-preview:-1\" \/>\n<link rel=\"canonical\" href=\"https:\/\/www.vkpbratislava.sk\/?p=26652\" \/>\n<meta property=\"og:locale\" content=\"sk_SK\" \/>\n<meta property=\"og:type\" content=\"article\" \/>\n<meta property=\"og:title\" content=\"V &quot;gener\u00e1lke&quot; na Kom\u00e1rno naplno - VK SLOVAN Bratislava\" \/>\n<meta property=\"og:description\" content=\"Volejbalisti VKP FTV\u0160 UK Bratislava si v 10. kole Nik\u00e9 extraligy mu\u017eov doma hladko poradili s Tren\u010d\u00ednom 3:0.\" \/>\n<meta property=\"og:url\" content=\"https:\/\/www.vkpbratislava.sk\/?p=26652\" \/>\n<meta property=\"og:site_name\" content=\"VK SLOVAN Bratislava\" \/>\n<meta property=\"article:published_time\" content=\"2023-11-26T09:00:21+00:00\" \/>\n<meta property=\"article:modified_time\" content=\"2023-11-29T21:42:08+00:00\" \/>\n<meta property=\"og:image\" content=\"https:\/\/www.vkpbratislava.sk\/wp-content\/uploads\/2023\/11\/MS_202311_ELVKPvsTrencin-52-1280x853.jpg\" \/>\n\t<meta property=\"og:image:width\" content=\"1280\" \/>\n\t<meta property=\"og:image:height\" content=\"853\" \/>\n\t<meta property=\"og:image:type\" content=\"image\/jpeg\" \/>\n<meta name=\"author\" content=\"jenca\" \/>\n<meta name=\"twitter:card\" content=\"summary_large_image\" \/>\n<meta name=\"twitter:label1\" content=\"Autor\" \/>\n\t<meta name=\"twitter:data1\" content=\"jenca\" \/>\n\t<meta name=\"twitter:label2\" content=\"Predpokladan\u00fd \u010das \u010d\u00edtania\" \/>\n\t<meta name=\"twitter:data2\" content=\"1 min\u00fata\" \/>\n<script type=\"application\/ld+json\" class=\"yoast-schema-graph\">{\"@context\":\"https:\/\/schema.org\",\"@graph\":[{\"@type\":\"Article\",\"@id\":\"https:\/\/www.vkpbratislava.sk\/?p=26652#article\",\"isPartOf\":{\"@id\":\"https:\/\/www.vkpbratislava.sk\/?p=26652\"},\"author\":{\"name\":\"jenca\",\"@id\":\"https:\/\/www.vkpbratislava.sk\/#\/schema\/person\/7037e769f9515aa58493d1b5852c4c50\"},\"headline\":\"V &#8222;gener\u00e1lke&#8220; na Kom\u00e1rno naplno\",\"datePublished\":\"2023-11-26T09:00:21+00:00\",\"dateModified\":\"2023-11-29T21:42:08+00:00\",\"mainEntityOfPage\":{\"@id\":\"https:\/\/www.vkpbratislava.sk\/?p=26652\"},\"wordCount\":212,\"publisher\":{\"@id\":\"https:\/\/www.vkpbratislava.sk\/#organization\"},\"image\":{\"@id\":\"https:\/\/www.vkpbratislava.sk\/?p=26652#primaryimage\"},\"thumbnailUrl\":\"https:\/\/www.vkpbratislava.sk\/wp-content\/uploads\/2023\/11\/MS_202311_ELVKPvsTrencin-52.jpg\",\"articleSection\":[\"Mu\u017ei\"],\"inLanguage\":\"sk-SK\"},{\"@type\":\"WebPage\",\"@id\":\"https:\/\/www.vkpbratislava.sk\/?p=26652\",\"url\":\"https:\/\/www.vkpbratislava.sk\/?p=26652\",\"name\":\"V \\\"gener\u00e1lke\\\" na Kom\u00e1rno naplno - VK SLOVAN Bratislava\",\"isPartOf\":{\"@id\":\"https:\/\/www.vkpbratislava.sk\/#website\"},\"primaryImageOfPage\":{\"@id\":\"https:\/\/www.vkpbratislava.sk\/?p=26652#primaryimage\"},\"image\":{\"@id\":\"https:\/\/www.vkpbratislava.sk\/?p=26652#primaryimage\"},\"thumbnailUrl\":\"https:\/\/www.vkpbratislava.sk\/wp-content\/uploads\/2023\/11\/MS_202311_ELVKPvsTrencin-52.jpg\",\"datePublished\":\"2023-11-26T09:00:21+00:00\",\"dateModified\":\"2023-11-29T21:42:08+00:00\",\"description\":\"Volejbalisti VKP FTV\u0160 UK Bratislava si v 10. kole Nik\u00e9 extraligy mu\u017eov doma hladko poradili s Tren\u010d\u00ednom 3:0.\",\"breadcrumb\":{\"@id\":\"https:\/\/www.vkpbratislava.sk\/?p=26652#breadcrumb\"},\"inLanguage\":\"sk-SK\",\"potentialAction\":[{\"@type\":\"ReadAction\",\"target\":[\"https:\/\/www.vkpbratislava.sk\/?p=26652\"]}]},{\"@type\":\"ImageObject\",\"inLanguage\":\"sk-SK\",\"@id\":\"https:\/\/www.vkpbratislava.sk\/?p=26652#primaryimage\",\"url\":\"https:\/\/www.vkpbratislava.sk\/wp-content\/uploads\/2023\/11\/MS_202311_ELVKPvsTrencin-52.jpg\",\"contentUrl\":\"https:\/\/www.vkpbratislava.sk\/wp-content\/uploads\/2023\/11\/MS_202311_ELVKPvsTrencin-52.jpg\",\"width\":2048,\"height\":1365},{\"@type\":\"BreadcrumbList\",\"@id\":\"https:\/\/www.vkpbratislava.sk\/?p=26652#breadcrumb\",\"itemListElement\":[{\"@type\":\"ListItem\",\"position\":1,\"name\":\"Domov\",\"item\":\"https:\/\/www.vkpbratislava.sk\/\"},{\"@type\":\"ListItem\",\"position\":2,\"name\":\"V &#8220;gener\u00e1lke&#8221; na Kom\u00e1rno naplno\"}]},{\"@type\":\"WebSite\",\"@id\":\"https:\/\/www.vkpbratislava.sk\/#website\",\"url\":\"https:\/\/www.vkpbratislava.sk\/\",\"name\":\"VK SLOVAN Bratislava\",\"description\":\"Volejbalov\u00fd klub\",\"publisher\":{\"@id\":\"https:\/\/www.vkpbratislava.sk\/#organization\"},\"potentialAction\":[{\"@type\":\"SearchAction\",\"target\":{\"@type\":\"EntryPoint\",\"urlTemplate\":\"https:\/\/www.vkpbratislava.sk\/?s={search_term_string}\"},\"query-input\":{\"@type\":\"PropertyValueSpecification\",\"valueRequired\":true,\"valueName\":\"search_term_string\"}}],\"inLanguage\":\"sk-SK\"},{\"@type\":\"Organization\",\"@id\":\"https:\/\/www.vkpbratislava.sk\/#organization\",\"name\":\"VKP Bratislava\",\"url\":\"https:\/\/www.vkpbratislava.sk\/\",\"logo\":{\"@type\":\"ImageObject\",\"inLanguage\":\"sk-SK\",\"@id\":\"https:\/\/www.vkpbratislava.sk\/#\/schema\/logo\/image\/\",\"url\":\"https:\/\/www.vkpbratislava.sk\/wp-content\/uploads\/2020\/10\/vkpBA.png\",\"contentUrl\":\"https:\/\/www.vkpbratislava.sk\/wp-content\/uploads\/2020\/10\/vkpBA.png\",\"width\":600,\"height\":600,\"caption\":\"VKP Bratislava\"},\"image\":{\"@id\":\"https:\/\/www.vkpbratislava.sk\/#\/schema\/logo\/image\/\"}},{\"@type\":\"Person\",\"@id\":\"https:\/\/www.vkpbratislava.sk\/#\/schema\/person\/7037e769f9515aa58493d1b5852c4c50\",\"name\":\"jenca\",\"image\":{\"@type\":\"ImageObject\",\"inLanguage\":\"sk-SK\",\"@id\":\"https:\/\/www.vkpbratislava.sk\/#\/schema\/person\/image\/\",\"url\":\"https:\/\/secure.gravatar.com\/avatar\/67aa89e9aab2911bbd0c6fbf0a891ea8d80c207c9b6a6e2c96e13fc2f16e536d?s=96&d=mm&r=g\",\"contentUrl\":\"https:\/\/secure.gravatar.com\/avatar\/67aa89e9aab2911bbd0c6fbf0a891ea8d80c207c9b6a6e2c96e13fc2f16e536d?s=96&d=mm&r=g\",\"caption\":\"jenca\"},\"url\":\"https:\/\/www.vkpbratislava.sk\/?author=3\"}]}<\/script>\n<!-- \/ Yoast SEO plugin. -->","yoast_head_json":{"title":"V \"gener\u00e1lke\" na Kom\u00e1rno naplno - VK SLOVAN Bratislava","description":"Volejbalisti VKP FTV\u0160 UK Bratislava si v 10. kole Nik\u00e9 extraligy mu\u017eov doma hladko poradili s Tren\u010d\u00ednom 3:0.","robots":{"index":"index","follow":"follow","max-snippet":"max-snippet:-1","max-image-preview":"max-image-preview:large","max-video-preview":"max-video-preview:-1"},"canonical":"https:\/\/www.vkpbratislava.sk\/?p=26652","og_locale":"sk_SK","og_type":"article","og_title":"V \"gener\u00e1lke\" na Kom\u00e1rno naplno - VK SLOVAN Bratislava","og_description":"Volejbalisti VKP FTV\u0160 UK Bratislava si v 10. kole Nik\u00e9 extraligy mu\u017eov doma hladko poradili s Tren\u010d\u00ednom 3:0.","og_url":"https:\/\/www.vkpbratislava.sk\/?p=26652","og_site_name":"VK SLOVAN Bratislava","article_published_time":"2023-11-26T09:00:21+00:00","article_modified_time":"2023-11-29T21:42:08+00:00","og_image":[{"width":1280,"height":853,"url":"https:\/\/www.vkpbratislava.sk\/wp-content\/uploads\/2023\/11\/MS_202311_ELVKPvsTrencin-52-1280x853.jpg","type":"image\/jpeg"}],"author":"jenca","twitter_card":"summary_large_image","twitter_misc":{"Autor":"jenca","Predpokladan\u00fd \u010das \u010d\u00edtania":"1 min\u00fata"},"schema":{"@context":"https:\/\/schema.org","@graph":[{"@type":"Article","@id":"https:\/\/www.vkpbratislava.sk\/?p=26652#article","isPartOf":{"@id":"https:\/\/www.vkpbratislava.sk\/?p=26652"},"author":{"name":"jenca","@id":"https:\/\/www.vkpbratislava.sk\/#\/schema\/person\/7037e769f9515aa58493d1b5852c4c50"},"headline":"V &#8222;gener\u00e1lke&#8220; na Kom\u00e1rno naplno","datePublished":"2023-11-26T09:00:21+00:00","dateModified":"2023-11-29T21:42:08+00:00","mainEntityOfPage":{"@id":"https:\/\/www.vkpbratislava.sk\/?p=26652"},"wordCount":212,"publisher":{"@id":"https:\/\/www.vkpbratislava.sk\/#organization"},"image":{"@id":"https:\/\/www.vkpbratislava.sk\/?p=26652#primaryimage"},"thumbnailUrl":"https:\/\/www.vkpbratislava.sk\/wp-content\/uploads\/2023\/11\/MS_202311_ELVKPvsTrencin-52.jpg","articleSection":["Mu\u017ei"],"inLanguage":"sk-SK"},{"@type":"WebPage","@id":"https:\/\/www.vkpbratislava.sk\/?p=26652","url":"https:\/\/www.vkpbratislava.sk\/?p=26652","name":"V \"gener\u00e1lke\" na Kom\u00e1rno naplno - VK SLOVAN Bratislava","isPartOf":{"@id":"https:\/\/www.vkpbratislava.sk\/#website"},"primaryImageOfPage":{"@id":"https:\/\/www.vkpbratislava.sk\/?p=26652#primaryimage"},"image":{"@id":"https:\/\/www.vkpbratislava.sk\/?p=26652#primaryimage"},"thumbnailUrl":"https:\/\/www.vkpbratislava.sk\/wp-content\/uploads\/2023\/11\/MS_202311_ELVKPvsTrencin-52.jpg","datePublished":"2023-11-26T09:00:21+00:00","dateModified":"2023-11-29T21:42:08+00:00","description":"Volejbalisti VKP FTV\u0160 UK Bratislava si v 10. kole Nik\u00e9 extraligy mu\u017eov doma hladko poradili s Tren\u010d\u00ednom 3:0.","breadcrumb":{"@id":"https:\/\/www.vkpbratislava.sk\/?p=26652#breadcrumb"},"inLanguage":"sk-SK","potentialAction":[{"@type":"ReadAction","target":["https:\/\/www.vkpbratislava.sk\/?p=26652"]}]},{"@type":"ImageObject","inLanguage":"sk-SK","@id":"https:\/\/www.vkpbratislava.sk\/?p=26652#primaryimage","url":"https:\/\/www.vkpbratislava.sk\/wp-content\/uploads\/2023\/11\/MS_202311_ELVKPvsTrencin-52.jpg","contentUrl":"https:\/\/www.vkpbratislava.sk\/wp-content\/uploads\/2023\/11\/MS_202311_ELVKPvsTrencin-52.jpg","width":2048,"height":1365},{"@type":"BreadcrumbList","@id":"https:\/\/www.vkpbratislava.sk\/?p=26652#breadcrumb","itemListElement":[{"@type":"ListItem","position":1,"name":"Domov","item":"https:\/\/www.vkpbratislava.sk\/"},{"@type":"ListItem","position":2,"name":"V &#8220;gener\u00e1lke&#8221; na Kom\u00e1rno naplno"}]},{"@type":"WebSite","@id":"https:\/\/www.vkpbratislava.sk\/#website","url":"https:\/\/www.vkpbratislava.sk\/","name":"VK SLOVAN Bratislava","description":"Volejbalov\u00fd klub","publisher":{"@id":"https:\/\/www.vkpbratislava.sk\/#organization"},"potentialAction":[{"@type":"SearchAction","target":{"@type":"EntryPoint","urlTemplate":"https:\/\/www.vkpbratislava.sk\/?s={search_term_string}"},"query-input":{"@type":"PropertyValueSpecification","valueRequired":true,"valueName":"search_term_string"}}],"inLanguage":"sk-SK"},{"@type":"Organization","@id":"https:\/\/www.vkpbratislava.sk\/#organization","name":"VKP Bratislava","url":"https:\/\/www.vkpbratislava.sk\/","logo":{"@type":"ImageObject","inLanguage":"sk-SK","@id":"https:\/\/www.vkpbratislava.sk\/#\/schema\/logo\/image\/","url":"https:\/\/www.vkpbratislava.sk\/wp-content\/uploads\/2020\/10\/vkpBA.png","contentUrl":"https:\/\/www.vkpbratislava.sk\/wp-content\/uploads\/2020\/10\/vkpBA.png","width":600,"height":600,"caption":"VKP Bratislava"},"image":{"@id":"https:\/\/www.vkpbratislava.sk\/#\/schema\/logo\/image\/"}},{"@type":"Person","@id":"https:\/\/www.vkpbratislava.sk\/#\/schema\/person\/7037e769f9515aa58493d1b5852c4c50","name":"jenca","image":{"@type":"ImageObject","inLanguage":"sk-SK","@id":"https:\/\/www.vkpbratislava.sk\/#\/schema\/person\/image\/","url":"https:\/\/secure.gravatar.com\/avatar\/67aa89e9aab2911bbd0c6fbf0a891ea8d80c207c9b6a6e2c96e13fc2f16e536d?s=96&d=mm&r=g","contentUrl":"https:\/\/secure.gravatar.com\/avatar\/67aa89e9aab2911bbd0c6fbf0a891ea8d80c207c9b6a6e2c96e13fc2f16e536d?s=96&d=mm&r=g","caption":"jenca"},"url":"https:\/\/www.vkpbratislava.sk\/?author=3"}]}},"_links":{"self":[{"href":"https:\/\/www.vkpbratislava.sk\/index.php?rest_route=\/wp\/v2\/posts\/26652","targetHints":{"allow":["GET"]}}],"collection":[{"href":"https:\/\/www.vkpbratislava.sk\/index.php?rest_route=\/wp\/v2\/posts"}],"about":[{"href":"https:\/\/www.vkpbratislava.sk\/index.php?rest_route=\/wp\/v2\/types\/post"}],"author":[{"embeddable":true,"href":"https:\/\/www.vkpbratislava.sk\/index.php?rest_route=\/wp\/v2\/users\/3"}],"replies":[{"embeddable":true,"href":"https:\/\/www.vkpbratislava.sk\/index.php?rest_route=%2Fwp%2Fv2%2Fcomments&post=26652"}],"version-history":[{"count":2,"href":"https:\/\/www.vkpbratislava.sk\/index.php?rest_route=\/wp\/v2\/posts\/26652\/revisions"}],"predecessor-version":[{"id":26663,"href":"https:\/\/www.vkpbratislava.sk\/index.php?rest_route=\/wp\/v2\/posts\/26652\/revisions\/26663"}],"wp:featuredmedia":[{"embeddable":true,"href":"https:\/\/www.vkpbratislava.sk\/index.php?rest_route=\/wp\/v2\/media\/26489"}],"wp:attachment":[{"href":"https:\/\/www.vkpbratislava.sk\/index.php?rest_route=%2Fwp%2Fv2%2Fmedia&parent=26652"}],"wp:term":[{"taxonomy":"category","embeddable":true,"href":"https:\/\/www.vkpbratislava.sk\/index.php?rest_route=%2Fwp%2Fv2%2Fcategories&post=26652"},{"taxonomy":"post_tag","embeddable":true,"href":"https:\/\/www.vkpbratislava.sk\/index.php?rest_route=%2Fwp%2Fv2%2Ftags&post=26652"}],"curies":[{"name":"wp","href":"https:\/\/api.w.org\/{rel}","templated":true}]}}