{"id":26790,"date":"2023-12-04T17:11:19","date_gmt":"2023-12-04T16:11:19","guid":{"rendered":"https:\/\/www.vkpbratislava.sk\/?p=26790"},"modified":"2023-12-04T18:38:59","modified_gmt":"2023-12-04T17:38:59","slug":"granden-vkp-day-bol-naozaj-granden","status":"publish","type":"post","link":"https:\/\/www.vkpbratislava.sk\/?p=26790","title":{"rendered":"Granden VKP day bol naozaj Granden"},"content":{"rendered":"<p>TOHTORO\u010cN\u00dd GRANDEN DAY?<br \/>\nPAR\u00c1DNY<br \/>\nPo\u010detn\u00e1 rodina Volejbalov\u00e9ho klubu pol\u00edcie Bratislava sa stretla v nede\u013eu 3. decembra v priestoroch \u0161portovej haly FEI, aby si po roku znova za\u0161portovala, zas\u00fa\u0165a\u017eila, postretala, zaspom\u00ednala i zabavila sa. Vydaren\u00e1 akcia, pod ktor\u00fa sa podp\u00edsal hostite\u013e a jeden zo sponzorov VKP Bratislava \u2013 pois\u0165ovacia spolo\u010dnos\u0165 GRANDEN, trvala takmer 5 hod\u00edn a t\u00ed, \u010do pri\u0161li, sa veru nenudili a ne\u013eutovali.<\/p>\n<p>\u201eKe\u010f sme zr\u00e1tali v\u0161etk\u00fdch &#8211; ml\u00e1de\u017en\u00edkov, hr\u00e1\u010dov, funkcion\u00e1rov, rodi\u010dov, priate\u013eov klubu, sponzorov, tak to \u010d\u00edslo \u00fa\u010dasti sa vy\u0161plhalo k 250. \u00da\u017easn\u00fd z\u00e1ujem, v\u00fdborn\u00fd program, super ob\u010derstvenie, desiatky vo\u0148av\u00fdch kol\u00e1\u010dikov, mikul\u00e1\u0161ske bal\u00ed\u010dky,\u00a0 autogrami\u00e1da a e\u0161te aj charitat\u00edvny n\u00e1dych podujatia &#8211; to v\u0161etko sme stihli,\u201c pripomenul prezident Peter Nov\u00e1k z klubu, ktor\u00fd spolu s ob\u010dianskym zdru\u017een\u00edm VKP zorganizovali hlavne \u0161portov\u00fa \u010das\u0165 \u2013 koloto\u010d.<\/p>\n<p>Na z\u00e1ver GRANDEN VKP DAY, kde sa predalo vy\u0161e 400 kol\u00e1\u010dikov a vyzbieralo na pomoc onkologickej pacientke prostredn\u00edctvom nad\u00e1cie NIE RAKOVINE presne 1075 eur, sa odovzd\u00e1vali ceny motiva\u010dn\u00e9, aj pre najlep\u0161\u00edch. \u201eChcem sa po\u010fakova\u0165 za to, \u017ee GRANDEN dnes mohol by\u0165 s\u00fa\u010das\u0165ou tak\u00e9ho skvel\u00e9ho volejbalov\u00e9ho predstavenia. Bol to pre m\u0148a osobne ve\u013ek\u00fd z\u00e1\u017eitok, t\u00e1 atmosf\u00e9ra, \u0161portov\u00fd z\u00e1pal, ale aj z\u00e1ujem \u013eud\u00ed, ktor\u00ed maj\u00fa radi tento \u0161port. Spoznala som tu hotov\u00fdch volejbalistov a volejbalistky, ale aj tie iskri\u010dky, z ktor\u00fdch raz bud\u00fa isto ve\u013ek\u00e9 hviezdy. E\u0161te raz \u010fakujem,\u201c dodala riadite\u013eka Eva Gr\u00e1nska z Granden.<\/p>\n","protected":false},"excerpt":{"rendered":"<p>TOHTORO\u010cN\u00dd GRANDEN DAY?<\/p>\n","protected":false},"author":3,"featured_media":26939,"comment_status":"closed","ping_status":"closed","sticky":false,"template":"","format":"standard","meta":{"_monsterinsights_skip_tracking":false,"_monsterinsights_sitenote_active":false,"_monsterinsights_sitenote_note":"","_monsterinsights_sitenote_category":0,"footnotes":""},"categories":[50,47,48],"tags":[],"class_list":["post-26790","post","type-post","status-publish","format-standard","has-post-thumbnail","hentry","category-mladez","category-muzi","category-zeny"],"yoast_head":"<!-- This site is optimized with the Yoast SEO plugin v25.6 - https:\/\/yoast.com\/wordpress\/plugins\/seo\/ -->\n<title>Granden VKP day bol naozaj Granden - VK SLOVAN Bratislava<\/title>\n<meta name=\"description\" content=\"TOHTORO\u010cN\u00dd GRANDEN DAY?\" \/>\n<meta name=\"robots\" content=\"index, follow, max-snippet:-1, max-image-preview:large, max-video-preview:-1\" \/>\n<link rel=\"canonical\" href=\"https:\/\/www.vkpbratislava.sk\/?p=26790\" \/>\n<meta property=\"og:locale\" content=\"sk_SK\" \/>\n<meta property=\"og:type\" content=\"article\" \/>\n<meta property=\"og:title\" content=\"Granden VKP day bol naozaj Granden - VK SLOVAN Bratislava\" \/>\n<meta property=\"og:description\" content=\"TOHTORO\u010cN\u00dd GRANDEN DAY?\" \/>\n<meta property=\"og:url\" content=\"https:\/\/www.vkpbratislava.sk\/?p=26790\" \/>\n<meta property=\"og:site_name\" content=\"VK SLOVAN Bratislava\" \/>\n<meta property=\"article:published_time\" content=\"2023-12-04T16:11:19+00:00\" \/>\n<meta property=\"article:modified_time\" content=\"2023-12-04T17:38:59+00:00\" \/>\n<meta property=\"og:image\" content=\"https:\/\/www.vkpbratislava.sk\/wp-content\/uploads\/2023\/12\/20231203_VKP-GRANDEN-DAY_IUR00554-1280x854.jpg\" \/>\n\t<meta property=\"og:image:width\" content=\"1280\" \/>\n\t<meta property=\"og:image:height\" content=\"854\" \/>\n\t<meta property=\"og:image:type\" content=\"image\/jpeg\" \/>\n<meta name=\"author\" content=\"jenca\" \/>\n<meta name=\"twitter:card\" content=\"summary_large_image\" \/>\n<meta name=\"twitter:label1\" content=\"Autor\" \/>\n\t<meta name=\"twitter:data1\" content=\"jenca\" \/>\n\t<meta name=\"twitter:label2\" content=\"Predpokladan\u00fd \u010das \u010d\u00edtania\" \/>\n\t<meta name=\"twitter:data2\" content=\"2 min\u00faty\" \/>\n<script type=\"application\/ld+json\" class=\"yoast-schema-graph\">{\"@context\":\"https:\/\/schema.org\",\"@graph\":[{\"@type\":\"Article\",\"@id\":\"https:\/\/www.vkpbratislava.sk\/?p=26790#article\",\"isPartOf\":{\"@id\":\"https:\/\/www.vkpbratislava.sk\/?p=26790\"},\"author\":{\"name\":\"jenca\",\"@id\":\"https:\/\/www.vkpbratislava.sk\/#\/schema\/person\/7037e769f9515aa58493d1b5852c4c50\"},\"headline\":\"Granden VKP day bol naozaj Granden\",\"datePublished\":\"2023-12-04T16:11:19+00:00\",\"dateModified\":\"2023-12-04T17:38:59+00:00\",\"mainEntityOfPage\":{\"@id\":\"https:\/\/www.vkpbratislava.sk\/?p=26790\"},\"wordCount\":287,\"publisher\":{\"@id\":\"https:\/\/www.vkpbratislava.sk\/#organization\"},\"image\":{\"@id\":\"https:\/\/www.vkpbratislava.sk\/?p=26790#primaryimage\"},\"thumbnailUrl\":\"https:\/\/www.vkpbratislava.sk\/wp-content\/uploads\/2023\/12\/20231203_VKP-GRANDEN-DAY_IUR00554.jpg\",\"articleSection\":[\"Ml\u00e1de\u017e\",\"Mu\u017ei\",\"\u017deny\"],\"inLanguage\":\"sk-SK\"},{\"@type\":\"WebPage\",\"@id\":\"https:\/\/www.vkpbratislava.sk\/?p=26790\",\"url\":\"https:\/\/www.vkpbratislava.sk\/?p=26790\",\"name\":\"Granden VKP day bol naozaj Granden - VK SLOVAN Bratislava\",\"isPartOf\":{\"@id\":\"https:\/\/www.vkpbratislava.sk\/#website\"},\"primaryImageOfPage\":{\"@id\":\"https:\/\/www.vkpbratislava.sk\/?p=26790#primaryimage\"},\"image\":{\"@id\":\"https:\/\/www.vkpbratislava.sk\/?p=26790#primaryimage\"},\"thumbnailUrl\":\"https:\/\/www.vkpbratislava.sk\/wp-content\/uploads\/2023\/12\/20231203_VKP-GRANDEN-DAY_IUR00554.jpg\",\"datePublished\":\"2023-12-04T16:11:19+00:00\",\"dateModified\":\"2023-12-04T17:38:59+00:00\",\"description\":\"TOHTORO\u010cN\u00dd GRANDEN DAY?\",\"breadcrumb\":{\"@id\":\"https:\/\/www.vkpbratislava.sk\/?p=26790#breadcrumb\"},\"inLanguage\":\"sk-SK\",\"potentialAction\":[{\"@type\":\"ReadAction\",\"target\":[\"https:\/\/www.vkpbratislava.sk\/?p=26790\"]}]},{\"@type\":\"ImageObject\",\"inLanguage\":\"sk-SK\",\"@id\":\"https:\/\/www.vkpbratislava.sk\/?p=26790#primaryimage\",\"url\":\"https:\/\/www.vkpbratislava.sk\/wp-content\/uploads\/2023\/12\/20231203_VKP-GRANDEN-DAY_IUR00554.jpg\",\"contentUrl\":\"https:\/\/www.vkpbratislava.sk\/wp-content\/uploads\/2023\/12\/20231203_VKP-GRANDEN-DAY_IUR00554.jpg\",\"width\":2500,\"height\":1667},{\"@type\":\"BreadcrumbList\",\"@id\":\"https:\/\/www.vkpbratislava.sk\/?p=26790#breadcrumb\",\"itemListElement\":[{\"@type\":\"ListItem\",\"position\":1,\"name\":\"Domov\",\"item\":\"https:\/\/www.vkpbratislava.sk\/\"},{\"@type\":\"ListItem\",\"position\":2,\"name\":\"Granden VKP day bol naozaj Granden\"}]},{\"@type\":\"WebSite\",\"@id\":\"https:\/\/www.vkpbratislava.sk\/#website\",\"url\":\"https:\/\/www.vkpbratislava.sk\/\",\"name\":\"VK SLOVAN Bratislava\",\"description\":\"Volejbalov\u00fd klub\",\"publisher\":{\"@id\":\"https:\/\/www.vkpbratislava.sk\/#organization\"},\"potentialAction\":[{\"@type\":\"SearchAction\",\"target\":{\"@type\":\"EntryPoint\",\"urlTemplate\":\"https:\/\/www.vkpbratislava.sk\/?s={search_term_string}\"},\"query-input\":{\"@type\":\"PropertyValueSpecification\",\"valueRequired\":true,\"valueName\":\"search_term_string\"}}],\"inLanguage\":\"sk-SK\"},{\"@type\":\"Organization\",\"@id\":\"https:\/\/www.vkpbratislava.sk\/#organization\",\"name\":\"VKP Bratislava\",\"url\":\"https:\/\/www.vkpbratislava.sk\/\",\"logo\":{\"@type\":\"ImageObject\",\"inLanguage\":\"sk-SK\",\"@id\":\"https:\/\/www.vkpbratislava.sk\/#\/schema\/logo\/image\/\",\"url\":\"https:\/\/www.vkpbratislava.sk\/wp-content\/uploads\/2020\/10\/vkpBA.png\",\"contentUrl\":\"https:\/\/www.vkpbratislava.sk\/wp-content\/uploads\/2020\/10\/vkpBA.png\",\"width\":600,\"height\":600,\"caption\":\"VKP Bratislava\"},\"image\":{\"@id\":\"https:\/\/www.vkpbratislava.sk\/#\/schema\/logo\/image\/\"}},{\"@type\":\"Person\",\"@id\":\"https:\/\/www.vkpbratislava.sk\/#\/schema\/person\/7037e769f9515aa58493d1b5852c4c50\",\"name\":\"jenca\",\"image\":{\"@type\":\"ImageObject\",\"inLanguage\":\"sk-SK\",\"@id\":\"https:\/\/www.vkpbratislava.sk\/#\/schema\/person\/image\/\",\"url\":\"https:\/\/secure.gravatar.com\/avatar\/67aa89e9aab2911bbd0c6fbf0a891ea8d80c207c9b6a6e2c96e13fc2f16e536d?s=96&d=mm&r=g\",\"contentUrl\":\"https:\/\/secure.gravatar.com\/avatar\/67aa89e9aab2911bbd0c6fbf0a891ea8d80c207c9b6a6e2c96e13fc2f16e536d?s=96&d=mm&r=g\",\"caption\":\"jenca\"},\"url\":\"https:\/\/www.vkpbratislava.sk\/?author=3\"}]}<\/script>\n<!-- \/ Yoast SEO plugin. -->","yoast_head_json":{"title":"Granden VKP day bol naozaj Granden - VK SLOVAN Bratislava","description":"TOHTORO\u010cN\u00dd GRANDEN DAY?","robots":{"index":"index","follow":"follow","max-snippet":"max-snippet:-1","max-image-preview":"max-image-preview:large","max-video-preview":"max-video-preview:-1"},"canonical":"https:\/\/www.vkpbratislava.sk\/?p=26790","og_locale":"sk_SK","og_type":"article","og_title":"Granden VKP day bol naozaj Granden - VK SLOVAN Bratislava","og_description":"TOHTORO\u010cN\u00dd GRANDEN DAY?","og_url":"https:\/\/www.vkpbratislava.sk\/?p=26790","og_site_name":"VK SLOVAN Bratislava","article_published_time":"2023-12-04T16:11:19+00:00","article_modified_time":"2023-12-04T17:38:59+00:00","og_image":[{"width":1280,"height":854,"url":"https:\/\/www.vkpbratislava.sk\/wp-content\/uploads\/2023\/12\/20231203_VKP-GRANDEN-DAY_IUR00554-1280x854.jpg","type":"image\/jpeg"}],"author":"jenca","twitter_card":"summary_large_image","twitter_misc":{"Autor":"jenca","Predpokladan\u00fd \u010das \u010d\u00edtania":"2 min\u00faty"},"schema":{"@context":"https:\/\/schema.org","@graph":[{"@type":"Article","@id":"https:\/\/www.vkpbratislava.sk\/?p=26790#article","isPartOf":{"@id":"https:\/\/www.vkpbratislava.sk\/?p=26790"},"author":{"name":"jenca","@id":"https:\/\/www.vkpbratislava.sk\/#\/schema\/person\/7037e769f9515aa58493d1b5852c4c50"},"headline":"Granden VKP day bol naozaj Granden","datePublished":"2023-12-04T16:11:19+00:00","dateModified":"2023-12-04T17:38:59+00:00","mainEntityOfPage":{"@id":"https:\/\/www.vkpbratislava.sk\/?p=26790"},"wordCount":287,"publisher":{"@id":"https:\/\/www.vkpbratislava.sk\/#organization"},"image":{"@id":"https:\/\/www.vkpbratislava.sk\/?p=26790#primaryimage"},"thumbnailUrl":"https:\/\/www.vkpbratislava.sk\/wp-content\/uploads\/2023\/12\/20231203_VKP-GRANDEN-DAY_IUR00554.jpg","articleSection":["Ml\u00e1de\u017e","Mu\u017ei","\u017deny"],"inLanguage":"sk-SK"},{"@type":"WebPage","@id":"https:\/\/www.vkpbratislava.sk\/?p=26790","url":"https:\/\/www.vkpbratislava.sk\/?p=26790","name":"Granden VKP day bol naozaj Granden - VK SLOVAN Bratislava","isPartOf":{"@id":"https:\/\/www.vkpbratislava.sk\/#website"},"primaryImageOfPage":{"@id":"https:\/\/www.vkpbratislava.sk\/?p=26790#primaryimage"},"image":{"@id":"https:\/\/www.vkpbratislava.sk\/?p=26790#primaryimage"},"thumbnailUrl":"https:\/\/www.vkpbratislava.sk\/wp-content\/uploads\/2023\/12\/20231203_VKP-GRANDEN-DAY_IUR00554.jpg","datePublished":"2023-12-04T16:11:19+00:00","dateModified":"2023-12-04T17:38:59+00:00","description":"TOHTORO\u010cN\u00dd GRANDEN DAY?","breadcrumb":{"@id":"https:\/\/www.vkpbratislava.sk\/?p=26790#breadcrumb"},"inLanguage":"sk-SK","potentialAction":[{"@type":"ReadAction","target":["https:\/\/www.vkpbratislava.sk\/?p=26790"]}]},{"@type":"ImageObject","inLanguage":"sk-SK","@id":"https:\/\/www.vkpbratislava.sk\/?p=26790#primaryimage","url":"https:\/\/www.vkpbratislava.sk\/wp-content\/uploads\/2023\/12\/20231203_VKP-GRANDEN-DAY_IUR00554.jpg","contentUrl":"https:\/\/www.vkpbratislava.sk\/wp-content\/uploads\/2023\/12\/20231203_VKP-GRANDEN-DAY_IUR00554.jpg","width":2500,"height":1667},{"@type":"BreadcrumbList","@id":"https:\/\/www.vkpbratislava.sk\/?p=26790#breadcrumb","itemListElement":[{"@type":"ListItem","position":1,"name":"Domov","item":"https:\/\/www.vkpbratislava.sk\/"},{"@type":"ListItem","position":2,"name":"Granden VKP day bol naozaj Granden"}]},{"@type":"WebSite","@id":"https:\/\/www.vkpbratislava.sk\/#website","url":"https:\/\/www.vkpbratislava.sk\/","name":"VK SLOVAN Bratislava","description":"Volejbalov\u00fd klub","publisher":{"@id":"https:\/\/www.vkpbratislava.sk\/#organization"},"potentialAction":[{"@type":"SearchAction","target":{"@type":"EntryPoint","urlTemplate":"https:\/\/www.vkpbratislava.sk\/?s={search_term_string}"},"query-input":{"@type":"PropertyValueSpecification","valueRequired":true,"valueName":"search_term_string"}}],"inLanguage":"sk-SK"},{"@type":"Organization","@id":"https:\/\/www.vkpbratislava.sk\/#organization","name":"VKP Bratislava","url":"https:\/\/www.vkpbratislava.sk\/","logo":{"@type":"ImageObject","inLanguage":"sk-SK","@id":"https:\/\/www.vkpbratislava.sk\/#\/schema\/logo\/image\/","url":"https:\/\/www.vkpbratislava.sk\/wp-content\/uploads\/2020\/10\/vkpBA.png","contentUrl":"https:\/\/www.vkpbratislava.sk\/wp-content\/uploads\/2020\/10\/vkpBA.png","width":600,"height":600,"caption":"VKP Bratislava"},"image":{"@id":"https:\/\/www.vkpbratislava.sk\/#\/schema\/logo\/image\/"}},{"@type":"Person","@id":"https:\/\/www.vkpbratislava.sk\/#\/schema\/person\/7037e769f9515aa58493d1b5852c4c50","name":"jenca","image":{"@type":"ImageObject","inLanguage":"sk-SK","@id":"https:\/\/www.vkpbratislava.sk\/#\/schema\/person\/image\/","url":"https:\/\/secure.gravatar.com\/avatar\/67aa89e9aab2911bbd0c6fbf0a891ea8d80c207c9b6a6e2c96e13fc2f16e536d?s=96&d=mm&r=g","contentUrl":"https:\/\/secure.gravatar.com\/avatar\/67aa89e9aab2911bbd0c6fbf0a891ea8d80c207c9b6a6e2c96e13fc2f16e536d?s=96&d=mm&r=g","caption":"jenca"},"url":"https:\/\/www.vkpbratislava.sk\/?author=3"}]}},"_links":{"self":[{"href":"https:\/\/www.vkpbratislava.sk\/index.php?rest_route=\/wp\/v2\/posts\/26790","targetHints":{"allow":["GET"]}}],"collection":[{"href":"https:\/\/www.vkpbratislava.sk\/index.php?rest_route=\/wp\/v2\/posts"}],"about":[{"href":"https:\/\/www.vkpbratislava.sk\/index.php?rest_route=\/wp\/v2\/types\/post"}],"author":[{"embeddable":true,"href":"https:\/\/www.vkpbratislava.sk\/index.php?rest_route=\/wp\/v2\/users\/3"}],"replies":[{"embeddable":true,"href":"https:\/\/www.vkpbratislava.sk\/index.php?rest_route=%2Fwp%2Fv2%2Fcomments&post=26790"}],"version-history":[{"count":1,"href":"https:\/\/www.vkpbratislava.sk\/index.php?rest_route=\/wp\/v2\/posts\/26790\/revisions"}],"predecessor-version":[{"id":26935,"href":"https:\/\/www.vkpbratislava.sk\/index.php?rest_route=\/wp\/v2\/posts\/26790\/revisions\/26935"}],"wp:featuredmedia":[{"embeddable":true,"href":"https:\/\/www.vkpbratislava.sk\/index.php?rest_route=\/wp\/v2\/media\/26939"}],"wp:attachment":[{"href":"https:\/\/www.vkpbratislava.sk\/index.php?rest_route=%2Fwp%2Fv2%2Fmedia&parent=26790"}],"wp:term":[{"taxonomy":"category","embeddable":true,"href":"https:\/\/www.vkpbratislava.sk\/index.php?rest_route=%2Fwp%2Fv2%2Fcategories&post=26790"},{"taxonomy":"post_tag","embeddable":true,"href":"https:\/\/www.vkpbratislava.sk\/index.php?rest_route=%2Fwp%2Fv2%2Ftags&post=26790"}],"curies":[{"name":"wp","href":"https:\/\/api.w.org\/{rel}","templated":true}]}}