{"id":27000,"date":"2023-12-10T23:00:39","date_gmt":"2023-12-10T22:00:39","guid":{"rendered":"https:\/\/www.vkpbratislava.sk\/?p=27000"},"modified":"2023-12-10T23:04:13","modified_gmt":"2023-12-10T22:04:13","slug":"po-vitazstve-30-stale-v-hre-o-prvu-stvorku","status":"publish","type":"post","link":"https:\/\/www.vkpbratislava.sk\/?p=27000","title":{"rendered":"Po v\u00ed\u0165azstve 3:0 st\u00e1le v hre o prv\u00fa \u0161tvorku"},"content":{"rendered":"<p><strong>Volejbalisti VKP FTV\u0160 UK Bratislava si v 12. kole Nik\u00e9 extraligy mu\u017eov doma hladko poradili s Myjavou 3:0.<\/strong><\/p>\n<p class=\"western\"><b>Nik\u00e9 Extraliga mu\u017ei \u2013 <\/b><b>12<\/b><b>. kolo \u2013 <\/b><b>nede\u013ea<\/b><b>:<\/b><\/p>\n<p class=\"western\"><b>VKP FTV\u0160 UK Bratislava<\/b><b> \u2013 <\/b><b>TJ Spartak Myjava<\/b><b> <\/b><b>3<\/b><b>:<\/b><b>0<\/b><b> (<\/b><b>17<\/b><b>, <\/b><b>23<\/b><b>, <\/b><b>16<\/b><b>)<\/b><\/p>\n<p class=\"western\"><b>Rozhodovali: <\/b>Sarka a Dovi\u010dovi\u010d, 210 div\u00e1kov.<\/p>\n<p class=\"western\"><b>VKP FTV\u0160 UK<\/b><b>: <\/b>\u010cerven\u00e1k 6, Marjov 6, Za\u0165ko 3, Fo\u0159t 13, Billich 15, Van\u010do 14, libero \u013d. Nemec. Tr\u00e9ner: R. P\u011blucha.<\/p>\n<p class=\"western\"><b>TJ SPARTAK<\/b><b>: <\/b>Valo 2, B. Skasko 9, M. Zeman 6, Konc 14, Hukel 5, O. Zeman 4, libero S. Pa\u0148ko (Ochodnick\u00fd 0). Tr\u00e9ner: V. Osipov.<\/p>\n<p class=\"western\"><b>Hr\u00e1\u010di z\u00e1pasu: <\/b>Andrej Billich (VKP FTV\u0160 UK Bratislava) \u2013 Samuel Pa\u0148ko (TJ Spartak Myjava)<\/p>\n<p class=\"western\"><b>Robin P\u011blucha<\/b><b>, tr\u00e9ner <\/b><b>VKP FTV\u0160 UK<\/b><b>: <\/b><i>\u201e<\/i><i>Te\u0161\u00ed ma, \u017ee sme vyhrali aj ke\u010f Myjava pri\u0161la v takom stave, v akom pri\u0161la. To ale nie je na\u0161a staros\u0165 a te\u0161\u00edme sa z troch bodov<\/i><i>.\u201c<\/i><\/p>\n<p class=\"western\"><b>Vitalij Osipov<\/b><b>, tr\u00e9ner <\/b><b>TJ Spartak<\/b><b>: <\/b><i>\u201e<\/i><i>VKP gratulujem k v\u00ed\u0165azstvu. Nebol to dobr\u00fd z\u00e1pas z oboch str\u00e1n. S\u00fapera som videl hra\u0165 u\u017e lep\u0161ie a rovnako lep\u0161ie vieme zahra\u0165 aj my. Bor\u00edme sa teraz so zdravotn\u00fdmi probl\u00e9memi v t\u00edme a mus\u00edme to len vydr\u017ea\u0165, k\u00fdm mar\u00f3dka pominie<\/i><i>.\u201c<\/i><\/p>\n","protected":false},"excerpt":{"rendered":"<p>Volejbalisti VKP FTV\u0160 UK Bratislava si v 12. kole Nik\u00e9 extraligy mu\u017eov doma hladko poradili s Myjavou 3:0.<\/p>\n","protected":false},"author":3,"featured_media":26986,"comment_status":"closed","ping_status":"closed","sticky":false,"template":"","format":"standard","meta":{"_monsterinsights_skip_tracking":false,"_monsterinsights_sitenote_active":false,"_monsterinsights_sitenote_note":"","_monsterinsights_sitenote_category":0,"footnotes":""},"categories":[47],"tags":[],"class_list":["post-27000","post","type-post","status-publish","format-standard","has-post-thumbnail","hentry","category-muzi"],"yoast_head":"<!-- This site is optimized with the Yoast SEO plugin v25.6 - https:\/\/yoast.com\/wordpress\/plugins\/seo\/ -->\n<title>Po v\u00ed\u0165azstve 3:0 st\u00e1le v hre o prv\u00fa \u0161tvorku - VK SLOVAN Bratislava<\/title>\n<meta name=\"description\" content=\"Volejbalisti VKP FTV\u0160 UK Bratislava si v 10. kole Nik\u00e9 extraligy mu\u017eov doma hladko poradili s Tren\u010d\u00ednom 3:0.\" \/>\n<meta name=\"robots\" content=\"index, follow, max-snippet:-1, max-image-preview:large, max-video-preview:-1\" \/>\n<link rel=\"canonical\" href=\"https:\/\/www.vkpbratislava.sk\/?p=27000\" \/>\n<meta property=\"og:locale\" content=\"sk_SK\" \/>\n<meta property=\"og:type\" content=\"article\" \/>\n<meta property=\"og:title\" content=\"Po v\u00ed\u0165azstve 3:0 st\u00e1le v hre o prv\u00fa \u0161tvorku - VK SLOVAN Bratislava\" \/>\n<meta property=\"og:description\" content=\"Volejbalisti VKP FTV\u0160 UK Bratislava si v 10. kole Nik\u00e9 extraligy mu\u017eov doma hladko poradili s Tren\u010d\u00ednom 3:0.\" \/>\n<meta property=\"og:url\" content=\"https:\/\/www.vkpbratislava.sk\/?p=27000\" \/>\n<meta property=\"og:site_name\" content=\"VK SLOVAN Bratislava\" \/>\n<meta property=\"article:published_time\" content=\"2023-12-10T22:00:39+00:00\" \/>\n<meta property=\"article:modified_time\" content=\"2023-12-10T22:04:13+00:00\" \/>\n<meta property=\"og:image\" content=\"https:\/\/www.vkpbratislava.sk\/wp-content\/uploads\/2023\/12\/7B4A8928.jpg\" \/>\n\t<meta property=\"og:image:width\" content=\"2048\" \/>\n\t<meta property=\"og:image:height\" content=\"1365\" \/>\n\t<meta property=\"og:image:type\" content=\"image\/jpeg\" \/>\n<meta name=\"author\" content=\"jenca\" \/>\n<meta name=\"twitter:card\" content=\"summary_large_image\" \/>\n<meta name=\"twitter:label1\" content=\"Autor\" \/>\n\t<meta name=\"twitter:data1\" content=\"jenca\" \/>\n\t<meta name=\"twitter:label2\" content=\"Predpokladan\u00fd \u010das \u010d\u00edtania\" \/>\n\t<meta name=\"twitter:data2\" content=\"1 min\u00fata\" \/>\n<script type=\"application\/ld+json\" class=\"yoast-schema-graph\">{\"@context\":\"https:\/\/schema.org\",\"@graph\":[{\"@type\":\"Article\",\"@id\":\"https:\/\/www.vkpbratislava.sk\/?p=27000#article\",\"isPartOf\":{\"@id\":\"https:\/\/www.vkpbratislava.sk\/?p=27000\"},\"author\":{\"name\":\"jenca\",\"@id\":\"https:\/\/www.vkpbratislava.sk\/#\/schema\/person\/7037e769f9515aa58493d1b5852c4c50\"},\"headline\":\"Po v\u00ed\u0165azstve 3:0 st\u00e1le v hre o prv\u00fa \u0161tvorku\",\"datePublished\":\"2023-12-10T22:00:39+00:00\",\"dateModified\":\"2023-12-10T22:04:13+00:00\",\"mainEntityOfPage\":{\"@id\":\"https:\/\/www.vkpbratislava.sk\/?p=27000\"},\"wordCount\":203,\"publisher\":{\"@id\":\"https:\/\/www.vkpbratislava.sk\/#organization\"},\"image\":{\"@id\":\"https:\/\/www.vkpbratislava.sk\/?p=27000#primaryimage\"},\"thumbnailUrl\":\"https:\/\/www.vkpbratislava.sk\/wp-content\/uploads\/2023\/12\/7B4A8928.jpg\",\"articleSection\":[\"Mu\u017ei\"],\"inLanguage\":\"sk-SK\"},{\"@type\":\"WebPage\",\"@id\":\"https:\/\/www.vkpbratislava.sk\/?p=27000\",\"url\":\"https:\/\/www.vkpbratislava.sk\/?p=27000\",\"name\":\"Po v\u00ed\u0165azstve 3:0 st\u00e1le v hre o prv\u00fa \u0161tvorku - VK SLOVAN Bratislava\",\"isPartOf\":{\"@id\":\"https:\/\/www.vkpbratislava.sk\/#website\"},\"primaryImageOfPage\":{\"@id\":\"https:\/\/www.vkpbratislava.sk\/?p=27000#primaryimage\"},\"image\":{\"@id\":\"https:\/\/www.vkpbratislava.sk\/?p=27000#primaryimage\"},\"thumbnailUrl\":\"https:\/\/www.vkpbratislava.sk\/wp-content\/uploads\/2023\/12\/7B4A8928.jpg\",\"datePublished\":\"2023-12-10T22:00:39+00:00\",\"dateModified\":\"2023-12-10T22:04:13+00:00\",\"description\":\"Volejbalisti VKP FTV\u0160 UK Bratislava si v 10. kole Nik\u00e9 extraligy mu\u017eov doma hladko poradili s Tren\u010d\u00ednom 3:0.\",\"breadcrumb\":{\"@id\":\"https:\/\/www.vkpbratislava.sk\/?p=27000#breadcrumb\"},\"inLanguage\":\"sk-SK\",\"potentialAction\":[{\"@type\":\"ReadAction\",\"target\":[\"https:\/\/www.vkpbratislava.sk\/?p=27000\"]}]},{\"@type\":\"ImageObject\",\"inLanguage\":\"sk-SK\",\"@id\":\"https:\/\/www.vkpbratislava.sk\/?p=27000#primaryimage\",\"url\":\"https:\/\/www.vkpbratislava.sk\/wp-content\/uploads\/2023\/12\/7B4A8928.jpg\",\"contentUrl\":\"https:\/\/www.vkpbratislava.sk\/wp-content\/uploads\/2023\/12\/7B4A8928.jpg\",\"width\":2048,\"height\":1365},{\"@type\":\"BreadcrumbList\",\"@id\":\"https:\/\/www.vkpbratislava.sk\/?p=27000#breadcrumb\",\"itemListElement\":[{\"@type\":\"ListItem\",\"position\":1,\"name\":\"Domov\",\"item\":\"https:\/\/www.vkpbratislava.sk\/\"},{\"@type\":\"ListItem\",\"position\":2,\"name\":\"Po v\u00ed\u0165azstve 3:0 st\u00e1le v hre o prv\u00fa \u0161tvorku\"}]},{\"@type\":\"WebSite\",\"@id\":\"https:\/\/www.vkpbratislava.sk\/#website\",\"url\":\"https:\/\/www.vkpbratislava.sk\/\",\"name\":\"VK SLOVAN Bratislava\",\"description\":\"Volejbalov\u00fd klub\",\"publisher\":{\"@id\":\"https:\/\/www.vkpbratislava.sk\/#organization\"},\"potentialAction\":[{\"@type\":\"SearchAction\",\"target\":{\"@type\":\"EntryPoint\",\"urlTemplate\":\"https:\/\/www.vkpbratislava.sk\/?s={search_term_string}\"},\"query-input\":{\"@type\":\"PropertyValueSpecification\",\"valueRequired\":true,\"valueName\":\"search_term_string\"}}],\"inLanguage\":\"sk-SK\"},{\"@type\":\"Organization\",\"@id\":\"https:\/\/www.vkpbratislava.sk\/#organization\",\"name\":\"VKP Bratislava\",\"url\":\"https:\/\/www.vkpbratislava.sk\/\",\"logo\":{\"@type\":\"ImageObject\",\"inLanguage\":\"sk-SK\",\"@id\":\"https:\/\/www.vkpbratislava.sk\/#\/schema\/logo\/image\/\",\"url\":\"https:\/\/www.vkpbratislava.sk\/wp-content\/uploads\/2020\/10\/vkpBA.png\",\"contentUrl\":\"https:\/\/www.vkpbratislava.sk\/wp-content\/uploads\/2020\/10\/vkpBA.png\",\"width\":600,\"height\":600,\"caption\":\"VKP Bratislava\"},\"image\":{\"@id\":\"https:\/\/www.vkpbratislava.sk\/#\/schema\/logo\/image\/\"}},{\"@type\":\"Person\",\"@id\":\"https:\/\/www.vkpbratislava.sk\/#\/schema\/person\/7037e769f9515aa58493d1b5852c4c50\",\"name\":\"jenca\",\"image\":{\"@type\":\"ImageObject\",\"inLanguage\":\"sk-SK\",\"@id\":\"https:\/\/www.vkpbratislava.sk\/#\/schema\/person\/image\/\",\"url\":\"https:\/\/secure.gravatar.com\/avatar\/67aa89e9aab2911bbd0c6fbf0a891ea8d80c207c9b6a6e2c96e13fc2f16e536d?s=96&d=mm&r=g\",\"contentUrl\":\"https:\/\/secure.gravatar.com\/avatar\/67aa89e9aab2911bbd0c6fbf0a891ea8d80c207c9b6a6e2c96e13fc2f16e536d?s=96&d=mm&r=g\",\"caption\":\"jenca\"},\"url\":\"https:\/\/www.vkpbratislava.sk\/?author=3\"}]}<\/script>\n<!-- \/ Yoast SEO plugin. -->","yoast_head_json":{"title":"Po v\u00ed\u0165azstve 3:0 st\u00e1le v hre o prv\u00fa \u0161tvorku - VK SLOVAN Bratislava","description":"Volejbalisti VKP FTV\u0160 UK Bratislava si v 10. kole Nik\u00e9 extraligy mu\u017eov doma hladko poradili s Tren\u010d\u00ednom 3:0.","robots":{"index":"index","follow":"follow","max-snippet":"max-snippet:-1","max-image-preview":"max-image-preview:large","max-video-preview":"max-video-preview:-1"},"canonical":"https:\/\/www.vkpbratislava.sk\/?p=27000","og_locale":"sk_SK","og_type":"article","og_title":"Po v\u00ed\u0165azstve 3:0 st\u00e1le v hre o prv\u00fa \u0161tvorku - VK SLOVAN Bratislava","og_description":"Volejbalisti VKP FTV\u0160 UK Bratislava si v 10. kole Nik\u00e9 extraligy mu\u017eov doma hladko poradili s Tren\u010d\u00ednom 3:0.","og_url":"https:\/\/www.vkpbratislava.sk\/?p=27000","og_site_name":"VK SLOVAN Bratislava","article_published_time":"2023-12-10T22:00:39+00:00","article_modified_time":"2023-12-10T22:04:13+00:00","og_image":[{"width":2048,"height":1365,"url":"https:\/\/www.vkpbratislava.sk\/wp-content\/uploads\/2023\/12\/7B4A8928.jpg","type":"image\/jpeg"}],"author":"jenca","twitter_card":"summary_large_image","twitter_misc":{"Autor":"jenca","Predpokladan\u00fd \u010das \u010d\u00edtania":"1 min\u00fata"},"schema":{"@context":"https:\/\/schema.org","@graph":[{"@type":"Article","@id":"https:\/\/www.vkpbratislava.sk\/?p=27000#article","isPartOf":{"@id":"https:\/\/www.vkpbratislava.sk\/?p=27000"},"author":{"name":"jenca","@id":"https:\/\/www.vkpbratislava.sk\/#\/schema\/person\/7037e769f9515aa58493d1b5852c4c50"},"headline":"Po v\u00ed\u0165azstve 3:0 st\u00e1le v hre o prv\u00fa \u0161tvorku","datePublished":"2023-12-10T22:00:39+00:00","dateModified":"2023-12-10T22:04:13+00:00","mainEntityOfPage":{"@id":"https:\/\/www.vkpbratislava.sk\/?p=27000"},"wordCount":203,"publisher":{"@id":"https:\/\/www.vkpbratislava.sk\/#organization"},"image":{"@id":"https:\/\/www.vkpbratislava.sk\/?p=27000#primaryimage"},"thumbnailUrl":"https:\/\/www.vkpbratislava.sk\/wp-content\/uploads\/2023\/12\/7B4A8928.jpg","articleSection":["Mu\u017ei"],"inLanguage":"sk-SK"},{"@type":"WebPage","@id":"https:\/\/www.vkpbratislava.sk\/?p=27000","url":"https:\/\/www.vkpbratislava.sk\/?p=27000","name":"Po v\u00ed\u0165azstve 3:0 st\u00e1le v hre o prv\u00fa \u0161tvorku - VK SLOVAN Bratislava","isPartOf":{"@id":"https:\/\/www.vkpbratislava.sk\/#website"},"primaryImageOfPage":{"@id":"https:\/\/www.vkpbratislava.sk\/?p=27000#primaryimage"},"image":{"@id":"https:\/\/www.vkpbratislava.sk\/?p=27000#primaryimage"},"thumbnailUrl":"https:\/\/www.vkpbratislava.sk\/wp-content\/uploads\/2023\/12\/7B4A8928.jpg","datePublished":"2023-12-10T22:00:39+00:00","dateModified":"2023-12-10T22:04:13+00:00","description":"Volejbalisti VKP FTV\u0160 UK Bratislava si v 10. kole Nik\u00e9 extraligy mu\u017eov doma hladko poradili s Tren\u010d\u00ednom 3:0.","breadcrumb":{"@id":"https:\/\/www.vkpbratislava.sk\/?p=27000#breadcrumb"},"inLanguage":"sk-SK","potentialAction":[{"@type":"ReadAction","target":["https:\/\/www.vkpbratislava.sk\/?p=27000"]}]},{"@type":"ImageObject","inLanguage":"sk-SK","@id":"https:\/\/www.vkpbratislava.sk\/?p=27000#primaryimage","url":"https:\/\/www.vkpbratislava.sk\/wp-content\/uploads\/2023\/12\/7B4A8928.jpg","contentUrl":"https:\/\/www.vkpbratislava.sk\/wp-content\/uploads\/2023\/12\/7B4A8928.jpg","width":2048,"height":1365},{"@type":"BreadcrumbList","@id":"https:\/\/www.vkpbratislava.sk\/?p=27000#breadcrumb","itemListElement":[{"@type":"ListItem","position":1,"name":"Domov","item":"https:\/\/www.vkpbratislava.sk\/"},{"@type":"ListItem","position":2,"name":"Po v\u00ed\u0165azstve 3:0 st\u00e1le v hre o prv\u00fa \u0161tvorku"}]},{"@type":"WebSite","@id":"https:\/\/www.vkpbratislava.sk\/#website","url":"https:\/\/www.vkpbratislava.sk\/","name":"VK SLOVAN Bratislava","description":"Volejbalov\u00fd klub","publisher":{"@id":"https:\/\/www.vkpbratislava.sk\/#organization"},"potentialAction":[{"@type":"SearchAction","target":{"@type":"EntryPoint","urlTemplate":"https:\/\/www.vkpbratislava.sk\/?s={search_term_string}"},"query-input":{"@type":"PropertyValueSpecification","valueRequired":true,"valueName":"search_term_string"}}],"inLanguage":"sk-SK"},{"@type":"Organization","@id":"https:\/\/www.vkpbratislava.sk\/#organization","name":"VKP Bratislava","url":"https:\/\/www.vkpbratislava.sk\/","logo":{"@type":"ImageObject","inLanguage":"sk-SK","@id":"https:\/\/www.vkpbratislava.sk\/#\/schema\/logo\/image\/","url":"https:\/\/www.vkpbratislava.sk\/wp-content\/uploads\/2020\/10\/vkpBA.png","contentUrl":"https:\/\/www.vkpbratislava.sk\/wp-content\/uploads\/2020\/10\/vkpBA.png","width":600,"height":600,"caption":"VKP Bratislava"},"image":{"@id":"https:\/\/www.vkpbratislava.sk\/#\/schema\/logo\/image\/"}},{"@type":"Person","@id":"https:\/\/www.vkpbratislava.sk\/#\/schema\/person\/7037e769f9515aa58493d1b5852c4c50","name":"jenca","image":{"@type":"ImageObject","inLanguage":"sk-SK","@id":"https:\/\/www.vkpbratislava.sk\/#\/schema\/person\/image\/","url":"https:\/\/secure.gravatar.com\/avatar\/67aa89e9aab2911bbd0c6fbf0a891ea8d80c207c9b6a6e2c96e13fc2f16e536d?s=96&d=mm&r=g","contentUrl":"https:\/\/secure.gravatar.com\/avatar\/67aa89e9aab2911bbd0c6fbf0a891ea8d80c207c9b6a6e2c96e13fc2f16e536d?s=96&d=mm&r=g","caption":"jenca"},"url":"https:\/\/www.vkpbratislava.sk\/?author=3"}]}},"_links":{"self":[{"href":"https:\/\/www.vkpbratislava.sk\/index.php?rest_route=\/wp\/v2\/posts\/27000","targetHints":{"allow":["GET"]}}],"collection":[{"href":"https:\/\/www.vkpbratislava.sk\/index.php?rest_route=\/wp\/v2\/posts"}],"about":[{"href":"https:\/\/www.vkpbratislava.sk\/index.php?rest_route=\/wp\/v2\/types\/post"}],"author":[{"embeddable":true,"href":"https:\/\/www.vkpbratislava.sk\/index.php?rest_route=\/wp\/v2\/users\/3"}],"replies":[{"embeddable":true,"href":"https:\/\/www.vkpbratislava.sk\/index.php?rest_route=%2Fwp%2Fv2%2Fcomments&post=27000"}],"version-history":[{"count":2,"href":"https:\/\/www.vkpbratislava.sk\/index.php?rest_route=\/wp\/v2\/posts\/27000\/revisions"}],"predecessor-version":[{"id":27081,"href":"https:\/\/www.vkpbratislava.sk\/index.php?rest_route=\/wp\/v2\/posts\/27000\/revisions\/27081"}],"wp:featuredmedia":[{"embeddable":true,"href":"https:\/\/www.vkpbratislava.sk\/index.php?rest_route=\/wp\/v2\/media\/26986"}],"wp:attachment":[{"href":"https:\/\/www.vkpbratislava.sk\/index.php?rest_route=%2Fwp%2Fv2%2Fmedia&parent=27000"}],"wp:term":[{"taxonomy":"category","embeddable":true,"href":"https:\/\/www.vkpbratislava.sk\/index.php?rest_route=%2Fwp%2Fv2%2Fcategories&post=27000"},{"taxonomy":"post_tag","embeddable":true,"href":"https:\/\/www.vkpbratislava.sk\/index.php?rest_route=%2Fwp%2Fv2%2Ftags&post=27000"}],"curies":[{"name":"wp","href":"https:\/\/api.w.org\/{rel}","templated":true}]}}