{"id":27799,"date":"2024-01-10T14:01:22","date_gmt":"2024-01-10T13:01:22","guid":{"rendered":"https:\/\/www.vkpbratislava.sk\/?p=27799"},"modified":"2024-01-11T10:57:10","modified_gmt":"2024-01-11T09:57:10","slug":"hot-news-do-slovenskej-extraligy-zien-mieri-najvyssia-volejbalistka-sveta","status":"publish","type":"post","link":"https:\/\/www.vkpbratislava.sk\/?p=27799","title":{"rendered":"HOT NEWS! Do slovenskej extraligy \u017eien mieri najvy\u0161\u0161ia volejbalistka sveta!"},"content":{"rendered":"<div><strong>Do slovenskej extraligy \u017eien\u00a0mieri najvy\u0161\u0161ia volejbalistka sveta s 207 cm!<\/strong><\/div>\n<p><!--more--><\/p>\n<div>Do \u017eenskej extraligy mieri najvy\u0161\u0161ia volejbalistka sveta,<br \/>\nHernandezov\u00e1 s 207 centimetrami posiln\u00ed VKP BratislavaZo San Juanu cez Chicago a Viede\u0148 pricestovala v stredu do Bratislavy 29-ro\u010dn\u00e1 Alba Hernandez, aby posilnila volejbalov\u00fd t\u00edm z VKP Bratislava pred z\u00e1verom tohtoro\u010dnej sez\u00f3ny. Okrem toho, \u017ee ide o reprezenta\u010dn\u00fa blok\u00e1rku Portorika, ktor\u00e1 svoju krajinu reprezentovala aj na MS 2022, je to aj ofici\u00e1lne najvy\u0161\u0161ia volejbalistka na svete s 207 centimetrami!<br \/>\nVicemajsterky Slovenska a dr\u017eite\u013eky trofeje v Slovenskom poh\u00e1ri z VKP Bratislava v sez\u00f3ne 2022\/23 si od jej pr\u00edchodu ve\u013ea s\u013eubuj\u00fa. \u201e\u010co viem potvrdi\u0165 u\u017e teraz, ur\u010dite budeme najvy\u0161\u0161\u00ed t\u00edm v s\u00fa\u0165a\u017ei,\u201c od\u013eah\u010dil tr\u00e9ner \u017eien Pavol Bern\u00e1t a u\u017e v\u00e1\u017enej\u0161ie pokra\u010doval: \u201eJe to kvalitn\u00e1 hr\u00e1\u010dka medzin\u00e1rodn\u00fdch parametrov a na poste, ktor\u00fd v na\u0161om t\u00edm potrebujeme vystu\u017ei\u0165. Ma\u0165 v t\u00edme 207 cm blok\u00e1rku je s\u00edce rarita, a tie\u017e pre ka\u017ed\u00e9ho tr\u00e9nera pevn\u00fd pilier zostavy. Uvid\u00edme, v akej je aktu\u00e1lne fyzickej a hernej faz\u00f3ne, ale som presved\u010den\u00fd, \u017ee s jej kvalitami a sk\u00fasenos\u0165ami na\u0161e \u0161ance na \u00faspe\u0161n\u00fd z\u00e1ver extraligy st\u00fapnu,\u201c doplnil Bern\u00e1t.<br \/>\nVedenie klubu VKP Bratislava sa s Hernandezovou, ktor\u00e1 zav\u00edtala do Eur\u00f3py kv\u00f4li volejbalu druh\u00fd raz, dohodlo zatia\u013e do konca aktu\u00e1lneho ro\u010dn\u00edka extraligy. \u201eAlba v sez\u00f3ne 2019\/20 p\u00f4sobila v nemeckom Vilsbiburgu. U\u017e vtedy o nej i\u0161li dobr\u00e9 referencie a n\u00e1m sa do aktu\u00e1lnej skladby t\u00edmu ve\u013emi hod\u00ed. A tak sme sa dohodli s jej mana\u017e\u00e9rom na spolupr\u00e1ci, ver\u00edm, \u017ee prospe\u0161nej pre obe strany,\u201c dodal mana\u017e\u00e9r t\u00edmu \u017eien VKP Robert Hronsk\u00fd.<br \/>\nAlba Hernandezov\u00e1, ktor\u00e1 u\u017e sedem rokov oblieka portorik\u00e1nsky reprezenta\u010dn\u00fd dres a volejbalom sa bav\u00ed od jej 11 rokov, sa zapoj\u00ed do tr\u00e9ningov\u00e9ho procesu bratiislavsk\u00e9ho t\u00edmu u\u017e v stredu 10. janu\u00e1ra, kedy maj\u00fa zverenky tr\u00e9nera Bern\u00e1ta tr\u00e9ning so za\u010diatkom o 17 h.<br \/>\n\u201eDostala som dres s \u010d\u00edslom 18, dokonca mi prisp\u00f4sobili aj d\u013a\u017eku postele pre pohodln\u00fd sp\u00e1nok. Mraziv\u00e9 po\u010dasie na Slovensku ma s\u00edce neprekvapilo, ale znova mus\u00edm si na\u0148 zvykn\u00fa\u0165, preto\u017ee u n\u00e1s v Portoriku je st\u00e1le len teplo. Na Slovensku som prv\u00fd raz, ve\u013emi sa te\u0161\u00edm na kolekt\u00edv a ver\u00edm, \u017ee VKP pom\u00f4\u017eem,\u201c dodala Alba.<\/p>\n<\/div>\n","protected":false},"excerpt":{"rendered":"<p>HOT NEWS! Do slovenskej extraligy \u017eien mieri najvy\u0161\u0161ia volejbalistka sveta!<\/p>\n","protected":false},"author":1,"featured_media":27798,"comment_status":"closed","ping_status":"closed","sticky":false,"template":"","format":"standard","meta":{"_monsterinsights_skip_tracking":false,"_monsterinsights_sitenote_active":false,"_monsterinsights_sitenote_note":"","_monsterinsights_sitenote_category":0,"footnotes":""},"categories":[48],"tags":[],"class_list":["post-27799","post","type-post","status-publish","format-standard","has-post-thumbnail","hentry","category-zeny"],"yoast_head":"<!-- This site is optimized with the Yoast SEO plugin v25.6 - https:\/\/yoast.com\/wordpress\/plugins\/seo\/ -->\n<title>HOT NEWS! Do slovenskej extraligy \u017eien mieri najvy\u0161\u0161ia volejbalistka sveta! - VK SLOVAN Bratislava<\/title>\n<meta name=\"description\" content=\"Do slovenskej extraligy \u017eien\u00a0mieri najvy\u0161\u0161ia volejbalistka sveta s 207 cm! ALBA HERNANDEZOV\u00c1\u00a0z Portorika posiln\u00ed vicemajstra\u00a0z VKP Bratislava\" \/>\n<meta name=\"robots\" content=\"index, follow, max-snippet:-1, max-image-preview:large, max-video-preview:-1\" \/>\n<link rel=\"canonical\" href=\"https:\/\/www.vkpbratislava.sk\/?p=27799\" \/>\n<meta property=\"og:locale\" content=\"sk_SK\" \/>\n<meta property=\"og:type\" content=\"article\" \/>\n<meta property=\"og:title\" content=\"HOT NEWS! Do slovenskej extraligy \u017eien mieri najvy\u0161\u0161ia volejbalistka sveta! - VK SLOVAN Bratislava\" \/>\n<meta property=\"og:description\" content=\"Do slovenskej extraligy \u017eien\u00a0mieri najvy\u0161\u0161ia volejbalistka sveta s 207 cm! ALBA HERNANDEZOV\u00c1\u00a0z Portorika posiln\u00ed vicemajstra\u00a0z VKP Bratislava\" \/>\n<meta property=\"og:url\" content=\"https:\/\/www.vkpbratislava.sk\/?p=27799\" \/>\n<meta property=\"og:site_name\" content=\"VK SLOVAN Bratislava\" \/>\n<meta property=\"article:published_time\" content=\"2024-01-10T13:01:22+00:00\" \/>\n<meta property=\"article:modified_time\" content=\"2024-01-11T09:57:10+00:00\" \/>\n<meta property=\"og:image\" content=\"https:\/\/www.vkpbratislava.sk\/wp-content\/uploads\/2024\/01\/PROFIL-2-20240110_Alba-Hernandez-arrival_IUR00033-1.jpg\" \/>\n\t<meta property=\"og:image:width\" content=\"1280\" \/>\n\t<meta property=\"og:image:height\" content=\"854\" \/>\n\t<meta property=\"og:image:type\" content=\"image\/jpeg\" \/>\n<meta name=\"author\" content=\"admin\" \/>\n<meta name=\"twitter:card\" content=\"summary_large_image\" \/>\n<meta name=\"twitter:label1\" content=\"Autor\" \/>\n\t<meta name=\"twitter:data1\" content=\"admin\" \/>\n\t<meta name=\"twitter:label2\" content=\"Predpokladan\u00fd \u010das \u010d\u00edtania\" \/>\n\t<meta name=\"twitter:data2\" content=\"2 min\u00faty\" \/>\n<script type=\"application\/ld+json\" class=\"yoast-schema-graph\">{\"@context\":\"https:\/\/schema.org\",\"@graph\":[{\"@type\":\"Article\",\"@id\":\"https:\/\/www.vkpbratislava.sk\/?p=27799#article\",\"isPartOf\":{\"@id\":\"https:\/\/www.vkpbratislava.sk\/?p=27799\"},\"author\":{\"name\":\"admin\",\"@id\":\"https:\/\/www.vkpbratislava.sk\/#\/schema\/person\/4653c3d3a185b8be421eb2cb8c0bf096\"},\"headline\":\"HOT NEWS! Do slovenskej extraligy \u017eien mieri najvy\u0161\u0161ia volejbalistka sveta!\",\"datePublished\":\"2024-01-10T13:01:22+00:00\",\"dateModified\":\"2024-01-11T09:57:10+00:00\",\"mainEntityOfPage\":{\"@id\":\"https:\/\/www.vkpbratislava.sk\/?p=27799\"},\"wordCount\":436,\"publisher\":{\"@id\":\"https:\/\/www.vkpbratislava.sk\/#organization\"},\"image\":{\"@id\":\"https:\/\/www.vkpbratislava.sk\/?p=27799#primaryimage\"},\"thumbnailUrl\":\"https:\/\/www.vkpbratislava.sk\/wp-content\/uploads\/2024\/01\/PROFIL-2-20240110_Alba-Hernandez-arrival_IUR00033-1.jpg\",\"articleSection\":[\"\u017deny\"],\"inLanguage\":\"sk-SK\"},{\"@type\":\"WebPage\",\"@id\":\"https:\/\/www.vkpbratislava.sk\/?p=27799\",\"url\":\"https:\/\/www.vkpbratislava.sk\/?p=27799\",\"name\":\"HOT NEWS! Do slovenskej extraligy \u017eien mieri najvy\u0161\u0161ia volejbalistka sveta! - VK SLOVAN Bratislava\",\"isPartOf\":{\"@id\":\"https:\/\/www.vkpbratislava.sk\/#website\"},\"primaryImageOfPage\":{\"@id\":\"https:\/\/www.vkpbratislava.sk\/?p=27799#primaryimage\"},\"image\":{\"@id\":\"https:\/\/www.vkpbratislava.sk\/?p=27799#primaryimage\"},\"thumbnailUrl\":\"https:\/\/www.vkpbratislava.sk\/wp-content\/uploads\/2024\/01\/PROFIL-2-20240110_Alba-Hernandez-arrival_IUR00033-1.jpg\",\"datePublished\":\"2024-01-10T13:01:22+00:00\",\"dateModified\":\"2024-01-11T09:57:10+00:00\",\"description\":\"Do slovenskej extraligy \u017eien\u00a0mieri najvy\u0161\u0161ia volejbalistka sveta s 207 cm! ALBA HERNANDEZOV\u00c1\u00a0z Portorika posiln\u00ed vicemajstra\u00a0z VKP Bratislava\",\"breadcrumb\":{\"@id\":\"https:\/\/www.vkpbratislava.sk\/?p=27799#breadcrumb\"},\"inLanguage\":\"sk-SK\",\"potentialAction\":[{\"@type\":\"ReadAction\",\"target\":[\"https:\/\/www.vkpbratislava.sk\/?p=27799\"]}]},{\"@type\":\"ImageObject\",\"inLanguage\":\"sk-SK\",\"@id\":\"https:\/\/www.vkpbratislava.sk\/?p=27799#primaryimage\",\"url\":\"https:\/\/www.vkpbratislava.sk\/wp-content\/uploads\/2024\/01\/PROFIL-2-20240110_Alba-Hernandez-arrival_IUR00033-1.jpg\",\"contentUrl\":\"https:\/\/www.vkpbratislava.sk\/wp-content\/uploads\/2024\/01\/PROFIL-2-20240110_Alba-Hernandez-arrival_IUR00033-1.jpg\",\"width\":1280,\"height\":854},{\"@type\":\"BreadcrumbList\",\"@id\":\"https:\/\/www.vkpbratislava.sk\/?p=27799#breadcrumb\",\"itemListElement\":[{\"@type\":\"ListItem\",\"position\":1,\"name\":\"Domov\",\"item\":\"https:\/\/www.vkpbratislava.sk\/\"},{\"@type\":\"ListItem\",\"position\":2,\"name\":\"HOT NEWS! Do slovenskej extraligy \u017eien mieri najvy\u0161\u0161ia volejbalistka sveta!\"}]},{\"@type\":\"WebSite\",\"@id\":\"https:\/\/www.vkpbratislava.sk\/#website\",\"url\":\"https:\/\/www.vkpbratislava.sk\/\",\"name\":\"VK SLOVAN Bratislava\",\"description\":\"Volejbalov\u00fd klub\",\"publisher\":{\"@id\":\"https:\/\/www.vkpbratislava.sk\/#organization\"},\"potentialAction\":[{\"@type\":\"SearchAction\",\"target\":{\"@type\":\"EntryPoint\",\"urlTemplate\":\"https:\/\/www.vkpbratislava.sk\/?s={search_term_string}\"},\"query-input\":{\"@type\":\"PropertyValueSpecification\",\"valueRequired\":true,\"valueName\":\"search_term_string\"}}],\"inLanguage\":\"sk-SK\"},{\"@type\":\"Organization\",\"@id\":\"https:\/\/www.vkpbratislava.sk\/#organization\",\"name\":\"VKP Bratislava\",\"url\":\"https:\/\/www.vkpbratislava.sk\/\",\"logo\":{\"@type\":\"ImageObject\",\"inLanguage\":\"sk-SK\",\"@id\":\"https:\/\/www.vkpbratislava.sk\/#\/schema\/logo\/image\/\",\"url\":\"https:\/\/www.vkpbratislava.sk\/wp-content\/uploads\/2020\/10\/vkpBA.png\",\"contentUrl\":\"https:\/\/www.vkpbratislava.sk\/wp-content\/uploads\/2020\/10\/vkpBA.png\",\"width\":600,\"height\":600,\"caption\":\"VKP Bratislava\"},\"image\":{\"@id\":\"https:\/\/www.vkpbratislava.sk\/#\/schema\/logo\/image\/\"}},{\"@type\":\"Person\",\"@id\":\"https:\/\/www.vkpbratislava.sk\/#\/schema\/person\/4653c3d3a185b8be421eb2cb8c0bf096\",\"name\":\"admin\",\"image\":{\"@type\":\"ImageObject\",\"inLanguage\":\"sk-SK\",\"@id\":\"https:\/\/www.vkpbratislava.sk\/#\/schema\/person\/image\/\",\"url\":\"https:\/\/secure.gravatar.com\/avatar\/460ab32e08792585c1145ad0120d6886f1da51ebbb00f23cf8aba32ff6e74c49?s=96&d=mm&r=g\",\"contentUrl\":\"https:\/\/secure.gravatar.com\/avatar\/460ab32e08792585c1145ad0120d6886f1da51ebbb00f23cf8aba32ff6e74c49?s=96&d=mm&r=g\",\"caption\":\"admin\"},\"sameAs\":[\"https:\/\/www.vkpbratislava.sk\"],\"url\":\"https:\/\/www.vkpbratislava.sk\/?author=1\"}]}<\/script>\n<!-- \/ Yoast SEO plugin. -->","yoast_head_json":{"title":"HOT NEWS! Do slovenskej extraligy \u017eien mieri najvy\u0161\u0161ia volejbalistka sveta! - VK SLOVAN Bratislava","description":"Do slovenskej extraligy \u017eien\u00a0mieri najvy\u0161\u0161ia volejbalistka sveta s 207 cm! ALBA HERNANDEZOV\u00c1\u00a0z Portorika posiln\u00ed vicemajstra\u00a0z VKP Bratislava","robots":{"index":"index","follow":"follow","max-snippet":"max-snippet:-1","max-image-preview":"max-image-preview:large","max-video-preview":"max-video-preview:-1"},"canonical":"https:\/\/www.vkpbratislava.sk\/?p=27799","og_locale":"sk_SK","og_type":"article","og_title":"HOT NEWS! Do slovenskej extraligy \u017eien mieri najvy\u0161\u0161ia volejbalistka sveta! - VK SLOVAN Bratislava","og_description":"Do slovenskej extraligy \u017eien\u00a0mieri najvy\u0161\u0161ia volejbalistka sveta s 207 cm! ALBA HERNANDEZOV\u00c1\u00a0z Portorika posiln\u00ed vicemajstra\u00a0z VKP Bratislava","og_url":"https:\/\/www.vkpbratislava.sk\/?p=27799","og_site_name":"VK SLOVAN Bratislava","article_published_time":"2024-01-10T13:01:22+00:00","article_modified_time":"2024-01-11T09:57:10+00:00","og_image":[{"width":1280,"height":854,"url":"https:\/\/www.vkpbratislava.sk\/wp-content\/uploads\/2024\/01\/PROFIL-2-20240110_Alba-Hernandez-arrival_IUR00033-1.jpg","type":"image\/jpeg"}],"author":"admin","twitter_card":"summary_large_image","twitter_misc":{"Autor":"admin","Predpokladan\u00fd \u010das \u010d\u00edtania":"2 min\u00faty"},"schema":{"@context":"https:\/\/schema.org","@graph":[{"@type":"Article","@id":"https:\/\/www.vkpbratislava.sk\/?p=27799#article","isPartOf":{"@id":"https:\/\/www.vkpbratislava.sk\/?p=27799"},"author":{"name":"admin","@id":"https:\/\/www.vkpbratislava.sk\/#\/schema\/person\/4653c3d3a185b8be421eb2cb8c0bf096"},"headline":"HOT NEWS! Do slovenskej extraligy \u017eien mieri najvy\u0161\u0161ia volejbalistka sveta!","datePublished":"2024-01-10T13:01:22+00:00","dateModified":"2024-01-11T09:57:10+00:00","mainEntityOfPage":{"@id":"https:\/\/www.vkpbratislava.sk\/?p=27799"},"wordCount":436,"publisher":{"@id":"https:\/\/www.vkpbratislava.sk\/#organization"},"image":{"@id":"https:\/\/www.vkpbratislava.sk\/?p=27799#primaryimage"},"thumbnailUrl":"https:\/\/www.vkpbratislava.sk\/wp-content\/uploads\/2024\/01\/PROFIL-2-20240110_Alba-Hernandez-arrival_IUR00033-1.jpg","articleSection":["\u017deny"],"inLanguage":"sk-SK"},{"@type":"WebPage","@id":"https:\/\/www.vkpbratislava.sk\/?p=27799","url":"https:\/\/www.vkpbratislava.sk\/?p=27799","name":"HOT NEWS! Do slovenskej extraligy \u017eien mieri najvy\u0161\u0161ia volejbalistka sveta! - VK SLOVAN Bratislava","isPartOf":{"@id":"https:\/\/www.vkpbratislava.sk\/#website"},"primaryImageOfPage":{"@id":"https:\/\/www.vkpbratislava.sk\/?p=27799#primaryimage"},"image":{"@id":"https:\/\/www.vkpbratislava.sk\/?p=27799#primaryimage"},"thumbnailUrl":"https:\/\/www.vkpbratislava.sk\/wp-content\/uploads\/2024\/01\/PROFIL-2-20240110_Alba-Hernandez-arrival_IUR00033-1.jpg","datePublished":"2024-01-10T13:01:22+00:00","dateModified":"2024-01-11T09:57:10+00:00","description":"Do slovenskej extraligy \u017eien\u00a0mieri najvy\u0161\u0161ia volejbalistka sveta s 207 cm! ALBA HERNANDEZOV\u00c1\u00a0z Portorika posiln\u00ed vicemajstra\u00a0z VKP Bratislava","breadcrumb":{"@id":"https:\/\/www.vkpbratislava.sk\/?p=27799#breadcrumb"},"inLanguage":"sk-SK","potentialAction":[{"@type":"ReadAction","target":["https:\/\/www.vkpbratislava.sk\/?p=27799"]}]},{"@type":"ImageObject","inLanguage":"sk-SK","@id":"https:\/\/www.vkpbratislava.sk\/?p=27799#primaryimage","url":"https:\/\/www.vkpbratislava.sk\/wp-content\/uploads\/2024\/01\/PROFIL-2-20240110_Alba-Hernandez-arrival_IUR00033-1.jpg","contentUrl":"https:\/\/www.vkpbratislava.sk\/wp-content\/uploads\/2024\/01\/PROFIL-2-20240110_Alba-Hernandez-arrival_IUR00033-1.jpg","width":1280,"height":854},{"@type":"BreadcrumbList","@id":"https:\/\/www.vkpbratislava.sk\/?p=27799#breadcrumb","itemListElement":[{"@type":"ListItem","position":1,"name":"Domov","item":"https:\/\/www.vkpbratislava.sk\/"},{"@type":"ListItem","position":2,"name":"HOT NEWS! Do slovenskej extraligy \u017eien mieri najvy\u0161\u0161ia volejbalistka sveta!"}]},{"@type":"WebSite","@id":"https:\/\/www.vkpbratislava.sk\/#website","url":"https:\/\/www.vkpbratislava.sk\/","name":"VK SLOVAN Bratislava","description":"Volejbalov\u00fd klub","publisher":{"@id":"https:\/\/www.vkpbratislava.sk\/#organization"},"potentialAction":[{"@type":"SearchAction","target":{"@type":"EntryPoint","urlTemplate":"https:\/\/www.vkpbratislava.sk\/?s={search_term_string}"},"query-input":{"@type":"PropertyValueSpecification","valueRequired":true,"valueName":"search_term_string"}}],"inLanguage":"sk-SK"},{"@type":"Organization","@id":"https:\/\/www.vkpbratislava.sk\/#organization","name":"VKP Bratislava","url":"https:\/\/www.vkpbratislava.sk\/","logo":{"@type":"ImageObject","inLanguage":"sk-SK","@id":"https:\/\/www.vkpbratislava.sk\/#\/schema\/logo\/image\/","url":"https:\/\/www.vkpbratislava.sk\/wp-content\/uploads\/2020\/10\/vkpBA.png","contentUrl":"https:\/\/www.vkpbratislava.sk\/wp-content\/uploads\/2020\/10\/vkpBA.png","width":600,"height":600,"caption":"VKP Bratislava"},"image":{"@id":"https:\/\/www.vkpbratislava.sk\/#\/schema\/logo\/image\/"}},{"@type":"Person","@id":"https:\/\/www.vkpbratislava.sk\/#\/schema\/person\/4653c3d3a185b8be421eb2cb8c0bf096","name":"admin","image":{"@type":"ImageObject","inLanguage":"sk-SK","@id":"https:\/\/www.vkpbratislava.sk\/#\/schema\/person\/image\/","url":"https:\/\/secure.gravatar.com\/avatar\/460ab32e08792585c1145ad0120d6886f1da51ebbb00f23cf8aba32ff6e74c49?s=96&d=mm&r=g","contentUrl":"https:\/\/secure.gravatar.com\/avatar\/460ab32e08792585c1145ad0120d6886f1da51ebbb00f23cf8aba32ff6e74c49?s=96&d=mm&r=g","caption":"admin"},"sameAs":["https:\/\/www.vkpbratislava.sk"],"url":"https:\/\/www.vkpbratislava.sk\/?author=1"}]}},"_links":{"self":[{"href":"https:\/\/www.vkpbratislava.sk\/index.php?rest_route=\/wp\/v2\/posts\/27799","targetHints":{"allow":["GET"]}}],"collection":[{"href":"https:\/\/www.vkpbratislava.sk\/index.php?rest_route=\/wp\/v2\/posts"}],"about":[{"href":"https:\/\/www.vkpbratislava.sk\/index.php?rest_route=\/wp\/v2\/types\/post"}],"author":[{"embeddable":true,"href":"https:\/\/www.vkpbratislava.sk\/index.php?rest_route=\/wp\/v2\/users\/1"}],"replies":[{"embeddable":true,"href":"https:\/\/www.vkpbratislava.sk\/index.php?rest_route=%2Fwp%2Fv2%2Fcomments&post=27799"}],"version-history":[{"count":4,"href":"https:\/\/www.vkpbratislava.sk\/index.php?rest_route=\/wp\/v2\/posts\/27799\/revisions"}],"predecessor-version":[{"id":27809,"href":"https:\/\/www.vkpbratislava.sk\/index.php?rest_route=\/wp\/v2\/posts\/27799\/revisions\/27809"}],"wp:featuredmedia":[{"embeddable":true,"href":"https:\/\/www.vkpbratislava.sk\/index.php?rest_route=\/wp\/v2\/media\/27798"}],"wp:attachment":[{"href":"https:\/\/www.vkpbratislava.sk\/index.php?rest_route=%2Fwp%2Fv2%2Fmedia&parent=27799"}],"wp:term":[{"taxonomy":"category","embeddable":true,"href":"https:\/\/www.vkpbratislava.sk\/index.php?rest_route=%2Fwp%2Fv2%2Fcategories&post=27799"},{"taxonomy":"post_tag","embeddable":true,"href":"https:\/\/www.vkpbratislava.sk\/index.php?rest_route=%2Fwp%2Fv2%2Ftags&post=27799"}],"curies":[{"name":"wp","href":"https:\/\/api.w.org\/{rel}","templated":true}]}}