{"id":28845,"date":"2024-01-28T16:56:53","date_gmt":"2024-01-28T15:56:53","guid":{"rendered":"https:\/\/www.vkpbratislava.sk\/?p=28845"},"modified":"2024-01-28T16:56:53","modified_gmt":"2024-01-28T15:56:53","slug":"v-tabulke-uz-druhi","status":"publish","type":"post","link":"https:\/\/www.vkpbratislava.sk\/?p=28845","title":{"rendered":"V tabu\u013eke u\u017e druh\u00ed"},"content":{"rendered":"<p><strong>Volejbalisti VKP FTV\u0160 UK Bratislava si na dom\u00e1cej palubovke proti Myjave hladko poradili 3:0.<\/strong><\/p>\n<p><b>Nik\u00e9 Extraliga mu\u017ei \u2013 <\/b><b>nadstavba o 1. &#8211; 4. miesto &#8211; 2<\/b><b>. kolo \u2013 sobota:<\/b><\/p>\n<p><b>VKP FTV\u0160 UK Bratislava<\/b><b>\u00a0\u2013 <\/b><b>TJ Spartak Myjava<\/b><b>\u00a0<\/b><b>3<\/b><b>:<\/b><b>0<\/b><b>\u00a0(<\/b><b>19<\/b><b>,<\/b><b>\u00a021<\/b><b>,<\/b><b>\u00a017<\/b><b>)<\/b><b><\/b><\/p>\n<p><b>Rozhodovali: <\/b>Kov\u00e1\u010d<b>\u00a0<\/b>a Dovi\u010dovi\u010d, 200\u00a0div\u00e1kov.<b><\/b><\/p>\n<p><b>VKP FTV\u0160 UK<\/b><b>: <\/b>Fo\u0159t 8, Marjov 5, Za\u0165ko 9, Truba\u010d 12, Billich 10, Van\u010do 22, libero Jakub\u00edk. Tr\u00e9ner:\u00a0R. P\u011blucha.<b><\/b><\/p>\n<p><b>TJ SPARTAK<\/b><b>:<\/b><b>\u00a0<\/b>B. Skasko 2, O. Zeman 5, Valo 0, Konc 7, M. Zeman 12, Viskup 15, libero S. Pa\u0148ko (Hukel 5).\u00a0Tr\u00e9ner:\u00a0V. Osipov.<\/p>\n<p><b>Hr\u00e1\u010di z\u00e1pasu: <\/b>Adri\u00e1n Van\u010do (VKP FTV\u0160 UK Bratislava)\u00a0\u2013 Tobias Viskup\u00a0(TJ Spartak Myjava)<b><\/b><\/p>\n<p><b>Robin P\u011blucha<\/b><b>, tr\u00e9ner <\/b><b>VKP FTV\u0160 UK<\/b><b>: <\/b>\u201cTe\u0161\u00ed ma, \u017ee sme zvl\u00e1dli d\u00f4le\u017eit\u00fd dom\u00e1ci za tri body. Niekedy hr\u00e1me vonku lep\u0161ie, ako doma, ale tento z\u00e1pas n\u00e1m vy\u0161iel. V koncovke druh\u00e9ho setu sme s\u00edce tro\u0161ku stratili koncentr\u00e1ciu, ale v princ\u00edpe sme mali z\u00e1pas pod kontrolou a sme radi za d\u00f4le\u017eit\u00e9 body. Pozer\u00e1me sa na \u010fal\u0161ie duely.\u201d<i><\/i><b><i><br \/>\n<\/i><\/b><\/p>\n<p><b>Vitalij Osipov<\/b><b>, tr\u00e9ner <\/b><b>TJ Spartak<\/b><b>: <\/b>\u201cNechcem, aby to vyznelo ako v\u00fdhovorka, ale m\u00e1me za sebou n\u00e1ro\u010dn\u00fd t\u00fd\u017ede\u0148 a chlapci nemali dostatok psychick\u00fdch a fyzick\u00fdch s\u00edl. Z\u00e1pasy, ktor\u00e9 sme odohrali, n\u00e1s vy\u010derpali a nem\u00e1m \u010do svojim zverencom vy\u010d\u00edta\u0165. V z\u00e1pase mali pas\u00e1\u017e, kde sa radovali zo z\u00edskan\u00fdch bodov, ale viac vidite\u013en\u00e1 bola na nich psychick\u00e1 a fyzick\u00e1 \u00fanava.\u201d<\/p>\n","protected":false},"excerpt":{"rendered":"<p>Volejbalisti VKP FTV\u0160 UK Bratislava si na dom\u00e1cej palubovke proti Myjave poradili hladko 3:0.<\/p>\n","protected":false},"author":3,"featured_media":29051,"comment_status":"closed","ping_status":"closed","sticky":false,"template":"","format":"standard","meta":{"_monsterinsights_skip_tracking":false,"_monsterinsights_sitenote_active":false,"_monsterinsights_sitenote_note":"","_monsterinsights_sitenote_category":0,"footnotes":""},"categories":[47],"tags":[],"class_list":["post-28845","post","type-post","status-publish","format-standard","has-post-thumbnail","hentry","category-muzi"],"yoast_head":"<!-- This site is optimized with the Yoast SEO plugin v25.6 - https:\/\/yoast.com\/wordpress\/plugins\/seo\/ -->\n<title>V tabu\u013eke u\u017e druh\u00ed - VK SLOVAN Bratislava<\/title>\n<meta name=\"description\" content=\"Volejbalisti VKP FTV\u0160 UK Bratislava si v 10. kole Nik\u00e9 extraligy mu\u017eov doma hladko poradili s Tren\u010d\u00ednom 3:0.\" \/>\n<meta name=\"robots\" content=\"index, follow, max-snippet:-1, max-image-preview:large, max-video-preview:-1\" \/>\n<link rel=\"canonical\" href=\"https:\/\/www.vkpbratislava.sk\/?p=28845\" \/>\n<meta property=\"og:locale\" content=\"sk_SK\" \/>\n<meta property=\"og:type\" content=\"article\" \/>\n<meta property=\"og:title\" content=\"V tabu\u013eke u\u017e druh\u00ed - VK SLOVAN Bratislava\" \/>\n<meta property=\"og:description\" content=\"Volejbalisti VKP FTV\u0160 UK Bratislava si v 10. kole Nik\u00e9 extraligy mu\u017eov doma hladko poradili s Tren\u010d\u00ednom 3:0.\" \/>\n<meta property=\"og:url\" content=\"https:\/\/www.vkpbratislava.sk\/?p=28845\" \/>\n<meta property=\"og:site_name\" content=\"VK SLOVAN Bratislava\" \/>\n<meta property=\"article:published_time\" content=\"2024-01-28T15:56:53+00:00\" \/>\n<meta property=\"og:image\" content=\"https:\/\/www.vkpbratislava.sk\/wp-content\/uploads\/2024\/01\/MS_202401_ELVKPvsMyjava-68-1.jpg\" \/>\n\t<meta property=\"og:image:width\" content=\"2048\" \/>\n\t<meta property=\"og:image:height\" content=\"1365\" \/>\n\t<meta property=\"og:image:type\" content=\"image\/jpeg\" \/>\n<meta name=\"author\" content=\"jenca\" \/>\n<meta name=\"twitter:card\" content=\"summary_large_image\" \/>\n<meta name=\"twitter:label1\" content=\"Autor\" \/>\n\t<meta name=\"twitter:data1\" content=\"jenca\" \/>\n\t<meta name=\"twitter:label2\" content=\"Predpokladan\u00fd \u010das \u010d\u00edtania\" \/>\n\t<meta name=\"twitter:data2\" content=\"2 min\u00faty\" \/>\n<script type=\"application\/ld+json\" class=\"yoast-schema-graph\">{\"@context\":\"https:\/\/schema.org\",\"@graph\":[{\"@type\":\"Article\",\"@id\":\"https:\/\/www.vkpbratislava.sk\/?p=28845#article\",\"isPartOf\":{\"@id\":\"https:\/\/www.vkpbratislava.sk\/?p=28845\"},\"author\":{\"name\":\"jenca\",\"@id\":\"https:\/\/www.vkpbratislava.sk\/#\/schema\/person\/7037e769f9515aa58493d1b5852c4c50\"},\"headline\":\"V tabu\u013eke u\u017e druh\u00ed\",\"datePublished\":\"2024-01-28T15:56:53+00:00\",\"mainEntityOfPage\":{\"@id\":\"https:\/\/www.vkpbratislava.sk\/?p=28845\"},\"wordCount\":252,\"publisher\":{\"@id\":\"https:\/\/www.vkpbratislava.sk\/#organization\"},\"image\":{\"@id\":\"https:\/\/www.vkpbratislava.sk\/?p=28845#primaryimage\"},\"thumbnailUrl\":\"https:\/\/www.vkpbratislava.sk\/wp-content\/uploads\/2024\/01\/MS_202401_ELVKPvsMyjava-68-1.jpg\",\"articleSection\":[\"Mu\u017ei\"],\"inLanguage\":\"sk-SK\"},{\"@type\":\"WebPage\",\"@id\":\"https:\/\/www.vkpbratislava.sk\/?p=28845\",\"url\":\"https:\/\/www.vkpbratislava.sk\/?p=28845\",\"name\":\"V tabu\u013eke u\u017e druh\u00ed - VK SLOVAN Bratislava\",\"isPartOf\":{\"@id\":\"https:\/\/www.vkpbratislava.sk\/#website\"},\"primaryImageOfPage\":{\"@id\":\"https:\/\/www.vkpbratislava.sk\/?p=28845#primaryimage\"},\"image\":{\"@id\":\"https:\/\/www.vkpbratislava.sk\/?p=28845#primaryimage\"},\"thumbnailUrl\":\"https:\/\/www.vkpbratislava.sk\/wp-content\/uploads\/2024\/01\/MS_202401_ELVKPvsMyjava-68-1.jpg\",\"datePublished\":\"2024-01-28T15:56:53+00:00\",\"description\":\"Volejbalisti VKP FTV\u0160 UK Bratislava si v 10. kole Nik\u00e9 extraligy mu\u017eov doma hladko poradili s Tren\u010d\u00ednom 3:0.\",\"breadcrumb\":{\"@id\":\"https:\/\/www.vkpbratislava.sk\/?p=28845#breadcrumb\"},\"inLanguage\":\"sk-SK\",\"potentialAction\":[{\"@type\":\"ReadAction\",\"target\":[\"https:\/\/www.vkpbratislava.sk\/?p=28845\"]}]},{\"@type\":\"ImageObject\",\"inLanguage\":\"sk-SK\",\"@id\":\"https:\/\/www.vkpbratislava.sk\/?p=28845#primaryimage\",\"url\":\"https:\/\/www.vkpbratislava.sk\/wp-content\/uploads\/2024\/01\/MS_202401_ELVKPvsMyjava-68-1.jpg\",\"contentUrl\":\"https:\/\/www.vkpbratislava.sk\/wp-content\/uploads\/2024\/01\/MS_202401_ELVKPvsMyjava-68-1.jpg\",\"width\":2048,\"height\":1365},{\"@type\":\"BreadcrumbList\",\"@id\":\"https:\/\/www.vkpbratislava.sk\/?p=28845#breadcrumb\",\"itemListElement\":[{\"@type\":\"ListItem\",\"position\":1,\"name\":\"Domov\",\"item\":\"https:\/\/www.vkpbratislava.sk\/\"},{\"@type\":\"ListItem\",\"position\":2,\"name\":\"V tabu\u013eke u\u017e druh\u00ed\"}]},{\"@type\":\"WebSite\",\"@id\":\"https:\/\/www.vkpbratislava.sk\/#website\",\"url\":\"https:\/\/www.vkpbratislava.sk\/\",\"name\":\"VK SLOVAN Bratislava\",\"description\":\"Volejbalov\u00fd klub\",\"publisher\":{\"@id\":\"https:\/\/www.vkpbratislava.sk\/#organization\"},\"potentialAction\":[{\"@type\":\"SearchAction\",\"target\":{\"@type\":\"EntryPoint\",\"urlTemplate\":\"https:\/\/www.vkpbratislava.sk\/?s={search_term_string}\"},\"query-input\":{\"@type\":\"PropertyValueSpecification\",\"valueRequired\":true,\"valueName\":\"search_term_string\"}}],\"inLanguage\":\"sk-SK\"},{\"@type\":\"Organization\",\"@id\":\"https:\/\/www.vkpbratislava.sk\/#organization\",\"name\":\"VKP Bratislava\",\"url\":\"https:\/\/www.vkpbratislava.sk\/\",\"logo\":{\"@type\":\"ImageObject\",\"inLanguage\":\"sk-SK\",\"@id\":\"https:\/\/www.vkpbratislava.sk\/#\/schema\/logo\/image\/\",\"url\":\"https:\/\/www.vkpbratislava.sk\/wp-content\/uploads\/2020\/10\/vkpBA.png\",\"contentUrl\":\"https:\/\/www.vkpbratislava.sk\/wp-content\/uploads\/2020\/10\/vkpBA.png\",\"width\":600,\"height\":600,\"caption\":\"VKP Bratislava\"},\"image\":{\"@id\":\"https:\/\/www.vkpbratislava.sk\/#\/schema\/logo\/image\/\"}},{\"@type\":\"Person\",\"@id\":\"https:\/\/www.vkpbratislava.sk\/#\/schema\/person\/7037e769f9515aa58493d1b5852c4c50\",\"name\":\"jenca\",\"image\":{\"@type\":\"ImageObject\",\"inLanguage\":\"sk-SK\",\"@id\":\"https:\/\/www.vkpbratislava.sk\/#\/schema\/person\/image\/\",\"url\":\"https:\/\/secure.gravatar.com\/avatar\/67aa89e9aab2911bbd0c6fbf0a891ea8d80c207c9b6a6e2c96e13fc2f16e536d?s=96&d=mm&r=g\",\"contentUrl\":\"https:\/\/secure.gravatar.com\/avatar\/67aa89e9aab2911bbd0c6fbf0a891ea8d80c207c9b6a6e2c96e13fc2f16e536d?s=96&d=mm&r=g\",\"caption\":\"jenca\"},\"url\":\"https:\/\/www.vkpbratislava.sk\/?author=3\"}]}<\/script>\n<!-- \/ Yoast SEO plugin. -->","yoast_head_json":{"title":"V tabu\u013eke u\u017e druh\u00ed - VK SLOVAN Bratislava","description":"Volejbalisti VKP FTV\u0160 UK Bratislava si v 10. kole Nik\u00e9 extraligy mu\u017eov doma hladko poradili s Tren\u010d\u00ednom 3:0.","robots":{"index":"index","follow":"follow","max-snippet":"max-snippet:-1","max-image-preview":"max-image-preview:large","max-video-preview":"max-video-preview:-1"},"canonical":"https:\/\/www.vkpbratislava.sk\/?p=28845","og_locale":"sk_SK","og_type":"article","og_title":"V tabu\u013eke u\u017e druh\u00ed - VK SLOVAN Bratislava","og_description":"Volejbalisti VKP FTV\u0160 UK Bratislava si v 10. kole Nik\u00e9 extraligy mu\u017eov doma hladko poradili s Tren\u010d\u00ednom 3:0.","og_url":"https:\/\/www.vkpbratislava.sk\/?p=28845","og_site_name":"VK SLOVAN Bratislava","article_published_time":"2024-01-28T15:56:53+00:00","og_image":[{"width":2048,"height":1365,"url":"https:\/\/www.vkpbratislava.sk\/wp-content\/uploads\/2024\/01\/MS_202401_ELVKPvsMyjava-68-1.jpg","type":"image\/jpeg"}],"author":"jenca","twitter_card":"summary_large_image","twitter_misc":{"Autor":"jenca","Predpokladan\u00fd \u010das \u010d\u00edtania":"2 min\u00faty"},"schema":{"@context":"https:\/\/schema.org","@graph":[{"@type":"Article","@id":"https:\/\/www.vkpbratislava.sk\/?p=28845#article","isPartOf":{"@id":"https:\/\/www.vkpbratislava.sk\/?p=28845"},"author":{"name":"jenca","@id":"https:\/\/www.vkpbratislava.sk\/#\/schema\/person\/7037e769f9515aa58493d1b5852c4c50"},"headline":"V tabu\u013eke u\u017e druh\u00ed","datePublished":"2024-01-28T15:56:53+00:00","mainEntityOfPage":{"@id":"https:\/\/www.vkpbratislava.sk\/?p=28845"},"wordCount":252,"publisher":{"@id":"https:\/\/www.vkpbratislava.sk\/#organization"},"image":{"@id":"https:\/\/www.vkpbratislava.sk\/?p=28845#primaryimage"},"thumbnailUrl":"https:\/\/www.vkpbratislava.sk\/wp-content\/uploads\/2024\/01\/MS_202401_ELVKPvsMyjava-68-1.jpg","articleSection":["Mu\u017ei"],"inLanguage":"sk-SK"},{"@type":"WebPage","@id":"https:\/\/www.vkpbratislava.sk\/?p=28845","url":"https:\/\/www.vkpbratislava.sk\/?p=28845","name":"V tabu\u013eke u\u017e druh\u00ed - VK SLOVAN Bratislava","isPartOf":{"@id":"https:\/\/www.vkpbratislava.sk\/#website"},"primaryImageOfPage":{"@id":"https:\/\/www.vkpbratislava.sk\/?p=28845#primaryimage"},"image":{"@id":"https:\/\/www.vkpbratislava.sk\/?p=28845#primaryimage"},"thumbnailUrl":"https:\/\/www.vkpbratislava.sk\/wp-content\/uploads\/2024\/01\/MS_202401_ELVKPvsMyjava-68-1.jpg","datePublished":"2024-01-28T15:56:53+00:00","description":"Volejbalisti VKP FTV\u0160 UK Bratislava si v 10. kole Nik\u00e9 extraligy mu\u017eov doma hladko poradili s Tren\u010d\u00ednom 3:0.","breadcrumb":{"@id":"https:\/\/www.vkpbratislava.sk\/?p=28845#breadcrumb"},"inLanguage":"sk-SK","potentialAction":[{"@type":"ReadAction","target":["https:\/\/www.vkpbratislava.sk\/?p=28845"]}]},{"@type":"ImageObject","inLanguage":"sk-SK","@id":"https:\/\/www.vkpbratislava.sk\/?p=28845#primaryimage","url":"https:\/\/www.vkpbratislava.sk\/wp-content\/uploads\/2024\/01\/MS_202401_ELVKPvsMyjava-68-1.jpg","contentUrl":"https:\/\/www.vkpbratislava.sk\/wp-content\/uploads\/2024\/01\/MS_202401_ELVKPvsMyjava-68-1.jpg","width":2048,"height":1365},{"@type":"BreadcrumbList","@id":"https:\/\/www.vkpbratislava.sk\/?p=28845#breadcrumb","itemListElement":[{"@type":"ListItem","position":1,"name":"Domov","item":"https:\/\/www.vkpbratislava.sk\/"},{"@type":"ListItem","position":2,"name":"V tabu\u013eke u\u017e druh\u00ed"}]},{"@type":"WebSite","@id":"https:\/\/www.vkpbratislava.sk\/#website","url":"https:\/\/www.vkpbratislava.sk\/","name":"VK SLOVAN Bratislava","description":"Volejbalov\u00fd klub","publisher":{"@id":"https:\/\/www.vkpbratislava.sk\/#organization"},"potentialAction":[{"@type":"SearchAction","target":{"@type":"EntryPoint","urlTemplate":"https:\/\/www.vkpbratislava.sk\/?s={search_term_string}"},"query-input":{"@type":"PropertyValueSpecification","valueRequired":true,"valueName":"search_term_string"}}],"inLanguage":"sk-SK"},{"@type":"Organization","@id":"https:\/\/www.vkpbratislava.sk\/#organization","name":"VKP Bratislava","url":"https:\/\/www.vkpbratislava.sk\/","logo":{"@type":"ImageObject","inLanguage":"sk-SK","@id":"https:\/\/www.vkpbratislava.sk\/#\/schema\/logo\/image\/","url":"https:\/\/www.vkpbratislava.sk\/wp-content\/uploads\/2020\/10\/vkpBA.png","contentUrl":"https:\/\/www.vkpbratislava.sk\/wp-content\/uploads\/2020\/10\/vkpBA.png","width":600,"height":600,"caption":"VKP Bratislava"},"image":{"@id":"https:\/\/www.vkpbratislava.sk\/#\/schema\/logo\/image\/"}},{"@type":"Person","@id":"https:\/\/www.vkpbratislava.sk\/#\/schema\/person\/7037e769f9515aa58493d1b5852c4c50","name":"jenca","image":{"@type":"ImageObject","inLanguage":"sk-SK","@id":"https:\/\/www.vkpbratislava.sk\/#\/schema\/person\/image\/","url":"https:\/\/secure.gravatar.com\/avatar\/67aa89e9aab2911bbd0c6fbf0a891ea8d80c207c9b6a6e2c96e13fc2f16e536d?s=96&d=mm&r=g","contentUrl":"https:\/\/secure.gravatar.com\/avatar\/67aa89e9aab2911bbd0c6fbf0a891ea8d80c207c9b6a6e2c96e13fc2f16e536d?s=96&d=mm&r=g","caption":"jenca"},"url":"https:\/\/www.vkpbratislava.sk\/?author=3"}]}},"_links":{"self":[{"href":"https:\/\/www.vkpbratislava.sk\/index.php?rest_route=\/wp\/v2\/posts\/28845","targetHints":{"allow":["GET"]}}],"collection":[{"href":"https:\/\/www.vkpbratislava.sk\/index.php?rest_route=\/wp\/v2\/posts"}],"about":[{"href":"https:\/\/www.vkpbratislava.sk\/index.php?rest_route=\/wp\/v2\/types\/post"}],"author":[{"embeddable":true,"href":"https:\/\/www.vkpbratislava.sk\/index.php?rest_route=\/wp\/v2\/users\/3"}],"replies":[{"embeddable":true,"href":"https:\/\/www.vkpbratislava.sk\/index.php?rest_route=%2Fwp%2Fv2%2Fcomments&post=28845"}],"version-history":[{"count":1,"href":"https:\/\/www.vkpbratislava.sk\/index.php?rest_route=\/wp\/v2\/posts\/28845\/revisions"}],"predecessor-version":[{"id":29064,"href":"https:\/\/www.vkpbratislava.sk\/index.php?rest_route=\/wp\/v2\/posts\/28845\/revisions\/29064"}],"wp:featuredmedia":[{"embeddable":true,"href":"https:\/\/www.vkpbratislava.sk\/index.php?rest_route=\/wp\/v2\/media\/29051"}],"wp:attachment":[{"href":"https:\/\/www.vkpbratislava.sk\/index.php?rest_route=%2Fwp%2Fv2%2Fmedia&parent=28845"}],"wp:term":[{"taxonomy":"category","embeddable":true,"href":"https:\/\/www.vkpbratislava.sk\/index.php?rest_route=%2Fwp%2Fv2%2Fcategories&post=28845"},{"taxonomy":"post_tag","embeddable":true,"href":"https:\/\/www.vkpbratislava.sk\/index.php?rest_route=%2Fwp%2Fv2%2Ftags&post=28845"}],"curies":[{"name":"wp","href":"https:\/\/api.w.org\/{rel}","templated":true}]}}