{"id":29732,"date":"2024-02-19T10:41:56","date_gmt":"2024-02-19T09:41:56","guid":{"rendered":"https:\/\/www.vkpbratislava.sk\/?p=29732"},"modified":"2024-03-10T14:05:26","modified_gmt":"2024-03-10T13:05:26","slug":"komarno-stale-chuti-vymena-na-cele-tabulky","status":"publish","type":"post","link":"https:\/\/www.vkpbratislava.sk\/?p=29732","title":{"rendered":"Kom\u00e1rno st\u00e1le chut\u00ed, v\u00fdmena na \u010dele tabu\u013eky"},"content":{"rendered":"<p><strong>Volejbalisti VKP FTV\u0160 UK Bratislava si v 4. kole nadstavby Nik\u00e9 Extraligy suver\u00e9nne poradili s Kom\u00e1rnom 3:0.<\/strong><\/p>\n<p><b>Nik\u00e9 Extraliga mu\u017ei \u2013<\/b><b>\u00a0nadstavba &#8211; skupina o 1. &#8211; 4. miesto -4<\/b><b>. kolo \u2013 sobota:<\/b><b><\/b><\/p>\n<p><b>VKP FTV\u0160 UK Bratislava<\/b><b>\u00a0\u2013 <\/b><b>Rieker UJS Kom\u00e1rno<\/b><b>\u00a0<\/b><b>3<\/b><b>:<\/b><b>0<\/b><b>\u00a0(<\/b><b>22<\/b><b>,<\/b><b>\u00a022<\/b><b>,<\/b><b>\u00a022<\/b><b>)<\/b><b><\/b><\/p>\n<p><b>Rozhodovali: <\/b>Tir\u0161el a Schimpl, 320\u00a0div\u00e1kov.<b><\/b><\/p>\n<p><b>VKP FTV\u0160 UK<\/b><b>:<\/b><b>\u00a0<\/b>Fo\u0159t 9, Marjov 7, Za\u0165ko 1, Truba\u010d 13, Billich 11, Van\u010do 17, libero \u013d. Nemec (\u010cereven\u00e1k 0).<b>\u00a0<\/b>Tr\u00e9ner:\u00a0R. P\u011blucha.<b><\/b><\/p>\n<p><b>RIEKER UJS<\/b><b>:<\/b><b>\u00a0<\/b>Ma\u010duha 8, Kasperkevi\u010d 0, S\u00e1nta 14, Koh\u00fat 7, Gergely 3, Pavelka 14, libero Pati-Nagy (P. Porubsk\u00fd 0, B. Han\u00fasek 3).\u00a0Tr\u00e9ner:\u00a0R. Vlkolinsk\u00fd.<\/p>\n<p><b>Hr\u00e1\u010di z\u00e1pasu: <\/b>Adri\u00e1n Van\u010do\u00a0(VKP FTV\u0160 UK Bratislava) \u2013 Martin Pavelka\u00a0(Rieker UJS Kom\u00e1rno)<b><\/b><\/p>\n<p><b>Robin P\u011blucha<\/b><b>, tr\u00e9ner <\/b><b>VKP FTV\u0160 UK<\/b><b>:<\/b><i> \u201cTe\u0161\u00edme sa z v\u00fdhry 3:0. Proti Kom\u00e1rnu to bol druh\u00fd z\u00e1pas po sebe v priebehu \u0161iestich dn\u00ed. S\u00faper mal probl\u00e9my s\u00e1m so sebou. To sme vyu\u017eili a ideme \u010falej.\u201d<br \/>\n<\/i><\/p>\n<p><b>Richard Vlkolinsk\u00fd<\/b><b>, tr\u00e9ner <\/b><b>Rieker UJS<\/b><b>:<\/b><i> \u201cDom\u00e1ci vyhrali zasl\u00fa\u017eene. V priebehu z\u00e1pasu mali st\u00e1le n\u00e1skok, ktor\u00fd sme likvidovali, ale nepodarilo sa n\u00e1m ho dohna\u0165. \u00a0V\u0161etko boli relat\u00edvne koncovky, ale v\u0161etku hru v moci mal VKP.\u201d<\/i><\/p>\n","protected":false},"excerpt":{"rendered":"<p>Volejbalisti VKP FTV\u0160 UK Bratislava si v 4. kole nadstavby Nik\u00e9 Extraligy suver\u00e9nne poradili s Kom\u00e1rnom 3:0.<\/p>\n","protected":false},"author":3,"featured_media":29638,"comment_status":"closed","ping_status":"closed","sticky":false,"template":"","format":"standard","meta":{"_monsterinsights_skip_tracking":false,"_monsterinsights_sitenote_active":false,"_monsterinsights_sitenote_note":"","_monsterinsights_sitenote_category":0,"footnotes":""},"categories":[47],"tags":[],"class_list":["post-29732","post","type-post","status-publish","format-standard","has-post-thumbnail","hentry","category-muzi"],"yoast_head":"<!-- This site is optimized with the Yoast SEO plugin v25.6 - https:\/\/yoast.com\/wordpress\/plugins\/seo\/ -->\n<title>Kom\u00e1rno st\u00e1le chut\u00ed, v\u00fdmena na \u010dele tabu\u013eky - VK SLOVAN Bratislava<\/title>\n<meta name=\"description\" content=\"Volejbalisti VKP FTV\u0160 UK Bratislava si v 10. kole Nik\u00e9 extraligy mu\u017eov doma hladko poradili s Tren\u010d\u00ednom 3:0.\" \/>\n<meta name=\"robots\" content=\"index, follow, max-snippet:-1, max-image-preview:large, max-video-preview:-1\" \/>\n<link rel=\"canonical\" href=\"https:\/\/www.vkpbratislava.sk\/?p=29732\" \/>\n<meta property=\"og:locale\" content=\"sk_SK\" \/>\n<meta property=\"og:type\" content=\"article\" \/>\n<meta property=\"og:title\" content=\"Kom\u00e1rno st\u00e1le chut\u00ed, v\u00fdmena na \u010dele tabu\u013eky - VK SLOVAN Bratislava\" \/>\n<meta property=\"og:description\" content=\"Volejbalisti VKP FTV\u0160 UK Bratislava si v 10. kole Nik\u00e9 extraligy mu\u017eov doma hladko poradili s Tren\u010d\u00ednom 3:0.\" \/>\n<meta property=\"og:url\" content=\"https:\/\/www.vkpbratislava.sk\/?p=29732\" \/>\n<meta property=\"og:site_name\" content=\"VK SLOVAN Bratislava\" \/>\n<meta property=\"article:published_time\" content=\"2024-02-19T09:41:56+00:00\" \/>\n<meta property=\"article:modified_time\" content=\"2024-03-10T13:05:26+00:00\" \/>\n<meta property=\"og:image\" content=\"https:\/\/www.vkpbratislava.sk\/wp-content\/uploads\/2024\/02\/20240217_VKP-FTVS-UK-BA-M-vs-Komarno_IUR00178-1280x854.jpg\" \/>\n\t<meta property=\"og:image:width\" content=\"1280\" \/>\n\t<meta property=\"og:image:height\" content=\"854\" \/>\n\t<meta property=\"og:image:type\" content=\"image\/jpeg\" \/>\n<meta name=\"author\" content=\"jenca\" \/>\n<meta name=\"twitter:card\" content=\"summary_large_image\" \/>\n<meta name=\"twitter:label1\" content=\"Autor\" \/>\n\t<meta name=\"twitter:data1\" content=\"jenca\" \/>\n\t<meta name=\"twitter:label2\" content=\"Predpokladan\u00fd \u010das \u010d\u00edtania\" \/>\n\t<meta name=\"twitter:data2\" content=\"2 min\u00faty\" \/>\n<script type=\"application\/ld+json\" class=\"yoast-schema-graph\">{\"@context\":\"https:\/\/schema.org\",\"@graph\":[{\"@type\":\"Article\",\"@id\":\"https:\/\/www.vkpbratislava.sk\/?p=29732#article\",\"isPartOf\":{\"@id\":\"https:\/\/www.vkpbratislava.sk\/?p=29732\"},\"author\":{\"name\":\"jenca\",\"@id\":\"https:\/\/www.vkpbratislava.sk\/#\/schema\/person\/7037e769f9515aa58493d1b5852c4c50\"},\"headline\":\"Kom\u00e1rno st\u00e1le chut\u00ed, v\u00fdmena na \u010dele tabu\u013eky\",\"datePublished\":\"2024-02-19T09:41:56+00:00\",\"dateModified\":\"2024-03-10T13:05:26+00:00\",\"mainEntityOfPage\":{\"@id\":\"https:\/\/www.vkpbratislava.sk\/?p=29732\"},\"wordCount\":205,\"publisher\":{\"@id\":\"https:\/\/www.vkpbratislava.sk\/#organization\"},\"image\":{\"@id\":\"https:\/\/www.vkpbratislava.sk\/?p=29732#primaryimage\"},\"thumbnailUrl\":\"https:\/\/www.vkpbratislava.sk\/wp-content\/uploads\/2024\/02\/20240217_VKP-FTVS-UK-BA-M-vs-Komarno_IUR00178.jpg\",\"articleSection\":[\"Mu\u017ei\"],\"inLanguage\":\"sk-SK\"},{\"@type\":\"WebPage\",\"@id\":\"https:\/\/www.vkpbratislava.sk\/?p=29732\",\"url\":\"https:\/\/www.vkpbratislava.sk\/?p=29732\",\"name\":\"Kom\u00e1rno st\u00e1le chut\u00ed, v\u00fdmena na \u010dele tabu\u013eky - VK SLOVAN Bratislava\",\"isPartOf\":{\"@id\":\"https:\/\/www.vkpbratislava.sk\/#website\"},\"primaryImageOfPage\":{\"@id\":\"https:\/\/www.vkpbratislava.sk\/?p=29732#primaryimage\"},\"image\":{\"@id\":\"https:\/\/www.vkpbratislava.sk\/?p=29732#primaryimage\"},\"thumbnailUrl\":\"https:\/\/www.vkpbratislava.sk\/wp-content\/uploads\/2024\/02\/20240217_VKP-FTVS-UK-BA-M-vs-Komarno_IUR00178.jpg\",\"datePublished\":\"2024-02-19T09:41:56+00:00\",\"dateModified\":\"2024-03-10T13:05:26+00:00\",\"description\":\"Volejbalisti VKP FTV\u0160 UK Bratislava si v 10. kole Nik\u00e9 extraligy mu\u017eov doma hladko poradili s Tren\u010d\u00ednom 3:0.\",\"breadcrumb\":{\"@id\":\"https:\/\/www.vkpbratislava.sk\/?p=29732#breadcrumb\"},\"inLanguage\":\"sk-SK\",\"potentialAction\":[{\"@type\":\"ReadAction\",\"target\":[\"https:\/\/www.vkpbratislava.sk\/?p=29732\"]}]},{\"@type\":\"ImageObject\",\"inLanguage\":\"sk-SK\",\"@id\":\"https:\/\/www.vkpbratislava.sk\/?p=29732#primaryimage\",\"url\":\"https:\/\/www.vkpbratislava.sk\/wp-content\/uploads\/2024\/02\/20240217_VKP-FTVS-UK-BA-M-vs-Komarno_IUR00178.jpg\",\"contentUrl\":\"https:\/\/www.vkpbratislava.sk\/wp-content\/uploads\/2024\/02\/20240217_VKP-FTVS-UK-BA-M-vs-Komarno_IUR00178.jpg\",\"width\":2500,\"height\":1667},{\"@type\":\"BreadcrumbList\",\"@id\":\"https:\/\/www.vkpbratislava.sk\/?p=29732#breadcrumb\",\"itemListElement\":[{\"@type\":\"ListItem\",\"position\":1,\"name\":\"Domov\",\"item\":\"https:\/\/www.vkpbratislava.sk\/\"},{\"@type\":\"ListItem\",\"position\":2,\"name\":\"Kom\u00e1rno st\u00e1le chut\u00ed, v\u00fdmena na \u010dele tabu\u013eky\"}]},{\"@type\":\"WebSite\",\"@id\":\"https:\/\/www.vkpbratislava.sk\/#website\",\"url\":\"https:\/\/www.vkpbratislava.sk\/\",\"name\":\"VK SLOVAN Bratislava\",\"description\":\"Volejbalov\u00fd klub\",\"publisher\":{\"@id\":\"https:\/\/www.vkpbratislava.sk\/#organization\"},\"potentialAction\":[{\"@type\":\"SearchAction\",\"target\":{\"@type\":\"EntryPoint\",\"urlTemplate\":\"https:\/\/www.vkpbratislava.sk\/?s={search_term_string}\"},\"query-input\":{\"@type\":\"PropertyValueSpecification\",\"valueRequired\":true,\"valueName\":\"search_term_string\"}}],\"inLanguage\":\"sk-SK\"},{\"@type\":\"Organization\",\"@id\":\"https:\/\/www.vkpbratislava.sk\/#organization\",\"name\":\"VKP Bratislava\",\"url\":\"https:\/\/www.vkpbratislava.sk\/\",\"logo\":{\"@type\":\"ImageObject\",\"inLanguage\":\"sk-SK\",\"@id\":\"https:\/\/www.vkpbratislava.sk\/#\/schema\/logo\/image\/\",\"url\":\"https:\/\/www.vkpbratislava.sk\/wp-content\/uploads\/2020\/10\/vkpBA.png\",\"contentUrl\":\"https:\/\/www.vkpbratislava.sk\/wp-content\/uploads\/2020\/10\/vkpBA.png\",\"width\":600,\"height\":600,\"caption\":\"VKP Bratislava\"},\"image\":{\"@id\":\"https:\/\/www.vkpbratislava.sk\/#\/schema\/logo\/image\/\"}},{\"@type\":\"Person\",\"@id\":\"https:\/\/www.vkpbratislava.sk\/#\/schema\/person\/7037e769f9515aa58493d1b5852c4c50\",\"name\":\"jenca\",\"image\":{\"@type\":\"ImageObject\",\"inLanguage\":\"sk-SK\",\"@id\":\"https:\/\/www.vkpbratislava.sk\/#\/schema\/person\/image\/\",\"url\":\"https:\/\/secure.gravatar.com\/avatar\/67aa89e9aab2911bbd0c6fbf0a891ea8d80c207c9b6a6e2c96e13fc2f16e536d?s=96&d=mm&r=g\",\"contentUrl\":\"https:\/\/secure.gravatar.com\/avatar\/67aa89e9aab2911bbd0c6fbf0a891ea8d80c207c9b6a6e2c96e13fc2f16e536d?s=96&d=mm&r=g\",\"caption\":\"jenca\"},\"url\":\"https:\/\/www.vkpbratislava.sk\/?author=3\"}]}<\/script>\n<!-- \/ Yoast SEO plugin. -->","yoast_head_json":{"title":"Kom\u00e1rno st\u00e1le chut\u00ed, v\u00fdmena na \u010dele tabu\u013eky - VK SLOVAN Bratislava","description":"Volejbalisti VKP FTV\u0160 UK Bratislava si v 10. kole Nik\u00e9 extraligy mu\u017eov doma hladko poradili s Tren\u010d\u00ednom 3:0.","robots":{"index":"index","follow":"follow","max-snippet":"max-snippet:-1","max-image-preview":"max-image-preview:large","max-video-preview":"max-video-preview:-1"},"canonical":"https:\/\/www.vkpbratislava.sk\/?p=29732","og_locale":"sk_SK","og_type":"article","og_title":"Kom\u00e1rno st\u00e1le chut\u00ed, v\u00fdmena na \u010dele tabu\u013eky - VK SLOVAN Bratislava","og_description":"Volejbalisti VKP FTV\u0160 UK Bratislava si v 10. kole Nik\u00e9 extraligy mu\u017eov doma hladko poradili s Tren\u010d\u00ednom 3:0.","og_url":"https:\/\/www.vkpbratislava.sk\/?p=29732","og_site_name":"VK SLOVAN Bratislava","article_published_time":"2024-02-19T09:41:56+00:00","article_modified_time":"2024-03-10T13:05:26+00:00","og_image":[{"width":1280,"height":854,"url":"https:\/\/www.vkpbratislava.sk\/wp-content\/uploads\/2024\/02\/20240217_VKP-FTVS-UK-BA-M-vs-Komarno_IUR00178-1280x854.jpg","type":"image\/jpeg"}],"author":"jenca","twitter_card":"summary_large_image","twitter_misc":{"Autor":"jenca","Predpokladan\u00fd \u010das \u010d\u00edtania":"2 min\u00faty"},"schema":{"@context":"https:\/\/schema.org","@graph":[{"@type":"Article","@id":"https:\/\/www.vkpbratislava.sk\/?p=29732#article","isPartOf":{"@id":"https:\/\/www.vkpbratislava.sk\/?p=29732"},"author":{"name":"jenca","@id":"https:\/\/www.vkpbratislava.sk\/#\/schema\/person\/7037e769f9515aa58493d1b5852c4c50"},"headline":"Kom\u00e1rno st\u00e1le chut\u00ed, v\u00fdmena na \u010dele tabu\u013eky","datePublished":"2024-02-19T09:41:56+00:00","dateModified":"2024-03-10T13:05:26+00:00","mainEntityOfPage":{"@id":"https:\/\/www.vkpbratislava.sk\/?p=29732"},"wordCount":205,"publisher":{"@id":"https:\/\/www.vkpbratislava.sk\/#organization"},"image":{"@id":"https:\/\/www.vkpbratislava.sk\/?p=29732#primaryimage"},"thumbnailUrl":"https:\/\/www.vkpbratislava.sk\/wp-content\/uploads\/2024\/02\/20240217_VKP-FTVS-UK-BA-M-vs-Komarno_IUR00178.jpg","articleSection":["Mu\u017ei"],"inLanguage":"sk-SK"},{"@type":"WebPage","@id":"https:\/\/www.vkpbratislava.sk\/?p=29732","url":"https:\/\/www.vkpbratislava.sk\/?p=29732","name":"Kom\u00e1rno st\u00e1le chut\u00ed, v\u00fdmena na \u010dele tabu\u013eky - VK SLOVAN Bratislava","isPartOf":{"@id":"https:\/\/www.vkpbratislava.sk\/#website"},"primaryImageOfPage":{"@id":"https:\/\/www.vkpbratislava.sk\/?p=29732#primaryimage"},"image":{"@id":"https:\/\/www.vkpbratislava.sk\/?p=29732#primaryimage"},"thumbnailUrl":"https:\/\/www.vkpbratislava.sk\/wp-content\/uploads\/2024\/02\/20240217_VKP-FTVS-UK-BA-M-vs-Komarno_IUR00178.jpg","datePublished":"2024-02-19T09:41:56+00:00","dateModified":"2024-03-10T13:05:26+00:00","description":"Volejbalisti VKP FTV\u0160 UK Bratislava si v 10. kole Nik\u00e9 extraligy mu\u017eov doma hladko poradili s Tren\u010d\u00ednom 3:0.","breadcrumb":{"@id":"https:\/\/www.vkpbratislava.sk\/?p=29732#breadcrumb"},"inLanguage":"sk-SK","potentialAction":[{"@type":"ReadAction","target":["https:\/\/www.vkpbratislava.sk\/?p=29732"]}]},{"@type":"ImageObject","inLanguage":"sk-SK","@id":"https:\/\/www.vkpbratislava.sk\/?p=29732#primaryimage","url":"https:\/\/www.vkpbratislava.sk\/wp-content\/uploads\/2024\/02\/20240217_VKP-FTVS-UK-BA-M-vs-Komarno_IUR00178.jpg","contentUrl":"https:\/\/www.vkpbratislava.sk\/wp-content\/uploads\/2024\/02\/20240217_VKP-FTVS-UK-BA-M-vs-Komarno_IUR00178.jpg","width":2500,"height":1667},{"@type":"BreadcrumbList","@id":"https:\/\/www.vkpbratislava.sk\/?p=29732#breadcrumb","itemListElement":[{"@type":"ListItem","position":1,"name":"Domov","item":"https:\/\/www.vkpbratislava.sk\/"},{"@type":"ListItem","position":2,"name":"Kom\u00e1rno st\u00e1le chut\u00ed, v\u00fdmena na \u010dele tabu\u013eky"}]},{"@type":"WebSite","@id":"https:\/\/www.vkpbratislava.sk\/#website","url":"https:\/\/www.vkpbratislava.sk\/","name":"VK SLOVAN Bratislava","description":"Volejbalov\u00fd klub","publisher":{"@id":"https:\/\/www.vkpbratislava.sk\/#organization"},"potentialAction":[{"@type":"SearchAction","target":{"@type":"EntryPoint","urlTemplate":"https:\/\/www.vkpbratislava.sk\/?s={search_term_string}"},"query-input":{"@type":"PropertyValueSpecification","valueRequired":true,"valueName":"search_term_string"}}],"inLanguage":"sk-SK"},{"@type":"Organization","@id":"https:\/\/www.vkpbratislava.sk\/#organization","name":"VKP Bratislava","url":"https:\/\/www.vkpbratislava.sk\/","logo":{"@type":"ImageObject","inLanguage":"sk-SK","@id":"https:\/\/www.vkpbratislava.sk\/#\/schema\/logo\/image\/","url":"https:\/\/www.vkpbratislava.sk\/wp-content\/uploads\/2020\/10\/vkpBA.png","contentUrl":"https:\/\/www.vkpbratislava.sk\/wp-content\/uploads\/2020\/10\/vkpBA.png","width":600,"height":600,"caption":"VKP Bratislava"},"image":{"@id":"https:\/\/www.vkpbratislava.sk\/#\/schema\/logo\/image\/"}},{"@type":"Person","@id":"https:\/\/www.vkpbratislava.sk\/#\/schema\/person\/7037e769f9515aa58493d1b5852c4c50","name":"jenca","image":{"@type":"ImageObject","inLanguage":"sk-SK","@id":"https:\/\/www.vkpbratislava.sk\/#\/schema\/person\/image\/","url":"https:\/\/secure.gravatar.com\/avatar\/67aa89e9aab2911bbd0c6fbf0a891ea8d80c207c9b6a6e2c96e13fc2f16e536d?s=96&d=mm&r=g","contentUrl":"https:\/\/secure.gravatar.com\/avatar\/67aa89e9aab2911bbd0c6fbf0a891ea8d80c207c9b6a6e2c96e13fc2f16e536d?s=96&d=mm&r=g","caption":"jenca"},"url":"https:\/\/www.vkpbratislava.sk\/?author=3"}]}},"_links":{"self":[{"href":"https:\/\/www.vkpbratislava.sk\/index.php?rest_route=\/wp\/v2\/posts\/29732","targetHints":{"allow":["GET"]}}],"collection":[{"href":"https:\/\/www.vkpbratislava.sk\/index.php?rest_route=\/wp\/v2\/posts"}],"about":[{"href":"https:\/\/www.vkpbratislava.sk\/index.php?rest_route=\/wp\/v2\/types\/post"}],"author":[{"embeddable":true,"href":"https:\/\/www.vkpbratislava.sk\/index.php?rest_route=\/wp\/v2\/users\/3"}],"replies":[{"embeddable":true,"href":"https:\/\/www.vkpbratislava.sk\/index.php?rest_route=%2Fwp%2Fv2%2Fcomments&post=29732"}],"version-history":[{"count":2,"href":"https:\/\/www.vkpbratislava.sk\/index.php?rest_route=\/wp\/v2\/posts\/29732\/revisions"}],"predecessor-version":[{"id":30559,"href":"https:\/\/www.vkpbratislava.sk\/index.php?rest_route=\/wp\/v2\/posts\/29732\/revisions\/30559"}],"wp:featuredmedia":[{"embeddable":true,"href":"https:\/\/www.vkpbratislava.sk\/index.php?rest_route=\/wp\/v2\/media\/29638"}],"wp:attachment":[{"href":"https:\/\/www.vkpbratislava.sk\/index.php?rest_route=%2Fwp%2Fv2%2Fmedia&parent=29732"}],"wp:term":[{"taxonomy":"category","embeddable":true,"href":"https:\/\/www.vkpbratislava.sk\/index.php?rest_route=%2Fwp%2Fv2%2Fcategories&post=29732"},{"taxonomy":"post_tag","embeddable":true,"href":"https:\/\/www.vkpbratislava.sk\/index.php?rest_route=%2Fwp%2Fv2%2Ftags&post=29732"}],"curies":[{"name":"wp","href":"https:\/\/api.w.org\/{rel}","templated":true}]}}