{"id":31802,"date":"2024-04-01T13:15:15","date_gmt":"2024-04-01T11:15:15","guid":{"rendered":"https:\/\/www.vkpbratislava.sk\/?p=31802"},"modified":"2024-04-01T13:48:32","modified_gmt":"2024-04-01T11:48:32","slug":"najlepsi-blokar-extraligy-opusta-vkp-pred-finale","status":"publish","type":"post","link":"https:\/\/www.vkpbratislava.sk\/?p=31802","title":{"rendered":"VKP vo fin\u00e1le bez jeho kapit\u00e1na a najlep\u0161ieho blok\u00e1ra extraligy"},"content":{"rendered":"<div>\n<div>\n<h6 dir=\"auto\"><strong>\u0160okuj\u00faca spr\u00e1va pre v\u0161etk\u00fdch funkcion\u00e1rov a\u00a0fan\u00fa\u0161ikov VKP Bratislava. Blok\u00e1r Andrej Billich (21) pred fin\u00e1le Nik\u00e9 Extraligy s\u00a0Kom\u00e1rnom z klubu odch\u00e1dza.<\/strong><\/h6>\n<p><small>\u00a0Cel\u00fa sez\u00f3nu bol oporou VKP, najlep\u0161\u00edm blok\u00e1rom s\u00fa\u0165a\u017ee s\u00a090 blokmi a\u00a0po zranen\u00ed Juraja Za\u0165ka sa stal kapit\u00e1nom mu\u017estva. Po postupe do fin\u00e1le v\u0161ak klubu ozn\u00e1mil, \u017ee 6. apr\u00edla sad\u00e1 na lietadlo a\u00a0cez oce\u00e1n\u00a0let\u00ed za svojim celo\u017eivotn\u00fdm snom a\u017e do USA, Kalifornie. Podarilo sa mu z\u00edska\u0165 \u0161portov\u00e9 \u0161tipendium na jednej z\u00a0najprest\u00ed\u017enej\u0161\u00edch americk\u00fdch univerz\u00edt \u2013 UCLA. <strong>\u201eBolo to ve\u013emi n\u00e1ro\u010dn\u00e9 a\u00a0dlh\u00e9 rozhodovanie, ale tak\u00e1to pr\u00edle\u017eitos\u0165 pr\u00edde iba raz za \u017eivot. Lietadl\u00e1 boli mojou srdcovkou u\u017e od mali\u010dka, odbor leteck\u00e9 in\u017einierstvo je k\u00a0nim azda najbli\u017e\u0161ie,\u201d<\/strong> poznamenal rod\u00e1k z\u00a0Popradu.<\/small><\/p>\n<p dir=\"auto\"><small>Aj napriek prioritn\u00e9mu \u0161t\u00fadiu nepl\u00e1nuje zahodi\u0165 volejbalov\u00fa kari\u00e9ru za hlavu. <strong>\u201eOkrem kvalitn\u00e9ho \u0161t\u00fadia, UCLA \u0161kola pon\u00faka v\u00fdborn\u00e9 podmienky pre \u0161portovcov. Bude to pre m\u0148a ve\u013ek\u00e1 v\u00fdzva prida\u0165 sa k\u00a0najlep\u0161iemu univerzitn\u00e9mu t\u00edmu v\u00a0rebr\u00ed\u010dku NCAA.\u201c<\/strong><\/small><\/p>\n<\/div>\n<\/div>\n<div>\n<div>\n<p><small>Nech\u00fdbal ani odkaz fan\u00fa\u0161ikom a\u00a0spoluhr\u00e1\u010dom. <strong>\u201eVe\u013emi si v\u00e1\u017eim v\u0161etku podporu a\u00a0\u010fakujem za tieto 3 roky, ktor\u00e9 som vo VKP str\u00e1vil. Spoznal som skvel\u00fdch \u013eud\u00ed a\u00a0ve\u013ea som sa nau\u010dil. Chalanom \u017eel\u00e1m ve\u013ea \u0161\u0165astia v\u00a0bitke o\u00a0titul a\u00a0ver\u00edm, \u017ee sa im podar\u00ed dosiahnu\u0165 double.\u201c\u00a0<\/strong><\/small><\/p>\n<p dir=\"auto\"><small>A\u010fovi v\u00a0mene cel\u00e9ho klubu \u010fakujeme a\u00a0prajeme mu za velkou ml\u00e1kou ve\u013ea \u0161\u0165astia a \u00faspechov.<\/small><\/p>\n<p dir=\"auto\"><small>PS: Je 1. apr\u00edla.<\/small><\/p>\n<\/div>\n<\/div>\n","protected":false},"excerpt":{"rendered":"<p>\u0160okuj\u00faca spr\u00e1va pre v\u0161etk\u00fdch funkcion\u00e1rov a\u00a0fan\u00fa\u0161ikov VKP Bratislava. Blok\u00e1r Andrej Billich (21) pred fin\u00e1le Nik\u00e9 Extraligy s\u00a0Kom\u00e1rnom klub opust\u00ed.<\/p>\n","protected":false},"author":3,"featured_media":31272,"comment_status":"closed","ping_status":"closed","sticky":false,"template":"","format":"standard","meta":{"_monsterinsights_skip_tracking":false,"_monsterinsights_sitenote_active":false,"_monsterinsights_sitenote_note":"","_monsterinsights_sitenote_category":0,"footnotes":""},"categories":[1],"tags":[],"class_list":["post-31802","post","type-post","status-publish","format-standard","has-post-thumbnail","hentry","category-nezaradene"],"yoast_head":"<!-- This site is optimized with the Yoast SEO plugin v25.6 - https:\/\/yoast.com\/wordpress\/plugins\/seo\/ -->\n<title>VKP vo fin\u00e1le bez jeho kapit\u00e1na a najlep\u0161ieho blok\u00e1ra extraligy - VK SLOVAN Bratislava<\/title>\n<meta name=\"robots\" content=\"index, follow, max-snippet:-1, max-image-preview:large, max-video-preview:-1\" \/>\n<link rel=\"canonical\" href=\"https:\/\/www.vkpbratislava.sk\/?p=31802\" \/>\n<meta property=\"og:locale\" content=\"sk_SK\" \/>\n<meta property=\"og:type\" content=\"article\" \/>\n<meta property=\"og:title\" content=\"VKP vo fin\u00e1le bez jeho kapit\u00e1na a najlep\u0161ieho blok\u00e1ra extraligy - VK SLOVAN Bratislava\" \/>\n<meta property=\"og:description\" content=\"\u0160okuj\u00faca spr\u00e1va pre v\u0161etk\u00fdch funkcion\u00e1rov a\u00a0fan\u00fa\u0161ikov VKP Bratislava. Blok\u00e1r Andrej Billich (21) pred fin\u00e1le Nik\u00e9 Extraligy s\u00a0Kom\u00e1rnom klub opust\u00ed.\" \/>\n<meta property=\"og:url\" content=\"https:\/\/www.vkpbratislava.sk\/?p=31802\" \/>\n<meta property=\"og:site_name\" content=\"VK SLOVAN Bratislava\" \/>\n<meta property=\"article:published_time\" content=\"2024-04-01T11:15:15+00:00\" \/>\n<meta property=\"article:modified_time\" content=\"2024-04-01T11:48:32+00:00\" \/>\n<meta property=\"og:image\" content=\"https:\/\/www.vkpbratislava.sk\/wp-content\/uploads\/2024\/03\/MS_202403_ELVKPvsMyjava-61-1.jpg\" \/>\n\t<meta property=\"og:image:width\" content=\"2048\" \/>\n\t<meta property=\"og:image:height\" content=\"1365\" \/>\n\t<meta property=\"og:image:type\" content=\"image\/jpeg\" \/>\n<meta name=\"author\" content=\"jenca\" \/>\n<meta name=\"twitter:card\" content=\"summary_large_image\" \/>\n<meta name=\"twitter:label1\" content=\"Autor\" \/>\n\t<meta name=\"twitter:data1\" content=\"jenca\" \/>\n\t<meta name=\"twitter:label2\" content=\"Predpokladan\u00fd \u010das \u010d\u00edtania\" \/>\n\t<meta name=\"twitter:data2\" content=\"1 min\u00fata\" \/>\n<script type=\"application\/ld+json\" class=\"yoast-schema-graph\">{\"@context\":\"https:\/\/schema.org\",\"@graph\":[{\"@type\":\"Article\",\"@id\":\"https:\/\/www.vkpbratislava.sk\/?p=31802#article\",\"isPartOf\":{\"@id\":\"https:\/\/www.vkpbratislava.sk\/?p=31802\"},\"author\":{\"name\":\"jenca\",\"@id\":\"https:\/\/www.vkpbratislava.sk\/#\/schema\/person\/7037e769f9515aa58493d1b5852c4c50\"},\"headline\":\"VKP vo fin\u00e1le bez jeho kapit\u00e1na a najlep\u0161ieho blok\u00e1ra extraligy\",\"datePublished\":\"2024-04-01T11:15:15+00:00\",\"dateModified\":\"2024-04-01T11:48:32+00:00\",\"mainEntityOfPage\":{\"@id\":\"https:\/\/www.vkpbratislava.sk\/?p=31802\"},\"wordCount\":299,\"publisher\":{\"@id\":\"https:\/\/www.vkpbratislava.sk\/#organization\"},\"image\":{\"@id\":\"https:\/\/www.vkpbratislava.sk\/?p=31802#primaryimage\"},\"thumbnailUrl\":\"https:\/\/www.vkpbratislava.sk\/wp-content\/uploads\/2024\/03\/MS_202403_ELVKPvsMyjava-61-1.jpg\",\"inLanguage\":\"sk-SK\"},{\"@type\":\"WebPage\",\"@id\":\"https:\/\/www.vkpbratislava.sk\/?p=31802\",\"url\":\"https:\/\/www.vkpbratislava.sk\/?p=31802\",\"name\":\"VKP vo fin\u00e1le bez jeho kapit\u00e1na a najlep\u0161ieho blok\u00e1ra extraligy - VK SLOVAN Bratislava\",\"isPartOf\":{\"@id\":\"https:\/\/www.vkpbratislava.sk\/#website\"},\"primaryImageOfPage\":{\"@id\":\"https:\/\/www.vkpbratislava.sk\/?p=31802#primaryimage\"},\"image\":{\"@id\":\"https:\/\/www.vkpbratislava.sk\/?p=31802#primaryimage\"},\"thumbnailUrl\":\"https:\/\/www.vkpbratislava.sk\/wp-content\/uploads\/2024\/03\/MS_202403_ELVKPvsMyjava-61-1.jpg\",\"datePublished\":\"2024-04-01T11:15:15+00:00\",\"dateModified\":\"2024-04-01T11:48:32+00:00\",\"breadcrumb\":{\"@id\":\"https:\/\/www.vkpbratislava.sk\/?p=31802#breadcrumb\"},\"inLanguage\":\"sk-SK\",\"potentialAction\":[{\"@type\":\"ReadAction\",\"target\":[\"https:\/\/www.vkpbratislava.sk\/?p=31802\"]}]},{\"@type\":\"ImageObject\",\"inLanguage\":\"sk-SK\",\"@id\":\"https:\/\/www.vkpbratislava.sk\/?p=31802#primaryimage\",\"url\":\"https:\/\/www.vkpbratislava.sk\/wp-content\/uploads\/2024\/03\/MS_202403_ELVKPvsMyjava-61-1.jpg\",\"contentUrl\":\"https:\/\/www.vkpbratislava.sk\/wp-content\/uploads\/2024\/03\/MS_202403_ELVKPvsMyjava-61-1.jpg\",\"width\":2048,\"height\":1365},{\"@type\":\"BreadcrumbList\",\"@id\":\"https:\/\/www.vkpbratislava.sk\/?p=31802#breadcrumb\",\"itemListElement\":[{\"@type\":\"ListItem\",\"position\":1,\"name\":\"Domov\",\"item\":\"https:\/\/www.vkpbratislava.sk\/\"},{\"@type\":\"ListItem\",\"position\":2,\"name\":\"VKP vo fin\u00e1le bez jeho kapit\u00e1na a najlep\u0161ieho blok\u00e1ra extraligy\"}]},{\"@type\":\"WebSite\",\"@id\":\"https:\/\/www.vkpbratislava.sk\/#website\",\"url\":\"https:\/\/www.vkpbratislava.sk\/\",\"name\":\"VK SLOVAN Bratislava\",\"description\":\"Volejbalov\u00fd klub\",\"publisher\":{\"@id\":\"https:\/\/www.vkpbratislava.sk\/#organization\"},\"potentialAction\":[{\"@type\":\"SearchAction\",\"target\":{\"@type\":\"EntryPoint\",\"urlTemplate\":\"https:\/\/www.vkpbratislava.sk\/?s={search_term_string}\"},\"query-input\":{\"@type\":\"PropertyValueSpecification\",\"valueRequired\":true,\"valueName\":\"search_term_string\"}}],\"inLanguage\":\"sk-SK\"},{\"@type\":\"Organization\",\"@id\":\"https:\/\/www.vkpbratislava.sk\/#organization\",\"name\":\"VKP Bratislava\",\"url\":\"https:\/\/www.vkpbratislava.sk\/\",\"logo\":{\"@type\":\"ImageObject\",\"inLanguage\":\"sk-SK\",\"@id\":\"https:\/\/www.vkpbratislava.sk\/#\/schema\/logo\/image\/\",\"url\":\"https:\/\/www.vkpbratislava.sk\/wp-content\/uploads\/2020\/10\/vkpBA.png\",\"contentUrl\":\"https:\/\/www.vkpbratislava.sk\/wp-content\/uploads\/2020\/10\/vkpBA.png\",\"width\":600,\"height\":600,\"caption\":\"VKP Bratislava\"},\"image\":{\"@id\":\"https:\/\/www.vkpbratislava.sk\/#\/schema\/logo\/image\/\"}},{\"@type\":\"Person\",\"@id\":\"https:\/\/www.vkpbratislava.sk\/#\/schema\/person\/7037e769f9515aa58493d1b5852c4c50\",\"name\":\"jenca\",\"image\":{\"@type\":\"ImageObject\",\"inLanguage\":\"sk-SK\",\"@id\":\"https:\/\/www.vkpbratislava.sk\/#\/schema\/person\/image\/\",\"url\":\"https:\/\/secure.gravatar.com\/avatar\/67aa89e9aab2911bbd0c6fbf0a891ea8d80c207c9b6a6e2c96e13fc2f16e536d?s=96&d=mm&r=g\",\"contentUrl\":\"https:\/\/secure.gravatar.com\/avatar\/67aa89e9aab2911bbd0c6fbf0a891ea8d80c207c9b6a6e2c96e13fc2f16e536d?s=96&d=mm&r=g\",\"caption\":\"jenca\"},\"url\":\"https:\/\/www.vkpbratislava.sk\/?author=3\"}]}<\/script>\n<!-- \/ Yoast SEO plugin. -->","yoast_head_json":{"title":"VKP vo fin\u00e1le bez jeho kapit\u00e1na a najlep\u0161ieho blok\u00e1ra extraligy - VK SLOVAN Bratislava","robots":{"index":"index","follow":"follow","max-snippet":"max-snippet:-1","max-image-preview":"max-image-preview:large","max-video-preview":"max-video-preview:-1"},"canonical":"https:\/\/www.vkpbratislava.sk\/?p=31802","og_locale":"sk_SK","og_type":"article","og_title":"VKP vo fin\u00e1le bez jeho kapit\u00e1na a najlep\u0161ieho blok\u00e1ra extraligy - VK SLOVAN Bratislava","og_description":"\u0160okuj\u00faca spr\u00e1va pre v\u0161etk\u00fdch funkcion\u00e1rov a\u00a0fan\u00fa\u0161ikov VKP Bratislava. Blok\u00e1r Andrej Billich (21) pred fin\u00e1le Nik\u00e9 Extraligy s\u00a0Kom\u00e1rnom klub opust\u00ed.","og_url":"https:\/\/www.vkpbratislava.sk\/?p=31802","og_site_name":"VK SLOVAN Bratislava","article_published_time":"2024-04-01T11:15:15+00:00","article_modified_time":"2024-04-01T11:48:32+00:00","og_image":[{"width":2048,"height":1365,"url":"https:\/\/www.vkpbratislava.sk\/wp-content\/uploads\/2024\/03\/MS_202403_ELVKPvsMyjava-61-1.jpg","type":"image\/jpeg"}],"author":"jenca","twitter_card":"summary_large_image","twitter_misc":{"Autor":"jenca","Predpokladan\u00fd \u010das \u010d\u00edtania":"1 min\u00fata"},"schema":{"@context":"https:\/\/schema.org","@graph":[{"@type":"Article","@id":"https:\/\/www.vkpbratislava.sk\/?p=31802#article","isPartOf":{"@id":"https:\/\/www.vkpbratislava.sk\/?p=31802"},"author":{"name":"jenca","@id":"https:\/\/www.vkpbratislava.sk\/#\/schema\/person\/7037e769f9515aa58493d1b5852c4c50"},"headline":"VKP vo fin\u00e1le bez jeho kapit\u00e1na a najlep\u0161ieho blok\u00e1ra extraligy","datePublished":"2024-04-01T11:15:15+00:00","dateModified":"2024-04-01T11:48:32+00:00","mainEntityOfPage":{"@id":"https:\/\/www.vkpbratislava.sk\/?p=31802"},"wordCount":299,"publisher":{"@id":"https:\/\/www.vkpbratislava.sk\/#organization"},"image":{"@id":"https:\/\/www.vkpbratislava.sk\/?p=31802#primaryimage"},"thumbnailUrl":"https:\/\/www.vkpbratislava.sk\/wp-content\/uploads\/2024\/03\/MS_202403_ELVKPvsMyjava-61-1.jpg","inLanguage":"sk-SK"},{"@type":"WebPage","@id":"https:\/\/www.vkpbratislava.sk\/?p=31802","url":"https:\/\/www.vkpbratislava.sk\/?p=31802","name":"VKP vo fin\u00e1le bez jeho kapit\u00e1na a najlep\u0161ieho blok\u00e1ra extraligy - VK SLOVAN Bratislava","isPartOf":{"@id":"https:\/\/www.vkpbratislava.sk\/#website"},"primaryImageOfPage":{"@id":"https:\/\/www.vkpbratislava.sk\/?p=31802#primaryimage"},"image":{"@id":"https:\/\/www.vkpbratislava.sk\/?p=31802#primaryimage"},"thumbnailUrl":"https:\/\/www.vkpbratislava.sk\/wp-content\/uploads\/2024\/03\/MS_202403_ELVKPvsMyjava-61-1.jpg","datePublished":"2024-04-01T11:15:15+00:00","dateModified":"2024-04-01T11:48:32+00:00","breadcrumb":{"@id":"https:\/\/www.vkpbratislava.sk\/?p=31802#breadcrumb"},"inLanguage":"sk-SK","potentialAction":[{"@type":"ReadAction","target":["https:\/\/www.vkpbratislava.sk\/?p=31802"]}]},{"@type":"ImageObject","inLanguage":"sk-SK","@id":"https:\/\/www.vkpbratislava.sk\/?p=31802#primaryimage","url":"https:\/\/www.vkpbratislava.sk\/wp-content\/uploads\/2024\/03\/MS_202403_ELVKPvsMyjava-61-1.jpg","contentUrl":"https:\/\/www.vkpbratislava.sk\/wp-content\/uploads\/2024\/03\/MS_202403_ELVKPvsMyjava-61-1.jpg","width":2048,"height":1365},{"@type":"BreadcrumbList","@id":"https:\/\/www.vkpbratislava.sk\/?p=31802#breadcrumb","itemListElement":[{"@type":"ListItem","position":1,"name":"Domov","item":"https:\/\/www.vkpbratislava.sk\/"},{"@type":"ListItem","position":2,"name":"VKP vo fin\u00e1le bez jeho kapit\u00e1na a najlep\u0161ieho blok\u00e1ra extraligy"}]},{"@type":"WebSite","@id":"https:\/\/www.vkpbratislava.sk\/#website","url":"https:\/\/www.vkpbratislava.sk\/","name":"VK SLOVAN Bratislava","description":"Volejbalov\u00fd klub","publisher":{"@id":"https:\/\/www.vkpbratislava.sk\/#organization"},"potentialAction":[{"@type":"SearchAction","target":{"@type":"EntryPoint","urlTemplate":"https:\/\/www.vkpbratislava.sk\/?s={search_term_string}"},"query-input":{"@type":"PropertyValueSpecification","valueRequired":true,"valueName":"search_term_string"}}],"inLanguage":"sk-SK"},{"@type":"Organization","@id":"https:\/\/www.vkpbratislava.sk\/#organization","name":"VKP Bratislava","url":"https:\/\/www.vkpbratislava.sk\/","logo":{"@type":"ImageObject","inLanguage":"sk-SK","@id":"https:\/\/www.vkpbratislava.sk\/#\/schema\/logo\/image\/","url":"https:\/\/www.vkpbratislava.sk\/wp-content\/uploads\/2020\/10\/vkpBA.png","contentUrl":"https:\/\/www.vkpbratislava.sk\/wp-content\/uploads\/2020\/10\/vkpBA.png","width":600,"height":600,"caption":"VKP Bratislava"},"image":{"@id":"https:\/\/www.vkpbratislava.sk\/#\/schema\/logo\/image\/"}},{"@type":"Person","@id":"https:\/\/www.vkpbratislava.sk\/#\/schema\/person\/7037e769f9515aa58493d1b5852c4c50","name":"jenca","image":{"@type":"ImageObject","inLanguage":"sk-SK","@id":"https:\/\/www.vkpbratislava.sk\/#\/schema\/person\/image\/","url":"https:\/\/secure.gravatar.com\/avatar\/67aa89e9aab2911bbd0c6fbf0a891ea8d80c207c9b6a6e2c96e13fc2f16e536d?s=96&d=mm&r=g","contentUrl":"https:\/\/secure.gravatar.com\/avatar\/67aa89e9aab2911bbd0c6fbf0a891ea8d80c207c9b6a6e2c96e13fc2f16e536d?s=96&d=mm&r=g","caption":"jenca"},"url":"https:\/\/www.vkpbratislava.sk\/?author=3"}]}},"_links":{"self":[{"href":"https:\/\/www.vkpbratislava.sk\/index.php?rest_route=\/wp\/v2\/posts\/31802","targetHints":{"allow":["GET"]}}],"collection":[{"href":"https:\/\/www.vkpbratislava.sk\/index.php?rest_route=\/wp\/v2\/posts"}],"about":[{"href":"https:\/\/www.vkpbratislava.sk\/index.php?rest_route=\/wp\/v2\/types\/post"}],"author":[{"embeddable":true,"href":"https:\/\/www.vkpbratislava.sk\/index.php?rest_route=\/wp\/v2\/users\/3"}],"replies":[{"embeddable":true,"href":"https:\/\/www.vkpbratislava.sk\/index.php?rest_route=%2Fwp%2Fv2%2Fcomments&post=31802"}],"version-history":[{"count":5,"href":"https:\/\/www.vkpbratislava.sk\/index.php?rest_route=\/wp\/v2\/posts\/31802\/revisions"}],"predecessor-version":[{"id":31805,"href":"https:\/\/www.vkpbratislava.sk\/index.php?rest_route=\/wp\/v2\/posts\/31802\/revisions\/31805"}],"wp:featuredmedia":[{"embeddable":true,"href":"https:\/\/www.vkpbratislava.sk\/index.php?rest_route=\/wp\/v2\/media\/31272"}],"wp:attachment":[{"href":"https:\/\/www.vkpbratislava.sk\/index.php?rest_route=%2Fwp%2Fv2%2Fmedia&parent=31802"}],"wp:term":[{"taxonomy":"category","embeddable":true,"href":"https:\/\/www.vkpbratislava.sk\/index.php?rest_route=%2Fwp%2Fv2%2Fcategories&post=31802"},{"taxonomy":"post_tag","embeddable":true,"href":"https:\/\/www.vkpbratislava.sk\/index.php?rest_route=%2Fwp%2Fv2%2Ftags&post=31802"}],"curies":[{"name":"wp","href":"https:\/\/api.w.org\/{rel}","templated":true}]}}