{"id":31818,"date":"2024-04-09T16:57:15","date_gmt":"2024-04-09T14:57:15","guid":{"rendered":"https:\/\/www.vkpbratislava.sk\/?p=31818"},"modified":"2024-04-09T19:54:27","modified_gmt":"2024-04-09T17:54:27","slug":"bratislava-sa-chysta-na-sportovy-sviatok-vkp-zabojuje-o-titul","status":"publish","type":"post","link":"https:\/\/www.vkpbratislava.sk\/?p=31818","title":{"rendered":"Bratislava sa chyst\u00e1 na \u0161portov\u00fd sviatok, VKP zabojuje o titul!"},"content":{"rendered":"<p><strong>Po roku si zopakuj\u00fa repete. Volejbalisti VKP FTV\u0160 UK Bratislava m\u00f4\u017eu k zisku Slovensk\u00e9ho poh\u00e1ra prida\u0165 aj titul majstra Slovenska v Nik\u00e9 extralige. Ziskom trofeje by si zopakovali vla\u0148aj\u0161iu sez\u00f3nu. \u017deny VKP zas maj\u00fa \u0161ancu z\u00edska\u0165 ligov\u00fd bronz.<\/strong><\/p>\n<p>VKP FTV\u0160 UK Bratislava je na Slovensku unik\u00e1tom. V extralige maj\u00fa zast\u00fapenie nielen mu\u017ei, ale aj \u017eeny. A oba t\u00edmy hraj\u00fa pr\u00edm. Mu\u017ei sa vo febru\u00e1ri te\u0161ili v Nitre z triumfu v Slovenskom poh\u00e1ri a v najbli\u017e\u0161\u00edch t\u00fd\u017ed\u0148och m\u00f4\u017eu do zbierky prida\u0165 aj majstrovsk\u00fa trofej a zaknihova\u0165 double. V ceste im bude st\u00e1\u0165 motivovan\u00e9 Kom\u00e1rno (hr\u00e1 sa na 4 v\u00ed\u0165azn\u00e9 z\u00e1pasy).<\/p>\n<p><img loading=\"lazy\" decoding=\"async\" class=\"alignnone size-medium wp-image-31793\" src=\"https:\/\/www.vkpbratislava.sk\/wp-content\/uploads\/2024\/03\/MS_202403_ELVKPvsMyjava-227-640x427.jpg\" alt=\"\" width=\"640\" height=\"427\" srcset=\"https:\/\/www.vkpbratislava.sk\/wp-content\/uploads\/2024\/03\/MS_202403_ELVKPvsMyjava-227-640x427.jpg 640w, https:\/\/www.vkpbratislava.sk\/wp-content\/uploads\/2024\/03\/MS_202403_ELVKPvsMyjava-227-1280x853.jpg 1280w, https:\/\/www.vkpbratislava.sk\/wp-content\/uploads\/2024\/03\/MS_202403_ELVKPvsMyjava-227-768x512.jpg 768w, https:\/\/www.vkpbratislava.sk\/wp-content\/uploads\/2024\/03\/MS_202403_ELVKPvsMyjava-227-1536x1024.jpg 1536w, https:\/\/www.vkpbratislava.sk\/wp-content\/uploads\/2024\/03\/MS_202403_ELVKPvsMyjava-227-320x213.jpg 320w, https:\/\/www.vkpbratislava.sk\/wp-content\/uploads\/2024\/03\/MS_202403_ELVKPvsMyjava-227-600x400.jpg 600w, https:\/\/www.vkpbratislava.sk\/wp-content\/uploads\/2024\/03\/MS_202403_ELVKPvsMyjava-227.jpg 2048w\" sizes=\"auto, (max-width: 640px) 100vw, 640px\" \/><\/p>\n<p>&nbsp;<\/p>\n<p><em><strong>\u201eUrob\u00edme v\u0161etko pre to, aby sa n\u00e1m to podarilo. Jeden cie\u013e sez\u00f3ny sme splnili, teraz je pred nami \u010fal\u0161\u00ed,\u201c<\/strong><\/em>\u00a0povedal tr\u00e9ner mu\u017eov VKP Robin P\u011blucha. Mimochodom, s \u201epolicajtmi\u201c s te\u0161il z triumfu ako hr\u00e1\u010d i tr\u00e9ner. Fin\u00e1lov\u00e1 s\u00e9ria s Kom\u00e1rnom bude ma\u0165 pre neho siln\u00fa pr\u00edchu\u0165, ke\u010f\u017ee v minulosti \u00faspe\u0161ne viedol aj svojho najbli\u017e\u0161ieho s\u00fapera.\u00a0<em><strong>\u201ePozn\u00e1me sa, v sez\u00f3ne sme sa stretli viackr\u00e1t. V\u017edy s\u00fa to vybi\u010dovan\u00e9 stretnutia. Mus\u00edme zachova\u0165 chladn\u00fa hlavu a predvies\u0165 na palubovke koncentrovan\u00fd a kvalitn\u00fd v\u00fdkon,\u201c<\/strong>\u00a0<\/em>pr\u00edzvukoval P\u011blucha.<\/p>\n<p>K\u00fdm z\u00e1kladn\u00fa \u010das\u0165, nadstavbu, \u0161tvr\u0165fin\u00e1le a semifin\u00e1le bola domovsk\u00fdm st\u00e1nkom VKP hala v Dome \u0161portu, pred fin\u00e1le sa obe dru\u017estv\u00e1 s\u0165ahovali pod strechu vynoven\u00fdch Pasienkov (GOPASS ar\u00e9na).\u00a0<em><strong>\u201eIde\u00e1lne prostredie pre hr\u00e1\u010dov, ale aj div\u00e1kov. Bratislava tak\u00fato halu potrebovala ako so\u013e, som r\u00e1d, \u017ee vedenie klubu zabezpe\u010dilo na fin\u00e1le pr\u00e1ve Pasienky. Bude to volejbalov\u00fd sviatok, ver\u00edm, \u017ee n\u00e1s do haly pr\u00edde povzbudi\u0165 ve\u013ea div\u00e1kov a na konci sa budeme te\u0161i\u0165 z majstrovsk\u00e9ho titulu,\u201c<\/strong>\u00a0<\/em>dodal tr\u00e9ner Robin P\u011blucha.<\/p>\n<p>K\u00fdm mu\u017ei zabojuj\u00fa o svoju trin\u00e1stu majstrovsk\u00fa trofej, \u017een\u00e1m sa minulosez\u00f3nne fin\u00e1le zopakova\u0165 nepodarilo a v s\u00faboji o bronz sa predstavia proti \u017dilin\u010dank\u00e1m (hr\u00e1 sa na 3 v\u00ed\u0165azn\u00e9 z\u00e1pasy). Rovnako v hale na Pasienkoch. \u201ePrehra v semifin\u00e1le v derby so Sl\u00e1viou mrz\u00ed, ale mus\u00edme n\u00e1js\u0165 motiv\u00e1ciu, aby sme z\u00edskali aspo\u0148 medailu. Ka\u017ed\u00fd z\u00e1pas je d\u00f4le\u017eit\u00fd, a tak sa staviame aj k s\u00faboju o tretie miesto. M\u00e1me e\u0161te kr\u00e1tku pauzu na pr\u00edpravu a pobijeme sa o bronz,\u201c prezradil tr\u00e9ner Pavel Bern\u00e1th.<em><strong>\u00a0\u201eSpoliehame sa aj na n\u00e1\u0161 fanklub, ktor\u00fd vie vytvori\u0165 skvel\u00fa atmosf\u00e9ru. V novej hale ich bude ur\u010dite po\u010du\u0165 e\u0161te viac a ver\u00edm, \u017ee sa k n\u00edm pridaj\u00fa aj \u010fal\u0161\u00ed priaznivci,\u201c<\/strong>\u00a0<\/em>dodal.<\/p>\n<p><img loading=\"lazy\" decoding=\"async\" class=\"alignnone size-medium wp-image-31102\" src=\"https:\/\/www.vkpbratislava.sk\/wp-content\/uploads\/2024\/03\/20240320_Slavia-vs-VKP-FTVS-UK-BA_IUR00248-640x427.jpg\" alt=\"\" width=\"640\" height=\"427\" srcset=\"https:\/\/www.vkpbratislava.sk\/wp-content\/uploads\/2024\/03\/20240320_Slavia-vs-VKP-FTVS-UK-BA_IUR00248-640x427.jpg 640w, https:\/\/www.vkpbratislava.sk\/wp-content\/uploads\/2024\/03\/20240320_Slavia-vs-VKP-FTVS-UK-BA_IUR00248-1280x854.jpg 1280w, https:\/\/www.vkpbratislava.sk\/wp-content\/uploads\/2024\/03\/20240320_Slavia-vs-VKP-FTVS-UK-BA_IUR00248-768x512.jpg 768w, https:\/\/www.vkpbratislava.sk\/wp-content\/uploads\/2024\/03\/20240320_Slavia-vs-VKP-FTVS-UK-BA_IUR00248-1536x1024.jpg 1536w, https:\/\/www.vkpbratislava.sk\/wp-content\/uploads\/2024\/03\/20240320_Slavia-vs-VKP-FTVS-UK-BA_IUR00248-2048x1366.jpg 2048w, https:\/\/www.vkpbratislava.sk\/wp-content\/uploads\/2024\/03\/20240320_Slavia-vs-VKP-FTVS-UK-BA_IUR00248-320x213.jpg 320w, https:\/\/www.vkpbratislava.sk\/wp-content\/uploads\/2024\/03\/20240320_Slavia-vs-VKP-FTVS-UK-BA_IUR00248-600x400.jpg 600w\" sizes=\"auto, (max-width: 640px) 100vw, 640px\" \/><\/p>\n<p><em><strong>Kedy hr\u00e1 VKP?<\/strong><\/em><\/p>\n<p><strong>MU\u017dI<\/strong><\/p>\n<p>12.4. o 19:00 h VKP FTV\u0160 UK Bratislava \u2013 Rieker UJS Kom\u00e1rno (1. z\u00e1pas)<\/p>\n<p>13.4. o 14:00 h VKP FTV\u0160 UK Bratislava \u2013 Rieker UJS Kom\u00e1rno (2. z\u00e1pas)<\/p>\n<p>24.4. o 20:00 h VKP FTV\u0160 UK Bratislava \u2013 Rieker UJS Kom\u00e1rno (pr\u00edpadn\u00fd 5. z\u00e1pas)<\/p>\n<p>29.4. (\u010das sa upresn\u00ed) VKP FTV\u0160 UK Bratislava \u2013 Rieker UJS Kom\u00e1rno (pr\u00edpadn\u00fd 7. z\u00e1pas)<\/p>\n<p>&nbsp;<\/p>\n<p><strong>\u017dENY<\/strong><\/p>\n<p>18.4. o 19:00 h VKP FTV\u0160 UK Bratislava \u2013 VA UNIZA \u017dilina (1. z\u00e1pas)<\/p>\n<p>24.4.o 17:00 h VKP FTV\u0160 UK Bratislava \u2013 VA UNIZA \u017dilina (2. z\u00e1pas)<\/p>\n<p>27.4. (\u010das sa upresn\u00ed) VKP FTV\u0160 UK Bratislava \u2013 VA UNIZA \u017dilina (pr\u00edpadn\u00fd 5. z\u00e1pas)<\/p>\n<p>&nbsp;<\/p>\n","protected":false},"excerpt":{"rendered":"<p>Po roku si zopakuj\u00fa repete. Volejbalisti VKP FTV\u0160 UK Bratislava m\u00f4\u017eu k zisku Slovensk\u00e9ho poh\u00e1ra prida\u0165 aj titul majstra Slovenska v Nik\u00e9 extralige. Ziskom trofeje by si zopakovali vla\u0148aj\u0161iu sez\u00f3nu. \u017deny VKP zas maj\u00fa \u0161ancu z\u00edska\u0165 ligov\u00fd bronz.<\/p>\n","protected":false},"author":3,"featured_media":31771,"comment_status":"closed","ping_status":"closed","sticky":false,"template":"","format":"standard","meta":{"_monsterinsights_skip_tracking":false,"_monsterinsights_sitenote_active":false,"_monsterinsights_sitenote_note":"","_monsterinsights_sitenote_category":0,"footnotes":""},"categories":[47,48],"tags":[],"class_list":["post-31818","post","type-post","status-publish","format-standard","has-post-thumbnail","hentry","category-muzi","category-zeny"],"yoast_head":"<!-- This site is optimized with the Yoast SEO plugin v25.6 - https:\/\/yoast.com\/wordpress\/plugins\/seo\/ -->\n<title>Bratislava sa chyst\u00e1 na \u0161portov\u00fd sviatok, VKP zabojuje o titul! - VK SLOVAN Bratislava<\/title>\n<meta name=\"robots\" content=\"index, follow, max-snippet:-1, max-image-preview:large, max-video-preview:-1\" \/>\n<link rel=\"canonical\" href=\"https:\/\/www.vkpbratislava.sk\/?p=31818\" \/>\n<meta property=\"og:locale\" content=\"sk_SK\" \/>\n<meta property=\"og:type\" content=\"article\" \/>\n<meta property=\"og:title\" content=\"Bratislava sa chyst\u00e1 na \u0161portov\u00fd sviatok, VKP zabojuje o titul! - VK SLOVAN Bratislava\" \/>\n<meta property=\"og:description\" content=\"Po roku si zopakuj\u00fa repete. Volejbalisti VKP FTV\u0160 UK Bratislava m\u00f4\u017eu k zisku Slovensk\u00e9ho poh\u00e1ra prida\u0165 aj titul majstra Slovenska v Nik\u00e9 extralige. Ziskom trofeje by si zopakovali vla\u0148aj\u0161iu sez\u00f3nu. \u017deny VKP zas maj\u00fa \u0161ancu z\u00edska\u0165 ligov\u00fd bronz.\" \/>\n<meta property=\"og:url\" content=\"https:\/\/www.vkpbratislava.sk\/?p=31818\" \/>\n<meta property=\"og:site_name\" content=\"VK SLOVAN Bratislava\" \/>\n<meta property=\"article:published_time\" content=\"2024-04-09T14:57:15+00:00\" \/>\n<meta property=\"article:modified_time\" content=\"2024-04-09T17:54:27+00:00\" \/>\n<meta property=\"og:image\" content=\"https:\/\/www.vkpbratislava.sk\/wp-content\/uploads\/2024\/03\/MS_202403_ELVKPvsMyjava-122.jpg\" \/>\n\t<meta property=\"og:image:width\" content=\"2048\" \/>\n\t<meta property=\"og:image:height\" content=\"1365\" \/>\n\t<meta property=\"og:image:type\" content=\"image\/jpeg\" \/>\n<meta name=\"author\" content=\"jenca\" \/>\n<meta name=\"twitter:card\" content=\"summary_large_image\" \/>\n<meta name=\"twitter:label1\" content=\"Autor\" \/>\n\t<meta name=\"twitter:data1\" content=\"jenca\" \/>\n\t<meta name=\"twitter:label2\" content=\"Predpokladan\u00fd \u010das \u010d\u00edtania\" \/>\n\t<meta name=\"twitter:data2\" content=\"3 min\u00faty\" \/>\n<script type=\"application\/ld+json\" class=\"yoast-schema-graph\">{\"@context\":\"https:\/\/schema.org\",\"@graph\":[{\"@type\":\"Article\",\"@id\":\"https:\/\/www.vkpbratislava.sk\/?p=31818#article\",\"isPartOf\":{\"@id\":\"https:\/\/www.vkpbratislava.sk\/?p=31818\"},\"author\":{\"name\":\"jenca\",\"@id\":\"https:\/\/www.vkpbratislava.sk\/#\/schema\/person\/7037e769f9515aa58493d1b5852c4c50\"},\"headline\":\"Bratislava sa chyst\u00e1 na \u0161portov\u00fd sviatok, VKP zabojuje o titul!\",\"datePublished\":\"2024-04-09T14:57:15+00:00\",\"dateModified\":\"2024-04-09T17:54:27+00:00\",\"mainEntityOfPage\":{\"@id\":\"https:\/\/www.vkpbratislava.sk\/?p=31818\"},\"wordCount\":586,\"publisher\":{\"@id\":\"https:\/\/www.vkpbratislava.sk\/#organization\"},\"image\":{\"@id\":\"https:\/\/www.vkpbratislava.sk\/?p=31818#primaryimage\"},\"thumbnailUrl\":\"https:\/\/www.vkpbratislava.sk\/wp-content\/uploads\/2024\/03\/MS_202403_ELVKPvsMyjava-122.jpg\",\"articleSection\":[\"Mu\u017ei\",\"\u017deny\"],\"inLanguage\":\"sk-SK\"},{\"@type\":\"WebPage\",\"@id\":\"https:\/\/www.vkpbratislava.sk\/?p=31818\",\"url\":\"https:\/\/www.vkpbratislava.sk\/?p=31818\",\"name\":\"Bratislava sa chyst\u00e1 na \u0161portov\u00fd sviatok, VKP zabojuje o titul! - VK SLOVAN Bratislava\",\"isPartOf\":{\"@id\":\"https:\/\/www.vkpbratislava.sk\/#website\"},\"primaryImageOfPage\":{\"@id\":\"https:\/\/www.vkpbratislava.sk\/?p=31818#primaryimage\"},\"image\":{\"@id\":\"https:\/\/www.vkpbratislava.sk\/?p=31818#primaryimage\"},\"thumbnailUrl\":\"https:\/\/www.vkpbratislava.sk\/wp-content\/uploads\/2024\/03\/MS_202403_ELVKPvsMyjava-122.jpg\",\"datePublished\":\"2024-04-09T14:57:15+00:00\",\"dateModified\":\"2024-04-09T17:54:27+00:00\",\"breadcrumb\":{\"@id\":\"https:\/\/www.vkpbratislava.sk\/?p=31818#breadcrumb\"},\"inLanguage\":\"sk-SK\",\"potentialAction\":[{\"@type\":\"ReadAction\",\"target\":[\"https:\/\/www.vkpbratislava.sk\/?p=31818\"]}]},{\"@type\":\"ImageObject\",\"inLanguage\":\"sk-SK\",\"@id\":\"https:\/\/www.vkpbratislava.sk\/?p=31818#primaryimage\",\"url\":\"https:\/\/www.vkpbratislava.sk\/wp-content\/uploads\/2024\/03\/MS_202403_ELVKPvsMyjava-122.jpg\",\"contentUrl\":\"https:\/\/www.vkpbratislava.sk\/wp-content\/uploads\/2024\/03\/MS_202403_ELVKPvsMyjava-122.jpg\",\"width\":2048,\"height\":1365},{\"@type\":\"BreadcrumbList\",\"@id\":\"https:\/\/www.vkpbratislava.sk\/?p=31818#breadcrumb\",\"itemListElement\":[{\"@type\":\"ListItem\",\"position\":1,\"name\":\"Domov\",\"item\":\"https:\/\/www.vkpbratislava.sk\/\"},{\"@type\":\"ListItem\",\"position\":2,\"name\":\"Bratislava sa chyst\u00e1 na \u0161portov\u00fd sviatok, VKP zabojuje o titul!\"}]},{\"@type\":\"WebSite\",\"@id\":\"https:\/\/www.vkpbratislava.sk\/#website\",\"url\":\"https:\/\/www.vkpbratislava.sk\/\",\"name\":\"VK SLOVAN Bratislava\",\"description\":\"Volejbalov\u00fd klub\",\"publisher\":{\"@id\":\"https:\/\/www.vkpbratislava.sk\/#organization\"},\"potentialAction\":[{\"@type\":\"SearchAction\",\"target\":{\"@type\":\"EntryPoint\",\"urlTemplate\":\"https:\/\/www.vkpbratislava.sk\/?s={search_term_string}\"},\"query-input\":{\"@type\":\"PropertyValueSpecification\",\"valueRequired\":true,\"valueName\":\"search_term_string\"}}],\"inLanguage\":\"sk-SK\"},{\"@type\":\"Organization\",\"@id\":\"https:\/\/www.vkpbratislava.sk\/#organization\",\"name\":\"VKP Bratislava\",\"url\":\"https:\/\/www.vkpbratislava.sk\/\",\"logo\":{\"@type\":\"ImageObject\",\"inLanguage\":\"sk-SK\",\"@id\":\"https:\/\/www.vkpbratislava.sk\/#\/schema\/logo\/image\/\",\"url\":\"https:\/\/www.vkpbratislava.sk\/wp-content\/uploads\/2020\/10\/vkpBA.png\",\"contentUrl\":\"https:\/\/www.vkpbratislava.sk\/wp-content\/uploads\/2020\/10\/vkpBA.png\",\"width\":600,\"height\":600,\"caption\":\"VKP Bratislava\"},\"image\":{\"@id\":\"https:\/\/www.vkpbratislava.sk\/#\/schema\/logo\/image\/\"}},{\"@type\":\"Person\",\"@id\":\"https:\/\/www.vkpbratislava.sk\/#\/schema\/person\/7037e769f9515aa58493d1b5852c4c50\",\"name\":\"jenca\",\"image\":{\"@type\":\"ImageObject\",\"inLanguage\":\"sk-SK\",\"@id\":\"https:\/\/www.vkpbratislava.sk\/#\/schema\/person\/image\/\",\"url\":\"https:\/\/secure.gravatar.com\/avatar\/67aa89e9aab2911bbd0c6fbf0a891ea8d80c207c9b6a6e2c96e13fc2f16e536d?s=96&d=mm&r=g\",\"contentUrl\":\"https:\/\/secure.gravatar.com\/avatar\/67aa89e9aab2911bbd0c6fbf0a891ea8d80c207c9b6a6e2c96e13fc2f16e536d?s=96&d=mm&r=g\",\"caption\":\"jenca\"},\"url\":\"https:\/\/www.vkpbratislava.sk\/?author=3\"}]}<\/script>\n<!-- \/ Yoast SEO plugin. -->","yoast_head_json":{"title":"Bratislava sa chyst\u00e1 na \u0161portov\u00fd sviatok, VKP zabojuje o titul! - VK SLOVAN Bratislava","robots":{"index":"index","follow":"follow","max-snippet":"max-snippet:-1","max-image-preview":"max-image-preview:large","max-video-preview":"max-video-preview:-1"},"canonical":"https:\/\/www.vkpbratislava.sk\/?p=31818","og_locale":"sk_SK","og_type":"article","og_title":"Bratislava sa chyst\u00e1 na \u0161portov\u00fd sviatok, VKP zabojuje o titul! - VK SLOVAN Bratislava","og_description":"Po roku si zopakuj\u00fa repete. Volejbalisti VKP FTV\u0160 UK Bratislava m\u00f4\u017eu k zisku Slovensk\u00e9ho poh\u00e1ra prida\u0165 aj titul majstra Slovenska v Nik\u00e9 extralige. Ziskom trofeje by si zopakovali vla\u0148aj\u0161iu sez\u00f3nu. \u017deny VKP zas maj\u00fa \u0161ancu z\u00edska\u0165 ligov\u00fd bronz.","og_url":"https:\/\/www.vkpbratislava.sk\/?p=31818","og_site_name":"VK SLOVAN Bratislava","article_published_time":"2024-04-09T14:57:15+00:00","article_modified_time":"2024-04-09T17:54:27+00:00","og_image":[{"width":2048,"height":1365,"url":"https:\/\/www.vkpbratislava.sk\/wp-content\/uploads\/2024\/03\/MS_202403_ELVKPvsMyjava-122.jpg","type":"image\/jpeg"}],"author":"jenca","twitter_card":"summary_large_image","twitter_misc":{"Autor":"jenca","Predpokladan\u00fd \u010das \u010d\u00edtania":"3 min\u00faty"},"schema":{"@context":"https:\/\/schema.org","@graph":[{"@type":"Article","@id":"https:\/\/www.vkpbratislava.sk\/?p=31818#article","isPartOf":{"@id":"https:\/\/www.vkpbratislava.sk\/?p=31818"},"author":{"name":"jenca","@id":"https:\/\/www.vkpbratislava.sk\/#\/schema\/person\/7037e769f9515aa58493d1b5852c4c50"},"headline":"Bratislava sa chyst\u00e1 na \u0161portov\u00fd sviatok, VKP zabojuje o titul!","datePublished":"2024-04-09T14:57:15+00:00","dateModified":"2024-04-09T17:54:27+00:00","mainEntityOfPage":{"@id":"https:\/\/www.vkpbratislava.sk\/?p=31818"},"wordCount":586,"publisher":{"@id":"https:\/\/www.vkpbratislava.sk\/#organization"},"image":{"@id":"https:\/\/www.vkpbratislava.sk\/?p=31818#primaryimage"},"thumbnailUrl":"https:\/\/www.vkpbratislava.sk\/wp-content\/uploads\/2024\/03\/MS_202403_ELVKPvsMyjava-122.jpg","articleSection":["Mu\u017ei","\u017deny"],"inLanguage":"sk-SK"},{"@type":"WebPage","@id":"https:\/\/www.vkpbratislava.sk\/?p=31818","url":"https:\/\/www.vkpbratislava.sk\/?p=31818","name":"Bratislava sa chyst\u00e1 na \u0161portov\u00fd sviatok, VKP zabojuje o titul! - VK SLOVAN Bratislava","isPartOf":{"@id":"https:\/\/www.vkpbratislava.sk\/#website"},"primaryImageOfPage":{"@id":"https:\/\/www.vkpbratislava.sk\/?p=31818#primaryimage"},"image":{"@id":"https:\/\/www.vkpbratislava.sk\/?p=31818#primaryimage"},"thumbnailUrl":"https:\/\/www.vkpbratislava.sk\/wp-content\/uploads\/2024\/03\/MS_202403_ELVKPvsMyjava-122.jpg","datePublished":"2024-04-09T14:57:15+00:00","dateModified":"2024-04-09T17:54:27+00:00","breadcrumb":{"@id":"https:\/\/www.vkpbratislava.sk\/?p=31818#breadcrumb"},"inLanguage":"sk-SK","potentialAction":[{"@type":"ReadAction","target":["https:\/\/www.vkpbratislava.sk\/?p=31818"]}]},{"@type":"ImageObject","inLanguage":"sk-SK","@id":"https:\/\/www.vkpbratislava.sk\/?p=31818#primaryimage","url":"https:\/\/www.vkpbratislava.sk\/wp-content\/uploads\/2024\/03\/MS_202403_ELVKPvsMyjava-122.jpg","contentUrl":"https:\/\/www.vkpbratislava.sk\/wp-content\/uploads\/2024\/03\/MS_202403_ELVKPvsMyjava-122.jpg","width":2048,"height":1365},{"@type":"BreadcrumbList","@id":"https:\/\/www.vkpbratislava.sk\/?p=31818#breadcrumb","itemListElement":[{"@type":"ListItem","position":1,"name":"Domov","item":"https:\/\/www.vkpbratislava.sk\/"},{"@type":"ListItem","position":2,"name":"Bratislava sa chyst\u00e1 na \u0161portov\u00fd sviatok, VKP zabojuje o titul!"}]},{"@type":"WebSite","@id":"https:\/\/www.vkpbratislava.sk\/#website","url":"https:\/\/www.vkpbratislava.sk\/","name":"VK SLOVAN Bratislava","description":"Volejbalov\u00fd klub","publisher":{"@id":"https:\/\/www.vkpbratislava.sk\/#organization"},"potentialAction":[{"@type":"SearchAction","target":{"@type":"EntryPoint","urlTemplate":"https:\/\/www.vkpbratislava.sk\/?s={search_term_string}"},"query-input":{"@type":"PropertyValueSpecification","valueRequired":true,"valueName":"search_term_string"}}],"inLanguage":"sk-SK"},{"@type":"Organization","@id":"https:\/\/www.vkpbratislava.sk\/#organization","name":"VKP Bratislava","url":"https:\/\/www.vkpbratislava.sk\/","logo":{"@type":"ImageObject","inLanguage":"sk-SK","@id":"https:\/\/www.vkpbratislava.sk\/#\/schema\/logo\/image\/","url":"https:\/\/www.vkpbratislava.sk\/wp-content\/uploads\/2020\/10\/vkpBA.png","contentUrl":"https:\/\/www.vkpbratislava.sk\/wp-content\/uploads\/2020\/10\/vkpBA.png","width":600,"height":600,"caption":"VKP Bratislava"},"image":{"@id":"https:\/\/www.vkpbratislava.sk\/#\/schema\/logo\/image\/"}},{"@type":"Person","@id":"https:\/\/www.vkpbratislava.sk\/#\/schema\/person\/7037e769f9515aa58493d1b5852c4c50","name":"jenca","image":{"@type":"ImageObject","inLanguage":"sk-SK","@id":"https:\/\/www.vkpbratislava.sk\/#\/schema\/person\/image\/","url":"https:\/\/secure.gravatar.com\/avatar\/67aa89e9aab2911bbd0c6fbf0a891ea8d80c207c9b6a6e2c96e13fc2f16e536d?s=96&d=mm&r=g","contentUrl":"https:\/\/secure.gravatar.com\/avatar\/67aa89e9aab2911bbd0c6fbf0a891ea8d80c207c9b6a6e2c96e13fc2f16e536d?s=96&d=mm&r=g","caption":"jenca"},"url":"https:\/\/www.vkpbratislava.sk\/?author=3"}]}},"_links":{"self":[{"href":"https:\/\/www.vkpbratislava.sk\/index.php?rest_route=\/wp\/v2\/posts\/31818","targetHints":{"allow":["GET"]}}],"collection":[{"href":"https:\/\/www.vkpbratislava.sk\/index.php?rest_route=\/wp\/v2\/posts"}],"about":[{"href":"https:\/\/www.vkpbratislava.sk\/index.php?rest_route=\/wp\/v2\/types\/post"}],"author":[{"embeddable":true,"href":"https:\/\/www.vkpbratislava.sk\/index.php?rest_route=\/wp\/v2\/users\/3"}],"replies":[{"embeddable":true,"href":"https:\/\/www.vkpbratislava.sk\/index.php?rest_route=%2Fwp%2Fv2%2Fcomments&post=31818"}],"version-history":[{"count":4,"href":"https:\/\/www.vkpbratislava.sk\/index.php?rest_route=\/wp\/v2\/posts\/31818\/revisions"}],"predecessor-version":[{"id":31822,"href":"https:\/\/www.vkpbratislava.sk\/index.php?rest_route=\/wp\/v2\/posts\/31818\/revisions\/31822"}],"wp:featuredmedia":[{"embeddable":true,"href":"https:\/\/www.vkpbratislava.sk\/index.php?rest_route=\/wp\/v2\/media\/31771"}],"wp:attachment":[{"href":"https:\/\/www.vkpbratislava.sk\/index.php?rest_route=%2Fwp%2Fv2%2Fmedia&parent=31818"}],"wp:term":[{"taxonomy":"category","embeddable":true,"href":"https:\/\/www.vkpbratislava.sk\/index.php?rest_route=%2Fwp%2Fv2%2Fcategories&post=31818"},{"taxonomy":"post_tag","embeddable":true,"href":"https:\/\/www.vkpbratislava.sk\/index.php?rest_route=%2Fwp%2Fv2%2Ftags&post=31818"}],"curies":[{"name":"wp","href":"https:\/\/api.w.org\/{rel}","templated":true}]}}