{"id":32465,"date":"2024-04-22T19:19:00","date_gmt":"2024-04-22T17:19:00","guid":{"rendered":"https:\/\/www.vkpbratislava.sk\/?p=32465"},"modified":"2024-04-23T20:14:37","modified_gmt":"2024-04-23T18:14:37","slug":"ide-do-tuheho-boj-o-medaily-vrcholi","status":"publish","type":"post","link":"https:\/\/www.vkpbratislava.sk\/?p=32465","title":{"rendered":"Ide do tuh\u00e9ho, boj o medaily vrchol\u00ed!"},"content":{"rendered":"<h6><b>\u017densk\u00fd a mu\u017esk\u00fd t\u00edm VKP v stredu zabojuj\u00fa o\u00a0z\u00e1pasov\u00e9 me\u010dbaly k zisku extraligov\u00fdch medail\u00ed. \u017deny od\u0161tartuj\u00fa volejbalov\u00fd sviatok na Pasienkoch o 17:00 h tret\u00edm z\u00e1pasom o extraligov\u00fd bronz proti \u017dilin\u010dank\u00e1m. P\u011bluchovci na tom istom mieste o 20:00 priv\u00edtaj\u00fa v 5. z\u00e1pase fin\u00e1le Nik\u00e9 Extraligy t\u00edm z Kom\u00e1rna. Oba s\u00faboje s\u00fa zatia\u013e nerozhodn\u00e9.<\/b><\/h6>\n<p>&nbsp;<\/p>\n<p><span style=\"font-weight: 400;\">Za\u010diatok s\u00e9rie neod\u0161tartovali zverenky tr\u00e9nera Bern\u00e1tha pod\u013ea ich predst\u00e1v. V \u00favodnom z\u00e1pase v bratislavskej hale Pasienky po prv\u00fdch 2 setoch s\u00edce vyhr\u00e1vali 2:0, no dotiahnu\u0165 z\u00e1pas do v\u00ed\u0165azn\u00e9ho konca sa im nepodarilo. \u017dilin\u010danky v tre\u0165om sete chytili druh\u00fd dych a\u00a0duel dokonale oto\u010dili. Hr\u00e1\u010dka z\u00e1pasu za VKP Nat\u00e1lia Tak\u00e1\u010dov\u00e1 zhodnotila v\u00fdkon takto: \u201e<\/span><b>Po druhom sete sme si mysleli, \u017ee sa to vyhr\u00e1 samo. Nerobili sme si dostato\u010dne ve\u013ea bodov, aby sme s\u00fapera zatla\u010dili a\u00a0dotiahli z\u00e1pas do konca. To sa n\u00e1m vypomstilo.\u201d<\/b><\/p>\n<p>&nbsp;<\/p>\n<p><span style=\"font-weight: 400;\">Na Pova\u017e\u00ed v\u00a0druhom z\u00e1pase si diev\u010dat\u00e1 asi vst\u00fapili do svedomia, bojovali a\u00a0po v\u00ed\u0165azstve 3:1 sa im podarilo stav s\u00e9rie vyrovna\u0165. V tejto sez\u00f3ne im to na palubovke s\u00fapera chut\u00ed, ke\u010f vo v\u0161etk\u00fdch troch z\u00e1pasoch zv\u00ed\u0165azili. Tr\u00e9ner VKP Pavel Bern\u00e1th.\u00a0 <\/span><\/p>\n<p><b>\u201cV \u017diline sme hrali v tejto sez\u00f3ne trikr\u00e1t a v\u017edy tam bola n\u00e1dhern\u00e1, korektn\u00e1 a pozit\u00edvna volejbalov\u00e1 atmosf\u00e9ra. Za m\u0148a najlep\u0161ia na Slovensku. \u013dudia fandili, volejbalom sa bavili a po z\u00e1pase zatlieskali. My sme sa \u201cvylo\u017eili\u201d, nikto sa na ni\u010d nehral, proste sme hrali.\u201d<\/b><\/p>\n<p><img loading=\"lazy\" decoding=\"async\" class=\"alignnone size-medium wp-image-31562\" src=\"https:\/\/www.vkpbratislava.sk\/wp-content\/uploads\/2024\/03\/MS_202403_ELVKPvsSlavia-25-640x427.jpg\" alt=\"\" width=\"640\" height=\"427\" srcset=\"https:\/\/www.vkpbratislava.sk\/wp-content\/uploads\/2024\/03\/MS_202403_ELVKPvsSlavia-25-640x427.jpg 640w, https:\/\/www.vkpbratislava.sk\/wp-content\/uploads\/2024\/03\/MS_202403_ELVKPvsSlavia-25-1280x853.jpg 1280w, https:\/\/www.vkpbratislava.sk\/wp-content\/uploads\/2024\/03\/MS_202403_ELVKPvsSlavia-25-768x512.jpg 768w, https:\/\/www.vkpbratislava.sk\/wp-content\/uploads\/2024\/03\/MS_202403_ELVKPvsSlavia-25-1536x1024.jpg 1536w, https:\/\/www.vkpbratislava.sk\/wp-content\/uploads\/2024\/03\/MS_202403_ELVKPvsSlavia-25-320x213.jpg 320w, https:\/\/www.vkpbratislava.sk\/wp-content\/uploads\/2024\/03\/MS_202403_ELVKPvsSlavia-25-600x400.jpg 600w, https:\/\/www.vkpbratislava.sk\/wp-content\/uploads\/2024\/03\/MS_202403_ELVKPvsSlavia-25.jpg 2048w\" sizes=\"auto, (max-width: 640px) 100vw, 640px\" \/><\/p>\n<p>&nbsp;<\/p>\n<p>&nbsp;<\/p>\n<p><span style=\"font-weight: 400;\">Ani mu\u017eom VKP, obhajcovi titulu vstup do fin\u00e1lovej s\u00e9rie v\u00f4bec nevy\u0161iel. V otv\u00e1racom z\u00e1pase s\u00e9rie v hale Pasienky dostali studen\u00fa sprchu a\u00a0s\u00a0Kom\u00e1rnom prehrali 0:3. V\u00a0odvete na druh\u00fd de\u0148 ich \u010dakal dom\u00e1ci repar\u00e1t a za nepriazniv\u00e9ho stavu 0:2 to znova nevyzeralo pre P\u011bluchovcov ru\u017eovo. V tre\u0165om sete sa v\u0161ak nakopli a\u00a0po neuverite\u013en\u00fdm obrate z\u00e1pas oto\u010dili na 3:2. Tr\u00e9ner Robin P\u011blucha z\u00e1pas to komentoval takto: \u201e<\/span><b>Druh\u00fd z\u00e1pas bol extr\u00e9mne bojovn\u00fd a hralo sa o ka\u017ed\u00fa loptu. Prv\u00e9 dva sety sa niesli v podobnom duchu ako v piatok. V tre\u0165om sme sa za stavu 2:8 prebrali, zatla\u010dili sme, Kom\u00e1rno za\u010dalo robi\u0165 chyby, chytili sme sa a bolo to o \u0161\u0165ast\u00ed. Te\u0161\u00edme sa z v\u00ed\u0165azstva a v Kom\u00e1rne sa op\u00e4\u0165 za\u010d\u00edna od za\u010diatku. Ideme sa tam v piatok a sobotu pobi\u0165 o v\u00ed\u0165azstv\u00e1.&#8220;\u00a0<\/b><\/p>\n<p>&nbsp;<\/p>\n<p><span style=\"font-weight: 400;\">Fin\u00e1lov\u00e1 s\u00e9ria sa v\u00a0tre\u0165om a\u00a0\u0161tvrtom z\u00e1pase presunula na juh Slovenska. A\u00a0priniesla podobn\u00e9 v\u00fdsledky ako v Bratislave. Po piatkovej prehre 1:3 sa Kom\u00e1rno sa dostalo op\u00e4\u0165 do vedenia,\u00a0 v\u00a0kom\u00e1r\u0148anskej odvete sa vr\u00e1til do zostavy aj nahr\u00e1va\u010d Tom\u00e1\u0161 Holl\u00fd, pomohlo to a po v\u00ed\u0165azstve 3:1 je z\u00e1pasov\u00e1 s\u00e9ria vyrovnan\u00e1 2:2. V\u00fdborn\u00fdm v\u00fdkonom z lavi\u010dky na seba upozornil univerz\u00e1l Samuel Jur\u00edk, ktor\u00fd zaznamenal 24 bodov.\u00a0<\/span><\/p>\n<p><span style=\"font-weight: 400;\">\u201e<\/span><b>Bol to z\u00a0na\u0161ej strany bojovn\u00fd v\u00fdkon. Ove\u013ea bojovnej\u0161\u00ed ako v\u010dera, a preto sme si zasl\u00fa\u017eili vyhra\u0165. V tre\u0165om sete sme s\u00edce kopili chyby a mysl\u00edm si, \u017ee sme trochu vypadli z tempa, ale st\u00e1va sa. Ka\u017edop\u00e1dne sme do \u0161tvrt\u00e9ho setu znova nabehli naplno a\u00a0v\u00fdsledok sa dostavil.\u201d<\/b><\/p>\n<p><img loading=\"lazy\" decoding=\"async\" class=\"alignnone size-medium wp-image-32150\" src=\"https:\/\/www.vkpbratislava.sk\/wp-content\/uploads\/2024\/04\/7B4A4612-640x427.jpg\" alt=\"\" width=\"640\" height=\"427\" srcset=\"https:\/\/www.vkpbratislava.sk\/wp-content\/uploads\/2024\/04\/7B4A4612-640x427.jpg 640w, https:\/\/www.vkpbratislava.sk\/wp-content\/uploads\/2024\/04\/7B4A4612-1280x853.jpg 1280w, https:\/\/www.vkpbratislava.sk\/wp-content\/uploads\/2024\/04\/7B4A4612-768x512.jpg 768w, https:\/\/www.vkpbratislava.sk\/wp-content\/uploads\/2024\/04\/7B4A4612-1536x1024.jpg 1536w, https:\/\/www.vkpbratislava.sk\/wp-content\/uploads\/2024\/04\/7B4A4612-320x213.jpg 320w, https:\/\/www.vkpbratislava.sk\/wp-content\/uploads\/2024\/04\/7B4A4612-600x400.jpg 600w, https:\/\/www.vkpbratislava.sk\/wp-content\/uploads\/2024\/04\/7B4A4612.jpg 2048w\" sizes=\"auto, (max-width: 640px) 100vw, 640px\" \/><\/p>\n<p>&nbsp;<\/p>\n<p><span style=\"font-weight: 400;\">U\u017e t\u00fato stredu 24. apr\u00edla \u010dakaj\u00fa oba t\u00edmy ve\u013emi d\u00f4le\u017eit\u00e9 z\u00e1pasy, ktor\u00e9 ich m\u00f4\u017eu posun\u00fa\u0165 bli\u017e\u0161ie k zisku medail\u00ed. Mu\u017eov k\u00a0vysn\u00edvan\u00e9mu zlatu, \u017eeny k\u00a0bronzu. Tak\u00e9 s\u00fa ciele, no realita sa uk\u00e1\u017ee priamo na palubovke. A\u00a0ako sa na tak\u00fdto volejbalov\u00fd sviatok patr\u00ed, ver\u00edme, \u017ee ho bud\u00fa sprev\u00e1dza\u0165 pln\u00e1 hala a\u00a0s\u00a0\u0148ou ozajstn\u00e1 volejbalov\u00e1 kulisa.<\/span><\/p>\n<p>&nbsp;<\/p>\n<p><b>\u017dENY<\/b><\/p>\n<p><span style=\"font-weight: 400;\">24.4.o 17:00 h VKP FTV\u0160 UK Bratislava \u2013 VA UNIZA \u017dilina (3. z\u00e1pas)<\/span><\/p>\n<p>&nbsp;<\/p>\n<p><b>MU\u017dI<\/b><\/p>\n<p><span style=\"font-weight: 400;\">24.4. o 20:00 h VKP FTV\u0160 UK Bratislava \u2013 Rieker UJS Kom\u00e1rno (5. z\u00e1pas)<\/span><\/p>\n","protected":false},"excerpt":{"rendered":"<p>Po roku si zopakuj\u00fa repete. Volejbalisti VKP FTV\u0160 UK Bratislava m\u00f4\u017eu k zisku Slovensk\u00e9ho poh\u00e1ra prida\u0165 aj titul majstra Slovenska v Nik\u00e9 extralige. Ziskom trofeje by si zopakovali vla\u0148aj\u0161iu sez\u00f3nu. \u017deny VKP zas maj\u00fa \u0161ancu z\u00edska\u0165 ligov\u00fd bronz.<\/p>\n","protected":false},"author":3,"featured_media":32123,"comment_status":"closed","ping_status":"closed","sticky":false,"template":"","format":"standard","meta":{"_monsterinsights_skip_tracking":false,"_monsterinsights_sitenote_active":false,"_monsterinsights_sitenote_note":"","_monsterinsights_sitenote_category":0,"footnotes":""},"categories":[47,48],"tags":[],"class_list":["post-32465","post","type-post","status-publish","format-standard","has-post-thumbnail","hentry","category-muzi","category-zeny"],"yoast_head":"<!-- This site is optimized with the Yoast SEO plugin v25.6 - https:\/\/yoast.com\/wordpress\/plugins\/seo\/ -->\n<title>Ide do tuh\u00e9ho, boj o medaily vrchol\u00ed! - VK SLOVAN Bratislava<\/title>\n<meta name=\"robots\" content=\"index, follow, max-snippet:-1, max-image-preview:large, max-video-preview:-1\" \/>\n<link rel=\"canonical\" href=\"https:\/\/www.vkpbratislava.sk\/?p=32465\" \/>\n<meta property=\"og:locale\" content=\"sk_SK\" \/>\n<meta property=\"og:type\" content=\"article\" \/>\n<meta property=\"og:title\" content=\"Ide do tuh\u00e9ho, boj o medaily vrchol\u00ed! - VK SLOVAN Bratislava\" \/>\n<meta property=\"og:description\" content=\"Po roku si zopakuj\u00fa repete. Volejbalisti VKP FTV\u0160 UK Bratislava m\u00f4\u017eu k zisku Slovensk\u00e9ho poh\u00e1ra prida\u0165 aj titul majstra Slovenska v Nik\u00e9 extralige. Ziskom trofeje by si zopakovali vla\u0148aj\u0161iu sez\u00f3nu. \u017deny VKP zas maj\u00fa \u0161ancu z\u00edska\u0165 ligov\u00fd bronz.\" \/>\n<meta property=\"og:url\" content=\"https:\/\/www.vkpbratislava.sk\/?p=32465\" \/>\n<meta property=\"og:site_name\" content=\"VK SLOVAN Bratislava\" \/>\n<meta property=\"article:published_time\" content=\"2024-04-22T17:19:00+00:00\" \/>\n<meta property=\"article:modified_time\" content=\"2024-04-23T18:14:37+00:00\" \/>\n<meta property=\"og:image\" content=\"https:\/\/www.vkpbratislava.sk\/wp-content\/uploads\/2024\/04\/7B4A4398.jpg\" \/>\n\t<meta property=\"og:image:width\" content=\"2048\" \/>\n\t<meta property=\"og:image:height\" content=\"1365\" \/>\n\t<meta property=\"og:image:type\" content=\"image\/jpeg\" \/>\n<meta name=\"author\" content=\"jenca\" \/>\n<meta name=\"twitter:card\" content=\"summary_large_image\" \/>\n<meta name=\"twitter:label1\" content=\"Autor\" \/>\n\t<meta name=\"twitter:data1\" content=\"jenca\" \/>\n\t<meta name=\"twitter:label2\" content=\"Predpokladan\u00fd \u010das \u010d\u00edtania\" \/>\n\t<meta name=\"twitter:data2\" content=\"3 min\u00faty\" \/>\n<script type=\"application\/ld+json\" class=\"yoast-schema-graph\">{\"@context\":\"https:\/\/schema.org\",\"@graph\":[{\"@type\":\"Article\",\"@id\":\"https:\/\/www.vkpbratislava.sk\/?p=32465#article\",\"isPartOf\":{\"@id\":\"https:\/\/www.vkpbratislava.sk\/?p=32465\"},\"author\":{\"name\":\"jenca\",\"@id\":\"https:\/\/www.vkpbratislava.sk\/#\/schema\/person\/7037e769f9515aa58493d1b5852c4c50\"},\"headline\":\"Ide do tuh\u00e9ho, boj o medaily vrchol\u00ed!\",\"datePublished\":\"2024-04-22T17:19:00+00:00\",\"dateModified\":\"2024-04-23T18:14:37+00:00\",\"mainEntityOfPage\":{\"@id\":\"https:\/\/www.vkpbratislava.sk\/?p=32465\"},\"wordCount\":703,\"publisher\":{\"@id\":\"https:\/\/www.vkpbratislava.sk\/#organization\"},\"image\":{\"@id\":\"https:\/\/www.vkpbratislava.sk\/?p=32465#primaryimage\"},\"thumbnailUrl\":\"https:\/\/www.vkpbratislava.sk\/wp-content\/uploads\/2024\/04\/7B4A4398.jpg\",\"articleSection\":[\"Mu\u017ei\",\"\u017deny\"],\"inLanguage\":\"sk-SK\"},{\"@type\":\"WebPage\",\"@id\":\"https:\/\/www.vkpbratislava.sk\/?p=32465\",\"url\":\"https:\/\/www.vkpbratislava.sk\/?p=32465\",\"name\":\"Ide do tuh\u00e9ho, boj o medaily vrchol\u00ed! - VK SLOVAN Bratislava\",\"isPartOf\":{\"@id\":\"https:\/\/www.vkpbratislava.sk\/#website\"},\"primaryImageOfPage\":{\"@id\":\"https:\/\/www.vkpbratislava.sk\/?p=32465#primaryimage\"},\"image\":{\"@id\":\"https:\/\/www.vkpbratislava.sk\/?p=32465#primaryimage\"},\"thumbnailUrl\":\"https:\/\/www.vkpbratislava.sk\/wp-content\/uploads\/2024\/04\/7B4A4398.jpg\",\"datePublished\":\"2024-04-22T17:19:00+00:00\",\"dateModified\":\"2024-04-23T18:14:37+00:00\",\"breadcrumb\":{\"@id\":\"https:\/\/www.vkpbratislava.sk\/?p=32465#breadcrumb\"},\"inLanguage\":\"sk-SK\",\"potentialAction\":[{\"@type\":\"ReadAction\",\"target\":[\"https:\/\/www.vkpbratislava.sk\/?p=32465\"]}]},{\"@type\":\"ImageObject\",\"inLanguage\":\"sk-SK\",\"@id\":\"https:\/\/www.vkpbratislava.sk\/?p=32465#primaryimage\",\"url\":\"https:\/\/www.vkpbratislava.sk\/wp-content\/uploads\/2024\/04\/7B4A4398.jpg\",\"contentUrl\":\"https:\/\/www.vkpbratislava.sk\/wp-content\/uploads\/2024\/04\/7B4A4398.jpg\",\"width\":2048,\"height\":1365},{\"@type\":\"BreadcrumbList\",\"@id\":\"https:\/\/www.vkpbratislava.sk\/?p=32465#breadcrumb\",\"itemListElement\":[{\"@type\":\"ListItem\",\"position\":1,\"name\":\"Domov\",\"item\":\"https:\/\/www.vkpbratislava.sk\/\"},{\"@type\":\"ListItem\",\"position\":2,\"name\":\"Ide do tuh\u00e9ho, boj o medaily vrchol\u00ed!\"}]},{\"@type\":\"WebSite\",\"@id\":\"https:\/\/www.vkpbratislava.sk\/#website\",\"url\":\"https:\/\/www.vkpbratislava.sk\/\",\"name\":\"VK SLOVAN Bratislava\",\"description\":\"Volejbalov\u00fd klub\",\"publisher\":{\"@id\":\"https:\/\/www.vkpbratislava.sk\/#organization\"},\"potentialAction\":[{\"@type\":\"SearchAction\",\"target\":{\"@type\":\"EntryPoint\",\"urlTemplate\":\"https:\/\/www.vkpbratislava.sk\/?s={search_term_string}\"},\"query-input\":{\"@type\":\"PropertyValueSpecification\",\"valueRequired\":true,\"valueName\":\"search_term_string\"}}],\"inLanguage\":\"sk-SK\"},{\"@type\":\"Organization\",\"@id\":\"https:\/\/www.vkpbratislava.sk\/#organization\",\"name\":\"VKP Bratislava\",\"url\":\"https:\/\/www.vkpbratislava.sk\/\",\"logo\":{\"@type\":\"ImageObject\",\"inLanguage\":\"sk-SK\",\"@id\":\"https:\/\/www.vkpbratislava.sk\/#\/schema\/logo\/image\/\",\"url\":\"https:\/\/www.vkpbratislava.sk\/wp-content\/uploads\/2020\/10\/vkpBA.png\",\"contentUrl\":\"https:\/\/www.vkpbratislava.sk\/wp-content\/uploads\/2020\/10\/vkpBA.png\",\"width\":600,\"height\":600,\"caption\":\"VKP Bratislava\"},\"image\":{\"@id\":\"https:\/\/www.vkpbratislava.sk\/#\/schema\/logo\/image\/\"}},{\"@type\":\"Person\",\"@id\":\"https:\/\/www.vkpbratislava.sk\/#\/schema\/person\/7037e769f9515aa58493d1b5852c4c50\",\"name\":\"jenca\",\"image\":{\"@type\":\"ImageObject\",\"inLanguage\":\"sk-SK\",\"@id\":\"https:\/\/www.vkpbratislava.sk\/#\/schema\/person\/image\/\",\"url\":\"https:\/\/secure.gravatar.com\/avatar\/67aa89e9aab2911bbd0c6fbf0a891ea8d80c207c9b6a6e2c96e13fc2f16e536d?s=96&d=mm&r=g\",\"contentUrl\":\"https:\/\/secure.gravatar.com\/avatar\/67aa89e9aab2911bbd0c6fbf0a891ea8d80c207c9b6a6e2c96e13fc2f16e536d?s=96&d=mm&r=g\",\"caption\":\"jenca\"},\"url\":\"https:\/\/www.vkpbratislava.sk\/?author=3\"}]}<\/script>\n<!-- \/ Yoast SEO plugin. -->","yoast_head_json":{"title":"Ide do tuh\u00e9ho, boj o medaily vrchol\u00ed! - VK SLOVAN Bratislava","robots":{"index":"index","follow":"follow","max-snippet":"max-snippet:-1","max-image-preview":"max-image-preview:large","max-video-preview":"max-video-preview:-1"},"canonical":"https:\/\/www.vkpbratislava.sk\/?p=32465","og_locale":"sk_SK","og_type":"article","og_title":"Ide do tuh\u00e9ho, boj o medaily vrchol\u00ed! - VK SLOVAN Bratislava","og_description":"Po roku si zopakuj\u00fa repete. Volejbalisti VKP FTV\u0160 UK Bratislava m\u00f4\u017eu k zisku Slovensk\u00e9ho poh\u00e1ra prida\u0165 aj titul majstra Slovenska v Nik\u00e9 extralige. Ziskom trofeje by si zopakovali vla\u0148aj\u0161iu sez\u00f3nu. \u017deny VKP zas maj\u00fa \u0161ancu z\u00edska\u0165 ligov\u00fd bronz.","og_url":"https:\/\/www.vkpbratislava.sk\/?p=32465","og_site_name":"VK SLOVAN Bratislava","article_published_time":"2024-04-22T17:19:00+00:00","article_modified_time":"2024-04-23T18:14:37+00:00","og_image":[{"width":2048,"height":1365,"url":"https:\/\/www.vkpbratislava.sk\/wp-content\/uploads\/2024\/04\/7B4A4398.jpg","type":"image\/jpeg"}],"author":"jenca","twitter_card":"summary_large_image","twitter_misc":{"Autor":"jenca","Predpokladan\u00fd \u010das \u010d\u00edtania":"3 min\u00faty"},"schema":{"@context":"https:\/\/schema.org","@graph":[{"@type":"Article","@id":"https:\/\/www.vkpbratislava.sk\/?p=32465#article","isPartOf":{"@id":"https:\/\/www.vkpbratislava.sk\/?p=32465"},"author":{"name":"jenca","@id":"https:\/\/www.vkpbratislava.sk\/#\/schema\/person\/7037e769f9515aa58493d1b5852c4c50"},"headline":"Ide do tuh\u00e9ho, boj o medaily vrchol\u00ed!","datePublished":"2024-04-22T17:19:00+00:00","dateModified":"2024-04-23T18:14:37+00:00","mainEntityOfPage":{"@id":"https:\/\/www.vkpbratislava.sk\/?p=32465"},"wordCount":703,"publisher":{"@id":"https:\/\/www.vkpbratislava.sk\/#organization"},"image":{"@id":"https:\/\/www.vkpbratislava.sk\/?p=32465#primaryimage"},"thumbnailUrl":"https:\/\/www.vkpbratislava.sk\/wp-content\/uploads\/2024\/04\/7B4A4398.jpg","articleSection":["Mu\u017ei","\u017deny"],"inLanguage":"sk-SK"},{"@type":"WebPage","@id":"https:\/\/www.vkpbratislava.sk\/?p=32465","url":"https:\/\/www.vkpbratislava.sk\/?p=32465","name":"Ide do tuh\u00e9ho, boj o medaily vrchol\u00ed! - VK SLOVAN Bratislava","isPartOf":{"@id":"https:\/\/www.vkpbratislava.sk\/#website"},"primaryImageOfPage":{"@id":"https:\/\/www.vkpbratislava.sk\/?p=32465#primaryimage"},"image":{"@id":"https:\/\/www.vkpbratislava.sk\/?p=32465#primaryimage"},"thumbnailUrl":"https:\/\/www.vkpbratislava.sk\/wp-content\/uploads\/2024\/04\/7B4A4398.jpg","datePublished":"2024-04-22T17:19:00+00:00","dateModified":"2024-04-23T18:14:37+00:00","breadcrumb":{"@id":"https:\/\/www.vkpbratislava.sk\/?p=32465#breadcrumb"},"inLanguage":"sk-SK","potentialAction":[{"@type":"ReadAction","target":["https:\/\/www.vkpbratislava.sk\/?p=32465"]}]},{"@type":"ImageObject","inLanguage":"sk-SK","@id":"https:\/\/www.vkpbratislava.sk\/?p=32465#primaryimage","url":"https:\/\/www.vkpbratislava.sk\/wp-content\/uploads\/2024\/04\/7B4A4398.jpg","contentUrl":"https:\/\/www.vkpbratislava.sk\/wp-content\/uploads\/2024\/04\/7B4A4398.jpg","width":2048,"height":1365},{"@type":"BreadcrumbList","@id":"https:\/\/www.vkpbratislava.sk\/?p=32465#breadcrumb","itemListElement":[{"@type":"ListItem","position":1,"name":"Domov","item":"https:\/\/www.vkpbratislava.sk\/"},{"@type":"ListItem","position":2,"name":"Ide do tuh\u00e9ho, boj o medaily vrchol\u00ed!"}]},{"@type":"WebSite","@id":"https:\/\/www.vkpbratislava.sk\/#website","url":"https:\/\/www.vkpbratislava.sk\/","name":"VK SLOVAN Bratislava","description":"Volejbalov\u00fd klub","publisher":{"@id":"https:\/\/www.vkpbratislava.sk\/#organization"},"potentialAction":[{"@type":"SearchAction","target":{"@type":"EntryPoint","urlTemplate":"https:\/\/www.vkpbratislava.sk\/?s={search_term_string}"},"query-input":{"@type":"PropertyValueSpecification","valueRequired":true,"valueName":"search_term_string"}}],"inLanguage":"sk-SK"},{"@type":"Organization","@id":"https:\/\/www.vkpbratislava.sk\/#organization","name":"VKP Bratislava","url":"https:\/\/www.vkpbratislava.sk\/","logo":{"@type":"ImageObject","inLanguage":"sk-SK","@id":"https:\/\/www.vkpbratislava.sk\/#\/schema\/logo\/image\/","url":"https:\/\/www.vkpbratislava.sk\/wp-content\/uploads\/2020\/10\/vkpBA.png","contentUrl":"https:\/\/www.vkpbratislava.sk\/wp-content\/uploads\/2020\/10\/vkpBA.png","width":600,"height":600,"caption":"VKP Bratislava"},"image":{"@id":"https:\/\/www.vkpbratislava.sk\/#\/schema\/logo\/image\/"}},{"@type":"Person","@id":"https:\/\/www.vkpbratislava.sk\/#\/schema\/person\/7037e769f9515aa58493d1b5852c4c50","name":"jenca","image":{"@type":"ImageObject","inLanguage":"sk-SK","@id":"https:\/\/www.vkpbratislava.sk\/#\/schema\/person\/image\/","url":"https:\/\/secure.gravatar.com\/avatar\/67aa89e9aab2911bbd0c6fbf0a891ea8d80c207c9b6a6e2c96e13fc2f16e536d?s=96&d=mm&r=g","contentUrl":"https:\/\/secure.gravatar.com\/avatar\/67aa89e9aab2911bbd0c6fbf0a891ea8d80c207c9b6a6e2c96e13fc2f16e536d?s=96&d=mm&r=g","caption":"jenca"},"url":"https:\/\/www.vkpbratislava.sk\/?author=3"}]}},"_links":{"self":[{"href":"https:\/\/www.vkpbratislava.sk\/index.php?rest_route=\/wp\/v2\/posts\/32465","targetHints":{"allow":["GET"]}}],"collection":[{"href":"https:\/\/www.vkpbratislava.sk\/index.php?rest_route=\/wp\/v2\/posts"}],"about":[{"href":"https:\/\/www.vkpbratislava.sk\/index.php?rest_route=\/wp\/v2\/types\/post"}],"author":[{"embeddable":true,"href":"https:\/\/www.vkpbratislava.sk\/index.php?rest_route=\/wp\/v2\/users\/3"}],"replies":[{"embeddable":true,"href":"https:\/\/www.vkpbratislava.sk\/index.php?rest_route=%2Fwp%2Fv2%2Fcomments&post=32465"}],"version-history":[{"count":4,"href":"https:\/\/www.vkpbratislava.sk\/index.php?rest_route=\/wp\/v2\/posts\/32465\/revisions"}],"predecessor-version":[{"id":32469,"href":"https:\/\/www.vkpbratislava.sk\/index.php?rest_route=\/wp\/v2\/posts\/32465\/revisions\/32469"}],"wp:featuredmedia":[{"embeddable":true,"href":"https:\/\/www.vkpbratislava.sk\/index.php?rest_route=\/wp\/v2\/media\/32123"}],"wp:attachment":[{"href":"https:\/\/www.vkpbratislava.sk\/index.php?rest_route=%2Fwp%2Fv2%2Fmedia&parent=32465"}],"wp:term":[{"taxonomy":"category","embeddable":true,"href":"https:\/\/www.vkpbratislava.sk\/index.php?rest_route=%2Fwp%2Fv2%2Fcategories&post=32465"},{"taxonomy":"post_tag","embeddable":true,"href":"https:\/\/www.vkpbratislava.sk\/index.php?rest_route=%2Fwp%2Fv2%2Ftags&post=32465"}],"curies":[{"name":"wp","href":"https:\/\/api.w.org\/{rel}","templated":true}]}}