{"id":33506,"date":"2024-07-10T13:36:44","date_gmt":"2024-07-10T11:36:44","guid":{"rendered":"https:\/\/www.vkpbratislava.sk\/?p=33506"},"modified":"2024-07-18T23:10:40","modified_gmt":"2024-07-18T21:10:40","slug":"vanco-odchadza-na-malorku-a-do-vkp-posiela-jedno-velke-dakujem","status":"publish","type":"post","link":"https:\/\/www.vkpbratislava.sk\/?p=33506","title":{"rendered":"Van\u010do odch\u00e1dza na Malorku a do VKP posiela jedno ve\u013ek\u00e9 \u010fakujem"},"content":{"rendered":"<p><strong>V roku 2020 pri\u0161iel z Tren\u010d\u00edna do hlavn\u00e9ho mesta e\u0161te ako takmer nezn\u00e1my, no talentovan\u00fd volejbalov\u00fd t\u00edned\u017eer. Po \u0161tyroch sez\u00f3nach v drese VKP sa s klubom l\u00fa\u010di a mieri do zahrani\u010dia. P\u00f4sobenie Adri\u00e1na Van\u010da pod Bratislavsk\u00fdm hradom mo\u017eno pova\u017eova\u0165 za mimoriadne \u00faspe\u0161n\u00e9. 21-ro\u010dn\u00fd rod\u00e1k zo Starej \u013dubovne prispel v sez\u00f3ne 2022\/23 k zisku majstrovsk\u00e9ho titulu po dlh\u00fdch 12 rokoch, kedy sa stal aj najlep\u0161\u00edm hr\u00e1\u010dom Nik\u00e9 extraligy. Do klubovej vitr\u00edny s t\u00edmom pridal aj minulosez\u00f3nne striebro i triumf v Slovenskom poh\u00e1ri, ktor\u00fd po 14 rokoch op\u00e4\u0165 patr\u00ed Bratislave. V nasleduj\u00facich riadkoch sme so slovensk\u00fdm univerz\u00e1lom prebrali nielen jeho volejbalov\u00fa misiu vo VKP, ale aj nasleduj\u00face kroky v exotickej, no volejbalovo vyspelej Malorke.<\/strong><\/p>\n<p>&nbsp;<\/p>\n<p><b>Ako si spom\u00edna\u0161 na momenty, ke\u010f si do VKP pri\u0161iel?<\/b><\/p>\n<p><span style=\"font-weight: 400;\">Bola to pre m\u0148a pocta a ve\u013ek\u00fd krok dopredu. Pocity som mal podobn\u00e9 ako teraz, ke\u010f znova men\u00edm dres. Ve\u013emi som sa te\u0161il, no z\u00e1rove\u0148 som sa ob\u00e1val. Presnej\u0161ie sa to vol\u00e1 re\u0161pekt. V tom \u010dase som <\/span><span style=\"font-weight: 400;\">urobil <\/span><span style=\"font-weight: 400;\">najlep\u0161\u00ed krok ak\u00fd som mohol a <\/span><span style=\"font-weight: 400;\">urobil <\/span><span style=\"font-weight: 400;\">by som ho znova.<\/span><\/p>\n<p>&nbsp;<\/p>\n<p><b>Bola to pre teba asi pou\u010dn\u00e1 a kvalitn\u00e1 volejbalov\u00e1 dobr\u00e1 \u0161kola, v\u0161ak? Vyrasta\u0165 popri sk\u00fasen\u00fdch hr\u00e1\u010doch ako Za\u0165ko, Kostolani, Demeter, Holl\u00fd a \u010fal\u0161\u00ed?<\/b><\/p>\n<p><span style=\"font-weight: 400;\">Ur\u010dite \u00e1no, ka\u017ed\u00fd z t\u00fdchto sk\u00fasen\u00fdch hr\u00e1\u010dov mal na m\u0148a vplyv.\u00a0 Odovzdal mi nejak\u00e9 rady, sk\u00fasenosti. No \u010euro Za\u0165ko na m\u0148a vpl\u00fdval najdlh\u0161ie. Som mu za to ve\u013emi v\u010fa\u010dn\u00fd, lebo on aj moji ostatn\u00ed spoluhr\u00e1\u010di mi pom\u00e1hali formova\u0165 sa a pos\u00fava\u0165 sa vpred. E\u0161te raz \u010fakujem.<\/span><\/p>\n<p><img loading=\"lazy\" decoding=\"async\" class=\"alignnone size-medium wp-image-24550\" src=\"https:\/\/www.vkpbratislava.sk\/wp-content\/uploads\/2023\/10\/7B4A5217-640x427.jpg\" alt=\"\" width=\"640\" height=\"427\" srcset=\"https:\/\/www.vkpbratislava.sk\/wp-content\/uploads\/2023\/10\/7B4A5217-640x427.jpg 640w, https:\/\/www.vkpbratislava.sk\/wp-content\/uploads\/2023\/10\/7B4A5217-1280x853.jpg 1280w, https:\/\/www.vkpbratislava.sk\/wp-content\/uploads\/2023\/10\/7B4A5217-768x512.jpg 768w, https:\/\/www.vkpbratislava.sk\/wp-content\/uploads\/2023\/10\/7B4A5217-1536x1024.jpg 1536w, https:\/\/www.vkpbratislava.sk\/wp-content\/uploads\/2023\/10\/7B4A5217-320x213.jpg 320w, https:\/\/www.vkpbratislava.sk\/wp-content\/uploads\/2023\/10\/7B4A5217-600x400.jpg 600w, https:\/\/www.vkpbratislava.sk\/wp-content\/uploads\/2023\/10\/7B4A5217.jpg 2048w\" sizes=\"auto, (max-width: 640px) 100vw, 640px\" \/><\/p>\n<p><b>Na ktor\u00e9 momenty vo farb\u00e1ch VKP spom\u00edna\u0161 najrad\u0161ej, a na ktor\u00e9 by si chcel naopak \u010do najsk\u00f4r zabudn\u00fa\u0165?\u00a0<\/b><\/p>\n<p><span style=\"font-weight: 400;\">Najkraj\u0161ie momenty pre m\u0148a boli oba postupy do fin\u00e1le extraligy. Je to pocit, ke\u010f ste nad\u0161en\u00fd z v\u00fdsledkov, no z\u00e1rove\u0148 nabuden\u00fd na \u010fal\u0161ie vrcholy. Toto je pre m\u0148a asi najkraj\u0161\u00ed pocit, no ur\u010dite tam m\u00f4\u017eem zaradi\u0165 aj v\u00ed\u0165azstvo v extralige, \u010di triumf v poh\u00e1ri. No a druh\u00e1 \u010das\u0165 ot\u00e1zky\u2026 Najrad\u0161ej by som zabudol na moju prv\u00fa sez\u00f3nu vo VKP. Mysl\u00edm, \u017ee to bol ro\u010dn\u00edk 2021\/22, ktor\u00fd bol pre m\u0148a pln\u00fd sklaman\u00ed a prek\u00e1\u017eok. Prosto, nevy\u0161lo v\u0161etko tak, ako som si predstavoval. Na druhej strane mi <\/span><span style=\"font-weight: 400;\">.<\/span><span style=\"font-weight: 400;\">dala poznanie, aby som si potom viac v\u00e1\u017eil \u00faspech.<\/span><\/p>\n<p>&nbsp;<\/p>\n<p><b>Ako hodnot\u00ed\u0161 slovensk\u00fa ligu, v \u010dom je dobr\u00e1 a \u010do jej ch\u00fdba?\u00a0<\/b><\/p>\n<p><span style=\"font-weight: 400;\">Ligu hodnoti\u0165 nebudem, na to s\u00fa tu kompetentn\u00ed odborn\u00edci. Pre m\u0148a je slovensk\u00e1 liga domovom, v ktorom som mohol r\u00e1s\u0165 a do ktor\u00e9ho sa sk\u00f4r \u010di nesk\u00f4r\u00a0 r\u00e1d vr\u00e1tim. Ver\u00edm v\u0161ak, \u017ee sa mi bude v zahrani\u010d\u00ed dari\u0165 a v slovenskej lige d\u00e1m za akt\u00edvnym volejbalom bodku. Ale to je e\u0161te ve\u013emi \u010faleko.<\/span><\/p>\n<p>&nbsp;<\/p>\n<p><b>\u010co chce\u0161 odk\u00e1za\u0165 hr\u00e1\u010dom, vedeniu \u010di fan\u00fa\u0161ikom?\u00a0<\/b><\/p>\n<p><span style=\"font-weight: 400;\">V\u0161etk\u00fdm chcem odk\u00e1za\u0165 len jedno ve\u013ek\u00e9 \u010fakujem. Dr\u017ete mi palce a ja budem dr\u017ea\u0165 v\u00e1m. VKP dr\u017e\u00ed spolu!<\/span><\/p>\n<p><img loading=\"lazy\" decoding=\"async\" class=\"alignnone size-medium wp-image-23273\" src=\"https:\/\/www.vkpbratislava.sk\/wp-content\/uploads\/2023\/04\/7B4A0651-1-640x427.jpg\" alt=\"\" width=\"640\" height=\"427\" srcset=\"https:\/\/www.vkpbratislava.sk\/wp-content\/uploads\/2023\/04\/7B4A0651-1-640x427.jpg 640w, https:\/\/www.vkpbratislava.sk\/wp-content\/uploads\/2023\/04\/7B4A0651-1-1280x853.jpg 1280w, https:\/\/www.vkpbratislava.sk\/wp-content\/uploads\/2023\/04\/7B4A0651-1-768x512.jpg 768w, https:\/\/www.vkpbratislava.sk\/wp-content\/uploads\/2023\/04\/7B4A0651-1-1536x1024.jpg 1536w, https:\/\/www.vkpbratislava.sk\/wp-content\/uploads\/2023\/04\/7B4A0651-1-320x213.jpg 320w, https:\/\/www.vkpbratislava.sk\/wp-content\/uploads\/2023\/04\/7B4A0651-1-600x400.jpg 600w, https:\/\/www.vkpbratislava.sk\/wp-content\/uploads\/2023\/04\/7B4A0651-1.jpg 2048w\" sizes=\"auto, (max-width: 640px) 100vw, 640px\" \/><\/p>\n<p><b>Ak\u00e9 s\u00fa tvoje najbli\u017e\u0161ie kroky, kedy sa pres\u00fava\u0161 do \u0160panielska?\u00a0<\/b><\/p>\n<p><span style=\"font-weight: 400;\">Moje najbli\u017e\u0161ie kroky smeruj\u00fa do mesta Manacor na Malorke, kde si zahr\u00e1m \u0161panielsku Super ligu. Bude to pre m\u0148a v\u00fdzva a ur\u010dite budem musie\u0165 zabra\u0165, ale te\u0161\u00edm sa. Ver\u00edm, \u017ee budem pre svoj bud\u00faci klub prospe\u0161n\u00fd aspo\u0148 tak ako som bol pre VKP.<\/span><\/p>\n<p>&nbsp;<\/p>\n<p><b>Ako je to s tvojou \u0161paniel\u010dinou?<\/b><\/p>\n<p><span style=\"font-weight: 400;\">U\u017e som ju p\u00e1rkr\u00e1t po\u010dul a znela ve\u013emi vtipne, tak\u017ee asi tak. Ver\u00edm, \u017ee to zvl\u00e1dnem s angli\u010dtinou, na ktorej tie\u017e pracujem a na\u010falej budem.<\/span><\/p>\n<p>&nbsp;<\/p>\n<p><span style=\"font-weight: 400;\">V mene cel\u00e9ho klubu A\u010fovi prajeme ve\u013ea \u0161\u0165astia, \u00faspechov a zdravia v \u010fal\u0161om p\u00f4sobisku a osobnom \u017eivote.<\/span><\/p>\n","protected":false},"excerpt":{"rendered":"<p>V roku 2020 pri\u0161iel z Tren\u010d\u00edna do hlavn\u00e9ho mesta e\u0161te ako takmer nezn\u00e1my, no talentovan\u00fd volejbalov\u00fd t\u00edned\u017eer. Po \u0161tyroch sez\u00f3nach v drese VKP sa s klubom l\u00fa\u010di a mieri do zahrani\u010dia. P\u00f4sobenie Adri\u00e1na Van\u010da pod Bratislavsk\u00fdm hradom mo\u017eno pova\u017eova\u0165 za mimoriadne \u00faspe\u0161n\u00e9. 21-ro\u010dn\u00fd rod\u00e1k zo Starej \u013dubovne prispel v sez\u00f3ne 2022\/23 k zisku majstrovsk\u00e9ho titulu po dlh\u00fdch 12 rokoch, kedy sa stal aj najlep\u0161\u00edm hr\u00e1\u010dom Nik\u00e9 extraligy. Do klubovej vitr\u00edny s t\u00edmom pridal aj minulosez\u00f3nne striebro i triumf v Slovenskom poh\u00e1ri, ktor\u00fd po 14 rokoch op\u00e4\u0165 patr\u00ed Bratislave. V nasleduj\u00facich riadkoch sme so slovensk\u00fdm univerz\u00e1lom prebrali nielen jeho volejbalov\u00fa misiu vo VKP, ale aj nasleduj\u00face kroky v exotickej, no volejbalovo vyspelej Malorke.<\/p>\n","protected":false},"author":3,"featured_media":33258,"comment_status":"closed","ping_status":"closed","sticky":false,"template":"","format":"standard","meta":{"_monsterinsights_skip_tracking":false,"_monsterinsights_sitenote_active":false,"_monsterinsights_sitenote_note":"","_monsterinsights_sitenote_category":0,"footnotes":""},"categories":[47],"tags":[],"class_list":["post-33506","post","type-post","status-publish","format-standard","has-post-thumbnail","hentry","category-muzi"],"yoast_head":"<!-- This site is optimized with the Yoast SEO plugin v25.6 - https:\/\/yoast.com\/wordpress\/plugins\/seo\/ -->\n<title>Van\u010do odch\u00e1dza na Malorku a do VKP posiela jedno ve\u013ek\u00e9 \u010fakujem - VK SLOVAN Bratislava<\/title>\n<meta name=\"robots\" content=\"index, follow, max-snippet:-1, max-image-preview:large, max-video-preview:-1\" \/>\n<link rel=\"canonical\" href=\"https:\/\/www.vkpbratislava.sk\/?p=33506\" \/>\n<meta property=\"og:locale\" content=\"sk_SK\" \/>\n<meta property=\"og:type\" content=\"article\" \/>\n<meta property=\"og:title\" content=\"Van\u010do odch\u00e1dza na Malorku a do VKP posiela jedno ve\u013ek\u00e9 \u010fakujem - VK SLOVAN Bratislava\" \/>\n<meta property=\"og:description\" content=\"V roku 2020 pri\u0161iel z Tren\u010d\u00edna do hlavn\u00e9ho mesta e\u0161te ako takmer nezn\u00e1my, no talentovan\u00fd volejbalov\u00fd t\u00edned\u017eer. Po \u0161tyroch sez\u00f3nach v drese VKP sa s klubom l\u00fa\u010di a mieri do zahrani\u010dia. P\u00f4sobenie Adri\u00e1na Van\u010da pod Bratislavsk\u00fdm hradom mo\u017eno pova\u017eova\u0165 za mimoriadne \u00faspe\u0161n\u00e9. 21-ro\u010dn\u00fd rod\u00e1k zo Starej \u013dubovne prispel v sez\u00f3ne 2022\/23 k zisku majstrovsk\u00e9ho titulu po dlh\u00fdch 12 rokoch, kedy sa stal aj najlep\u0161\u00edm hr\u00e1\u010dom Nik\u00e9 extraligy. Do klubovej vitr\u00edny s t\u00edmom pridal aj minulosez\u00f3nne striebro i triumf v Slovenskom poh\u00e1ri, ktor\u00fd po 14 rokoch op\u00e4\u0165 patr\u00ed Bratislave. V nasleduj\u00facich riadkoch sme so slovensk\u00fdm univerz\u00e1lom prebrali nielen jeho volejbalov\u00fa misiu vo VKP, ale aj nasleduj\u00face kroky v exotickej, no volejbalovo vyspelej Malorke.\" \/>\n<meta property=\"og:url\" content=\"https:\/\/www.vkpbratislava.sk\/?p=33506\" \/>\n<meta property=\"og:site_name\" content=\"VK SLOVAN Bratislava\" \/>\n<meta property=\"article:published_time\" content=\"2024-07-10T11:36:44+00:00\" \/>\n<meta property=\"article:modified_time\" content=\"2024-07-18T21:10:40+00:00\" \/>\n<meta property=\"og:image\" content=\"https:\/\/www.vkpbratislava.sk\/wp-content\/uploads\/2024\/04\/MS_20240427_ELVKPvsZilina-94.jpg\" \/>\n\t<meta property=\"og:image:width\" content=\"2048\" \/>\n\t<meta property=\"og:image:height\" content=\"1365\" \/>\n\t<meta property=\"og:image:type\" content=\"image\/jpeg\" \/>\n<meta name=\"author\" content=\"jenca\" \/>\n<meta name=\"twitter:card\" content=\"summary_large_image\" \/>\n<meta name=\"twitter:label1\" content=\"Autor\" \/>\n\t<meta name=\"twitter:data1\" content=\"jenca\" \/>\n\t<meta name=\"twitter:label2\" content=\"Predpokladan\u00fd \u010das \u010d\u00edtania\" \/>\n\t<meta name=\"twitter:data2\" content=\"4 min\u00faty\" \/>\n<script type=\"application\/ld+json\" class=\"yoast-schema-graph\">{\"@context\":\"https:\/\/schema.org\",\"@graph\":[{\"@type\":\"Article\",\"@id\":\"https:\/\/www.vkpbratislava.sk\/?p=33506#article\",\"isPartOf\":{\"@id\":\"https:\/\/www.vkpbratislava.sk\/?p=33506\"},\"author\":{\"name\":\"jenca\",\"@id\":\"https:\/\/www.vkpbratislava.sk\/#\/schema\/person\/7037e769f9515aa58493d1b5852c4c50\"},\"headline\":\"Van\u010do odch\u00e1dza na Malorku a do VKP posiela jedno ve\u013ek\u00e9 \u010fakujem\",\"datePublished\":\"2024-07-10T11:36:44+00:00\",\"dateModified\":\"2024-07-18T21:10:40+00:00\",\"mainEntityOfPage\":{\"@id\":\"https:\/\/www.vkpbratislava.sk\/?p=33506\"},\"wordCount\":704,\"publisher\":{\"@id\":\"https:\/\/www.vkpbratislava.sk\/#organization\"},\"image\":{\"@id\":\"https:\/\/www.vkpbratislava.sk\/?p=33506#primaryimage\"},\"thumbnailUrl\":\"https:\/\/www.vkpbratislava.sk\/wp-content\/uploads\/2024\/04\/MS_20240427_ELVKPvsZilina-94.jpg\",\"articleSection\":[\"Mu\u017ei\"],\"inLanguage\":\"sk-SK\"},{\"@type\":\"WebPage\",\"@id\":\"https:\/\/www.vkpbratislava.sk\/?p=33506\",\"url\":\"https:\/\/www.vkpbratislava.sk\/?p=33506\",\"name\":\"Van\u010do odch\u00e1dza na Malorku a do VKP posiela jedno ve\u013ek\u00e9 \u010fakujem - VK SLOVAN Bratislava\",\"isPartOf\":{\"@id\":\"https:\/\/www.vkpbratislava.sk\/#website\"},\"primaryImageOfPage\":{\"@id\":\"https:\/\/www.vkpbratislava.sk\/?p=33506#primaryimage\"},\"image\":{\"@id\":\"https:\/\/www.vkpbratislava.sk\/?p=33506#primaryimage\"},\"thumbnailUrl\":\"https:\/\/www.vkpbratislava.sk\/wp-content\/uploads\/2024\/04\/MS_20240427_ELVKPvsZilina-94.jpg\",\"datePublished\":\"2024-07-10T11:36:44+00:00\",\"dateModified\":\"2024-07-18T21:10:40+00:00\",\"breadcrumb\":{\"@id\":\"https:\/\/www.vkpbratislava.sk\/?p=33506#breadcrumb\"},\"inLanguage\":\"sk-SK\",\"potentialAction\":[{\"@type\":\"ReadAction\",\"target\":[\"https:\/\/www.vkpbratislava.sk\/?p=33506\"]}]},{\"@type\":\"ImageObject\",\"inLanguage\":\"sk-SK\",\"@id\":\"https:\/\/www.vkpbratislava.sk\/?p=33506#primaryimage\",\"url\":\"https:\/\/www.vkpbratislava.sk\/wp-content\/uploads\/2024\/04\/MS_20240427_ELVKPvsZilina-94.jpg\",\"contentUrl\":\"https:\/\/www.vkpbratislava.sk\/wp-content\/uploads\/2024\/04\/MS_20240427_ELVKPvsZilina-94.jpg\",\"width\":2048,\"height\":1365},{\"@type\":\"BreadcrumbList\",\"@id\":\"https:\/\/www.vkpbratislava.sk\/?p=33506#breadcrumb\",\"itemListElement\":[{\"@type\":\"ListItem\",\"position\":1,\"name\":\"Domov\",\"item\":\"https:\/\/www.vkpbratislava.sk\/\"},{\"@type\":\"ListItem\",\"position\":2,\"name\":\"Van\u010do odch\u00e1dza na Malorku a do VKP posiela jedno ve\u013ek\u00e9 \u010fakujem\"}]},{\"@type\":\"WebSite\",\"@id\":\"https:\/\/www.vkpbratislava.sk\/#website\",\"url\":\"https:\/\/www.vkpbratislava.sk\/\",\"name\":\"VK SLOVAN Bratislava\",\"description\":\"Volejbalov\u00fd klub\",\"publisher\":{\"@id\":\"https:\/\/www.vkpbratislava.sk\/#organization\"},\"potentialAction\":[{\"@type\":\"SearchAction\",\"target\":{\"@type\":\"EntryPoint\",\"urlTemplate\":\"https:\/\/www.vkpbratislava.sk\/?s={search_term_string}\"},\"query-input\":{\"@type\":\"PropertyValueSpecification\",\"valueRequired\":true,\"valueName\":\"search_term_string\"}}],\"inLanguage\":\"sk-SK\"},{\"@type\":\"Organization\",\"@id\":\"https:\/\/www.vkpbratislava.sk\/#organization\",\"name\":\"VKP Bratislava\",\"url\":\"https:\/\/www.vkpbratislava.sk\/\",\"logo\":{\"@type\":\"ImageObject\",\"inLanguage\":\"sk-SK\",\"@id\":\"https:\/\/www.vkpbratislava.sk\/#\/schema\/logo\/image\/\",\"url\":\"https:\/\/www.vkpbratislava.sk\/wp-content\/uploads\/2020\/10\/vkpBA.png\",\"contentUrl\":\"https:\/\/www.vkpbratislava.sk\/wp-content\/uploads\/2020\/10\/vkpBA.png\",\"width\":600,\"height\":600,\"caption\":\"VKP Bratislava\"},\"image\":{\"@id\":\"https:\/\/www.vkpbratislava.sk\/#\/schema\/logo\/image\/\"}},{\"@type\":\"Person\",\"@id\":\"https:\/\/www.vkpbratislava.sk\/#\/schema\/person\/7037e769f9515aa58493d1b5852c4c50\",\"name\":\"jenca\",\"image\":{\"@type\":\"ImageObject\",\"inLanguage\":\"sk-SK\",\"@id\":\"https:\/\/www.vkpbratislava.sk\/#\/schema\/person\/image\/\",\"url\":\"https:\/\/secure.gravatar.com\/avatar\/67aa89e9aab2911bbd0c6fbf0a891ea8d80c207c9b6a6e2c96e13fc2f16e536d?s=96&d=mm&r=g\",\"contentUrl\":\"https:\/\/secure.gravatar.com\/avatar\/67aa89e9aab2911bbd0c6fbf0a891ea8d80c207c9b6a6e2c96e13fc2f16e536d?s=96&d=mm&r=g\",\"caption\":\"jenca\"},\"url\":\"https:\/\/www.vkpbratislava.sk\/?author=3\"}]}<\/script>\n<!-- \/ Yoast SEO plugin. -->","yoast_head_json":{"title":"Van\u010do odch\u00e1dza na Malorku a do VKP posiela jedno ve\u013ek\u00e9 \u010fakujem - VK SLOVAN Bratislava","robots":{"index":"index","follow":"follow","max-snippet":"max-snippet:-1","max-image-preview":"max-image-preview:large","max-video-preview":"max-video-preview:-1"},"canonical":"https:\/\/www.vkpbratislava.sk\/?p=33506","og_locale":"sk_SK","og_type":"article","og_title":"Van\u010do odch\u00e1dza na Malorku a do VKP posiela jedno ve\u013ek\u00e9 \u010fakujem - VK SLOVAN Bratislava","og_description":"V roku 2020 pri\u0161iel z Tren\u010d\u00edna do hlavn\u00e9ho mesta e\u0161te ako takmer nezn\u00e1my, no talentovan\u00fd volejbalov\u00fd t\u00edned\u017eer. Po \u0161tyroch sez\u00f3nach v drese VKP sa s klubom l\u00fa\u010di a mieri do zahrani\u010dia. P\u00f4sobenie Adri\u00e1na Van\u010da pod Bratislavsk\u00fdm hradom mo\u017eno pova\u017eova\u0165 za mimoriadne \u00faspe\u0161n\u00e9. 21-ro\u010dn\u00fd rod\u00e1k zo Starej \u013dubovne prispel v sez\u00f3ne 2022\/23 k zisku majstrovsk\u00e9ho titulu po dlh\u00fdch 12 rokoch, kedy sa stal aj najlep\u0161\u00edm hr\u00e1\u010dom Nik\u00e9 extraligy. Do klubovej vitr\u00edny s t\u00edmom pridal aj minulosez\u00f3nne striebro i triumf v Slovenskom poh\u00e1ri, ktor\u00fd po 14 rokoch op\u00e4\u0165 patr\u00ed Bratislave. V nasleduj\u00facich riadkoch sme so slovensk\u00fdm univerz\u00e1lom prebrali nielen jeho volejbalov\u00fa misiu vo VKP, ale aj nasleduj\u00face kroky v exotickej, no volejbalovo vyspelej Malorke.","og_url":"https:\/\/www.vkpbratislava.sk\/?p=33506","og_site_name":"VK SLOVAN Bratislava","article_published_time":"2024-07-10T11:36:44+00:00","article_modified_time":"2024-07-18T21:10:40+00:00","og_image":[{"width":2048,"height":1365,"url":"https:\/\/www.vkpbratislava.sk\/wp-content\/uploads\/2024\/04\/MS_20240427_ELVKPvsZilina-94.jpg","type":"image\/jpeg"}],"author":"jenca","twitter_card":"summary_large_image","twitter_misc":{"Autor":"jenca","Predpokladan\u00fd \u010das \u010d\u00edtania":"4 min\u00faty"},"schema":{"@context":"https:\/\/schema.org","@graph":[{"@type":"Article","@id":"https:\/\/www.vkpbratislava.sk\/?p=33506#article","isPartOf":{"@id":"https:\/\/www.vkpbratislava.sk\/?p=33506"},"author":{"name":"jenca","@id":"https:\/\/www.vkpbratislava.sk\/#\/schema\/person\/7037e769f9515aa58493d1b5852c4c50"},"headline":"Van\u010do odch\u00e1dza na Malorku a do VKP posiela jedno ve\u013ek\u00e9 \u010fakujem","datePublished":"2024-07-10T11:36:44+00:00","dateModified":"2024-07-18T21:10:40+00:00","mainEntityOfPage":{"@id":"https:\/\/www.vkpbratislava.sk\/?p=33506"},"wordCount":704,"publisher":{"@id":"https:\/\/www.vkpbratislava.sk\/#organization"},"image":{"@id":"https:\/\/www.vkpbratislava.sk\/?p=33506#primaryimage"},"thumbnailUrl":"https:\/\/www.vkpbratislava.sk\/wp-content\/uploads\/2024\/04\/MS_20240427_ELVKPvsZilina-94.jpg","articleSection":["Mu\u017ei"],"inLanguage":"sk-SK"},{"@type":"WebPage","@id":"https:\/\/www.vkpbratislava.sk\/?p=33506","url":"https:\/\/www.vkpbratislava.sk\/?p=33506","name":"Van\u010do odch\u00e1dza na Malorku a do VKP posiela jedno ve\u013ek\u00e9 \u010fakujem - VK SLOVAN Bratislava","isPartOf":{"@id":"https:\/\/www.vkpbratislava.sk\/#website"},"primaryImageOfPage":{"@id":"https:\/\/www.vkpbratislava.sk\/?p=33506#primaryimage"},"image":{"@id":"https:\/\/www.vkpbratislava.sk\/?p=33506#primaryimage"},"thumbnailUrl":"https:\/\/www.vkpbratislava.sk\/wp-content\/uploads\/2024\/04\/MS_20240427_ELVKPvsZilina-94.jpg","datePublished":"2024-07-10T11:36:44+00:00","dateModified":"2024-07-18T21:10:40+00:00","breadcrumb":{"@id":"https:\/\/www.vkpbratislava.sk\/?p=33506#breadcrumb"},"inLanguage":"sk-SK","potentialAction":[{"@type":"ReadAction","target":["https:\/\/www.vkpbratislava.sk\/?p=33506"]}]},{"@type":"ImageObject","inLanguage":"sk-SK","@id":"https:\/\/www.vkpbratislava.sk\/?p=33506#primaryimage","url":"https:\/\/www.vkpbratislava.sk\/wp-content\/uploads\/2024\/04\/MS_20240427_ELVKPvsZilina-94.jpg","contentUrl":"https:\/\/www.vkpbratislava.sk\/wp-content\/uploads\/2024\/04\/MS_20240427_ELVKPvsZilina-94.jpg","width":2048,"height":1365},{"@type":"BreadcrumbList","@id":"https:\/\/www.vkpbratislava.sk\/?p=33506#breadcrumb","itemListElement":[{"@type":"ListItem","position":1,"name":"Domov","item":"https:\/\/www.vkpbratislava.sk\/"},{"@type":"ListItem","position":2,"name":"Van\u010do odch\u00e1dza na Malorku a do VKP posiela jedno ve\u013ek\u00e9 \u010fakujem"}]},{"@type":"WebSite","@id":"https:\/\/www.vkpbratislava.sk\/#website","url":"https:\/\/www.vkpbratislava.sk\/","name":"VK SLOVAN Bratislava","description":"Volejbalov\u00fd klub","publisher":{"@id":"https:\/\/www.vkpbratislava.sk\/#organization"},"potentialAction":[{"@type":"SearchAction","target":{"@type":"EntryPoint","urlTemplate":"https:\/\/www.vkpbratislava.sk\/?s={search_term_string}"},"query-input":{"@type":"PropertyValueSpecification","valueRequired":true,"valueName":"search_term_string"}}],"inLanguage":"sk-SK"},{"@type":"Organization","@id":"https:\/\/www.vkpbratislava.sk\/#organization","name":"VKP Bratislava","url":"https:\/\/www.vkpbratislava.sk\/","logo":{"@type":"ImageObject","inLanguage":"sk-SK","@id":"https:\/\/www.vkpbratislava.sk\/#\/schema\/logo\/image\/","url":"https:\/\/www.vkpbratislava.sk\/wp-content\/uploads\/2020\/10\/vkpBA.png","contentUrl":"https:\/\/www.vkpbratislava.sk\/wp-content\/uploads\/2020\/10\/vkpBA.png","width":600,"height":600,"caption":"VKP Bratislava"},"image":{"@id":"https:\/\/www.vkpbratislava.sk\/#\/schema\/logo\/image\/"}},{"@type":"Person","@id":"https:\/\/www.vkpbratislava.sk\/#\/schema\/person\/7037e769f9515aa58493d1b5852c4c50","name":"jenca","image":{"@type":"ImageObject","inLanguage":"sk-SK","@id":"https:\/\/www.vkpbratislava.sk\/#\/schema\/person\/image\/","url":"https:\/\/secure.gravatar.com\/avatar\/67aa89e9aab2911bbd0c6fbf0a891ea8d80c207c9b6a6e2c96e13fc2f16e536d?s=96&d=mm&r=g","contentUrl":"https:\/\/secure.gravatar.com\/avatar\/67aa89e9aab2911bbd0c6fbf0a891ea8d80c207c9b6a6e2c96e13fc2f16e536d?s=96&d=mm&r=g","caption":"jenca"},"url":"https:\/\/www.vkpbratislava.sk\/?author=3"}]}},"_links":{"self":[{"href":"https:\/\/www.vkpbratislava.sk\/index.php?rest_route=\/wp\/v2\/posts\/33506","targetHints":{"allow":["GET"]}}],"collection":[{"href":"https:\/\/www.vkpbratislava.sk\/index.php?rest_route=\/wp\/v2\/posts"}],"about":[{"href":"https:\/\/www.vkpbratislava.sk\/index.php?rest_route=\/wp\/v2\/types\/post"}],"author":[{"embeddable":true,"href":"https:\/\/www.vkpbratislava.sk\/index.php?rest_route=\/wp\/v2\/users\/3"}],"replies":[{"embeddable":true,"href":"https:\/\/www.vkpbratislava.sk\/index.php?rest_route=%2Fwp%2Fv2%2Fcomments&post=33506"}],"version-history":[{"count":5,"href":"https:\/\/www.vkpbratislava.sk\/index.php?rest_route=\/wp\/v2\/posts\/33506\/revisions"}],"predecessor-version":[{"id":33512,"href":"https:\/\/www.vkpbratislava.sk\/index.php?rest_route=\/wp\/v2\/posts\/33506\/revisions\/33512"}],"wp:featuredmedia":[{"embeddable":true,"href":"https:\/\/www.vkpbratislava.sk\/index.php?rest_route=\/wp\/v2\/media\/33258"}],"wp:attachment":[{"href":"https:\/\/www.vkpbratislava.sk\/index.php?rest_route=%2Fwp%2Fv2%2Fmedia&parent=33506"}],"wp:term":[{"taxonomy":"category","embeddable":true,"href":"https:\/\/www.vkpbratislava.sk\/index.php?rest_route=%2Fwp%2Fv2%2Fcategories&post=33506"},{"taxonomy":"post_tag","embeddable":true,"href":"https:\/\/www.vkpbratislava.sk\/index.php?rest_route=%2Fwp%2Fv2%2Ftags&post=33506"}],"curies":[{"name":"wp","href":"https:\/\/api.w.org\/{rel}","templated":true}]}}