{"id":33521,"date":"2024-07-19T17:34:43","date_gmt":"2024-07-19T15:34:43","guid":{"rendered":"https:\/\/www.vkpbratislava.sk\/?p=33521"},"modified":"2024-07-19T17:34:43","modified_gmt":"2024-07-19T15:34:43","slug":"zeny-i-muzi-vkp-zacinaju-novu-sezonu-extraligy-doma","status":"publish","type":"post","link":"https:\/\/www.vkpbratislava.sk\/?p=33521","title":{"rendered":"\u017deny i mu\u017ei VKP za\u010d\u00ednaj\u00fa nov\u00fa sez\u00f3nu extraligy doma"},"content":{"rendered":"<p><b>Po takmer trojmesa\u010dnej pauze s\u00fa u\u017e zn\u00e1me najd\u00f4le\u017eitej\u0161ie d\u00e1tumy sez\u00f3ny 2024\/25 pre s\u00fa\u0165a\u017ee Nik\u00e9 Extraligy i Nik\u00e9 Slovensk\u00e9ho poh\u00e1ra \u017eien i mu\u017eov.\u00a0<\/b><\/p>\n<p><span style=\"font-weight: 400;\">Slovensk\u00e1 volejbalov\u00e1 feder\u00e1cia v pondelok 15. j\u00fala vy\u017erebovala term\u00ednovn\u00edk celoslovensk\u00fdch volejbalov\u00fdch s\u00fa\u0165a\u017e\u00ed. Osobne sa o to pri\u010dinili najlep\u0161\u00ed hr\u00e1\u010di vla\u0148aj\u0161ieho ro\u010dn\u00edka Nik\u00e9 Extraligy \u017eien i mu\u017eov \u2013 Ema Magdinov\u00e1 zo Sl\u00e1vie Bratislava a Peter Mlynar\u010d\u00edk z\u00a0 Rieker UJS Kom\u00e1rno, asistoval im pri tom mana\u017e\u00e9r s\u00fa\u0165a\u017e\u00ed a IT Filip Morav\u010d\u00edk.<\/span><\/p>\n<p><b><i>\u017dENY: Nik\u00e9 Extraliga, na \u00favod pr\u00edde Pre\u0161ov<\/i><\/b><\/p>\n<p><span style=\"font-weight: 400;\">Pre zverenky tr\u00e9nera Bern\u00e1tha sa Nik\u00e9 Extraliga za\u010d\u00edna u\u017e 28. septembra aj na\u010falej v nej bude p\u00f4sobi\u0165 10 t\u00edmov. Aj napriek tomu prich\u00e1dza k malej zmene, t\u00edm Projekt RD SVF nahrad\u00ed nov\u00e1\u010dik VK Spartak UJS Kom\u00e1rno. Na\u0161e \u017eeny odohraj\u00fa prv\u00fd z\u00e1pas doma proti VK Pre\u0161ov.<\/span><\/p>\n<p><b>\u201e\u017deny odohraj\u00fa v z\u00e1kladnej \u010dasti 18 k\u00f4l, potom sa s\u00fa\u0165a\u017e rozdel\u00ed na dve nadstavbov\u00e9 skupiny, kde bude hra\u0165 prv\u00fdch p\u00e4\u0165 dru\u017estiev v A-skupine a zvy\u0161n\u00fdch p\u00e4\u0165 v B-skupine. Play-off, ktor\u00e9 sa za\u010dne 22. marca, sa bude hra\u0165 vo \u0161tvr\u0165fin\u00e1le na dve v\u00ed\u0165azn\u00e9 z\u00e1pasy, semifin\u00e1le a fin\u00e1le na tri v\u00ed\u0165azn\u00e9 z\u00e1pasy,<\/b><span style=\"font-weight: 400;\">\u201c ozrejmil na ofici\u00e1lnom webe SVF Filip Morav\u010dik. \u017densk\u00fd majster bude zn\u00e1my najnesk\u00f4r 3. m\u00e1ja 2025, titul z minul\u00e9ho ro\u010dn\u00edka obhajuje Sl\u00e1via UK Bratislava.\u00a0<\/span><\/p>\n<p>&nbsp;<\/p>\n<p><a href=\"https:\/\/www.volleynet.sk\/?1.competitionId=6694c1dcf382df0100d496c7\"><b>Kompletn\u00fd rozpis Nik\u00e9 Extraligy \u017eien 2024\/2025 n\u00e1jdete TU<\/b><\/a><\/p>\n<p><b><i>MU\u017dI: Nik\u00e9 Extraliga, v prvom kole kvalita z Myjavy<\/i><\/b><\/p>\n<p><span style=\"font-weight: 400;\">Prv\u00e9 kolo mu\u017eskej Extraligy od\u0161tartuje o t\u00fd\u017ede\u0148 nesk\u00f4r po \u017een\u00e1ch, 5. okt\u00f3bra. Volejbalisti VKP odohraj\u00fa v z\u00e1kladnej \u010dasti 14 k\u00f4l, nasleduje nadstavba, v ktorej dru\u017estv\u00e1 odohraj\u00fa z\u00e1pasy v skupin\u00e1ch o 1.-4. a 5.-7. miesto. Z\u00e1vere\u010dn\u00e1 \u010das\u0165 nadstavby je napl\u00e1novan\u00e1 na 8. marca 2025 a o \u0161tyri dni nesk\u00f4r od\u0161tartuje play-off. V\u00ed\u0165az nadstavbovej \u010dasti postupuje priamo do semifin\u00e1le, prv\u00e9 kolo play-off odohr\u00e1 na dve v\u00ed\u0165azn\u00e9 stretnutia. Semifin\u00e1lov\u00e9 z\u00e1pasy sa odohraj\u00fa na tri v\u00ed\u0165azstv\u00e1 na rozdiel od fin\u00e1lovej s\u00e9rie, ktor\u00e1 je nastaven\u00e1 na \u0161tyri v\u00ed\u0165azn\u00e9 duely. Majster Slovenska bude zn\u00e1my najnesk\u00f4r 1. m\u00e1ja 2025.Treba pripomen\u00fa\u0165, \u017ee majstrovsk\u00fd titul z\u00edskal v minulej sez\u00f3ne po tuhom fin\u00e1lovom boji pr\u00e1ve s VKP t\u00edm Kom\u00e1rna.<\/span><\/p>\n<p><span style=\"font-weight: 400;\">Aj v mu\u017eskej \u010dasti v bud\u00facej sez\u00f3ne doch\u00e1dza k zmene. Na rozdiel od minulej sez\u00f3ny, kde p\u00f4sobilo osem dru\u017estiev, sa v nasleduj\u00facej predstav\u00ed len sedem, ch\u00fdba\u0165 bude S\u0160\u0160 Tren\u010d\u00edn &#8211; Projekt RD SVF.<\/span><\/p>\n<p><a href=\"https:\/\/www.volleynet.sk\/?1.competitionId=6694c0c5f382df0100d496a9\"><b>Kompletn\u00fd rozpis Nik\u00e9 Extraligy mu\u017eov 2024\/2025 n\u00e1jdete TU<\/b><\/a><\/p>\n<p><b><i>Slovensk\u00fd Poh\u00e1r: Mu\u017ei VKP priamo do semifin\u00e1le<\/i><\/b><\/p>\n<p><span style=\"font-weight: 400;\">Nik\u00e9 Slovensk\u00fd poh\u00e1r \u017eien sa bude hra\u0165 syst\u00e9mom doma &#8211; vonku od \u0161tvr\u0165fin\u00e1le, v term\u00ednoch 23. okt\u00f3bra a 20. novembra 2024. Nasleduje \u017ereb semifin\u00e1le, ktor\u00e9 sa odohr\u00e1 18. decembra 2024 a 15. janu\u00e1ra 2025 a superfin\u00e1le. Vo \u0161tvr\u0165fin\u00e1le Slovensk\u00e9ho poh\u00e1ra narazia volejbalistky VKP na ambici\u00f3zny t\u00edm <\/span><span style=\"font-weight: 400;\">Hit UCM Trnava.<\/span><\/p>\n<p><span style=\"font-weight: 400;\">Aktu\u00e1lna situ\u00e1cia pred sez\u00f3nou Slovensk\u00e9ho poh\u00e1ra 2024\/25 mu\u017eov je nasledovn\u00e1: po \u017erebovan\u00ed sa vo \u0161tvr\u0165fin\u00e1le stretn\u00fa: Kom\u00e1rno \u2013 Bansk\u00e1 Bystrica, Myjava \u2013 Svidn\u00edk a Nitra \u2013 Pre\u0161ov. VKP ako minuloro\u010dn\u00fd v\u00ed\u0165az m\u00e1 zaru\u010den\u00fd postup do semifin\u00e1le. \u0160tvr\u0165fin\u00e1le sa odohr\u00e1 v d\u0148och 23. okt\u00f3bra a 6. novembra. Semifin\u00e1le je napl\u00e1novan\u00e9 na 11. decembra 2024 a 15. janu\u00e1ra 2025.\u00a0<\/span><\/p>\n<p><span style=\"font-weight: 400;\">V\u00ed\u0165azi semifin\u00e1le postupuj\u00fa do Nik\u00e9 SuperFin\u00e1le Slovensk\u00e9ho poh\u00e1ra, ktor\u00ed bud\u00fa bojova\u0165 vo febru\u00e1ri 2025 o trofej \u0160tefana Pipu.<\/span><\/p>\n<p><span style=\"font-weight: 400;\">\u00a0<\/span><\/p>\n<p><b><i>\u00a0<\/i><\/b><\/p>\n<p>&nbsp;<\/p>\n","protected":false},"excerpt":{"rendered":"<p>Po takmer trojmesa\u010dnej pauze s\u00fa u\u017e zn\u00e1me najd\u00f4le\u017eitej\u0161ie d\u00e1tumy sez\u00f3ny 2024\/25 pre s\u00fa\u0165a\u017ee Nik\u00e9 Extraligy i Nik\u00e9 Slovensk\u00e9ho poh\u00e1ra \u017eien i mu\u017eov.\u00a0 Slovensk\u00e1 volejbalov\u00e1 feder\u00e1cia v pondelok 15. j\u00fala vy\u017erebovala term\u00ednovn\u00edk celoslovensk\u00fdch volejbalov\u00fdch s\u00fa\u0165a\u017e\u00ed. Osobne sa o to pri\u010dinili najlep\u0161\u00ed hr\u00e1\u010di vla\u0148aj\u0161ieho ro\u010dn\u00edka Nik\u00e9 Extraligy \u017eien i mu\u017eov \u2013 Ema Magdinov\u00e1 zo Sl\u00e1vie Bratislava a&#8230;<\/p>\n","protected":false},"author":3,"featured_media":33376,"comment_status":"closed","ping_status":"closed","sticky":false,"template":"","format":"standard","meta":{"_monsterinsights_skip_tracking":false,"_monsterinsights_sitenote_active":false,"_monsterinsights_sitenote_note":"","_monsterinsights_sitenote_category":0,"footnotes":""},"categories":[47,48],"tags":[],"class_list":["post-33521","post","type-post","status-publish","format-standard","has-post-thumbnail","hentry","category-muzi","category-zeny"],"yoast_head":"<!-- This site is optimized with the Yoast SEO plugin v25.6 - https:\/\/yoast.com\/wordpress\/plugins\/seo\/ -->\n<title>\u017deny i mu\u017ei VKP za\u010d\u00ednaj\u00fa nov\u00fa sez\u00f3nu extraligy doma - VK SLOVAN Bratislava<\/title>\n<meta name=\"robots\" content=\"index, follow, max-snippet:-1, max-image-preview:large, max-video-preview:-1\" \/>\n<link rel=\"canonical\" href=\"https:\/\/www.vkpbratislava.sk\/?p=33521\" \/>\n<meta property=\"og:locale\" content=\"sk_SK\" \/>\n<meta property=\"og:type\" content=\"article\" \/>\n<meta property=\"og:title\" content=\"\u017deny i mu\u017ei VKP za\u010d\u00ednaj\u00fa nov\u00fa sez\u00f3nu extraligy doma - VK SLOVAN Bratislava\" \/>\n<meta property=\"og:description\" content=\"Po takmer trojmesa\u010dnej pauze s\u00fa u\u017e zn\u00e1me najd\u00f4le\u017eitej\u0161ie d\u00e1tumy sez\u00f3ny 2024\/25 pre s\u00fa\u0165a\u017ee Nik\u00e9 Extraligy i Nik\u00e9 Slovensk\u00e9ho poh\u00e1ra \u017eien i mu\u017eov.\u00a0 Slovensk\u00e1 volejbalov\u00e1 feder\u00e1cia v pondelok 15. j\u00fala vy\u017erebovala term\u00ednovn\u00edk celoslovensk\u00fdch volejbalov\u00fdch s\u00fa\u0165a\u017e\u00ed. Osobne sa o to pri\u010dinili najlep\u0161\u00ed hr\u00e1\u010di vla\u0148aj\u0161ieho ro\u010dn\u00edka Nik\u00e9 Extraligy \u017eien i mu\u017eov \u2013 Ema Magdinov\u00e1 zo Sl\u00e1vie Bratislava a...\" \/>\n<meta property=\"og:url\" content=\"https:\/\/www.vkpbratislava.sk\/?p=33521\" \/>\n<meta property=\"og:site_name\" content=\"VK SLOVAN Bratislava\" \/>\n<meta property=\"article:published_time\" content=\"2024-07-19T15:34:43+00:00\" \/>\n<meta property=\"og:image\" content=\"https:\/\/www.vkpbratislava.sk\/wp-content\/uploads\/2024\/04\/MS_20240429_ELVKPvsKomarno-93.jpg\" \/>\n\t<meta property=\"og:image:width\" content=\"2048\" \/>\n\t<meta property=\"og:image:height\" content=\"1365\" \/>\n\t<meta property=\"og:image:type\" content=\"image\/jpeg\" \/>\n<meta name=\"author\" content=\"jenca\" \/>\n<meta name=\"twitter:card\" content=\"summary_large_image\" \/>\n<meta name=\"twitter:label1\" content=\"Autor\" \/>\n\t<meta name=\"twitter:data1\" content=\"jenca\" \/>\n\t<meta name=\"twitter:label2\" content=\"Predpokladan\u00fd \u010das \u010d\u00edtania\" \/>\n\t<meta name=\"twitter:data2\" content=\"1 min\u00fata\" \/>\n<script type=\"application\/ld+json\" class=\"yoast-schema-graph\">{\"@context\":\"https:\/\/schema.org\",\"@graph\":[{\"@type\":\"Article\",\"@id\":\"https:\/\/www.vkpbratislava.sk\/?p=33521#article\",\"isPartOf\":{\"@id\":\"https:\/\/www.vkpbratislava.sk\/?p=33521\"},\"author\":{\"name\":\"jenca\",\"@id\":\"https:\/\/www.vkpbratislava.sk\/#\/schema\/person\/7037e769f9515aa58493d1b5852c4c50\"},\"headline\":\"\u017deny i mu\u017ei VKP za\u010d\u00ednaj\u00fa nov\u00fa sez\u00f3nu extraligy doma\",\"datePublished\":\"2024-07-19T15:34:43+00:00\",\"mainEntityOfPage\":{\"@id\":\"https:\/\/www.vkpbratislava.sk\/?p=33521\"},\"wordCount\":641,\"publisher\":{\"@id\":\"https:\/\/www.vkpbratislava.sk\/#organization\"},\"image\":{\"@id\":\"https:\/\/www.vkpbratislava.sk\/?p=33521#primaryimage\"},\"thumbnailUrl\":\"https:\/\/www.vkpbratislava.sk\/wp-content\/uploads\/2024\/04\/MS_20240429_ELVKPvsKomarno-93.jpg\",\"articleSection\":[\"Mu\u017ei\",\"\u017deny\"],\"inLanguage\":\"sk-SK\"},{\"@type\":\"WebPage\",\"@id\":\"https:\/\/www.vkpbratislava.sk\/?p=33521\",\"url\":\"https:\/\/www.vkpbratislava.sk\/?p=33521\",\"name\":\"\u017deny i mu\u017ei VKP za\u010d\u00ednaj\u00fa nov\u00fa sez\u00f3nu extraligy doma - VK SLOVAN Bratislava\",\"isPartOf\":{\"@id\":\"https:\/\/www.vkpbratislava.sk\/#website\"},\"primaryImageOfPage\":{\"@id\":\"https:\/\/www.vkpbratislava.sk\/?p=33521#primaryimage\"},\"image\":{\"@id\":\"https:\/\/www.vkpbratislava.sk\/?p=33521#primaryimage\"},\"thumbnailUrl\":\"https:\/\/www.vkpbratislava.sk\/wp-content\/uploads\/2024\/04\/MS_20240429_ELVKPvsKomarno-93.jpg\",\"datePublished\":\"2024-07-19T15:34:43+00:00\",\"breadcrumb\":{\"@id\":\"https:\/\/www.vkpbratislava.sk\/?p=33521#breadcrumb\"},\"inLanguage\":\"sk-SK\",\"potentialAction\":[{\"@type\":\"ReadAction\",\"target\":[\"https:\/\/www.vkpbratislava.sk\/?p=33521\"]}]},{\"@type\":\"ImageObject\",\"inLanguage\":\"sk-SK\",\"@id\":\"https:\/\/www.vkpbratislava.sk\/?p=33521#primaryimage\",\"url\":\"https:\/\/www.vkpbratislava.sk\/wp-content\/uploads\/2024\/04\/MS_20240429_ELVKPvsKomarno-93.jpg\",\"contentUrl\":\"https:\/\/www.vkpbratislava.sk\/wp-content\/uploads\/2024\/04\/MS_20240429_ELVKPvsKomarno-93.jpg\",\"width\":2048,\"height\":1365},{\"@type\":\"BreadcrumbList\",\"@id\":\"https:\/\/www.vkpbratislava.sk\/?p=33521#breadcrumb\",\"itemListElement\":[{\"@type\":\"ListItem\",\"position\":1,\"name\":\"Domov\",\"item\":\"https:\/\/www.vkpbratislava.sk\/\"},{\"@type\":\"ListItem\",\"position\":2,\"name\":\"\u017deny i mu\u017ei VKP za\u010d\u00ednaj\u00fa nov\u00fa sez\u00f3nu extraligy doma\"}]},{\"@type\":\"WebSite\",\"@id\":\"https:\/\/www.vkpbratislava.sk\/#website\",\"url\":\"https:\/\/www.vkpbratislava.sk\/\",\"name\":\"VK SLOVAN Bratislava\",\"description\":\"Volejbalov\u00fd klub\",\"publisher\":{\"@id\":\"https:\/\/www.vkpbratislava.sk\/#organization\"},\"potentialAction\":[{\"@type\":\"SearchAction\",\"target\":{\"@type\":\"EntryPoint\",\"urlTemplate\":\"https:\/\/www.vkpbratislava.sk\/?s={search_term_string}\"},\"query-input\":{\"@type\":\"PropertyValueSpecification\",\"valueRequired\":true,\"valueName\":\"search_term_string\"}}],\"inLanguage\":\"sk-SK\"},{\"@type\":\"Organization\",\"@id\":\"https:\/\/www.vkpbratislava.sk\/#organization\",\"name\":\"VKP Bratislava\",\"url\":\"https:\/\/www.vkpbratislava.sk\/\",\"logo\":{\"@type\":\"ImageObject\",\"inLanguage\":\"sk-SK\",\"@id\":\"https:\/\/www.vkpbratislava.sk\/#\/schema\/logo\/image\/\",\"url\":\"https:\/\/www.vkpbratislava.sk\/wp-content\/uploads\/2020\/10\/vkpBA.png\",\"contentUrl\":\"https:\/\/www.vkpbratislava.sk\/wp-content\/uploads\/2020\/10\/vkpBA.png\",\"width\":600,\"height\":600,\"caption\":\"VKP Bratislava\"},\"image\":{\"@id\":\"https:\/\/www.vkpbratislava.sk\/#\/schema\/logo\/image\/\"}},{\"@type\":\"Person\",\"@id\":\"https:\/\/www.vkpbratislava.sk\/#\/schema\/person\/7037e769f9515aa58493d1b5852c4c50\",\"name\":\"jenca\",\"image\":{\"@type\":\"ImageObject\",\"inLanguage\":\"sk-SK\",\"@id\":\"https:\/\/www.vkpbratislava.sk\/#\/schema\/person\/image\/\",\"url\":\"https:\/\/secure.gravatar.com\/avatar\/67aa89e9aab2911bbd0c6fbf0a891ea8d80c207c9b6a6e2c96e13fc2f16e536d?s=96&d=mm&r=g\",\"contentUrl\":\"https:\/\/secure.gravatar.com\/avatar\/67aa89e9aab2911bbd0c6fbf0a891ea8d80c207c9b6a6e2c96e13fc2f16e536d?s=96&d=mm&r=g\",\"caption\":\"jenca\"},\"url\":\"https:\/\/www.vkpbratislava.sk\/?author=3\"}]}<\/script>\n<!-- \/ Yoast SEO plugin. -->","yoast_head_json":{"title":"\u017deny i mu\u017ei VKP za\u010d\u00ednaj\u00fa nov\u00fa sez\u00f3nu extraligy doma - VK SLOVAN Bratislava","robots":{"index":"index","follow":"follow","max-snippet":"max-snippet:-1","max-image-preview":"max-image-preview:large","max-video-preview":"max-video-preview:-1"},"canonical":"https:\/\/www.vkpbratislava.sk\/?p=33521","og_locale":"sk_SK","og_type":"article","og_title":"\u017deny i mu\u017ei VKP za\u010d\u00ednaj\u00fa nov\u00fa sez\u00f3nu extraligy doma - VK SLOVAN Bratislava","og_description":"Po takmer trojmesa\u010dnej pauze s\u00fa u\u017e zn\u00e1me najd\u00f4le\u017eitej\u0161ie d\u00e1tumy sez\u00f3ny 2024\/25 pre s\u00fa\u0165a\u017ee Nik\u00e9 Extraligy i Nik\u00e9 Slovensk\u00e9ho poh\u00e1ra \u017eien i mu\u017eov.\u00a0 Slovensk\u00e1 volejbalov\u00e1 feder\u00e1cia v pondelok 15. j\u00fala vy\u017erebovala term\u00ednovn\u00edk celoslovensk\u00fdch volejbalov\u00fdch s\u00fa\u0165a\u017e\u00ed. Osobne sa o to pri\u010dinili najlep\u0161\u00ed hr\u00e1\u010di vla\u0148aj\u0161ieho ro\u010dn\u00edka Nik\u00e9 Extraligy \u017eien i mu\u017eov \u2013 Ema Magdinov\u00e1 zo Sl\u00e1vie Bratislava a...","og_url":"https:\/\/www.vkpbratislava.sk\/?p=33521","og_site_name":"VK SLOVAN Bratislava","article_published_time":"2024-07-19T15:34:43+00:00","og_image":[{"width":2048,"height":1365,"url":"https:\/\/www.vkpbratislava.sk\/wp-content\/uploads\/2024\/04\/MS_20240429_ELVKPvsKomarno-93.jpg","type":"image\/jpeg"}],"author":"jenca","twitter_card":"summary_large_image","twitter_misc":{"Autor":"jenca","Predpokladan\u00fd \u010das \u010d\u00edtania":"1 min\u00fata"},"schema":{"@context":"https:\/\/schema.org","@graph":[{"@type":"Article","@id":"https:\/\/www.vkpbratislava.sk\/?p=33521#article","isPartOf":{"@id":"https:\/\/www.vkpbratislava.sk\/?p=33521"},"author":{"name":"jenca","@id":"https:\/\/www.vkpbratislava.sk\/#\/schema\/person\/7037e769f9515aa58493d1b5852c4c50"},"headline":"\u017deny i mu\u017ei VKP za\u010d\u00ednaj\u00fa nov\u00fa sez\u00f3nu extraligy doma","datePublished":"2024-07-19T15:34:43+00:00","mainEntityOfPage":{"@id":"https:\/\/www.vkpbratislava.sk\/?p=33521"},"wordCount":641,"publisher":{"@id":"https:\/\/www.vkpbratislava.sk\/#organization"},"image":{"@id":"https:\/\/www.vkpbratislava.sk\/?p=33521#primaryimage"},"thumbnailUrl":"https:\/\/www.vkpbratislava.sk\/wp-content\/uploads\/2024\/04\/MS_20240429_ELVKPvsKomarno-93.jpg","articleSection":["Mu\u017ei","\u017deny"],"inLanguage":"sk-SK"},{"@type":"WebPage","@id":"https:\/\/www.vkpbratislava.sk\/?p=33521","url":"https:\/\/www.vkpbratislava.sk\/?p=33521","name":"\u017deny i mu\u017ei VKP za\u010d\u00ednaj\u00fa nov\u00fa sez\u00f3nu extraligy doma - VK SLOVAN Bratislava","isPartOf":{"@id":"https:\/\/www.vkpbratislava.sk\/#website"},"primaryImageOfPage":{"@id":"https:\/\/www.vkpbratislava.sk\/?p=33521#primaryimage"},"image":{"@id":"https:\/\/www.vkpbratislava.sk\/?p=33521#primaryimage"},"thumbnailUrl":"https:\/\/www.vkpbratislava.sk\/wp-content\/uploads\/2024\/04\/MS_20240429_ELVKPvsKomarno-93.jpg","datePublished":"2024-07-19T15:34:43+00:00","breadcrumb":{"@id":"https:\/\/www.vkpbratislava.sk\/?p=33521#breadcrumb"},"inLanguage":"sk-SK","potentialAction":[{"@type":"ReadAction","target":["https:\/\/www.vkpbratislava.sk\/?p=33521"]}]},{"@type":"ImageObject","inLanguage":"sk-SK","@id":"https:\/\/www.vkpbratislava.sk\/?p=33521#primaryimage","url":"https:\/\/www.vkpbratislava.sk\/wp-content\/uploads\/2024\/04\/MS_20240429_ELVKPvsKomarno-93.jpg","contentUrl":"https:\/\/www.vkpbratislava.sk\/wp-content\/uploads\/2024\/04\/MS_20240429_ELVKPvsKomarno-93.jpg","width":2048,"height":1365},{"@type":"BreadcrumbList","@id":"https:\/\/www.vkpbratislava.sk\/?p=33521#breadcrumb","itemListElement":[{"@type":"ListItem","position":1,"name":"Domov","item":"https:\/\/www.vkpbratislava.sk\/"},{"@type":"ListItem","position":2,"name":"\u017deny i mu\u017ei VKP za\u010d\u00ednaj\u00fa nov\u00fa sez\u00f3nu extraligy doma"}]},{"@type":"WebSite","@id":"https:\/\/www.vkpbratislava.sk\/#website","url":"https:\/\/www.vkpbratislava.sk\/","name":"VK SLOVAN Bratislava","description":"Volejbalov\u00fd klub","publisher":{"@id":"https:\/\/www.vkpbratislava.sk\/#organization"},"potentialAction":[{"@type":"SearchAction","target":{"@type":"EntryPoint","urlTemplate":"https:\/\/www.vkpbratislava.sk\/?s={search_term_string}"},"query-input":{"@type":"PropertyValueSpecification","valueRequired":true,"valueName":"search_term_string"}}],"inLanguage":"sk-SK"},{"@type":"Organization","@id":"https:\/\/www.vkpbratislava.sk\/#organization","name":"VKP Bratislava","url":"https:\/\/www.vkpbratislava.sk\/","logo":{"@type":"ImageObject","inLanguage":"sk-SK","@id":"https:\/\/www.vkpbratislava.sk\/#\/schema\/logo\/image\/","url":"https:\/\/www.vkpbratislava.sk\/wp-content\/uploads\/2020\/10\/vkpBA.png","contentUrl":"https:\/\/www.vkpbratislava.sk\/wp-content\/uploads\/2020\/10\/vkpBA.png","width":600,"height":600,"caption":"VKP Bratislava"},"image":{"@id":"https:\/\/www.vkpbratislava.sk\/#\/schema\/logo\/image\/"}},{"@type":"Person","@id":"https:\/\/www.vkpbratislava.sk\/#\/schema\/person\/7037e769f9515aa58493d1b5852c4c50","name":"jenca","image":{"@type":"ImageObject","inLanguage":"sk-SK","@id":"https:\/\/www.vkpbratislava.sk\/#\/schema\/person\/image\/","url":"https:\/\/secure.gravatar.com\/avatar\/67aa89e9aab2911bbd0c6fbf0a891ea8d80c207c9b6a6e2c96e13fc2f16e536d?s=96&d=mm&r=g","contentUrl":"https:\/\/secure.gravatar.com\/avatar\/67aa89e9aab2911bbd0c6fbf0a891ea8d80c207c9b6a6e2c96e13fc2f16e536d?s=96&d=mm&r=g","caption":"jenca"},"url":"https:\/\/www.vkpbratislava.sk\/?author=3"}]}},"_links":{"self":[{"href":"https:\/\/www.vkpbratislava.sk\/index.php?rest_route=\/wp\/v2\/posts\/33521","targetHints":{"allow":["GET"]}}],"collection":[{"href":"https:\/\/www.vkpbratislava.sk\/index.php?rest_route=\/wp\/v2\/posts"}],"about":[{"href":"https:\/\/www.vkpbratislava.sk\/index.php?rest_route=\/wp\/v2\/types\/post"}],"author":[{"embeddable":true,"href":"https:\/\/www.vkpbratislava.sk\/index.php?rest_route=\/wp\/v2\/users\/3"}],"replies":[{"embeddable":true,"href":"https:\/\/www.vkpbratislava.sk\/index.php?rest_route=%2Fwp%2Fv2%2Fcomments&post=33521"}],"version-history":[{"count":1,"href":"https:\/\/www.vkpbratislava.sk\/index.php?rest_route=\/wp\/v2\/posts\/33521\/revisions"}],"predecessor-version":[{"id":33522,"href":"https:\/\/www.vkpbratislava.sk\/index.php?rest_route=\/wp\/v2\/posts\/33521\/revisions\/33522"}],"wp:featuredmedia":[{"embeddable":true,"href":"https:\/\/www.vkpbratislava.sk\/index.php?rest_route=\/wp\/v2\/media\/33376"}],"wp:attachment":[{"href":"https:\/\/www.vkpbratislava.sk\/index.php?rest_route=%2Fwp%2Fv2%2Fmedia&parent=33521"}],"wp:term":[{"taxonomy":"category","embeddable":true,"href":"https:\/\/www.vkpbratislava.sk\/index.php?rest_route=%2Fwp%2Fv2%2Fcategories&post=33521"},{"taxonomy":"post_tag","embeddable":true,"href":"https:\/\/www.vkpbratislava.sk\/index.php?rest_route=%2Fwp%2Fv2%2Ftags&post=33521"}],"curies":[{"name":"wp","href":"https:\/\/api.w.org\/{rel}","templated":true}]}}