{"id":33524,"date":"2024-07-19T21:39:12","date_gmt":"2024-07-19T19:39:12","guid":{"rendered":"https:\/\/www.vkpbratislava.sk\/?p=33524"},"modified":"2024-07-31T19:36:31","modified_gmt":"2024-07-31T17:36:31","slug":"zeny-premierovo-v-poharovej-europe","status":"publish","type":"post","link":"https:\/\/www.vkpbratislava.sk\/?p=33524","title":{"rendered":"\u017deny op\u00e4\u0165 v poh\u00e1rovej Eur\u00f3pe"},"content":{"rendered":"<p><b>V utorok vy\u017erebovali v Luxemburgu, s\u00eddle CEV, eur\u00f3pske poh\u00e1rov\u00e9 s\u00fa\u0165a\u017ee pre ro\u010dn\u00edk 2024\/2025. \u0160tvorica slovensk\u00fdch z\u00e1stupcov &#8211; mu\u017ei Kom\u00e1rna a Myjavy, \u017eeny Nitry a VKP Bratislava sa predstavia v poh\u00e1rovej s\u00fa\u0165a\u017ei Challenge Cupe. Po druh\u00fdkr\u00e1t v hist\u00f3rii n\u00e1\u0161ho klubu sa teda v eur\u00f3pskych poh\u00e1roch objav\u00ed aj meno VKP pri \u017eenskej zlo\u017eke.<\/b><\/p>\n<p><span style=\"font-weight: 400;\">Challenge cup <\/span><span style=\"font-weight: 400;\">je tre\u0165ou najv\u00fdznamnej\u0161ou s\u00fa\u0165a\u017eou a z\u00e1stupcami Slovenska\u00a0 v sez\u00f3ne 2024\/25 figuruje aj \u017eensk\u00fd t\u00edm VKP.D\u00f4vod? <\/span><b>\u201cPre n\u00e1s eur\u00f3pska konfront\u00e1cia, ktorou s\u00faboje v Challenge Cup nepochybne s\u00fa, znamen\u00e1 ve\u013ea. S\u00fa to medzin\u00e1rodn\u00e9 z\u00e1pasy a hlavne sk\u00fasenosti, ktor\u00e9 v\u00fdkonnostne pos\u00favaj\u00fa hra\u010dky, ale aj cel\u00fd klub dopredu a my si to ve\u013emi v\u00e1\u017eime,\u201d <\/b><span style=\"font-weight: 400;\">komentoval Pavel Bern\u00e1th, tr\u00e9ner volejbalistiek VKP \u00fa\u010das\u0165 v poh\u00e1rovej Eur\u00f3pe.<\/span><\/p>\n<p><span style=\"font-weight: 400;\">Na \u00favod si jeho zverenky zmeraj\u00fa sily s kvalittn\u00fdm bundesligov\u00fdm SC Potsdam (Nem.). <\/span><b>\u201cPri \u017erebe si \u010dlovek nevyberie, nevie ho ovplyvni\u0165. Mohli sme dosta\u0165 s\u00faperov, ktor\u00ed by boli na na\u0161ej v\u00fdkonnostnej \u00farovni, ale aj trochu slab\u0161\u00edch.\u00a0 \u00a0 \u00a0 \u00a0 \u00a0 \u00a0 \u00a0 \u00a0 \u00a0 Dostali sme Potsdam &#8211; naj\u0165a\u017e\u0161iu alternat\u00edvu z cel\u00e9ho \u017erebu. Je to ve\u013emi siln\u00e9 dru\u017estvo, hr\u00e1valo aj ligu majstrov. M\u00e1 obrovsk\u00e9 medzin\u00e1rodn\u00e9 sk\u00fasenosti, no nem\u00f4\u017eeme sa ho z\u013eakn\u00fa\u0165. Mus\u00edme sa so \u017erebom popasova\u0165 tak, aby n\u00e1m t\u00e1to sk\u00fasenos\u0165 nie\u010do dala, nie vzala,\u201d<\/b><span style=\"font-weight: 400;\"> doplnil kormideln\u00edk VKP.<\/span><\/p>\n<p><span style=\"font-weight: 400;\">Prv\u00e9 kolo je <\/span><span style=\"font-weight: 400;\">na programe 8.-10. okt\u00f3bra a VKP sa predstav\u00ed na dom\u00e1cej palubovke, odveta o t\u00fd\u017ede\u0148 nesk\u00f4r 15.-17. okt\u00f3bra v Nemecku.<\/span><\/p>\n","protected":false},"excerpt":{"rendered":"<p>V utorok vy\u017erebovali v Luxemburgu, s\u00eddle CEV, eur\u00f3pske poh\u00e1rov\u00e9 s\u00fa\u0165a\u017ee pre ro\u010dn\u00edk 2024\/2025. \u0160tvorica slovensk\u00fdch z\u00e1stupcov &#8211; mu\u017ei Kom\u00e1rna a Myjavy, \u017eeny Nitry a VKP Bratislava sa predstavia v poh\u00e1rovej s\u00fa\u0165a\u017ei Challenge Cupe. Po prv\u00fdkr\u00e1t v hist\u00f3rii n\u00e1\u0161ho klubu sa teda v eur\u00f3pskych poh\u00e1roch objav\u00ed aj meno VKP pri \u017eenskej zlo\u017eke.<\/p>\n","protected":false},"author":3,"featured_media":33126,"comment_status":"closed","ping_status":"closed","sticky":false,"template":"","format":"standard","meta":{"_monsterinsights_skip_tracking":false,"_monsterinsights_sitenote_active":false,"_monsterinsights_sitenote_note":"","_monsterinsights_sitenote_category":0,"footnotes":""},"categories":[48],"tags":[],"class_list":["post-33524","post","type-post","status-publish","format-standard","has-post-thumbnail","hentry","category-zeny"],"yoast_head":"<!-- This site is optimized with the Yoast SEO plugin v25.6 - https:\/\/yoast.com\/wordpress\/plugins\/seo\/ -->\n<title>\u017deny op\u00e4\u0165 v poh\u00e1rovej Eur\u00f3pe - VK SLOVAN Bratislava<\/title>\n<meta name=\"robots\" content=\"index, follow, max-snippet:-1, max-image-preview:large, max-video-preview:-1\" \/>\n<link rel=\"canonical\" href=\"https:\/\/www.vkpbratislava.sk\/?p=33524\" \/>\n<meta property=\"og:locale\" content=\"sk_SK\" \/>\n<meta property=\"og:type\" content=\"article\" \/>\n<meta property=\"og:title\" content=\"\u017deny op\u00e4\u0165 v poh\u00e1rovej Eur\u00f3pe - VK SLOVAN Bratislava\" \/>\n<meta property=\"og:description\" content=\"V utorok vy\u017erebovali v Luxemburgu, s\u00eddle CEV, eur\u00f3pske poh\u00e1rov\u00e9 s\u00fa\u0165a\u017ee pre ro\u010dn\u00edk 2024\/2025. \u0160tvorica slovensk\u00fdch z\u00e1stupcov - mu\u017ei Kom\u00e1rna a Myjavy, \u017eeny Nitry a VKP Bratislava sa predstavia v poh\u00e1rovej s\u00fa\u0165a\u017ei Challenge Cupe. Po prv\u00fdkr\u00e1t v hist\u00f3rii n\u00e1\u0161ho klubu sa teda v eur\u00f3pskych poh\u00e1roch objav\u00ed aj meno VKP pri \u017eenskej zlo\u017eke.\" \/>\n<meta property=\"og:url\" content=\"https:\/\/www.vkpbratislava.sk\/?p=33524\" \/>\n<meta property=\"og:site_name\" content=\"VK SLOVAN Bratislava\" \/>\n<meta property=\"article:published_time\" content=\"2024-07-19T19:39:12+00:00\" \/>\n<meta property=\"article:modified_time\" content=\"2024-07-31T17:36:31+00:00\" \/>\n<meta property=\"og:image\" content=\"https:\/\/www.vkpbratislava.sk\/wp-content\/uploads\/2024\/04\/MS_20240426_ELVKPvsZilina-204-1280x853.jpg\" \/>\n\t<meta property=\"og:image:width\" content=\"1280\" \/>\n\t<meta property=\"og:image:height\" content=\"853\" \/>\n\t<meta property=\"og:image:type\" content=\"image\/jpeg\" \/>\n<meta name=\"author\" content=\"jenca\" \/>\n<meta name=\"twitter:card\" content=\"summary_large_image\" \/>\n<meta name=\"twitter:label1\" content=\"Autor\" \/>\n\t<meta name=\"twitter:data1\" content=\"jenca\" \/>\n\t<meta name=\"twitter:label2\" content=\"Predpokladan\u00fd \u010das \u010d\u00edtania\" \/>\n\t<meta name=\"twitter:data2\" content=\"2 min\u00faty\" \/>\n<script type=\"application\/ld+json\" class=\"yoast-schema-graph\">{\"@context\":\"https:\/\/schema.org\",\"@graph\":[{\"@type\":\"Article\",\"@id\":\"https:\/\/www.vkpbratislava.sk\/?p=33524#article\",\"isPartOf\":{\"@id\":\"https:\/\/www.vkpbratislava.sk\/?p=33524\"},\"author\":{\"name\":\"jenca\",\"@id\":\"https:\/\/www.vkpbratislava.sk\/#\/schema\/person\/7037e769f9515aa58493d1b5852c4c50\"},\"headline\":\"\u017deny op\u00e4\u0165 v poh\u00e1rovej Eur\u00f3pe\",\"datePublished\":\"2024-07-19T19:39:12+00:00\",\"dateModified\":\"2024-07-31T17:36:31+00:00\",\"mainEntityOfPage\":{\"@id\":\"https:\/\/www.vkpbratislava.sk\/?p=33524\"},\"wordCount\":297,\"publisher\":{\"@id\":\"https:\/\/www.vkpbratislava.sk\/#organization\"},\"image\":{\"@id\":\"https:\/\/www.vkpbratislava.sk\/?p=33524#primaryimage\"},\"thumbnailUrl\":\"https:\/\/www.vkpbratislava.sk\/wp-content\/uploads\/2024\/04\/MS_20240426_ELVKPvsZilina-204.jpg\",\"articleSection\":[\"\u017deny\"],\"inLanguage\":\"sk-SK\"},{\"@type\":\"WebPage\",\"@id\":\"https:\/\/www.vkpbratislava.sk\/?p=33524\",\"url\":\"https:\/\/www.vkpbratislava.sk\/?p=33524\",\"name\":\"\u017deny op\u00e4\u0165 v poh\u00e1rovej Eur\u00f3pe - VK SLOVAN Bratislava\",\"isPartOf\":{\"@id\":\"https:\/\/www.vkpbratislava.sk\/#website\"},\"primaryImageOfPage\":{\"@id\":\"https:\/\/www.vkpbratislava.sk\/?p=33524#primaryimage\"},\"image\":{\"@id\":\"https:\/\/www.vkpbratislava.sk\/?p=33524#primaryimage\"},\"thumbnailUrl\":\"https:\/\/www.vkpbratislava.sk\/wp-content\/uploads\/2024\/04\/MS_20240426_ELVKPvsZilina-204.jpg\",\"datePublished\":\"2024-07-19T19:39:12+00:00\",\"dateModified\":\"2024-07-31T17:36:31+00:00\",\"breadcrumb\":{\"@id\":\"https:\/\/www.vkpbratislava.sk\/?p=33524#breadcrumb\"},\"inLanguage\":\"sk-SK\",\"potentialAction\":[{\"@type\":\"ReadAction\",\"target\":[\"https:\/\/www.vkpbratislava.sk\/?p=33524\"]}]},{\"@type\":\"ImageObject\",\"inLanguage\":\"sk-SK\",\"@id\":\"https:\/\/www.vkpbratislava.sk\/?p=33524#primaryimage\",\"url\":\"https:\/\/www.vkpbratislava.sk\/wp-content\/uploads\/2024\/04\/MS_20240426_ELVKPvsZilina-204.jpg\",\"contentUrl\":\"https:\/\/www.vkpbratislava.sk\/wp-content\/uploads\/2024\/04\/MS_20240426_ELVKPvsZilina-204.jpg\",\"width\":2048,\"height\":1365},{\"@type\":\"BreadcrumbList\",\"@id\":\"https:\/\/www.vkpbratislava.sk\/?p=33524#breadcrumb\",\"itemListElement\":[{\"@type\":\"ListItem\",\"position\":1,\"name\":\"Domov\",\"item\":\"https:\/\/www.vkpbratislava.sk\/\"},{\"@type\":\"ListItem\",\"position\":2,\"name\":\"\u017deny op\u00e4\u0165 v poh\u00e1rovej Eur\u00f3pe\"}]},{\"@type\":\"WebSite\",\"@id\":\"https:\/\/www.vkpbratislava.sk\/#website\",\"url\":\"https:\/\/www.vkpbratislava.sk\/\",\"name\":\"VK SLOVAN Bratislava\",\"description\":\"Volejbalov\u00fd klub\",\"publisher\":{\"@id\":\"https:\/\/www.vkpbratislava.sk\/#organization\"},\"potentialAction\":[{\"@type\":\"SearchAction\",\"target\":{\"@type\":\"EntryPoint\",\"urlTemplate\":\"https:\/\/www.vkpbratislava.sk\/?s={search_term_string}\"},\"query-input\":{\"@type\":\"PropertyValueSpecification\",\"valueRequired\":true,\"valueName\":\"search_term_string\"}}],\"inLanguage\":\"sk-SK\"},{\"@type\":\"Organization\",\"@id\":\"https:\/\/www.vkpbratislava.sk\/#organization\",\"name\":\"VKP Bratislava\",\"url\":\"https:\/\/www.vkpbratislava.sk\/\",\"logo\":{\"@type\":\"ImageObject\",\"inLanguage\":\"sk-SK\",\"@id\":\"https:\/\/www.vkpbratislava.sk\/#\/schema\/logo\/image\/\",\"url\":\"https:\/\/www.vkpbratislava.sk\/wp-content\/uploads\/2020\/10\/vkpBA.png\",\"contentUrl\":\"https:\/\/www.vkpbratislava.sk\/wp-content\/uploads\/2020\/10\/vkpBA.png\",\"width\":600,\"height\":600,\"caption\":\"VKP Bratislava\"},\"image\":{\"@id\":\"https:\/\/www.vkpbratislava.sk\/#\/schema\/logo\/image\/\"}},{\"@type\":\"Person\",\"@id\":\"https:\/\/www.vkpbratislava.sk\/#\/schema\/person\/7037e769f9515aa58493d1b5852c4c50\",\"name\":\"jenca\",\"image\":{\"@type\":\"ImageObject\",\"inLanguage\":\"sk-SK\",\"@id\":\"https:\/\/www.vkpbratislava.sk\/#\/schema\/person\/image\/\",\"url\":\"https:\/\/secure.gravatar.com\/avatar\/67aa89e9aab2911bbd0c6fbf0a891ea8d80c207c9b6a6e2c96e13fc2f16e536d?s=96&d=mm&r=g\",\"contentUrl\":\"https:\/\/secure.gravatar.com\/avatar\/67aa89e9aab2911bbd0c6fbf0a891ea8d80c207c9b6a6e2c96e13fc2f16e536d?s=96&d=mm&r=g\",\"caption\":\"jenca\"},\"url\":\"https:\/\/www.vkpbratislava.sk\/?author=3\"}]}<\/script>\n<!-- \/ Yoast SEO plugin. -->","yoast_head_json":{"title":"\u017deny op\u00e4\u0165 v poh\u00e1rovej Eur\u00f3pe - VK SLOVAN Bratislava","robots":{"index":"index","follow":"follow","max-snippet":"max-snippet:-1","max-image-preview":"max-image-preview:large","max-video-preview":"max-video-preview:-1"},"canonical":"https:\/\/www.vkpbratislava.sk\/?p=33524","og_locale":"sk_SK","og_type":"article","og_title":"\u017deny op\u00e4\u0165 v poh\u00e1rovej Eur\u00f3pe - VK SLOVAN Bratislava","og_description":"V utorok vy\u017erebovali v Luxemburgu, s\u00eddle CEV, eur\u00f3pske poh\u00e1rov\u00e9 s\u00fa\u0165a\u017ee pre ro\u010dn\u00edk 2024\/2025. \u0160tvorica slovensk\u00fdch z\u00e1stupcov - mu\u017ei Kom\u00e1rna a Myjavy, \u017eeny Nitry a VKP Bratislava sa predstavia v poh\u00e1rovej s\u00fa\u0165a\u017ei Challenge Cupe. Po prv\u00fdkr\u00e1t v hist\u00f3rii n\u00e1\u0161ho klubu sa teda v eur\u00f3pskych poh\u00e1roch objav\u00ed aj meno VKP pri \u017eenskej zlo\u017eke.","og_url":"https:\/\/www.vkpbratislava.sk\/?p=33524","og_site_name":"VK SLOVAN Bratislava","article_published_time":"2024-07-19T19:39:12+00:00","article_modified_time":"2024-07-31T17:36:31+00:00","og_image":[{"width":1280,"height":853,"url":"https:\/\/www.vkpbratislava.sk\/wp-content\/uploads\/2024\/04\/MS_20240426_ELVKPvsZilina-204-1280x853.jpg","type":"image\/jpeg"}],"author":"jenca","twitter_card":"summary_large_image","twitter_misc":{"Autor":"jenca","Predpokladan\u00fd \u010das \u010d\u00edtania":"2 min\u00faty"},"schema":{"@context":"https:\/\/schema.org","@graph":[{"@type":"Article","@id":"https:\/\/www.vkpbratislava.sk\/?p=33524#article","isPartOf":{"@id":"https:\/\/www.vkpbratislava.sk\/?p=33524"},"author":{"name":"jenca","@id":"https:\/\/www.vkpbratislava.sk\/#\/schema\/person\/7037e769f9515aa58493d1b5852c4c50"},"headline":"\u017deny op\u00e4\u0165 v poh\u00e1rovej Eur\u00f3pe","datePublished":"2024-07-19T19:39:12+00:00","dateModified":"2024-07-31T17:36:31+00:00","mainEntityOfPage":{"@id":"https:\/\/www.vkpbratislava.sk\/?p=33524"},"wordCount":297,"publisher":{"@id":"https:\/\/www.vkpbratislava.sk\/#organization"},"image":{"@id":"https:\/\/www.vkpbratislava.sk\/?p=33524#primaryimage"},"thumbnailUrl":"https:\/\/www.vkpbratislava.sk\/wp-content\/uploads\/2024\/04\/MS_20240426_ELVKPvsZilina-204.jpg","articleSection":["\u017deny"],"inLanguage":"sk-SK"},{"@type":"WebPage","@id":"https:\/\/www.vkpbratislava.sk\/?p=33524","url":"https:\/\/www.vkpbratislava.sk\/?p=33524","name":"\u017deny op\u00e4\u0165 v poh\u00e1rovej Eur\u00f3pe - VK SLOVAN Bratislava","isPartOf":{"@id":"https:\/\/www.vkpbratislava.sk\/#website"},"primaryImageOfPage":{"@id":"https:\/\/www.vkpbratislava.sk\/?p=33524#primaryimage"},"image":{"@id":"https:\/\/www.vkpbratislava.sk\/?p=33524#primaryimage"},"thumbnailUrl":"https:\/\/www.vkpbratislava.sk\/wp-content\/uploads\/2024\/04\/MS_20240426_ELVKPvsZilina-204.jpg","datePublished":"2024-07-19T19:39:12+00:00","dateModified":"2024-07-31T17:36:31+00:00","breadcrumb":{"@id":"https:\/\/www.vkpbratislava.sk\/?p=33524#breadcrumb"},"inLanguage":"sk-SK","potentialAction":[{"@type":"ReadAction","target":["https:\/\/www.vkpbratislava.sk\/?p=33524"]}]},{"@type":"ImageObject","inLanguage":"sk-SK","@id":"https:\/\/www.vkpbratislava.sk\/?p=33524#primaryimage","url":"https:\/\/www.vkpbratislava.sk\/wp-content\/uploads\/2024\/04\/MS_20240426_ELVKPvsZilina-204.jpg","contentUrl":"https:\/\/www.vkpbratislava.sk\/wp-content\/uploads\/2024\/04\/MS_20240426_ELVKPvsZilina-204.jpg","width":2048,"height":1365},{"@type":"BreadcrumbList","@id":"https:\/\/www.vkpbratislava.sk\/?p=33524#breadcrumb","itemListElement":[{"@type":"ListItem","position":1,"name":"Domov","item":"https:\/\/www.vkpbratislava.sk\/"},{"@type":"ListItem","position":2,"name":"\u017deny op\u00e4\u0165 v poh\u00e1rovej Eur\u00f3pe"}]},{"@type":"WebSite","@id":"https:\/\/www.vkpbratislava.sk\/#website","url":"https:\/\/www.vkpbratislava.sk\/","name":"VK SLOVAN Bratislava","description":"Volejbalov\u00fd klub","publisher":{"@id":"https:\/\/www.vkpbratislava.sk\/#organization"},"potentialAction":[{"@type":"SearchAction","target":{"@type":"EntryPoint","urlTemplate":"https:\/\/www.vkpbratislava.sk\/?s={search_term_string}"},"query-input":{"@type":"PropertyValueSpecification","valueRequired":true,"valueName":"search_term_string"}}],"inLanguage":"sk-SK"},{"@type":"Organization","@id":"https:\/\/www.vkpbratislava.sk\/#organization","name":"VKP Bratislava","url":"https:\/\/www.vkpbratislava.sk\/","logo":{"@type":"ImageObject","inLanguage":"sk-SK","@id":"https:\/\/www.vkpbratislava.sk\/#\/schema\/logo\/image\/","url":"https:\/\/www.vkpbratislava.sk\/wp-content\/uploads\/2020\/10\/vkpBA.png","contentUrl":"https:\/\/www.vkpbratislava.sk\/wp-content\/uploads\/2020\/10\/vkpBA.png","width":600,"height":600,"caption":"VKP Bratislava"},"image":{"@id":"https:\/\/www.vkpbratislava.sk\/#\/schema\/logo\/image\/"}},{"@type":"Person","@id":"https:\/\/www.vkpbratislava.sk\/#\/schema\/person\/7037e769f9515aa58493d1b5852c4c50","name":"jenca","image":{"@type":"ImageObject","inLanguage":"sk-SK","@id":"https:\/\/www.vkpbratislava.sk\/#\/schema\/person\/image\/","url":"https:\/\/secure.gravatar.com\/avatar\/67aa89e9aab2911bbd0c6fbf0a891ea8d80c207c9b6a6e2c96e13fc2f16e536d?s=96&d=mm&r=g","contentUrl":"https:\/\/secure.gravatar.com\/avatar\/67aa89e9aab2911bbd0c6fbf0a891ea8d80c207c9b6a6e2c96e13fc2f16e536d?s=96&d=mm&r=g","caption":"jenca"},"url":"https:\/\/www.vkpbratislava.sk\/?author=3"}]}},"_links":{"self":[{"href":"https:\/\/www.vkpbratislava.sk\/index.php?rest_route=\/wp\/v2\/posts\/33524","targetHints":{"allow":["GET"]}}],"collection":[{"href":"https:\/\/www.vkpbratislava.sk\/index.php?rest_route=\/wp\/v2\/posts"}],"about":[{"href":"https:\/\/www.vkpbratislava.sk\/index.php?rest_route=\/wp\/v2\/types\/post"}],"author":[{"embeddable":true,"href":"https:\/\/www.vkpbratislava.sk\/index.php?rest_route=\/wp\/v2\/users\/3"}],"replies":[{"embeddable":true,"href":"https:\/\/www.vkpbratislava.sk\/index.php?rest_route=%2Fwp%2Fv2%2Fcomments&post=33524"}],"version-history":[{"count":3,"href":"https:\/\/www.vkpbratislava.sk\/index.php?rest_route=\/wp\/v2\/posts\/33524\/revisions"}],"predecessor-version":[{"id":33527,"href":"https:\/\/www.vkpbratislava.sk\/index.php?rest_route=\/wp\/v2\/posts\/33524\/revisions\/33527"}],"wp:featuredmedia":[{"embeddable":true,"href":"https:\/\/www.vkpbratislava.sk\/index.php?rest_route=\/wp\/v2\/media\/33126"}],"wp:attachment":[{"href":"https:\/\/www.vkpbratislava.sk\/index.php?rest_route=%2Fwp%2Fv2%2Fmedia&parent=33524"}],"wp:term":[{"taxonomy":"category","embeddable":true,"href":"https:\/\/www.vkpbratislava.sk\/index.php?rest_route=%2Fwp%2Fv2%2Fcategories&post=33524"},{"taxonomy":"post_tag","embeddable":true,"href":"https:\/\/www.vkpbratislava.sk\/index.php?rest_route=%2Fwp%2Fv2%2Ftags&post=33524"}],"curies":[{"name":"wp","href":"https:\/\/api.w.org\/{rel}","templated":true}]}}