{"id":33567,"date":"2024-08-12T18:58:41","date_gmt":"2024-08-12T16:58:41","guid":{"rendered":"https:\/\/www.vkpbratislava.sk\/?p=33567"},"modified":"2024-08-12T18:58:41","modified_gmt":"2024-08-12T16:58:41","slug":"robert-hronsky-zensky-tim-sme-skvalitnili","status":"publish","type":"post","link":"https:\/\/www.vkpbratislava.sk\/?p=33567","title":{"rendered":"R\u00f3bert Hronsk\u00fd:  \u017eensk\u00fd t\u00edm sme skvalitnili"},"content":{"rendered":"<p><strong>\u010eal\u0161ia sez\u00f3na \u017eenskej zlo\u017eky VKP prin\u00e1\u0161a mnoho v\u00fdrazn\u00fdch zmien v k\u00e1dri \u010di prest\u00ed\u017enu \u00fa\u010das\u0165 v\u00a0Challenge Cupe<\/strong><\/p>\n<p>&nbsp;<\/p>\n<p>Po mu\u017eskom t\u00edme sa z\u00a0dovolenky do tr\u00e9ningov\u00e9ho procesu vr\u00e1tili aj na\u0161e volejbalistky. Ofici\u00e1lna pr\u00edprava \u017eien za\u010dala v pondelok 12. augusta. Medzi prv\u00e9 aktivity t\u00edmu patr\u00ed porada,\u00a0po ktorej bud\u00fa nasledova\u0165 \u0161portov\u00e9 testy hr\u00e1\u010dok. Nesk\u00f4r, v utorok 13. augusta, za\u010dn\u00fa na\u0161e \u017eeny op\u00e4\u0165 maka\u0165 v\u00a0hale FEI STU.<\/p>\n<p>&nbsp;<\/p>\n<p>Pr\u00edpravn\u00fa \u010das\u0165 nebud\u00fa zah\u0155\u0148a\u0165 len tr\u00e9ningy.<strong> \u201eM\u00e1me napl\u00e1novan\u00e9 pr\u00edpravn\u00e9 z\u00e1pasy so \u017dilinou, Vied\u0148ou a\u00a0chceli by sme odohra\u0165 z\u00e1pasy aj s\u00a0Prahou a\u00a0Libercom. Taktie\u017e sa z\u00fa\u010dastn\u00edme na turnaji v\u00a0Novom Meste a\u00a0mali by sme \u00eds\u0165 aj do \u010ciech,\u201c<\/strong> doplnil mana\u017e\u00e9r \u017eensk\u00e9ho t\u00edmu R\u00f3bert hronsk\u00fd.<\/p>\n<p>&nbsp;<\/p>\n<p>S\u00a0nieko\u013ek\u00fdmi hr\u00e1\u010dkami sa \u017eensk\u00fd \u00a0k\u00e1der prirodzene \u00a0l\u00fa\u010di. Do Brna odch\u00e1dzaj\u00fa sme\u010diarky Tamara Hru\u0161eck\u00e1 a Nina Dreisigov\u00e1. Nahr\u00e1va\u010dku Zdenku Hvozdov\u00fa \u010dak\u00e1 dlh\u00e1 cesta do Ameriky a Anna Koh\u00fatov\u00e1 mieri sk\u00fasi\u0165 svoje \u0161\u0165astie k\u00a0mestsk\u00e9mu rivalovi \u2013 VK Sl\u00e1via EU Bratislava.<\/p>\n<p>&nbsp;<\/p>\n<p>\u017densk\u00e9 dru\u017estvo nov\u00fa sez\u00f3nu od\u0161tartuje s\u00a0relat\u00edvne ve\u013ek\u00fdmi zmenami. Napriek tomu, \u017ee nieko\u013eko hr\u00e1\u010dok odi\u0161lo, nahradia ich nov\u00e9 posily. <strong>\u201e\u017densk\u00fd t\u00edm sme \u201czostar\u0161ili\u201c a dovol\u00edm si tvrdi\u0165, \u017ee aj skvalitnili. V\u00a0nasleduj\u00facej sez\u00f3ne priv\u00edtame aj zahrani\u010dn\u00e9 hr\u00e1\u010dky,\u201c <\/strong>prezradil Hronsk\u00fd.<\/p>\n<p>&nbsp;<\/p>\n<p>Na blok a\u00a0nahr\u00e1vku pr\u00eddu dve Braz\u00edl\u010danky Laura Canedo a\u00a0Lenara Bajio. S\u00a0najv\u00e4\u010d\u0161ou pravdepodobnos\u0165ou na sme\u010di bude hra\u0165 Japonka Ayumi Nakamura. <strong>\u201eTieto n\u00e1rodnosti sme tu e\u0161te nemali, sme zvedav\u00ed ako to dopadne, no m\u00e1me ve\u013ek\u00e9 o\u010dak\u00e1vania,\u201c<\/strong> zhodnotil Hronsk\u00fd.<\/p>\n<p>&nbsp;<\/p>\n<p>\u010eal\u0161\u00edm pr\u00edrastkom je aj mlad\u00e1 hr\u00e1\u010dka, sme\u010diarka z VK Sl\u00e1vie EU Bratislava Alexandra Fri\u010dov\u00e1 a\u00a0slovensk\u00e9 libero Skarlet Jan\u010dov\u00e1, ktor\u00e1 do VKP prich\u00e1dza z\u00a0rumunskej Konstancy (CSM Constan\u021ba).<\/p>\n<p>&nbsp;<\/p>\n<p>Okrem toho, \u017ee na\u0161e \u017eeny \u010dak\u00e1 n\u00e1dejn\u00e1 sez\u00f3na v\u00a0extralige a\u00a0Slovenskom poh\u00e1ri u\u017e po druh\u00fdkr\u00e1t si zmeraj\u00fa sily s\u00a0 kvalitn\u00fdmi s\u00fapermi v\u00a0eur\u00f3pskom Challenge Cupe. <strong>\u201e\u0160ance s\u00fa v\u017edy 50 na 50. Na prv\u00fd z\u00e1pas sme dostali nemeck\u00e9 Bundesligov\u00e9 dru\u017estvo, ktor\u00e9 je silnej\u0161ie \u010di u\u017e ekonomicky, ale m\u00e1 aj viac volejbalov\u00fdch sk\u00fasenost\u00ed. Napriek tomu sa budeme sna\u017ei\u0165 odohra\u0165 dva v\u00fdborn\u00e9 z\u00e1pasy a\u00a0uvid\u00edme, \u010do z\u00a0toho nakoniec vypadne,\u201c<\/strong> prezradil.<\/p>\n<p>&nbsp;<\/p>\n<p>Ako aj minul\u00fa sez\u00f3nu \u017eensk\u00fd t\u00edm bude aj na\u010falej spolupracova\u0165 s gymn\u00e1ziom Bil\u00edkov\u00e1, v\u010faka ktor\u00e9mu pr\u00eddu mlad\u00e9 \u00a0posily \u2013 univerz\u00e1lka Hana Boldock\u00e1 a\u00a0na\u010falej v k\u00e1dri zost\u00e1va aj Katar\u00edna Paz\u00farikov\u00e1.<\/p>\n<p>&nbsp;<\/p>\n<p>Napriek v\u00e4\u010d\u0161\u00edm zmen\u00e1m zost\u00e1va \u017eensk\u00fd realiza\u010dn\u00fd t\u00edm rovnak\u00fd ak\u00fd bol v\u00a0minulej sez\u00f3ne. <strong>\u201eVer\u00edm, \u017ee dru\u017estvo pod veden\u00edm tr\u00e9nerov bude \u010falej napredova\u0165 a\u00a0\u017ee sa pobijeme o\u00a0tie najvy\u0161\u0161ie m\u00e9ty,\u201c<\/strong> dodal Hronsk\u00fd.<\/p>\n<p>&nbsp;<\/p>\n<p><strong><u>\u00a0<\/u><\/strong><strong><u>S\u00fapiska \u017eensk\u00e9ho t\u00edmu v sez\u00f3ne 2024\/25<\/u><\/strong><\/p>\n<p><strong>Nahr\u00e1va\u010dky:<\/strong> Laura Canedo<\/p>\n<p><strong>Blok:<\/strong> Lenara Bajio, Ema Smie\u0161kov\u00e1, Barbora Bar\u00e1thova<\/p>\n<p><strong>Sme\u010d:<\/strong> Romana Hudecov\u00e1, Ayumi Nakamura, Sandra Fri\u010dov\u00e1, Adela N\u00e1vratov\u00e1, Katarina Paz\u00farikov\u00e1<\/p>\n<p><strong>Univerz\u00e1l:<\/strong> Diana N\u00e1vratov\u00e1, Hana Boldock\u00e1<\/p>\n<p><strong>Libero:<\/strong> Skarlet Jan\u010dov\u00e1, Daniela \u010cavojsk\u00e1<\/p>\n","protected":false},"excerpt":{"rendered":"<p>\u010eal\u0161ia sez\u00f3na \u017eenskej zlo\u017eky VKP prin\u00e1\u0161a mnoho v\u00fdrazn\u00fdch zmien v k\u00e1dri \u010di prest\u00ed\u017enu \u00fa\u010das\u0165 v Challenge Cupe<\/p>\n","protected":false},"author":3,"featured_media":33102,"comment_status":"closed","ping_status":"closed","sticky":false,"template":"","format":"standard","meta":{"_monsterinsights_skip_tracking":false,"_monsterinsights_sitenote_active":false,"_monsterinsights_sitenote_note":"","_monsterinsights_sitenote_category":0,"footnotes":""},"categories":[48],"tags":[],"class_list":["post-33567","post","type-post","status-publish","format-standard","has-post-thumbnail","hentry","category-zeny"],"yoast_head":"<!-- This site is optimized with the Yoast SEO plugin v25.6 - https:\/\/yoast.com\/wordpress\/plugins\/seo\/ -->\n<title>R\u00f3bert Hronsk\u00fd: \u017eensk\u00fd t\u00edm sme skvalitnili - VK SLOVAN Bratislava<\/title>\n<meta name=\"robots\" content=\"index, follow, max-snippet:-1, max-image-preview:large, max-video-preview:-1\" \/>\n<link rel=\"canonical\" href=\"https:\/\/www.vkpbratislava.sk\/?p=33567\" \/>\n<meta property=\"og:locale\" content=\"sk_SK\" \/>\n<meta property=\"og:type\" content=\"article\" \/>\n<meta property=\"og:title\" content=\"R\u00f3bert Hronsk\u00fd: \u017eensk\u00fd t\u00edm sme skvalitnili - VK SLOVAN Bratislava\" \/>\n<meta property=\"og:description\" content=\"\u010eal\u0161ia sez\u00f3na \u017eenskej zlo\u017eky VKP prin\u00e1\u0161a mnoho v\u00fdrazn\u00fdch zmien v k\u00e1dri \u010di prest\u00ed\u017enu \u00fa\u010das\u0165 v Challenge Cupe\" \/>\n<meta property=\"og:url\" content=\"https:\/\/www.vkpbratislava.sk\/?p=33567\" \/>\n<meta property=\"og:site_name\" content=\"VK SLOVAN Bratislava\" \/>\n<meta property=\"article:published_time\" content=\"2024-08-12T16:58:41+00:00\" \/>\n<meta property=\"og:image\" content=\"https:\/\/www.vkpbratislava.sk\/wp-content\/uploads\/2024\/04\/MS_20240426_ELVKPvsZilina-180-1280x853.jpg\" \/>\n\t<meta property=\"og:image:width\" content=\"1280\" \/>\n\t<meta property=\"og:image:height\" content=\"853\" \/>\n\t<meta property=\"og:image:type\" content=\"image\/jpeg\" \/>\n<meta name=\"author\" content=\"jenca\" \/>\n<meta name=\"twitter:card\" content=\"summary_large_image\" \/>\n<meta name=\"twitter:label1\" content=\"Autor\" \/>\n\t<meta name=\"twitter:data1\" content=\"jenca\" \/>\n\t<meta name=\"twitter:label2\" content=\"Predpokladan\u00fd \u010das \u010d\u00edtania\" \/>\n\t<meta name=\"twitter:data2\" content=\"1 min\u00fata\" \/>\n<script type=\"application\/ld+json\" class=\"yoast-schema-graph\">{\"@context\":\"https:\/\/schema.org\",\"@graph\":[{\"@type\":\"Article\",\"@id\":\"https:\/\/www.vkpbratislava.sk\/?p=33567#article\",\"isPartOf\":{\"@id\":\"https:\/\/www.vkpbratislava.sk\/?p=33567\"},\"author\":{\"name\":\"jenca\",\"@id\":\"https:\/\/www.vkpbratislava.sk\/#\/schema\/person\/7037e769f9515aa58493d1b5852c4c50\"},\"headline\":\"R\u00f3bert Hronsk\u00fd: \u017eensk\u00fd t\u00edm sme skvalitnili\",\"datePublished\":\"2024-08-12T16:58:41+00:00\",\"mainEntityOfPage\":{\"@id\":\"https:\/\/www.vkpbratislava.sk\/?p=33567\"},\"wordCount\":585,\"publisher\":{\"@id\":\"https:\/\/www.vkpbratislava.sk\/#organization\"},\"image\":{\"@id\":\"https:\/\/www.vkpbratislava.sk\/?p=33567#primaryimage\"},\"thumbnailUrl\":\"https:\/\/www.vkpbratislava.sk\/wp-content\/uploads\/2024\/04\/MS_20240426_ELVKPvsZilina-180.jpg\",\"articleSection\":[\"\u017deny\"],\"inLanguage\":\"sk-SK\"},{\"@type\":\"WebPage\",\"@id\":\"https:\/\/www.vkpbratislava.sk\/?p=33567\",\"url\":\"https:\/\/www.vkpbratislava.sk\/?p=33567\",\"name\":\"R\u00f3bert Hronsk\u00fd: \u017eensk\u00fd t\u00edm sme skvalitnili - VK SLOVAN Bratislava\",\"isPartOf\":{\"@id\":\"https:\/\/www.vkpbratislava.sk\/#website\"},\"primaryImageOfPage\":{\"@id\":\"https:\/\/www.vkpbratislava.sk\/?p=33567#primaryimage\"},\"image\":{\"@id\":\"https:\/\/www.vkpbratislava.sk\/?p=33567#primaryimage\"},\"thumbnailUrl\":\"https:\/\/www.vkpbratislava.sk\/wp-content\/uploads\/2024\/04\/MS_20240426_ELVKPvsZilina-180.jpg\",\"datePublished\":\"2024-08-12T16:58:41+00:00\",\"breadcrumb\":{\"@id\":\"https:\/\/www.vkpbratislava.sk\/?p=33567#breadcrumb\"},\"inLanguage\":\"sk-SK\",\"potentialAction\":[{\"@type\":\"ReadAction\",\"target\":[\"https:\/\/www.vkpbratislava.sk\/?p=33567\"]}]},{\"@type\":\"ImageObject\",\"inLanguage\":\"sk-SK\",\"@id\":\"https:\/\/www.vkpbratislava.sk\/?p=33567#primaryimage\",\"url\":\"https:\/\/www.vkpbratislava.sk\/wp-content\/uploads\/2024\/04\/MS_20240426_ELVKPvsZilina-180.jpg\",\"contentUrl\":\"https:\/\/www.vkpbratislava.sk\/wp-content\/uploads\/2024\/04\/MS_20240426_ELVKPvsZilina-180.jpg\",\"width\":2048,\"height\":1365},{\"@type\":\"BreadcrumbList\",\"@id\":\"https:\/\/www.vkpbratislava.sk\/?p=33567#breadcrumb\",\"itemListElement\":[{\"@type\":\"ListItem\",\"position\":1,\"name\":\"Domov\",\"item\":\"https:\/\/www.vkpbratislava.sk\/\"},{\"@type\":\"ListItem\",\"position\":2,\"name\":\"R\u00f3bert Hronsk\u00fd: \u017eensk\u00fd t\u00edm sme skvalitnili\"}]},{\"@type\":\"WebSite\",\"@id\":\"https:\/\/www.vkpbratislava.sk\/#website\",\"url\":\"https:\/\/www.vkpbratislava.sk\/\",\"name\":\"VK SLOVAN Bratislava\",\"description\":\"Volejbalov\u00fd klub\",\"publisher\":{\"@id\":\"https:\/\/www.vkpbratislava.sk\/#organization\"},\"potentialAction\":[{\"@type\":\"SearchAction\",\"target\":{\"@type\":\"EntryPoint\",\"urlTemplate\":\"https:\/\/www.vkpbratislava.sk\/?s={search_term_string}\"},\"query-input\":{\"@type\":\"PropertyValueSpecification\",\"valueRequired\":true,\"valueName\":\"search_term_string\"}}],\"inLanguage\":\"sk-SK\"},{\"@type\":\"Organization\",\"@id\":\"https:\/\/www.vkpbratislava.sk\/#organization\",\"name\":\"VKP Bratislava\",\"url\":\"https:\/\/www.vkpbratislava.sk\/\",\"logo\":{\"@type\":\"ImageObject\",\"inLanguage\":\"sk-SK\",\"@id\":\"https:\/\/www.vkpbratislava.sk\/#\/schema\/logo\/image\/\",\"url\":\"https:\/\/www.vkpbratislava.sk\/wp-content\/uploads\/2020\/10\/vkpBA.png\",\"contentUrl\":\"https:\/\/www.vkpbratislava.sk\/wp-content\/uploads\/2020\/10\/vkpBA.png\",\"width\":600,\"height\":600,\"caption\":\"VKP Bratislava\"},\"image\":{\"@id\":\"https:\/\/www.vkpbratislava.sk\/#\/schema\/logo\/image\/\"}},{\"@type\":\"Person\",\"@id\":\"https:\/\/www.vkpbratislava.sk\/#\/schema\/person\/7037e769f9515aa58493d1b5852c4c50\",\"name\":\"jenca\",\"image\":{\"@type\":\"ImageObject\",\"inLanguage\":\"sk-SK\",\"@id\":\"https:\/\/www.vkpbratislava.sk\/#\/schema\/person\/image\/\",\"url\":\"https:\/\/secure.gravatar.com\/avatar\/67aa89e9aab2911bbd0c6fbf0a891ea8d80c207c9b6a6e2c96e13fc2f16e536d?s=96&d=mm&r=g\",\"contentUrl\":\"https:\/\/secure.gravatar.com\/avatar\/67aa89e9aab2911bbd0c6fbf0a891ea8d80c207c9b6a6e2c96e13fc2f16e536d?s=96&d=mm&r=g\",\"caption\":\"jenca\"},\"url\":\"https:\/\/www.vkpbratislava.sk\/?author=3\"}]}<\/script>\n<!-- \/ Yoast SEO plugin. -->","yoast_head_json":{"title":"R\u00f3bert Hronsk\u00fd: \u017eensk\u00fd t\u00edm sme skvalitnili - VK SLOVAN Bratislava","robots":{"index":"index","follow":"follow","max-snippet":"max-snippet:-1","max-image-preview":"max-image-preview:large","max-video-preview":"max-video-preview:-1"},"canonical":"https:\/\/www.vkpbratislava.sk\/?p=33567","og_locale":"sk_SK","og_type":"article","og_title":"R\u00f3bert Hronsk\u00fd: \u017eensk\u00fd t\u00edm sme skvalitnili - VK SLOVAN Bratislava","og_description":"\u010eal\u0161ia sez\u00f3na \u017eenskej zlo\u017eky VKP prin\u00e1\u0161a mnoho v\u00fdrazn\u00fdch zmien v k\u00e1dri \u010di prest\u00ed\u017enu \u00fa\u010das\u0165 v Challenge Cupe","og_url":"https:\/\/www.vkpbratislava.sk\/?p=33567","og_site_name":"VK SLOVAN Bratislava","article_published_time":"2024-08-12T16:58:41+00:00","og_image":[{"width":1280,"height":853,"url":"https:\/\/www.vkpbratislava.sk\/wp-content\/uploads\/2024\/04\/MS_20240426_ELVKPvsZilina-180-1280x853.jpg","type":"image\/jpeg"}],"author":"jenca","twitter_card":"summary_large_image","twitter_misc":{"Autor":"jenca","Predpokladan\u00fd \u010das \u010d\u00edtania":"1 min\u00fata"},"schema":{"@context":"https:\/\/schema.org","@graph":[{"@type":"Article","@id":"https:\/\/www.vkpbratislava.sk\/?p=33567#article","isPartOf":{"@id":"https:\/\/www.vkpbratislava.sk\/?p=33567"},"author":{"name":"jenca","@id":"https:\/\/www.vkpbratislava.sk\/#\/schema\/person\/7037e769f9515aa58493d1b5852c4c50"},"headline":"R\u00f3bert Hronsk\u00fd: \u017eensk\u00fd t\u00edm sme skvalitnili","datePublished":"2024-08-12T16:58:41+00:00","mainEntityOfPage":{"@id":"https:\/\/www.vkpbratislava.sk\/?p=33567"},"wordCount":585,"publisher":{"@id":"https:\/\/www.vkpbratislava.sk\/#organization"},"image":{"@id":"https:\/\/www.vkpbratislava.sk\/?p=33567#primaryimage"},"thumbnailUrl":"https:\/\/www.vkpbratislava.sk\/wp-content\/uploads\/2024\/04\/MS_20240426_ELVKPvsZilina-180.jpg","articleSection":["\u017deny"],"inLanguage":"sk-SK"},{"@type":"WebPage","@id":"https:\/\/www.vkpbratislava.sk\/?p=33567","url":"https:\/\/www.vkpbratislava.sk\/?p=33567","name":"R\u00f3bert Hronsk\u00fd: \u017eensk\u00fd t\u00edm sme skvalitnili - VK SLOVAN Bratislava","isPartOf":{"@id":"https:\/\/www.vkpbratislava.sk\/#website"},"primaryImageOfPage":{"@id":"https:\/\/www.vkpbratislava.sk\/?p=33567#primaryimage"},"image":{"@id":"https:\/\/www.vkpbratislava.sk\/?p=33567#primaryimage"},"thumbnailUrl":"https:\/\/www.vkpbratislava.sk\/wp-content\/uploads\/2024\/04\/MS_20240426_ELVKPvsZilina-180.jpg","datePublished":"2024-08-12T16:58:41+00:00","breadcrumb":{"@id":"https:\/\/www.vkpbratislava.sk\/?p=33567#breadcrumb"},"inLanguage":"sk-SK","potentialAction":[{"@type":"ReadAction","target":["https:\/\/www.vkpbratislava.sk\/?p=33567"]}]},{"@type":"ImageObject","inLanguage":"sk-SK","@id":"https:\/\/www.vkpbratislava.sk\/?p=33567#primaryimage","url":"https:\/\/www.vkpbratislava.sk\/wp-content\/uploads\/2024\/04\/MS_20240426_ELVKPvsZilina-180.jpg","contentUrl":"https:\/\/www.vkpbratislava.sk\/wp-content\/uploads\/2024\/04\/MS_20240426_ELVKPvsZilina-180.jpg","width":2048,"height":1365},{"@type":"BreadcrumbList","@id":"https:\/\/www.vkpbratislava.sk\/?p=33567#breadcrumb","itemListElement":[{"@type":"ListItem","position":1,"name":"Domov","item":"https:\/\/www.vkpbratislava.sk\/"},{"@type":"ListItem","position":2,"name":"R\u00f3bert Hronsk\u00fd: \u017eensk\u00fd t\u00edm sme skvalitnili"}]},{"@type":"WebSite","@id":"https:\/\/www.vkpbratislava.sk\/#website","url":"https:\/\/www.vkpbratislava.sk\/","name":"VK SLOVAN Bratislava","description":"Volejbalov\u00fd klub","publisher":{"@id":"https:\/\/www.vkpbratislava.sk\/#organization"},"potentialAction":[{"@type":"SearchAction","target":{"@type":"EntryPoint","urlTemplate":"https:\/\/www.vkpbratislava.sk\/?s={search_term_string}"},"query-input":{"@type":"PropertyValueSpecification","valueRequired":true,"valueName":"search_term_string"}}],"inLanguage":"sk-SK"},{"@type":"Organization","@id":"https:\/\/www.vkpbratislava.sk\/#organization","name":"VKP Bratislava","url":"https:\/\/www.vkpbratislava.sk\/","logo":{"@type":"ImageObject","inLanguage":"sk-SK","@id":"https:\/\/www.vkpbratislava.sk\/#\/schema\/logo\/image\/","url":"https:\/\/www.vkpbratislava.sk\/wp-content\/uploads\/2020\/10\/vkpBA.png","contentUrl":"https:\/\/www.vkpbratislava.sk\/wp-content\/uploads\/2020\/10\/vkpBA.png","width":600,"height":600,"caption":"VKP Bratislava"},"image":{"@id":"https:\/\/www.vkpbratislava.sk\/#\/schema\/logo\/image\/"}},{"@type":"Person","@id":"https:\/\/www.vkpbratislava.sk\/#\/schema\/person\/7037e769f9515aa58493d1b5852c4c50","name":"jenca","image":{"@type":"ImageObject","inLanguage":"sk-SK","@id":"https:\/\/www.vkpbratislava.sk\/#\/schema\/person\/image\/","url":"https:\/\/secure.gravatar.com\/avatar\/67aa89e9aab2911bbd0c6fbf0a891ea8d80c207c9b6a6e2c96e13fc2f16e536d?s=96&d=mm&r=g","contentUrl":"https:\/\/secure.gravatar.com\/avatar\/67aa89e9aab2911bbd0c6fbf0a891ea8d80c207c9b6a6e2c96e13fc2f16e536d?s=96&d=mm&r=g","caption":"jenca"},"url":"https:\/\/www.vkpbratislava.sk\/?author=3"}]}},"_links":{"self":[{"href":"https:\/\/www.vkpbratislava.sk\/index.php?rest_route=\/wp\/v2\/posts\/33567","targetHints":{"allow":["GET"]}}],"collection":[{"href":"https:\/\/www.vkpbratislava.sk\/index.php?rest_route=\/wp\/v2\/posts"}],"about":[{"href":"https:\/\/www.vkpbratislava.sk\/index.php?rest_route=\/wp\/v2\/types\/post"}],"author":[{"embeddable":true,"href":"https:\/\/www.vkpbratislava.sk\/index.php?rest_route=\/wp\/v2\/users\/3"}],"replies":[{"embeddable":true,"href":"https:\/\/www.vkpbratislava.sk\/index.php?rest_route=%2Fwp%2Fv2%2Fcomments&post=33567"}],"version-history":[{"count":1,"href":"https:\/\/www.vkpbratislava.sk\/index.php?rest_route=\/wp\/v2\/posts\/33567\/revisions"}],"predecessor-version":[{"id":33568,"href":"https:\/\/www.vkpbratislava.sk\/index.php?rest_route=\/wp\/v2\/posts\/33567\/revisions\/33568"}],"wp:featuredmedia":[{"embeddable":true,"href":"https:\/\/www.vkpbratislava.sk\/index.php?rest_route=\/wp\/v2\/media\/33102"}],"wp:attachment":[{"href":"https:\/\/www.vkpbratislava.sk\/index.php?rest_route=%2Fwp%2Fv2%2Fmedia&parent=33567"}],"wp:term":[{"taxonomy":"category","embeddable":true,"href":"https:\/\/www.vkpbratislava.sk\/index.php?rest_route=%2Fwp%2Fv2%2Fcategories&post=33567"},{"taxonomy":"post_tag","embeddable":true,"href":"https:\/\/www.vkpbratislava.sk\/index.php?rest_route=%2Fwp%2Fv2%2Ftags&post=33567"}],"curies":[{"name":"wp","href":"https:\/\/api.w.org\/{rel}","templated":true}]}}