{"id":33585,"date":"2024-09-08T19:55:50","date_gmt":"2024-09-08T17:55:50","guid":{"rendered":"https:\/\/www.vkpbratislava.sk\/?p=33585"},"modified":"2024-09-09T18:00:57","modified_gmt":"2024-09-09T16:00:57","slug":"pavel-bernath-o-posile-z-brazilie-je-lepsia-ako-som-cakal","status":"publish","type":"post","link":"https:\/\/www.vkpbratislava.sk\/?p=33585","title":{"rendered":"Pavel Bern\u00e1th o posile z Braz\u00edlie: Je lep\u0161ia, ako som \u010dakal"},"content":{"rendered":"<p><strong>\u017densk\u00e1 zlo\u017eka VKP Bratislava m\u00e1 nov\u00fa oporu na sieti. Poch\u00e1dza z \u010falekej Braz\u00edlie\u00a0<\/strong><\/p>\n<p>&nbsp;<\/p>\n<p><span style=\"font-weight: 400;\">Blok\u00e1r je jedn\u00fdm z hlavn\u00fdch pilierov volejbalov\u00e9ho t\u00edmu. Mus\u00ed vedie\u0165 prec\u00edzne br\u00e1ni\u0165, \u010d\u00edta\u0165 hru a efekt\u00edvne \u00fato\u010di\u0165. Do \u017eensk\u00e9ho t\u00edmu VKP pribudla posila na blok, Lenara Baijo z Braz\u00edlie.<\/span><\/p>\n<p>&nbsp;<\/p>\n<p>Laura je 186-centimetrov\u00e1 blok\u00e1rka, ktor\u00e1 doteraz p\u00f4sobila v rodnej Braz\u00edlii. Hrala v t\u00edmoch ako S\u00e3o Caetano V\u00f4lei, V\u00f4lei Taubat\u00e9 a naposledy v ABEL Moda Volei, s ktor\u00fdm v minulej sez\u00f3ne z\u00edskala striebro na Catarinense Championship.<\/p>\n<p>&nbsp;<\/p>\n<p>Na Slovensku je po prv\u00fdkr\u00e1t.<b> \u201ePodnebie je ve\u013emi odli\u0161n\u00e9 ako u n\u00e1s. V Braz\u00edlii je moment\u00e1lne tie\u017e ve\u013emi teplo, no m\u00e1m pocit, \u017ee tu je e\u0161te v\u00e4\u010d\u0161ie. Neviem, \u010di som pripraven\u00e1 na to, ak\u00e1 tu bude zima. Jedlo tu je tie\u017e ve\u013emi in\u00e9, ale bav\u00ed ma to, r\u00fdchlo si zvyk\u00e1m,\u201d <\/b>skon\u0161tatovala Lenara.<\/p>\n<p>&nbsp;<\/p>\n<p><b>\u201eMysl\u00edm si, \u017ee blok\u00e1r by mal by\u0165 agiln\u00fd, s\u00fastreden\u00fd na hru a vedie\u0165 blokova\u0165, aby sa ni\u010d nestalo,\u201d <\/b>zavtipkovala.<\/p>\n<p>&nbsp;<\/p>\n<p>Svoje pocity o novej akviz\u00edcii vyjadril aj kormideln\u00edk \u017eensk\u00e9ho t\u00edmu, Pavel Bern\u00e1th: <b>\u201eLenara pri\u0161la v\u00fdborne pripraven\u00e1. Je mo\u017eno e\u0161te lep\u0161ia, ako som si myslel. Komplexn\u00e1 na bloku aj v \u00fatoku. Mysl\u00edm si, \u017ee rovnako ako ostatn\u00e9 nov\u00e9 hr\u00e1\u010dky, do VKP zapadne soci\u00e1lne aj volejbalovo.\u201d<\/b><\/p>\n<p>&nbsp;<\/p>\n<p>Lenare prajeme v nasleduj\u00facej sez\u00f3ne ve\u013ea zdravia, \u0161\u0165astia a \u00faspechov.<\/p>\n<p>&nbsp;<\/p>\n","protected":false},"excerpt":{"rendered":"<p>\u017densk\u00e1 zlo\u017eka VKP Bratislava m\u00e1 nov\u00fa oporu na sieti. Poch\u00e1dza z Ju\u017enej Ameriky.<\/p>\n","protected":false},"author":3,"featured_media":33586,"comment_status":"closed","ping_status":"closed","sticky":false,"template":"","format":"standard","meta":{"_monsterinsights_skip_tracking":false,"_monsterinsights_sitenote_active":false,"_monsterinsights_sitenote_note":"","_monsterinsights_sitenote_category":0,"footnotes":""},"categories":[48],"tags":[],"class_list":["post-33585","post","type-post","status-publish","format-standard","has-post-thumbnail","hentry","category-zeny"],"yoast_head":"<!-- This site is optimized with the Yoast SEO plugin v25.6 - https:\/\/yoast.com\/wordpress\/plugins\/seo\/ -->\n<title>Pavel Bern\u00e1th o posile z Braz\u00edlie: Je lep\u0161ia, ako som \u010dakal - VK SLOVAN Bratislava<\/title>\n<meta name=\"robots\" content=\"index, follow, max-snippet:-1, max-image-preview:large, max-video-preview:-1\" \/>\n<link rel=\"canonical\" href=\"https:\/\/www.vkpbratislava.sk\/?p=33585\" \/>\n<meta property=\"og:locale\" content=\"sk_SK\" \/>\n<meta property=\"og:type\" content=\"article\" \/>\n<meta property=\"og:title\" content=\"Pavel Bern\u00e1th o posile z Braz\u00edlie: Je lep\u0161ia, ako som \u010dakal - VK SLOVAN Bratislava\" \/>\n<meta property=\"og:description\" content=\"\u017densk\u00e1 zlo\u017eka VKP Bratislava m\u00e1 nov\u00fa oporu na sieti. Poch\u00e1dza z Ju\u017enej Ameriky.\" \/>\n<meta property=\"og:url\" content=\"https:\/\/www.vkpbratislava.sk\/?p=33585\" \/>\n<meta property=\"og:site_name\" content=\"VK SLOVAN Bratislava\" \/>\n<meta property=\"article:published_time\" content=\"2024-09-08T17:55:50+00:00\" \/>\n<meta property=\"article:modified_time\" content=\"2024-09-09T16:00:57+00:00\" \/>\n<meta property=\"og:image\" content=\"https:\/\/www.vkpbratislava.sk\/wp-content\/uploads\/2024\/09\/IMG_8231.jpg\" \/>\n\t<meta property=\"og:image:width\" content=\"1179\" \/>\n\t<meta property=\"og:image:height\" content=\"988\" \/>\n\t<meta property=\"og:image:type\" content=\"image\/jpeg\" \/>\n<meta name=\"author\" content=\"jenca\" \/>\n<meta name=\"twitter:card\" content=\"summary_large_image\" \/>\n<meta name=\"twitter:label1\" content=\"Autor\" \/>\n\t<meta name=\"twitter:data1\" content=\"jenca\" \/>\n\t<meta name=\"twitter:label2\" content=\"Predpokladan\u00fd \u010das \u010d\u00edtania\" \/>\n\t<meta name=\"twitter:data2\" content=\"2 min\u00faty\" \/>\n<script type=\"application\/ld+json\" class=\"yoast-schema-graph\">{\"@context\":\"https:\/\/schema.org\",\"@graph\":[{\"@type\":\"Article\",\"@id\":\"https:\/\/www.vkpbratislava.sk\/?p=33585#article\",\"isPartOf\":{\"@id\":\"https:\/\/www.vkpbratislava.sk\/?p=33585\"},\"author\":{\"name\":\"jenca\",\"@id\":\"https:\/\/www.vkpbratislava.sk\/#\/schema\/person\/7037e769f9515aa58493d1b5852c4c50\"},\"headline\":\"Pavel Bern\u00e1th o posile z Braz\u00edlie: Je lep\u0161ia, ako som \u010dakal\",\"datePublished\":\"2024-09-08T17:55:50+00:00\",\"dateModified\":\"2024-09-09T16:00:57+00:00\",\"mainEntityOfPage\":{\"@id\":\"https:\/\/www.vkpbratislava.sk\/?p=33585\"},\"wordCount\":282,\"publisher\":{\"@id\":\"https:\/\/www.vkpbratislava.sk\/#organization\"},\"image\":{\"@id\":\"https:\/\/www.vkpbratislava.sk\/?p=33585#primaryimage\"},\"thumbnailUrl\":\"https:\/\/www.vkpbratislava.sk\/wp-content\/uploads\/2024\/09\/IMG_8231.jpg\",\"articleSection\":[\"\u017deny\"],\"inLanguage\":\"sk-SK\"},{\"@type\":\"WebPage\",\"@id\":\"https:\/\/www.vkpbratislava.sk\/?p=33585\",\"url\":\"https:\/\/www.vkpbratislava.sk\/?p=33585\",\"name\":\"Pavel Bern\u00e1th o posile z Braz\u00edlie: Je lep\u0161ia, ako som \u010dakal - VK SLOVAN Bratislava\",\"isPartOf\":{\"@id\":\"https:\/\/www.vkpbratislava.sk\/#website\"},\"primaryImageOfPage\":{\"@id\":\"https:\/\/www.vkpbratislava.sk\/?p=33585#primaryimage\"},\"image\":{\"@id\":\"https:\/\/www.vkpbratislava.sk\/?p=33585#primaryimage\"},\"thumbnailUrl\":\"https:\/\/www.vkpbratislava.sk\/wp-content\/uploads\/2024\/09\/IMG_8231.jpg\",\"datePublished\":\"2024-09-08T17:55:50+00:00\",\"dateModified\":\"2024-09-09T16:00:57+00:00\",\"breadcrumb\":{\"@id\":\"https:\/\/www.vkpbratislava.sk\/?p=33585#breadcrumb\"},\"inLanguage\":\"sk-SK\",\"potentialAction\":[{\"@type\":\"ReadAction\",\"target\":[\"https:\/\/www.vkpbratislava.sk\/?p=33585\"]}]},{\"@type\":\"ImageObject\",\"inLanguage\":\"sk-SK\",\"@id\":\"https:\/\/www.vkpbratislava.sk\/?p=33585#primaryimage\",\"url\":\"https:\/\/www.vkpbratislava.sk\/wp-content\/uploads\/2024\/09\/IMG_8231.jpg\",\"contentUrl\":\"https:\/\/www.vkpbratislava.sk\/wp-content\/uploads\/2024\/09\/IMG_8231.jpg\",\"width\":1179,\"height\":988,\"caption\":\"Screenshot\"},{\"@type\":\"BreadcrumbList\",\"@id\":\"https:\/\/www.vkpbratislava.sk\/?p=33585#breadcrumb\",\"itemListElement\":[{\"@type\":\"ListItem\",\"position\":1,\"name\":\"Domov\",\"item\":\"https:\/\/www.vkpbratislava.sk\/\"},{\"@type\":\"ListItem\",\"position\":2,\"name\":\"Pavel Bern\u00e1th o posile z Braz\u00edlie: Je lep\u0161ia, ako som \u010dakal\"}]},{\"@type\":\"WebSite\",\"@id\":\"https:\/\/www.vkpbratislava.sk\/#website\",\"url\":\"https:\/\/www.vkpbratislava.sk\/\",\"name\":\"VK SLOVAN Bratislava\",\"description\":\"Volejbalov\u00fd klub\",\"publisher\":{\"@id\":\"https:\/\/www.vkpbratislava.sk\/#organization\"},\"potentialAction\":[{\"@type\":\"SearchAction\",\"target\":{\"@type\":\"EntryPoint\",\"urlTemplate\":\"https:\/\/www.vkpbratislava.sk\/?s={search_term_string}\"},\"query-input\":{\"@type\":\"PropertyValueSpecification\",\"valueRequired\":true,\"valueName\":\"search_term_string\"}}],\"inLanguage\":\"sk-SK\"},{\"@type\":\"Organization\",\"@id\":\"https:\/\/www.vkpbratislava.sk\/#organization\",\"name\":\"VKP Bratislava\",\"url\":\"https:\/\/www.vkpbratislava.sk\/\",\"logo\":{\"@type\":\"ImageObject\",\"inLanguage\":\"sk-SK\",\"@id\":\"https:\/\/www.vkpbratislava.sk\/#\/schema\/logo\/image\/\",\"url\":\"https:\/\/www.vkpbratislava.sk\/wp-content\/uploads\/2020\/10\/vkpBA.png\",\"contentUrl\":\"https:\/\/www.vkpbratislava.sk\/wp-content\/uploads\/2020\/10\/vkpBA.png\",\"width\":600,\"height\":600,\"caption\":\"VKP Bratislava\"},\"image\":{\"@id\":\"https:\/\/www.vkpbratislava.sk\/#\/schema\/logo\/image\/\"}},{\"@type\":\"Person\",\"@id\":\"https:\/\/www.vkpbratislava.sk\/#\/schema\/person\/7037e769f9515aa58493d1b5852c4c50\",\"name\":\"jenca\",\"image\":{\"@type\":\"ImageObject\",\"inLanguage\":\"sk-SK\",\"@id\":\"https:\/\/www.vkpbratislava.sk\/#\/schema\/person\/image\/\",\"url\":\"https:\/\/secure.gravatar.com\/avatar\/67aa89e9aab2911bbd0c6fbf0a891ea8d80c207c9b6a6e2c96e13fc2f16e536d?s=96&d=mm&r=g\",\"contentUrl\":\"https:\/\/secure.gravatar.com\/avatar\/67aa89e9aab2911bbd0c6fbf0a891ea8d80c207c9b6a6e2c96e13fc2f16e536d?s=96&d=mm&r=g\",\"caption\":\"jenca\"},\"url\":\"https:\/\/www.vkpbratislava.sk\/?author=3\"}]}<\/script>\n<!-- \/ Yoast SEO plugin. -->","yoast_head_json":{"title":"Pavel Bern\u00e1th o posile z Braz\u00edlie: Je lep\u0161ia, ako som \u010dakal - VK SLOVAN Bratislava","robots":{"index":"index","follow":"follow","max-snippet":"max-snippet:-1","max-image-preview":"max-image-preview:large","max-video-preview":"max-video-preview:-1"},"canonical":"https:\/\/www.vkpbratislava.sk\/?p=33585","og_locale":"sk_SK","og_type":"article","og_title":"Pavel Bern\u00e1th o posile z Braz\u00edlie: Je lep\u0161ia, ako som \u010dakal - VK SLOVAN Bratislava","og_description":"\u017densk\u00e1 zlo\u017eka VKP Bratislava m\u00e1 nov\u00fa oporu na sieti. Poch\u00e1dza z Ju\u017enej Ameriky.","og_url":"https:\/\/www.vkpbratislava.sk\/?p=33585","og_site_name":"VK SLOVAN Bratislava","article_published_time":"2024-09-08T17:55:50+00:00","article_modified_time":"2024-09-09T16:00:57+00:00","og_image":[{"width":1179,"height":988,"url":"https:\/\/www.vkpbratislava.sk\/wp-content\/uploads\/2024\/09\/IMG_8231.jpg","type":"image\/jpeg"}],"author":"jenca","twitter_card":"summary_large_image","twitter_misc":{"Autor":"jenca","Predpokladan\u00fd \u010das \u010d\u00edtania":"2 min\u00faty"},"schema":{"@context":"https:\/\/schema.org","@graph":[{"@type":"Article","@id":"https:\/\/www.vkpbratislava.sk\/?p=33585#article","isPartOf":{"@id":"https:\/\/www.vkpbratislava.sk\/?p=33585"},"author":{"name":"jenca","@id":"https:\/\/www.vkpbratislava.sk\/#\/schema\/person\/7037e769f9515aa58493d1b5852c4c50"},"headline":"Pavel Bern\u00e1th o posile z Braz\u00edlie: Je lep\u0161ia, ako som \u010dakal","datePublished":"2024-09-08T17:55:50+00:00","dateModified":"2024-09-09T16:00:57+00:00","mainEntityOfPage":{"@id":"https:\/\/www.vkpbratislava.sk\/?p=33585"},"wordCount":282,"publisher":{"@id":"https:\/\/www.vkpbratislava.sk\/#organization"},"image":{"@id":"https:\/\/www.vkpbratislava.sk\/?p=33585#primaryimage"},"thumbnailUrl":"https:\/\/www.vkpbratislava.sk\/wp-content\/uploads\/2024\/09\/IMG_8231.jpg","articleSection":["\u017deny"],"inLanguage":"sk-SK"},{"@type":"WebPage","@id":"https:\/\/www.vkpbratislava.sk\/?p=33585","url":"https:\/\/www.vkpbratislava.sk\/?p=33585","name":"Pavel Bern\u00e1th o posile z Braz\u00edlie: Je lep\u0161ia, ako som \u010dakal - VK SLOVAN Bratislava","isPartOf":{"@id":"https:\/\/www.vkpbratislava.sk\/#website"},"primaryImageOfPage":{"@id":"https:\/\/www.vkpbratislava.sk\/?p=33585#primaryimage"},"image":{"@id":"https:\/\/www.vkpbratislava.sk\/?p=33585#primaryimage"},"thumbnailUrl":"https:\/\/www.vkpbratislava.sk\/wp-content\/uploads\/2024\/09\/IMG_8231.jpg","datePublished":"2024-09-08T17:55:50+00:00","dateModified":"2024-09-09T16:00:57+00:00","breadcrumb":{"@id":"https:\/\/www.vkpbratislava.sk\/?p=33585#breadcrumb"},"inLanguage":"sk-SK","potentialAction":[{"@type":"ReadAction","target":["https:\/\/www.vkpbratislava.sk\/?p=33585"]}]},{"@type":"ImageObject","inLanguage":"sk-SK","@id":"https:\/\/www.vkpbratislava.sk\/?p=33585#primaryimage","url":"https:\/\/www.vkpbratislava.sk\/wp-content\/uploads\/2024\/09\/IMG_8231.jpg","contentUrl":"https:\/\/www.vkpbratislava.sk\/wp-content\/uploads\/2024\/09\/IMG_8231.jpg","width":1179,"height":988,"caption":"Screenshot"},{"@type":"BreadcrumbList","@id":"https:\/\/www.vkpbratislava.sk\/?p=33585#breadcrumb","itemListElement":[{"@type":"ListItem","position":1,"name":"Domov","item":"https:\/\/www.vkpbratislava.sk\/"},{"@type":"ListItem","position":2,"name":"Pavel Bern\u00e1th o posile z Braz\u00edlie: Je lep\u0161ia, ako som \u010dakal"}]},{"@type":"WebSite","@id":"https:\/\/www.vkpbratislava.sk\/#website","url":"https:\/\/www.vkpbratislava.sk\/","name":"VK SLOVAN Bratislava","description":"Volejbalov\u00fd klub","publisher":{"@id":"https:\/\/www.vkpbratislava.sk\/#organization"},"potentialAction":[{"@type":"SearchAction","target":{"@type":"EntryPoint","urlTemplate":"https:\/\/www.vkpbratislava.sk\/?s={search_term_string}"},"query-input":{"@type":"PropertyValueSpecification","valueRequired":true,"valueName":"search_term_string"}}],"inLanguage":"sk-SK"},{"@type":"Organization","@id":"https:\/\/www.vkpbratislava.sk\/#organization","name":"VKP Bratislava","url":"https:\/\/www.vkpbratislava.sk\/","logo":{"@type":"ImageObject","inLanguage":"sk-SK","@id":"https:\/\/www.vkpbratislava.sk\/#\/schema\/logo\/image\/","url":"https:\/\/www.vkpbratislava.sk\/wp-content\/uploads\/2020\/10\/vkpBA.png","contentUrl":"https:\/\/www.vkpbratislava.sk\/wp-content\/uploads\/2020\/10\/vkpBA.png","width":600,"height":600,"caption":"VKP Bratislava"},"image":{"@id":"https:\/\/www.vkpbratislava.sk\/#\/schema\/logo\/image\/"}},{"@type":"Person","@id":"https:\/\/www.vkpbratislava.sk\/#\/schema\/person\/7037e769f9515aa58493d1b5852c4c50","name":"jenca","image":{"@type":"ImageObject","inLanguage":"sk-SK","@id":"https:\/\/www.vkpbratislava.sk\/#\/schema\/person\/image\/","url":"https:\/\/secure.gravatar.com\/avatar\/67aa89e9aab2911bbd0c6fbf0a891ea8d80c207c9b6a6e2c96e13fc2f16e536d?s=96&d=mm&r=g","contentUrl":"https:\/\/secure.gravatar.com\/avatar\/67aa89e9aab2911bbd0c6fbf0a891ea8d80c207c9b6a6e2c96e13fc2f16e536d?s=96&d=mm&r=g","caption":"jenca"},"url":"https:\/\/www.vkpbratislava.sk\/?author=3"}]}},"_links":{"self":[{"href":"https:\/\/www.vkpbratislava.sk\/index.php?rest_route=\/wp\/v2\/posts\/33585","targetHints":{"allow":["GET"]}}],"collection":[{"href":"https:\/\/www.vkpbratislava.sk\/index.php?rest_route=\/wp\/v2\/posts"}],"about":[{"href":"https:\/\/www.vkpbratislava.sk\/index.php?rest_route=\/wp\/v2\/types\/post"}],"author":[{"embeddable":true,"href":"https:\/\/www.vkpbratislava.sk\/index.php?rest_route=\/wp\/v2\/users\/3"}],"replies":[{"embeddable":true,"href":"https:\/\/www.vkpbratislava.sk\/index.php?rest_route=%2Fwp%2Fv2%2Fcomments&post=33585"}],"version-history":[{"count":5,"href":"https:\/\/www.vkpbratislava.sk\/index.php?rest_route=\/wp\/v2\/posts\/33585\/revisions"}],"predecessor-version":[{"id":33593,"href":"https:\/\/www.vkpbratislava.sk\/index.php?rest_route=\/wp\/v2\/posts\/33585\/revisions\/33593"}],"wp:featuredmedia":[{"embeddable":true,"href":"https:\/\/www.vkpbratislava.sk\/index.php?rest_route=\/wp\/v2\/media\/33586"}],"wp:attachment":[{"href":"https:\/\/www.vkpbratislava.sk\/index.php?rest_route=%2Fwp%2Fv2%2Fmedia&parent=33585"}],"wp:term":[{"taxonomy":"category","embeddable":true,"href":"https:\/\/www.vkpbratislava.sk\/index.php?rest_route=%2Fwp%2Fv2%2Fcategories&post=33585"},{"taxonomy":"post_tag","embeddable":true,"href":"https:\/\/www.vkpbratislava.sk\/index.php?rest_route=%2Fwp%2Fv2%2Ftags&post=33585"}],"curies":[{"name":"wp","href":"https:\/\/api.w.org\/{rel}","templated":true}]}}