{"id":33595,"date":"2024-09-09T19:27:30","date_gmt":"2024-09-09T17:27:30","guid":{"rendered":"https:\/\/www.vkpbratislava.sk\/?p=33595"},"modified":"2024-09-09T19:55:45","modified_gmt":"2024-09-09T17:55:45","slug":"laura-canedo-sa-s-bronzom-neuspokoji","status":"publish","type":"post","link":"https:\/\/www.vkpbratislava.sk\/?p=33595","title":{"rendered":"Laura Canedo sa s bronzom neuspokoj\u00ed"},"content":{"rendered":"<p><strong>\u010eal\u0161ia posila z\u00a0exotiky. Po p\u00f4soben\u00ed v\u00a0Ju\u017enej Amerike mieri prv\u00fdkr\u00e1t do Eur\u00f3py<\/strong><\/p>\n<p>&nbsp;<\/p>\n<p>Laura Canedo, 24-ro\u010dn\u00e1 Braz\u00edl\u010danka, je \u010fal\u0161\u00ed pr\u00edrastok \u017eensk\u00e9ho t\u00edmu. Pr\u00edchod do VKP znamen\u00e1 pre nov\u00fa nahr\u00e1va\u010dku aj prv\u00fa volejbalov\u00fa sk\u00fasenos\u0165 mimo Braz\u00edlie.<\/p>\n<p>&nbsp;<\/p>\n<p>Napriek tomu, \u017ee jej profesion\u00e1lna kari\u00e9ra je celkom mlad\u00e1, za takmer \u0161es\u0165 rokov vystriedala \u0161tyri braz\u00edlske volejbalov\u00e9 kluby (Flamengo, V\u00f4lei Taubat\u00e9, Unilife V\u00f4lei Maring\u00e1, Associa\u00e7\u00e3o Atl\u00e9tica S\u00e3o Caetano).<\/p>\n<p>&nbsp;<\/p>\n<p>Podobne ako jej spoluhr\u00e1\u010dka a\u00a0rod\u00e1\u010dka z\u00a0Braz\u00edlie, Lenara Baijo, aj Laura je na Slovensku po prv\u00fdkr\u00e1t.<strong> \u201eMysl\u00edm si, \u017ee v\u0161etko bude in\u00e9, ne\u017e na \u010do som bola doteraz zvyknut\u00e1, vr\u00e1tane volejbalu, no te\u0161\u00edm sa, \u017ee to za\u017eijem pr\u00e1ve na Slovensku. Bratislava je ve\u013emi kr\u00e1sna, zatia\u013e si to tu u\u017e\u00edvam. Je to mesto, ktor\u00e9 m\u00e1 ve\u013emi dobr\u00fa infra\u0161trukt\u00faru <\/strong><strong>a\u00a0 \u017eije \u00a0sa tu naozaj dobre,\u201c<\/strong> prezradila Laura.<\/p>\n<p>&nbsp;<\/p>\n<p>Do \u017eensk\u00e9ho t\u00edmu VKP mieri s\u00a0jasnou v\u00edziou. <strong>\u201eTe\u0161\u00edm sa, \u017ee pom\u00f4\u017eem t\u00edmu najviac, ako budem vedie\u0165. Taktie\u017e by som chcela diev\u010dat\u00e1m prenecha\u0165 \u010do najviac sk\u00fasenost\u00ed, ktor\u00e9 m\u00e1m, a d\u00fafam, \u017ee spolu s t\u00edmom prinesieme domov majstrovsk\u00fd titul,\u201c<\/strong> dodala.<\/p>\n<p>&nbsp;<\/p>\n<p>O novej posile sa taktie\u017e vyjadril aj tr\u00e9ner \u017eensk\u00e9ho t\u00edmu, Pavel Bern\u00e1th: <strong>\u201eAko aj ostatn\u00e9 nov\u00e9 legion\u00e1rky, aj Laurin \u0161t\u00fdl hry sa mi p\u00e1\u010di a m\u00e1 ve\u013ek\u00fd potenci\u00e1l. Mysl\u00edm si, \u017ee do t\u00edmu zapadne volejbalovo i soci\u00e1lne.\u201c<\/strong><\/p>\n<p>&nbsp;<\/p>\n<p>Laure prajeme v\u00a0nasleduj\u00facej sez\u00f3ne ve\u013ea zdravia, \u0161\u0165astia a\u00a0\u00faspechov.<\/p>\n<p>&nbsp;<\/p>\n<p>&nbsp;<\/p>\n","protected":false},"excerpt":{"rendered":"<p>\u010eal\u0161ia posila z exotiky. Po p\u00f4soben\u00ed v Ju\u017enej Amerike mieri prv\u00fdkr\u00e1t do Eur\u00f3py<\/p>\n","protected":false},"author":3,"featured_media":33596,"comment_status":"closed","ping_status":"closed","sticky":false,"template":"","format":"standard","meta":{"_monsterinsights_skip_tracking":false,"_monsterinsights_sitenote_active":false,"_monsterinsights_sitenote_note":"","_monsterinsights_sitenote_category":0,"footnotes":""},"categories":[48],"tags":[],"class_list":["post-33595","post","type-post","status-publish","format-standard","has-post-thumbnail","hentry","category-zeny"],"yoast_head":"<!-- This site is optimized with the Yoast SEO plugin v25.6 - https:\/\/yoast.com\/wordpress\/plugins\/seo\/ -->\n<title>Laura Canedo sa s bronzom neuspokoj\u00ed - VK SLOVAN Bratislava<\/title>\n<meta name=\"robots\" content=\"index, follow, max-snippet:-1, max-image-preview:large, max-video-preview:-1\" \/>\n<link rel=\"canonical\" href=\"https:\/\/www.vkpbratislava.sk\/?p=33595\" \/>\n<meta property=\"og:locale\" content=\"sk_SK\" \/>\n<meta property=\"og:type\" content=\"article\" \/>\n<meta property=\"og:title\" content=\"Laura Canedo sa s bronzom neuspokoj\u00ed - VK SLOVAN Bratislava\" \/>\n<meta property=\"og:description\" content=\"\u010eal\u0161ia posila z exotiky. Po p\u00f4soben\u00ed v Ju\u017enej Amerike mieri prv\u00fdkr\u00e1t do Eur\u00f3py\" \/>\n<meta property=\"og:url\" content=\"https:\/\/www.vkpbratislava.sk\/?p=33595\" \/>\n<meta property=\"og:site_name\" content=\"VK SLOVAN Bratislava\" \/>\n<meta property=\"article:published_time\" content=\"2024-09-09T17:27:30+00:00\" \/>\n<meta property=\"article:modified_time\" content=\"2024-09-09T17:55:45+00:00\" \/>\n<meta property=\"og:image\" content=\"https:\/\/www.vkpbratislava.sk\/wp-content\/uploads\/2024\/09\/IMG_5717.jpg\" \/>\n\t<meta property=\"og:image:width\" content=\"1179\" \/>\n\t<meta property=\"og:image:height\" content=\"784\" \/>\n\t<meta property=\"og:image:type\" content=\"image\/jpeg\" \/>\n<meta name=\"author\" content=\"jenca\" \/>\n<meta name=\"twitter:card\" content=\"summary_large_image\" \/>\n<meta name=\"twitter:label1\" content=\"Autor\" \/>\n\t<meta name=\"twitter:data1\" content=\"jenca\" \/>\n\t<meta name=\"twitter:label2\" content=\"Predpokladan\u00fd \u010das \u010d\u00edtania\" \/>\n\t<meta name=\"twitter:data2\" content=\"2 min\u00faty\" \/>\n<script type=\"application\/ld+json\" class=\"yoast-schema-graph\">{\"@context\":\"https:\/\/schema.org\",\"@graph\":[{\"@type\":\"Article\",\"@id\":\"https:\/\/www.vkpbratislava.sk\/?p=33595#article\",\"isPartOf\":{\"@id\":\"https:\/\/www.vkpbratislava.sk\/?p=33595\"},\"author\":{\"name\":\"jenca\",\"@id\":\"https:\/\/www.vkpbratislava.sk\/#\/schema\/person\/7037e769f9515aa58493d1b5852c4c50\"},\"headline\":\"Laura Canedo sa s bronzom neuspokoj\u00ed\",\"datePublished\":\"2024-09-09T17:27:30+00:00\",\"dateModified\":\"2024-09-09T17:55:45+00:00\",\"mainEntityOfPage\":{\"@id\":\"https:\/\/www.vkpbratislava.sk\/?p=33595\"},\"wordCount\":298,\"publisher\":{\"@id\":\"https:\/\/www.vkpbratislava.sk\/#organization\"},\"image\":{\"@id\":\"https:\/\/www.vkpbratislava.sk\/?p=33595#primaryimage\"},\"thumbnailUrl\":\"https:\/\/www.vkpbratislava.sk\/wp-content\/uploads\/2024\/09\/IMG_5717.jpg\",\"articleSection\":[\"\u017deny\"],\"inLanguage\":\"sk-SK\"},{\"@type\":\"WebPage\",\"@id\":\"https:\/\/www.vkpbratislava.sk\/?p=33595\",\"url\":\"https:\/\/www.vkpbratislava.sk\/?p=33595\",\"name\":\"Laura Canedo sa s bronzom neuspokoj\u00ed - VK SLOVAN Bratislava\",\"isPartOf\":{\"@id\":\"https:\/\/www.vkpbratislava.sk\/#website\"},\"primaryImageOfPage\":{\"@id\":\"https:\/\/www.vkpbratislava.sk\/?p=33595#primaryimage\"},\"image\":{\"@id\":\"https:\/\/www.vkpbratislava.sk\/?p=33595#primaryimage\"},\"thumbnailUrl\":\"https:\/\/www.vkpbratislava.sk\/wp-content\/uploads\/2024\/09\/IMG_5717.jpg\",\"datePublished\":\"2024-09-09T17:27:30+00:00\",\"dateModified\":\"2024-09-09T17:55:45+00:00\",\"breadcrumb\":{\"@id\":\"https:\/\/www.vkpbratislava.sk\/?p=33595#breadcrumb\"},\"inLanguage\":\"sk-SK\",\"potentialAction\":[{\"@type\":\"ReadAction\",\"target\":[\"https:\/\/www.vkpbratislava.sk\/?p=33595\"]}]},{\"@type\":\"ImageObject\",\"inLanguage\":\"sk-SK\",\"@id\":\"https:\/\/www.vkpbratislava.sk\/?p=33595#primaryimage\",\"url\":\"https:\/\/www.vkpbratislava.sk\/wp-content\/uploads\/2024\/09\/IMG_5717.jpg\",\"contentUrl\":\"https:\/\/www.vkpbratislava.sk\/wp-content\/uploads\/2024\/09\/IMG_5717.jpg\",\"width\":1179,\"height\":784},{\"@type\":\"BreadcrumbList\",\"@id\":\"https:\/\/www.vkpbratislava.sk\/?p=33595#breadcrumb\",\"itemListElement\":[{\"@type\":\"ListItem\",\"position\":1,\"name\":\"Domov\",\"item\":\"https:\/\/www.vkpbratislava.sk\/\"},{\"@type\":\"ListItem\",\"position\":2,\"name\":\"Laura Canedo sa s bronzom neuspokoj\u00ed\"}]},{\"@type\":\"WebSite\",\"@id\":\"https:\/\/www.vkpbratislava.sk\/#website\",\"url\":\"https:\/\/www.vkpbratislava.sk\/\",\"name\":\"VK SLOVAN Bratislava\",\"description\":\"Volejbalov\u00fd klub\",\"publisher\":{\"@id\":\"https:\/\/www.vkpbratislava.sk\/#organization\"},\"potentialAction\":[{\"@type\":\"SearchAction\",\"target\":{\"@type\":\"EntryPoint\",\"urlTemplate\":\"https:\/\/www.vkpbratislava.sk\/?s={search_term_string}\"},\"query-input\":{\"@type\":\"PropertyValueSpecification\",\"valueRequired\":true,\"valueName\":\"search_term_string\"}}],\"inLanguage\":\"sk-SK\"},{\"@type\":\"Organization\",\"@id\":\"https:\/\/www.vkpbratislava.sk\/#organization\",\"name\":\"VKP Bratislava\",\"url\":\"https:\/\/www.vkpbratislava.sk\/\",\"logo\":{\"@type\":\"ImageObject\",\"inLanguage\":\"sk-SK\",\"@id\":\"https:\/\/www.vkpbratislava.sk\/#\/schema\/logo\/image\/\",\"url\":\"https:\/\/www.vkpbratislava.sk\/wp-content\/uploads\/2020\/10\/vkpBA.png\",\"contentUrl\":\"https:\/\/www.vkpbratislava.sk\/wp-content\/uploads\/2020\/10\/vkpBA.png\",\"width\":600,\"height\":600,\"caption\":\"VKP Bratislava\"},\"image\":{\"@id\":\"https:\/\/www.vkpbratislava.sk\/#\/schema\/logo\/image\/\"}},{\"@type\":\"Person\",\"@id\":\"https:\/\/www.vkpbratislava.sk\/#\/schema\/person\/7037e769f9515aa58493d1b5852c4c50\",\"name\":\"jenca\",\"image\":{\"@type\":\"ImageObject\",\"inLanguage\":\"sk-SK\",\"@id\":\"https:\/\/www.vkpbratislava.sk\/#\/schema\/person\/image\/\",\"url\":\"https:\/\/secure.gravatar.com\/avatar\/67aa89e9aab2911bbd0c6fbf0a891ea8d80c207c9b6a6e2c96e13fc2f16e536d?s=96&d=mm&r=g\",\"contentUrl\":\"https:\/\/secure.gravatar.com\/avatar\/67aa89e9aab2911bbd0c6fbf0a891ea8d80c207c9b6a6e2c96e13fc2f16e536d?s=96&d=mm&r=g\",\"caption\":\"jenca\"},\"url\":\"https:\/\/www.vkpbratislava.sk\/?author=3\"}]}<\/script>\n<!-- \/ Yoast SEO plugin. -->","yoast_head_json":{"title":"Laura Canedo sa s bronzom neuspokoj\u00ed - VK SLOVAN Bratislava","robots":{"index":"index","follow":"follow","max-snippet":"max-snippet:-1","max-image-preview":"max-image-preview:large","max-video-preview":"max-video-preview:-1"},"canonical":"https:\/\/www.vkpbratislava.sk\/?p=33595","og_locale":"sk_SK","og_type":"article","og_title":"Laura Canedo sa s bronzom neuspokoj\u00ed - VK SLOVAN Bratislava","og_description":"\u010eal\u0161ia posila z exotiky. Po p\u00f4soben\u00ed v Ju\u017enej Amerike mieri prv\u00fdkr\u00e1t do Eur\u00f3py","og_url":"https:\/\/www.vkpbratislava.sk\/?p=33595","og_site_name":"VK SLOVAN Bratislava","article_published_time":"2024-09-09T17:27:30+00:00","article_modified_time":"2024-09-09T17:55:45+00:00","og_image":[{"width":1179,"height":784,"url":"https:\/\/www.vkpbratislava.sk\/wp-content\/uploads\/2024\/09\/IMG_5717.jpg","type":"image\/jpeg"}],"author":"jenca","twitter_card":"summary_large_image","twitter_misc":{"Autor":"jenca","Predpokladan\u00fd \u010das \u010d\u00edtania":"2 min\u00faty"},"schema":{"@context":"https:\/\/schema.org","@graph":[{"@type":"Article","@id":"https:\/\/www.vkpbratislava.sk\/?p=33595#article","isPartOf":{"@id":"https:\/\/www.vkpbratislava.sk\/?p=33595"},"author":{"name":"jenca","@id":"https:\/\/www.vkpbratislava.sk\/#\/schema\/person\/7037e769f9515aa58493d1b5852c4c50"},"headline":"Laura Canedo sa s bronzom neuspokoj\u00ed","datePublished":"2024-09-09T17:27:30+00:00","dateModified":"2024-09-09T17:55:45+00:00","mainEntityOfPage":{"@id":"https:\/\/www.vkpbratislava.sk\/?p=33595"},"wordCount":298,"publisher":{"@id":"https:\/\/www.vkpbratislava.sk\/#organization"},"image":{"@id":"https:\/\/www.vkpbratislava.sk\/?p=33595#primaryimage"},"thumbnailUrl":"https:\/\/www.vkpbratislava.sk\/wp-content\/uploads\/2024\/09\/IMG_5717.jpg","articleSection":["\u017deny"],"inLanguage":"sk-SK"},{"@type":"WebPage","@id":"https:\/\/www.vkpbratislava.sk\/?p=33595","url":"https:\/\/www.vkpbratislava.sk\/?p=33595","name":"Laura Canedo sa s bronzom neuspokoj\u00ed - VK SLOVAN Bratislava","isPartOf":{"@id":"https:\/\/www.vkpbratislava.sk\/#website"},"primaryImageOfPage":{"@id":"https:\/\/www.vkpbratislava.sk\/?p=33595#primaryimage"},"image":{"@id":"https:\/\/www.vkpbratislava.sk\/?p=33595#primaryimage"},"thumbnailUrl":"https:\/\/www.vkpbratislava.sk\/wp-content\/uploads\/2024\/09\/IMG_5717.jpg","datePublished":"2024-09-09T17:27:30+00:00","dateModified":"2024-09-09T17:55:45+00:00","breadcrumb":{"@id":"https:\/\/www.vkpbratislava.sk\/?p=33595#breadcrumb"},"inLanguage":"sk-SK","potentialAction":[{"@type":"ReadAction","target":["https:\/\/www.vkpbratislava.sk\/?p=33595"]}]},{"@type":"ImageObject","inLanguage":"sk-SK","@id":"https:\/\/www.vkpbratislava.sk\/?p=33595#primaryimage","url":"https:\/\/www.vkpbratislava.sk\/wp-content\/uploads\/2024\/09\/IMG_5717.jpg","contentUrl":"https:\/\/www.vkpbratislava.sk\/wp-content\/uploads\/2024\/09\/IMG_5717.jpg","width":1179,"height":784},{"@type":"BreadcrumbList","@id":"https:\/\/www.vkpbratislava.sk\/?p=33595#breadcrumb","itemListElement":[{"@type":"ListItem","position":1,"name":"Domov","item":"https:\/\/www.vkpbratislava.sk\/"},{"@type":"ListItem","position":2,"name":"Laura Canedo sa s bronzom neuspokoj\u00ed"}]},{"@type":"WebSite","@id":"https:\/\/www.vkpbratislava.sk\/#website","url":"https:\/\/www.vkpbratislava.sk\/","name":"VK SLOVAN Bratislava","description":"Volejbalov\u00fd klub","publisher":{"@id":"https:\/\/www.vkpbratislava.sk\/#organization"},"potentialAction":[{"@type":"SearchAction","target":{"@type":"EntryPoint","urlTemplate":"https:\/\/www.vkpbratislava.sk\/?s={search_term_string}"},"query-input":{"@type":"PropertyValueSpecification","valueRequired":true,"valueName":"search_term_string"}}],"inLanguage":"sk-SK"},{"@type":"Organization","@id":"https:\/\/www.vkpbratislava.sk\/#organization","name":"VKP Bratislava","url":"https:\/\/www.vkpbratislava.sk\/","logo":{"@type":"ImageObject","inLanguage":"sk-SK","@id":"https:\/\/www.vkpbratislava.sk\/#\/schema\/logo\/image\/","url":"https:\/\/www.vkpbratislava.sk\/wp-content\/uploads\/2020\/10\/vkpBA.png","contentUrl":"https:\/\/www.vkpbratislava.sk\/wp-content\/uploads\/2020\/10\/vkpBA.png","width":600,"height":600,"caption":"VKP Bratislava"},"image":{"@id":"https:\/\/www.vkpbratislava.sk\/#\/schema\/logo\/image\/"}},{"@type":"Person","@id":"https:\/\/www.vkpbratislava.sk\/#\/schema\/person\/7037e769f9515aa58493d1b5852c4c50","name":"jenca","image":{"@type":"ImageObject","inLanguage":"sk-SK","@id":"https:\/\/www.vkpbratislava.sk\/#\/schema\/person\/image\/","url":"https:\/\/secure.gravatar.com\/avatar\/67aa89e9aab2911bbd0c6fbf0a891ea8d80c207c9b6a6e2c96e13fc2f16e536d?s=96&d=mm&r=g","contentUrl":"https:\/\/secure.gravatar.com\/avatar\/67aa89e9aab2911bbd0c6fbf0a891ea8d80c207c9b6a6e2c96e13fc2f16e536d?s=96&d=mm&r=g","caption":"jenca"},"url":"https:\/\/www.vkpbratislava.sk\/?author=3"}]}},"_links":{"self":[{"href":"https:\/\/www.vkpbratislava.sk\/index.php?rest_route=\/wp\/v2\/posts\/33595","targetHints":{"allow":["GET"]}}],"collection":[{"href":"https:\/\/www.vkpbratislava.sk\/index.php?rest_route=\/wp\/v2\/posts"}],"about":[{"href":"https:\/\/www.vkpbratislava.sk\/index.php?rest_route=\/wp\/v2\/types\/post"}],"author":[{"embeddable":true,"href":"https:\/\/www.vkpbratislava.sk\/index.php?rest_route=\/wp\/v2\/users\/3"}],"replies":[{"embeddable":true,"href":"https:\/\/www.vkpbratislava.sk\/index.php?rest_route=%2Fwp%2Fv2%2Fcomments&post=33595"}],"version-history":[{"count":3,"href":"https:\/\/www.vkpbratislava.sk\/index.php?rest_route=\/wp\/v2\/posts\/33595\/revisions"}],"predecessor-version":[{"id":33599,"href":"https:\/\/www.vkpbratislava.sk\/index.php?rest_route=\/wp\/v2\/posts\/33595\/revisions\/33599"}],"wp:featuredmedia":[{"embeddable":true,"href":"https:\/\/www.vkpbratislava.sk\/index.php?rest_route=\/wp\/v2\/media\/33596"}],"wp:attachment":[{"href":"https:\/\/www.vkpbratislava.sk\/index.php?rest_route=%2Fwp%2Fv2%2Fmedia&parent=33595"}],"wp:term":[{"taxonomy":"category","embeddable":true,"href":"https:\/\/www.vkpbratislava.sk\/index.php?rest_route=%2Fwp%2Fv2%2Fcategories&post=33595"},{"taxonomy":"post_tag","embeddable":true,"href":"https:\/\/www.vkpbratislava.sk\/index.php?rest_route=%2Fwp%2Fv2%2Ftags&post=33595"}],"curies":[{"name":"wp","href":"https:\/\/api.w.org\/{rel}","templated":true}]}}