{"id":3362,"date":"2020-12-11T15:02:56","date_gmt":"2020-12-11T14:02:56","guid":{"rendered":"https:\/\/www.vkpbratislava.sk\/?p=3362"},"modified":"2020-12-11T15:02:56","modified_gmt":"2020-12-11T14:02:56","slug":"pred-subojom-s-lidrom-potvrdit-nasu-formu","status":"publish","type":"post","link":"https:\/\/www.vkpbratislava.sk\/?p=3362","title":{"rendered":"Pred s\u00fabojom s\u00a0l\u00eddrom: Potvrdi\u0165 na\u0161u formu"},"content":{"rendered":"<p><strong>\u0160l\u00e1ger ako hrom. Na dom\u00e1cej palubovke do tretice priv\u00edtame t\u00edm z\u00a0v\u00fdchodu republiky, ke\u010f si zmeriame sily s\u00a0l\u00eddrom z\u00a0Pre\u0161ova (sobota 12. decembra o\u00a018.00 h), ktor\u00fd e\u0161te neok\u00fasil trpkos\u0165 prehry.<\/strong><\/p>\n<p>Po dvoch v\u00fdhrach bez straty setu panuje medzi \u201epolicajtmi\u201c pozit\u00edvna n\u00e1lada. Hr\u00e1\u010di si uplynul\u00fa sobotu po v\u00fdhre nad Svidn\u00edkom dopriali men\u0161ie posedenie, ktor\u00e9 im vo svojej Winter Garden pripravil partner klubu Dunajsk\u00fd pivovar. \u201eJe korona, okolnosti n\u00e1m pr\u00edli\u0161 nepriali, aby sme sa nejak spolo\u010dne stretli mimo ihriska. Sme radi, \u017ee pri\u0161la tak\u00e1to mo\u017enos\u0165. Mali sme pr\u00edle\u017eitos\u0165 sa chv\u00ed\u013eu porozpr\u00e1va\u0165, zabavi\u0165 a\u00a0bolo to super,\u201c prezradil kapit\u00e1n t\u00edmu Juraj Za\u0165ko. Od nedele v\u0161ak ich o\u010di smerovali sp\u00e4\u0165 k\u00a0volejbalu a z\u00e1pasu s\u00a0Pre\u0161ovom. \u201eUr\u010dite prever\u00ed na\u0161u silu i schopnosti. Je to aktu\u00e1lne najlep\u0161\u00ed t\u00edm, ktor\u00fd e\u0161te neprehral. Urob\u00edme v\u0161ak maximum, aby sme natiahli dom\u00e1cu s\u00e9riu v\u00ed\u0165azstiev. Uvid\u00edme ako to dopadne,\u201c pokra\u010doval.<\/p>\n<p>V\u00a0z\u00e1pase s\u00a0Miradom pr\u00edde k\u00a0zauj\u00edmavej konfront\u00e1cii. Tr\u00e9ner Pre\u0161ova Marek Kardo\u0161 je odchovancom VKP a\u00a0v\u00a0k\u00e1dri policajtov je viacero hr\u00e1\u010dov, ktor\u00fdch tr\u00e9noval v\u00a0Nitre, ke\u010f z\u00edskali dva majstrovsk\u00e9 tituly. \u201eAko ho pozn\u00e1m, takticky bud\u00fa v\u00fdborne pripraven\u00ed, bud\u00fa n\u00e1s ma\u0165 dobre pre\u010d\u00edtan\u00fdch, ale na\u0161ou \u00falohou bude ich napriek tomu prekvapi\u0165,\u201c dodal.\u00a0\u201eUr\u010dite n\u00e1s maj\u00fa zmapovan\u00fdch. E\u0161te neprehrali, neviem, ak\u00e9 zranenie m\u00e1 Sopko, ale je to najlep\u0161ie pod\u00e1vaj\u00faci hr\u00e1\u010d a\u00a0sila na \u00fatoku, tak uvid\u00edme \u010di bude hra\u0165. Hr\u00e1me v\u0161ak doma a pevne ver\u00edm, \u017ee potvrd\u00edme zlep\u0161uj\u00facu formu,\u201c povedal Marek Malina.<\/p>\n<p>&nbsp;<\/p>\n<p>&nbsp;<\/p>\n","protected":false},"excerpt":{"rendered":"<p>\u0160l\u00e1ger ako hrom. Na dom\u00e1cej palubovke do tretice priv\u00edtame t\u00edm z\u00a0v\u00fdchodu republiky, ke\u010f si zmeriame sily s\u00a0l\u00eddrom z\u00a0Pre\u0161ova (sobota 12. decembra o\u00a018.00 h), ktor\u00fd e\u0161te neok\u00fasil trpkos\u0165 prehry.<\/p>\n","protected":false},"author":3,"featured_media":3218,"comment_status":"closed","ping_status":"open","sticky":false,"template":"","format":"standard","meta":{"_monsterinsights_skip_tracking":false,"_monsterinsights_sitenote_active":false,"_monsterinsights_sitenote_note":"","_monsterinsights_sitenote_category":0,"footnotes":""},"categories":[1],"tags":[],"class_list":["post-3362","post","type-post","status-publish","format-standard","has-post-thumbnail","hentry","category-nezaradene"],"yoast_head":"<!-- This site is optimized with the Yoast SEO plugin v25.6 - https:\/\/yoast.com\/wordpress\/plugins\/seo\/ -->\n<title>Pred s\u00fabojom s\u00a0l\u00eddrom: Potvrdi\u0165 na\u0161u formu - VK SLOVAN Bratislava<\/title>\n<meta name=\"description\" content=\"\u0160l\u00e1ger ako hrom. Na dom\u00e1cej palubovke do tretice priv\u00edtame t\u00edm z\u00a0v\u00fdchodu republiky, ke\u010f si zmeriame sily s\u00a0l\u00eddrom z\u00a0Pre\u0161ova (sobota 12. decembra o\u00a018.00 h), ktor\u00fd e\u0161te neok\u00fasil trpkos\u0165 prehry.\" \/>\n<meta name=\"robots\" content=\"index, follow, max-snippet:-1, max-image-preview:large, max-video-preview:-1\" \/>\n<link rel=\"canonical\" href=\"https:\/\/www.vkpbratislava.sk\/?p=3362\" \/>\n<meta property=\"og:locale\" content=\"sk_SK\" \/>\n<meta property=\"og:type\" content=\"article\" \/>\n<meta property=\"og:title\" content=\"Pred s\u00fabojom s\u00a0l\u00eddrom: Potvrdi\u0165 na\u0161u formu - VK SLOVAN Bratislava\" \/>\n<meta property=\"og:description\" content=\"\u0160l\u00e1ger ako hrom. Na dom\u00e1cej palubovke do tretice priv\u00edtame t\u00edm z\u00a0v\u00fdchodu republiky, ke\u010f si zmeriame sily s\u00a0l\u00eddrom z\u00a0Pre\u0161ova (sobota 12. decembra o\u00a018.00 h), ktor\u00fd e\u0161te neok\u00fasil trpkos\u0165 prehry.\" \/>\n<meta property=\"og:url\" content=\"https:\/\/www.vkpbratislava.sk\/?p=3362\" \/>\n<meta property=\"og:site_name\" content=\"VK SLOVAN Bratislava\" \/>\n<meta property=\"article:published_time\" content=\"2020-12-11T14:02:56+00:00\" \/>\n<meta property=\"og:image\" content=\"https:\/\/www.vkpbratislava.sk\/wp-content\/uploads\/2020\/12\/DF1A7432.jpg\" \/>\n\t<meta property=\"og:image:width\" content=\"2048\" \/>\n\t<meta property=\"og:image:height\" content=\"1365\" \/>\n\t<meta property=\"og:image:type\" content=\"image\/jpeg\" \/>\n<meta name=\"author\" content=\"jenca\" \/>\n<meta name=\"twitter:card\" content=\"summary_large_image\" \/>\n<meta name=\"twitter:label1\" content=\"Autor\" \/>\n\t<meta name=\"twitter:data1\" content=\"jenca\" \/>\n\t<meta name=\"twitter:label2\" content=\"Predpokladan\u00fd \u010das \u010d\u00edtania\" \/>\n\t<meta name=\"twitter:data2\" content=\"2 min\u00faty\" \/>\n<script type=\"application\/ld+json\" class=\"yoast-schema-graph\">{\"@context\":\"https:\/\/schema.org\",\"@graph\":[{\"@type\":\"Article\",\"@id\":\"https:\/\/www.vkpbratislava.sk\/?p=3362#article\",\"isPartOf\":{\"@id\":\"https:\/\/www.vkpbratislava.sk\/?p=3362\"},\"author\":{\"name\":\"jenca\",\"@id\":\"https:\/\/www.vkpbratislava.sk\/#\/schema\/person\/7037e769f9515aa58493d1b5852c4c50\"},\"headline\":\"Pred s\u00fabojom s\u00a0l\u00eddrom: Potvrdi\u0165 na\u0161u formu\",\"datePublished\":\"2020-12-11T14:02:56+00:00\",\"mainEntityOfPage\":{\"@id\":\"https:\/\/www.vkpbratislava.sk\/?p=3362\"},\"wordCount\":319,\"publisher\":{\"@id\":\"https:\/\/www.vkpbratislava.sk\/#organization\"},\"image\":{\"@id\":\"https:\/\/www.vkpbratislava.sk\/?p=3362#primaryimage\"},\"thumbnailUrl\":\"https:\/\/www.vkpbratislava.sk\/wp-content\/uploads\/2020\/12\/DF1A7432.jpg\",\"inLanguage\":\"sk-SK\"},{\"@type\":\"WebPage\",\"@id\":\"https:\/\/www.vkpbratislava.sk\/?p=3362\",\"url\":\"https:\/\/www.vkpbratislava.sk\/?p=3362\",\"name\":\"Pred s\u00fabojom s\u00a0l\u00eddrom: Potvrdi\u0165 na\u0161u formu - VK SLOVAN Bratislava\",\"isPartOf\":{\"@id\":\"https:\/\/www.vkpbratislava.sk\/#website\"},\"primaryImageOfPage\":{\"@id\":\"https:\/\/www.vkpbratislava.sk\/?p=3362#primaryimage\"},\"image\":{\"@id\":\"https:\/\/www.vkpbratislava.sk\/?p=3362#primaryimage\"},\"thumbnailUrl\":\"https:\/\/www.vkpbratislava.sk\/wp-content\/uploads\/2020\/12\/DF1A7432.jpg\",\"datePublished\":\"2020-12-11T14:02:56+00:00\",\"description\":\"\u0160l\u00e1ger ako hrom. Na dom\u00e1cej palubovke do tretice priv\u00edtame t\u00edm z\u00a0v\u00fdchodu republiky, ke\u010f si zmeriame sily s\u00a0l\u00eddrom z\u00a0Pre\u0161ova (sobota 12. decembra o\u00a018.00 h), ktor\u00fd e\u0161te neok\u00fasil trpkos\u0165 prehry.\",\"breadcrumb\":{\"@id\":\"https:\/\/www.vkpbratislava.sk\/?p=3362#breadcrumb\"},\"inLanguage\":\"sk-SK\",\"potentialAction\":[{\"@type\":\"ReadAction\",\"target\":[\"https:\/\/www.vkpbratislava.sk\/?p=3362\"]}]},{\"@type\":\"ImageObject\",\"inLanguage\":\"sk-SK\",\"@id\":\"https:\/\/www.vkpbratislava.sk\/?p=3362#primaryimage\",\"url\":\"https:\/\/www.vkpbratislava.sk\/wp-content\/uploads\/2020\/12\/DF1A7432.jpg\",\"contentUrl\":\"https:\/\/www.vkpbratislava.sk\/wp-content\/uploads\/2020\/12\/DF1A7432.jpg\",\"width\":2048,\"height\":1365},{\"@type\":\"BreadcrumbList\",\"@id\":\"https:\/\/www.vkpbratislava.sk\/?p=3362#breadcrumb\",\"itemListElement\":[{\"@type\":\"ListItem\",\"position\":1,\"name\":\"Domov\",\"item\":\"https:\/\/www.vkpbratislava.sk\/\"},{\"@type\":\"ListItem\",\"position\":2,\"name\":\"Pred s\u00fabojom s\u00a0l\u00eddrom: Potvrdi\u0165 na\u0161u formu\"}]},{\"@type\":\"WebSite\",\"@id\":\"https:\/\/www.vkpbratislava.sk\/#website\",\"url\":\"https:\/\/www.vkpbratislava.sk\/\",\"name\":\"VK SLOVAN Bratislava\",\"description\":\"Volejbalov\u00fd klub\",\"publisher\":{\"@id\":\"https:\/\/www.vkpbratislava.sk\/#organization\"},\"potentialAction\":[{\"@type\":\"SearchAction\",\"target\":{\"@type\":\"EntryPoint\",\"urlTemplate\":\"https:\/\/www.vkpbratislava.sk\/?s={search_term_string}\"},\"query-input\":{\"@type\":\"PropertyValueSpecification\",\"valueRequired\":true,\"valueName\":\"search_term_string\"}}],\"inLanguage\":\"sk-SK\"},{\"@type\":\"Organization\",\"@id\":\"https:\/\/www.vkpbratislava.sk\/#organization\",\"name\":\"VKP Bratislava\",\"url\":\"https:\/\/www.vkpbratislava.sk\/\",\"logo\":{\"@type\":\"ImageObject\",\"inLanguage\":\"sk-SK\",\"@id\":\"https:\/\/www.vkpbratislava.sk\/#\/schema\/logo\/image\/\",\"url\":\"https:\/\/www.vkpbratislava.sk\/wp-content\/uploads\/2020\/10\/vkpBA.png\",\"contentUrl\":\"https:\/\/www.vkpbratislava.sk\/wp-content\/uploads\/2020\/10\/vkpBA.png\",\"width\":600,\"height\":600,\"caption\":\"VKP Bratislava\"},\"image\":{\"@id\":\"https:\/\/www.vkpbratislava.sk\/#\/schema\/logo\/image\/\"}},{\"@type\":\"Person\",\"@id\":\"https:\/\/www.vkpbratislava.sk\/#\/schema\/person\/7037e769f9515aa58493d1b5852c4c50\",\"name\":\"jenca\",\"image\":{\"@type\":\"ImageObject\",\"inLanguage\":\"sk-SK\",\"@id\":\"https:\/\/www.vkpbratislava.sk\/#\/schema\/person\/image\/\",\"url\":\"https:\/\/secure.gravatar.com\/avatar\/67aa89e9aab2911bbd0c6fbf0a891ea8d80c207c9b6a6e2c96e13fc2f16e536d?s=96&d=mm&r=g\",\"contentUrl\":\"https:\/\/secure.gravatar.com\/avatar\/67aa89e9aab2911bbd0c6fbf0a891ea8d80c207c9b6a6e2c96e13fc2f16e536d?s=96&d=mm&r=g\",\"caption\":\"jenca\"},\"url\":\"https:\/\/www.vkpbratislava.sk\/?author=3\"}]}<\/script>\n<!-- \/ Yoast SEO plugin. -->","yoast_head_json":{"title":"Pred s\u00fabojom s\u00a0l\u00eddrom: Potvrdi\u0165 na\u0161u formu - VK SLOVAN Bratislava","description":"\u0160l\u00e1ger ako hrom. Na dom\u00e1cej palubovke do tretice priv\u00edtame t\u00edm z\u00a0v\u00fdchodu republiky, ke\u010f si zmeriame sily s\u00a0l\u00eddrom z\u00a0Pre\u0161ova (sobota 12. decembra o\u00a018.00 h), ktor\u00fd e\u0161te neok\u00fasil trpkos\u0165 prehry.","robots":{"index":"index","follow":"follow","max-snippet":"max-snippet:-1","max-image-preview":"max-image-preview:large","max-video-preview":"max-video-preview:-1"},"canonical":"https:\/\/www.vkpbratislava.sk\/?p=3362","og_locale":"sk_SK","og_type":"article","og_title":"Pred s\u00fabojom s\u00a0l\u00eddrom: Potvrdi\u0165 na\u0161u formu - VK SLOVAN Bratislava","og_description":"\u0160l\u00e1ger ako hrom. Na dom\u00e1cej palubovke do tretice priv\u00edtame t\u00edm z\u00a0v\u00fdchodu republiky, ke\u010f si zmeriame sily s\u00a0l\u00eddrom z\u00a0Pre\u0161ova (sobota 12. decembra o\u00a018.00 h), ktor\u00fd e\u0161te neok\u00fasil trpkos\u0165 prehry.","og_url":"https:\/\/www.vkpbratislava.sk\/?p=3362","og_site_name":"VK SLOVAN Bratislava","article_published_time":"2020-12-11T14:02:56+00:00","og_image":[{"width":2048,"height":1365,"url":"https:\/\/www.vkpbratislava.sk\/wp-content\/uploads\/2020\/12\/DF1A7432.jpg","type":"image\/jpeg"}],"author":"jenca","twitter_card":"summary_large_image","twitter_misc":{"Autor":"jenca","Predpokladan\u00fd \u010das \u010d\u00edtania":"2 min\u00faty"},"schema":{"@context":"https:\/\/schema.org","@graph":[{"@type":"Article","@id":"https:\/\/www.vkpbratislava.sk\/?p=3362#article","isPartOf":{"@id":"https:\/\/www.vkpbratislava.sk\/?p=3362"},"author":{"name":"jenca","@id":"https:\/\/www.vkpbratislava.sk\/#\/schema\/person\/7037e769f9515aa58493d1b5852c4c50"},"headline":"Pred s\u00fabojom s\u00a0l\u00eddrom: Potvrdi\u0165 na\u0161u formu","datePublished":"2020-12-11T14:02:56+00:00","mainEntityOfPage":{"@id":"https:\/\/www.vkpbratislava.sk\/?p=3362"},"wordCount":319,"publisher":{"@id":"https:\/\/www.vkpbratislava.sk\/#organization"},"image":{"@id":"https:\/\/www.vkpbratislava.sk\/?p=3362#primaryimage"},"thumbnailUrl":"https:\/\/www.vkpbratislava.sk\/wp-content\/uploads\/2020\/12\/DF1A7432.jpg","inLanguage":"sk-SK"},{"@type":"WebPage","@id":"https:\/\/www.vkpbratislava.sk\/?p=3362","url":"https:\/\/www.vkpbratislava.sk\/?p=3362","name":"Pred s\u00fabojom s\u00a0l\u00eddrom: Potvrdi\u0165 na\u0161u formu - VK SLOVAN Bratislava","isPartOf":{"@id":"https:\/\/www.vkpbratislava.sk\/#website"},"primaryImageOfPage":{"@id":"https:\/\/www.vkpbratislava.sk\/?p=3362#primaryimage"},"image":{"@id":"https:\/\/www.vkpbratislava.sk\/?p=3362#primaryimage"},"thumbnailUrl":"https:\/\/www.vkpbratislava.sk\/wp-content\/uploads\/2020\/12\/DF1A7432.jpg","datePublished":"2020-12-11T14:02:56+00:00","description":"\u0160l\u00e1ger ako hrom. Na dom\u00e1cej palubovke do tretice priv\u00edtame t\u00edm z\u00a0v\u00fdchodu republiky, ke\u010f si zmeriame sily s\u00a0l\u00eddrom z\u00a0Pre\u0161ova (sobota 12. decembra o\u00a018.00 h), ktor\u00fd e\u0161te neok\u00fasil trpkos\u0165 prehry.","breadcrumb":{"@id":"https:\/\/www.vkpbratislava.sk\/?p=3362#breadcrumb"},"inLanguage":"sk-SK","potentialAction":[{"@type":"ReadAction","target":["https:\/\/www.vkpbratislava.sk\/?p=3362"]}]},{"@type":"ImageObject","inLanguage":"sk-SK","@id":"https:\/\/www.vkpbratislava.sk\/?p=3362#primaryimage","url":"https:\/\/www.vkpbratislava.sk\/wp-content\/uploads\/2020\/12\/DF1A7432.jpg","contentUrl":"https:\/\/www.vkpbratislava.sk\/wp-content\/uploads\/2020\/12\/DF1A7432.jpg","width":2048,"height":1365},{"@type":"BreadcrumbList","@id":"https:\/\/www.vkpbratislava.sk\/?p=3362#breadcrumb","itemListElement":[{"@type":"ListItem","position":1,"name":"Domov","item":"https:\/\/www.vkpbratislava.sk\/"},{"@type":"ListItem","position":2,"name":"Pred s\u00fabojom s\u00a0l\u00eddrom: Potvrdi\u0165 na\u0161u formu"}]},{"@type":"WebSite","@id":"https:\/\/www.vkpbratislava.sk\/#website","url":"https:\/\/www.vkpbratislava.sk\/","name":"VK SLOVAN Bratislava","description":"Volejbalov\u00fd klub","publisher":{"@id":"https:\/\/www.vkpbratislava.sk\/#organization"},"potentialAction":[{"@type":"SearchAction","target":{"@type":"EntryPoint","urlTemplate":"https:\/\/www.vkpbratislava.sk\/?s={search_term_string}"},"query-input":{"@type":"PropertyValueSpecification","valueRequired":true,"valueName":"search_term_string"}}],"inLanguage":"sk-SK"},{"@type":"Organization","@id":"https:\/\/www.vkpbratislava.sk\/#organization","name":"VKP Bratislava","url":"https:\/\/www.vkpbratislava.sk\/","logo":{"@type":"ImageObject","inLanguage":"sk-SK","@id":"https:\/\/www.vkpbratislava.sk\/#\/schema\/logo\/image\/","url":"https:\/\/www.vkpbratislava.sk\/wp-content\/uploads\/2020\/10\/vkpBA.png","contentUrl":"https:\/\/www.vkpbratislava.sk\/wp-content\/uploads\/2020\/10\/vkpBA.png","width":600,"height":600,"caption":"VKP Bratislava"},"image":{"@id":"https:\/\/www.vkpbratislava.sk\/#\/schema\/logo\/image\/"}},{"@type":"Person","@id":"https:\/\/www.vkpbratislava.sk\/#\/schema\/person\/7037e769f9515aa58493d1b5852c4c50","name":"jenca","image":{"@type":"ImageObject","inLanguage":"sk-SK","@id":"https:\/\/www.vkpbratislava.sk\/#\/schema\/person\/image\/","url":"https:\/\/secure.gravatar.com\/avatar\/67aa89e9aab2911bbd0c6fbf0a891ea8d80c207c9b6a6e2c96e13fc2f16e536d?s=96&d=mm&r=g","contentUrl":"https:\/\/secure.gravatar.com\/avatar\/67aa89e9aab2911bbd0c6fbf0a891ea8d80c207c9b6a6e2c96e13fc2f16e536d?s=96&d=mm&r=g","caption":"jenca"},"url":"https:\/\/www.vkpbratislava.sk\/?author=3"}]}},"_links":{"self":[{"href":"https:\/\/www.vkpbratislava.sk\/index.php?rest_route=\/wp\/v2\/posts\/3362","targetHints":{"allow":["GET"]}}],"collection":[{"href":"https:\/\/www.vkpbratislava.sk\/index.php?rest_route=\/wp\/v2\/posts"}],"about":[{"href":"https:\/\/www.vkpbratislava.sk\/index.php?rest_route=\/wp\/v2\/types\/post"}],"author":[{"embeddable":true,"href":"https:\/\/www.vkpbratislava.sk\/index.php?rest_route=\/wp\/v2\/users\/3"}],"replies":[{"embeddable":true,"href":"https:\/\/www.vkpbratislava.sk\/index.php?rest_route=%2Fwp%2Fv2%2Fcomments&post=3362"}],"version-history":[{"count":1,"href":"https:\/\/www.vkpbratislava.sk\/index.php?rest_route=\/wp\/v2\/posts\/3362\/revisions"}],"predecessor-version":[{"id":3363,"href":"https:\/\/www.vkpbratislava.sk\/index.php?rest_route=\/wp\/v2\/posts\/3362\/revisions\/3363"}],"wp:featuredmedia":[{"embeddable":true,"href":"https:\/\/www.vkpbratislava.sk\/index.php?rest_route=\/wp\/v2\/media\/3218"}],"wp:attachment":[{"href":"https:\/\/www.vkpbratislava.sk\/index.php?rest_route=%2Fwp%2Fv2%2Fmedia&parent=3362"}],"wp:term":[{"taxonomy":"category","embeddable":true,"href":"https:\/\/www.vkpbratislava.sk\/index.php?rest_route=%2Fwp%2Fv2%2Fcategories&post=3362"},{"taxonomy":"post_tag","embeddable":true,"href":"https:\/\/www.vkpbratislava.sk\/index.php?rest_route=%2Fwp%2Fv2%2Ftags&post=3362"}],"curies":[{"name":"wp","href":"https:\/\/api.w.org\/{rel}","templated":true}]}}