{"id":33621,"date":"2024-09-18T12:39:59","date_gmt":"2024-09-18T10:39:59","guid":{"rendered":"https:\/\/www.vkpbratislava.sk\/?p=33621"},"modified":"2024-09-18T17:27:22","modified_gmt":"2024-09-18T15:27:22","slug":"vkp-bratislava-je-silnejsi-s-novym-partnerom-za-najvyssimi-cielmi","status":"publish","type":"post","link":"https:\/\/www.vkpbratislava.sk\/?p=33621","title":{"rendered":"VKP BRATISLAVA JE SILNEJ\u0160\u00cd &#8211; S NOV\u00ddM PARTNEROM ZA NAJVY\u0160\u0160\u00cdMI CIE\u013dMI"},"content":{"rendered":"<p><strong>Nov\u00fdm v\u00e4\u010d\u0161inov\u00fdm vlastn\u00edkom volejbalov\u00e9ho klubu VKP FTV\u0160 UK Bratislava sa stala spolo\u010dnos\u0165 JTRE sports &amp; entertainment a.s. patriaca do holdingu realitn\u00e9ho developera JTRE<\/strong><\/p>\n<p><span style=\"font-weight: 400;\">Volejbalov\u00fd klub VKP FTV\u0160 UK Bratislava vstupuje do svojej piatej sez\u00f3ny po n\u00e1vrate do hlavn\u00e9ho mesta. Sl\u00e1vnu zna\u010dku sa podarilo priamo posadi\u0165 na extraligov\u00fd vlak, po prvej sez\u00f3ne zobra\u0165 pod svoje kr\u00eddla aj \u017eensk\u00fd t\u00edm. Za toto obdobie sa podarilo mu\u017eom z\u00edska\u0165 titul i\u00a0poh\u00e1r, \u017eeny sa radovali tie\u017e z\u00a0prvenstva v\u00a0poh\u00e1ri a\u00a0obe dru\u017estv\u00e1 sa etablovali medzi slovenskou \u0161pi\u010dkou. Nov\u00fdm v\u00e4\u010d\u0161inov\u00fdm vlastn\u00edkom volejbalov\u00e9ho klubu VKP FTV\u0160 UK Bratislava sa stala spolo\u010dnos\u0165 JTRE sports &amp; entertainment a.s. patriaca do holdingu realitn\u00e9ho developera JTRE.<\/span><\/p>\n<p><img loading=\"lazy\" decoding=\"async\" class=\"alignnone size-medium wp-image-33628\" src=\"https:\/\/www.vkpbratislava.sk\/wp-content\/uploads\/2024\/09\/MS_20240918_VKPTlacovka-56-640x427.jpg\" alt=\"\" width=\"640\" height=\"427\" srcset=\"https:\/\/www.vkpbratislava.sk\/wp-content\/uploads\/2024\/09\/MS_20240918_VKPTlacovka-56-640x427.jpg 640w, https:\/\/www.vkpbratislava.sk\/wp-content\/uploads\/2024\/09\/MS_20240918_VKPTlacovka-56-1280x853.jpg 1280w, https:\/\/www.vkpbratislava.sk\/wp-content\/uploads\/2024\/09\/MS_20240918_VKPTlacovka-56-768x512.jpg 768w, https:\/\/www.vkpbratislava.sk\/wp-content\/uploads\/2024\/09\/MS_20240918_VKPTlacovka-56-1536x1024.jpg 1536w, https:\/\/www.vkpbratislava.sk\/wp-content\/uploads\/2024\/09\/MS_20240918_VKPTlacovka-56-320x213.jpg 320w, https:\/\/www.vkpbratislava.sk\/wp-content\/uploads\/2024\/09\/MS_20240918_VKPTlacovka-56-600x400.jpg 600w, https:\/\/www.vkpbratislava.sk\/wp-content\/uploads\/2024\/09\/MS_20240918_VKPTlacovka-56.jpg 2048w\" sizes=\"auto, (max-width: 640px) 100vw, 640px\" \/><\/p>\n<p><span style=\"font-weight: 400;\"><strong>\u201eKe\u010f sme pred \u0161tyrmi rokmi sp\u00fa\u0161\u0165ali projekt VKP, mali sme tieto ciele &#8211; nadviaza\u0165 na bohat\u00fa hist\u00f3riu, vr\u00e1ti\u0165 kvalitn\u00fd a extraligov\u00fd mu\u017esk\u00fd volejbal do Bratislavy, opr\u00e1\u0161i\u0165 \u00faspechy aj ve\u013ek\u00e9 men\u00e1 z minulosti a pracova\u0165 poctivo a syst\u00e9movo s ml\u00e1de\u017eou. Nezab\u00fada\u0165 pritom na legendy a budova\u0165 \u0161irok\u00fa \u010dlensk\u00fa z\u00e1klad\u0148u ml\u00e1de\u017ee i fan\u00fa\u0161ikov. Toto s\u00fa dnes hlavn\u00e9 piliere na\u0161ej pr\u00e1ce, no pred \u0161tyrmi rokmi to boli len smel\u00e9 pl\u00e1ny. Podarilo sa n\u00e1m z bodu nula, z ni\u010doho vybudova\u0165 siln\u00fd klub so stabiln\u00fdm z\u00e1zem\u00edm, ktor\u00fd prin\u00e1\u0161a rados\u0165 nielen Bratislav\u010danom, ale celej volejbalovej rodine. \u017diadne ve\u013ek\u00e9 re\u010di, ale mraven\u010dia pr\u00e1ca priniesla \u010dasom aj \u00faspechy,\u201c<\/strong> povedal v\u00a0\u00favode tla\u010dovej konferencie prezident VKP FTV\u0160 UK Bratislava Peter Nov\u00e1k.<\/span><\/p>\n<p><span style=\"font-weight: 400;\"><strong>\u201eSom r\u00e1d, \u017ee sme si za \u0161tyri roky vybudovali dobr\u00e9 meno v \u0161portovej komunite, priviedli na volejbalov\u00fd svet aj nesmierne \u00faspe\u0161n\u00fd \u017eensk\u00fd t\u00edm VKP a te\u0161\u00ed ma, \u017ee si na\u0161u pr\u00e1cu v\u0161imol aj n\u00e1\u0161 nov\u00fd strategick\u00fd partner JTRE. Chcel by som ho srde\u010dne priv\u00edta\u0165 v rodine VKP. Pr\u00e1ve JTRE doplnil do na\u0161ej volejbalovej sklada\u010dky ve\u013emi podstatn\u00fd diel &#8211; je to siln\u00fd partner, o ktor\u00e9ho sa vieme oprie\u0165. M\u00f4\u017eeme v\u010faka nemu hra\u0165 v kvalitnej hale s v\u00fdborn\u00fdm z\u00e1zem\u00edm, umo\u017en\u00ed n\u00e1m kvalitat\u00edvne dop\u013a\u0148a\u0165 oba t\u00edmy, v\u010faka nemu m\u00e1me priestor zav\u00edta\u0165 do poh\u00e1rovej Eur\u00f3py. V tejto s\u00favislosti by som sa chcel po\u010fakova\u0165 v\u0161etk\u00fdm na\u0161im podporovate\u013eom a partnerom, ktor\u00ed pri n\u00e1s stoja od za\u010diatku. Bez nich by sme tu a teraz u\u017e ur\u010dite neboli. Teraz m\u00f4\u017eem poveda\u0165, \u017ee sme e\u0161te silnej\u0161\u00ed a te\u0161\u00edm sa na nov\u00fa sez\u00f3nu,\u201c<\/strong> doplnil Peter Nov\u00e1k.<\/span><\/p>\n<p><img loading=\"lazy\" decoding=\"async\" class=\"alignnone size-medium wp-image-33625\" src=\"https:\/\/www.vkpbratislava.sk\/wp-content\/uploads\/2024\/09\/MS_20240918_VKPTlacovka-32-640x427.jpg\" alt=\"\" width=\"640\" height=\"427\" srcset=\"https:\/\/www.vkpbratislava.sk\/wp-content\/uploads\/2024\/09\/MS_20240918_VKPTlacovka-32-640x427.jpg 640w, https:\/\/www.vkpbratislava.sk\/wp-content\/uploads\/2024\/09\/MS_20240918_VKPTlacovka-32-1280x853.jpg 1280w, https:\/\/www.vkpbratislava.sk\/wp-content\/uploads\/2024\/09\/MS_20240918_VKPTlacovka-32-768x512.jpg 768w, https:\/\/www.vkpbratislava.sk\/wp-content\/uploads\/2024\/09\/MS_20240918_VKPTlacovka-32-1536x1024.jpg 1536w, https:\/\/www.vkpbratislava.sk\/wp-content\/uploads\/2024\/09\/MS_20240918_VKPTlacovka-32-320x213.jpg 320w, https:\/\/www.vkpbratislava.sk\/wp-content\/uploads\/2024\/09\/MS_20240918_VKPTlacovka-32-600x400.jpg 600w, https:\/\/www.vkpbratislava.sk\/wp-content\/uploads\/2024\/09\/MS_20240918_VKPTlacovka-32.jpg 2048w\" sizes=\"auto, (max-width: 640px) 100vw, 640px\" \/><\/p>\n<p><b>O\u00a0\u00faspech z\u00a0real\u00edt sa podeli\u0165 aj v \u0161porte<\/b><\/p>\n<p><span style=\"font-weight: 400;\">JTRE je mestotvorn\u00fd developer, ktor\u00fd p\u00f4sob\u00ed na trhu nehnute\u013enost\u00ed od roku 1996. Rozv\u00edja potenci\u00e1l miest a d\u00e1va tak priestor v\u0161etk\u00e9mu, \u010do k \u017eivotu neodmyslite\u013ene patr\u00ed. Dlhodobo podporuje zdrav\u00fd \u017eivotn\u00fd \u0161t\u00fdl. V nov\u00fdch mestsk\u00fdch \u0161tvrtiach buduje r\u00f4znorod\u00e9 verejn\u00e9 priestory a ihrisk\u00e1, prispieva k budovaniu verejn\u00fdch \u0161portov\u00edsk. Podporuje \u0161portov\u00e9 podujatia pre v\u0161etky vekov\u00e9 kateg\u00f3rie a je partnerom filantropicko-komunitn\u00e9ho projektu bezplatn\u00fdch plaveck\u00fdch kurzov pre \u017eiakov z\u00e1kladn\u00fdch \u0161k\u00f4l.<\/span><\/p>\n<p><span style=\"font-weight: 400;\"><strong>\u201eVytvori\u0165 de\u0165om a ml\u00e1de\u017ei lep\u0161ie podmienky pre pohyb, \u0161port a zdrav\u00fd \u017eivotn\u00fd \u0161t\u00fdl je aj motiv\u00e1ciou, pre\u010do sme sa rozhodli dlhodobo podporova\u0165 popredn\u00e9 bratislavsk\u00e9 \u0161portov\u00e9 kluby. P\u00f4sob\u00edme v Bratislave takmer tridsa\u0165 rokov a vyr\u00e1stli sme na jedn\u00e9ho z l\u00eddrov realitn\u00e9ho trhu. Chceme sa o tento \u00faspech e\u0161te viac podeli\u0165 s miestnymi komunitami. Preto sme sa zamerali na podporu \u0161portov\u00fdch klubov, ktor\u00e9 dlhodobo pracuj\u00fa s de\u0165mi a ml\u00e1de\u017eou,\u201c<\/strong> vysvetlil v\u00fdkonn\u00fd riadite\u013e JTRE\u00a0 Pavel Pelik\u00e1n.<\/span><\/p>\n<p>&nbsp;<\/p>\n<p><b>Odi\u0161iel Van\u010do, pri\u0161iel sk\u00fasen\u00fd reprezentant Kri\u0161ko<\/b><\/p>\n<p><span style=\"font-weight: 400;\">Mu\u017eov VKP v\u00a0novej sez\u00f3ne op\u00e4\u0165 povedie ako hlavn\u00fd tr\u00e9ner Robin P\u011blucha, ktor\u00fd z\u00edskal s\u00a0t\u00edmom doteraz najv\u00e4\u010d\u0161ie \u00faspechy &#8211; titul a\u00a0striebro v extralige i\u00a0zisk poh\u00e1ra. Pred nov\u00fdm ro\u010dn\u00edkom pri\u0161lo v\u00a0k\u00e1dri k\u00a0viacer\u00fdm zmen\u00e1m. Mu\u017estvo opustilo libero \u013dubo\u0161 Nemec, univerz\u00e1lni hr\u00e1\u010di Adri\u00e1n Van\u010do a\u00a0Samuel Jur\u00edk, sme\u010diar \u0160imon \u010cerven\u00e1k a\u00a0nahr\u00e1va\u010d Emil Gabko. Naopak, do VKP sa po dlh\u00fdch rokoch v\u00a0zahrani\u010d\u00ed vr\u00e1til odchovanec a\u00a0sk\u00fasen\u00fd reprezentant Tom\u00e1\u0161 Kri\u0161ko a\u00a0zo Svidn\u00edka pri\u0161iel blok\u00e1r Daniel \u0160ellong. Na post libera sa vr\u00e1til k\u00a0volejbalu Tom\u00e1\u0161 Pat\u00fac. <strong>\u201eNa\u010falej pracujeme na posilnen\u00ed k\u00e1dra, obzer\u00e1me sa po hr\u00e1\u010dovi, ktor\u00fd by zapl\u00e1tal dieru na \u201e\u00fa\u010dku\u201c, obzer\u00e1me sa po zahrani\u010dnom hr\u00e1\u010dovi. Ako posilu m\u00f4\u017eeme r\u00e1ta\u0165 aj kapit\u00e1na Juraja Za\u0165ka, ktor\u00fd sa zotavil po v\u00e1\u017enom zranen\u00ed kolena a\u00a0rozhodol sa pokra\u010dova\u0165 vo svojej kari\u00e9re. Nechceli sme ve\u013emi zasahova\u0165 do zlo\u017eenia mu\u017estva, preto\u017ee chlapci s\u00fa zohrat\u00ed, ale v\u00a0podobe Tom\u00e1\u0161a Kri\u0161ka a\u00a0Dana \u0160ellonga pri\u0161li sk\u00fasenosti i\u00a0mlad\u00edcka dravos\u0165,\u201c<\/strong> uviedol \u0161portov\u00fd riadite\u013e klubu Eduard Hronsk\u00fd.\u00a0<\/span><\/p>\n<p><span style=\"font-weight: 400;\">Kapit\u00e1nom t\u00edmu bude v\u00a0novom ro\u010dn\u00edku op\u00e4\u0165 Juraj Za\u0165ko, ktor\u00fd by mal by\u0165 tr\u00e9nerom k\u00a0dispoz\u00edcii u\u017e na prv\u00fd extraligov\u00fd z\u00e1pas v\u00a0piatok 4. okt\u00f3bra o 19.30 h proti Myjave.<\/span><\/p>\n<p><img loading=\"lazy\" decoding=\"async\" class=\"alignnone size-medium wp-image-33627\" src=\"https:\/\/www.vkpbratislava.sk\/wp-content\/uploads\/2024\/09\/MS_20240918_VKPTlacovka-25-640x427.jpg\" alt=\"\" width=\"640\" height=\"427\" srcset=\"https:\/\/www.vkpbratislava.sk\/wp-content\/uploads\/2024\/09\/MS_20240918_VKPTlacovka-25-640x427.jpg 640w, https:\/\/www.vkpbratislava.sk\/wp-content\/uploads\/2024\/09\/MS_20240918_VKPTlacovka-25-1280x853.jpg 1280w, https:\/\/www.vkpbratislava.sk\/wp-content\/uploads\/2024\/09\/MS_20240918_VKPTlacovka-25-768x512.jpg 768w, https:\/\/www.vkpbratislava.sk\/wp-content\/uploads\/2024\/09\/MS_20240918_VKPTlacovka-25-1536x1024.jpg 1536w, https:\/\/www.vkpbratislava.sk\/wp-content\/uploads\/2024\/09\/MS_20240918_VKPTlacovka-25-320x213.jpg 320w, https:\/\/www.vkpbratislava.sk\/wp-content\/uploads\/2024\/09\/MS_20240918_VKPTlacovka-25-600x400.jpg 600w, https:\/\/www.vkpbratislava.sk\/wp-content\/uploads\/2024\/09\/MS_20240918_VKPTlacovka-25.jpg 2048w\" sizes=\"auto, (max-width: 640px) 100vw, 640px\" \/><\/p>\n<p><b>\u017deny s\u00a0prievanom v\u00a0k\u00e1dri, aj v\u00a0eur\u00f3pskom Challenge Cupe<\/b><\/p>\n<p><span style=\"font-weight: 400;\">Tr\u00e9nerom \u017eien po minuloro\u010dnom extraligovom bronze zostal Pavel Bern\u00e1th, v\u00a0k\u00e1dri v\u0161ak nastalo viacero zmien. S\u00a0dresom VKP sa rozl\u00fa\u010dili univerz\u00e1lka Zuzana P\u00edse\u010dn\u00e1, nahr\u00e1va\u010dka Anna Koh\u00fatov\u00e1, sme\u010diarky Tamara Hru\u0161eck\u00e1 a\u00a0Nina Dreisigov\u00e1, liberka Nat\u00e1la Tak\u00e1\u010dov\u00e1 i nahr\u00e1va\u010dka Zdenka Hvozdov\u00e1. Ich miesta zapl\u00e1tali tri legion\u00e1rky, z\u00a0Braz\u00edlie blok\u00e1rka Lenara Baijo a\u00a0nahr\u00e1va\u010dka Laura Canedo a\u00a0japonsk\u00e1 sme\u010diarka Ayumi Nakamura, ktor\u00e9 doplnili slovensk\u00e1 reprezentantka liberka Skarleta Jan\u010dov\u00e1, univerz\u00e1lka Hana Boldock\u00e1, nahr\u00e1va\u010dka Krist\u00edna Lau\u010d\u00edkov\u00e1 a\u00a0sme\u010diarky Adela N\u00e1vratov\u00e1 a\u00a0Alexandra Fri\u010dov\u00e1. \u201e<strong>Je to doteraz najv\u00e4\u010d\u0161\u00ed prievan v\u00a0na\u0161om k\u00e1dri. Dru\u017estvo sme ostar\u0161ili, ale mysl\u00edm si, \u017ee skvalitnili. Na\u010falej pokra\u010duje na\u0161a spolupr\u00e1ca aj so S\u0160 Bil\u00edkov\u00e1 odkia\u013e \u010derp\u00e1me mlad\u00e9 hr\u00e1\u010dky. Radi by sme sa pobili o\u00a0tie najvy\u0161\u0161ie prie\u010dky,\u201c<\/strong> ozrejmil mana\u017e\u00e9r \u017eensk\u00e9ho t\u00edmu Robert Hronsk\u00fd. \u017deny od\u0161tartuj\u00fa extraligov\u00fa p\u00fa\u0165 dom\u00e1cim z\u00e1pasom v\u00a0sobotu 28. septembra o\u00a014.00 h proti Pre\u0161ovu. Zverenkyne Pavla Bern\u00e1tha sa predstavia aj v\u00a0eur\u00f3pskej s\u00fa\u0165a\u017ei Challenge Cup. \u017dreby im pris\u00fadil bundesligov\u00fd t\u00edm SC Potsdam Prv\u00e9 kolo je na programe 9. okt\u00f3bra a VKP sa predstav\u00ed na dom\u00e1cej palubovke, odveta o t\u00fd\u017ede\u0148 nesk\u00f4r 16. okt\u00f3bra v Nemecku.<\/span><\/p>\n<p>&nbsp;<\/p>\n<p><b>Doma v\u00a0GOPASS ar\u00e9ne<\/b><\/p>\n<p><span style=\"font-weight: 400;\">Dom\u00e1ce z\u00e1pasy bude hra\u0165 VKP v\u00a0\u0161portovej hale na Pasienkoch \/Gopass Ar\u00e9na\/, ceny vstupeniek oproti minul\u00fdm ro\u010dn\u00edkom zost\u00e1vaj\u00fa nezmenen\u00e9 &#8211; dospel\u00ed 5 eur, \u0161tudenti a\u00a0d\u00f4chodcovia 3 eur\u00e1, v\u00a0predaji bud\u00fa aj VIP vstupenky v\u00a0hodnote 15 eur. <strong>\u201eFan\u00fa\u0161ikovia si m\u00f4\u017eu zak\u00fapi\u0165 aj permanentky, l\u00edstky sa bud\u00fa kupova\u0165 online, v\u0161etky potrebn\u00e9 inform\u00e1cie o\u00a0predaji budeme komunikova\u0165 na na\u0161ej webstr\u00e1nke a\u00a0prostredn\u00edctvom soci\u00e1lnych siet\u00ed,\u201c<\/strong> dodal gener\u00e1lny mana\u017e\u00e9r klubu Tom\u00e1\u0161 Jen\u010da.<\/span><\/p>\n<p>&nbsp;<\/p>\n<p><strong>VEDENIE KLUBU<\/strong><\/p>\n<p>&nbsp;<\/p>\n<p><b>Prezident:<\/b><span style=\"font-weight: 400;\"> Peter Nov\u00e1k<\/span><\/p>\n<p><b>Gener\u00e1lny mana\u017e\u00e9r:<\/b><span style=\"font-weight: 400;\"> Tom\u00e1\u0161 Jen\u010da<\/span><\/p>\n<p><b>Viceprezident a \u0161portov\u00fd riadite\u013e:<\/b><span style=\"font-weight: 400;\"> Eduard Hronsk\u00fd<\/span><\/p>\n<p><b>Mana\u017e\u00e9r \u017eien:<\/b><span style=\"font-weight: 400;\"> Robert Hronsk\u00fd<\/span><\/p>\n<p><b>\u010clen v\u00fdkonn\u00e9ho v\u00fdboru:<\/b><span style=\"font-weight: 400;\"> Miroslav Michalica<\/span><\/p>\n<p><b>PR mana\u017e\u00e9r: <\/b><span style=\"font-weight: 400;\">Samuel Osvald<\/span><\/p>\n<p>&nbsp;<\/p>\n<p><strong>S\u00daPISKA VKP FTV\u0160 UK BRATISLAVA &#8211; MU\u017dI<\/strong><\/p>\n<p>&nbsp;<\/p>\n<p><b>Nahr\u00e1va\u010di:<\/b><span style=\"font-weight: 400;\"> Juraj Za\u0165ko, Matej Michalica, Martin Bielka\u00a0<\/span><\/p>\n<p><b>Sme\u010diari:<\/b><span style=\"font-weight: 400;\"> Tom\u00e1\u0161 Kri\u0161ko, Dominik Fo\u0159t \/\u010cesko\/, Matej Tur\u010d\u00e1ni, Samuel Fekete<\/span><\/p>\n<p><b>Univerz\u00e1l:<\/b><span style=\"font-weight: 400;\"> Michal Truba\u010d<\/span><\/p>\n<p><b>Blok\u00e1ri:<\/b><span style=\"font-weight: 400;\"> Andrej Billich, Patrik Marjov, Daniel \u0160ellong\u00a0<\/span><\/p>\n<p><b>Liber\u00e1:<\/b><span style=\"font-weight: 400;\"> Bartolomej Jakub\u00edk, Tom\u00e1\u0161 Pat\u00fac\u00a0<\/span><\/p>\n<p><b>Tr\u00e9ner:<\/b><span style=\"font-weight: 400;\"> Robin P\u011blucha\u00a0<\/span><\/p>\n<p><b>Asistent tr\u00e9nera:<\/b><span style=\"font-weight: 400;\"> Juraj Ti\u0148o\u00a0<\/span><\/p>\n<p><b>\u0160tatistik:<\/b><span style=\"font-weight: 400;\"> Dominik Hajtol\u00a0<\/span><\/p>\n<p><b>Lek\u00e1ri:<\/b><span style=\"font-weight: 400;\"> MUDr. Martin Somora, MUDr. Tom\u00e1\u0161 Horv\u00e1th<\/span><\/p>\n<p><b>Kondi\u010dn\u00ed tr\u00e9neri:<\/b><span style=\"font-weight: 400;\"> Patrik Kraj\u010d\u00edk, Miroslav Vav\u00e1k<\/span><\/p>\n<p><b>Fyzioterapeut:<\/b><span style=\"font-weight: 400;\"> Mat\u00fa\u0161 \u0160\u00edma<\/span><\/p>\n<p>&nbsp;<\/p>\n<p><strong>S\u00daPISKA VKP FTV\u0160 UK BRATISLAVA &#8211; \u017dENY<\/strong><\/p>\n<p>&nbsp;<\/p>\n<p><b>Nahr\u00e1va\u010dky:<\/b><span style=\"font-weight: 400;\"> Laura Canedo \/Braz\u00edlia\/, Krist\u00edna Lau\u010d\u00edkov\u00e1<\/span><\/p>\n<p><b>Sme\u010diarky:<\/b><span style=\"font-weight: 400;\"> Ayumi Nakamura \/Japonsko\/, Romana Hudecov\u00e1, Alexandra Fri\u010dov\u00e1, Adela N\u00e1vratov\u00e1, Katar\u00edna Paz\u00farikov\u00e1<\/span><\/p>\n<p><b>Univerz\u00e1lky:<\/b><span style=\"font-weight: 400;\"> Diana N\u00e1vratov\u00e1, Hana Boldock\u00e1, Vladim\u00edra M\u00fcllerov\u00e1<\/span><\/p>\n<p><b>Blok\u00e1rky:<\/b><span style=\"font-weight: 400;\"> Lenara Baijo \/Braz\u00edlia\/, Ema Smie\u0161kov\u00e1\u00a0<\/span><\/p>\n<p><b>Liber\u00e1:<\/b><span style=\"font-weight: 400;\"> Skarleta Jan\u010dov\u00e1, Daniela \u010cavojsk\u00e1<\/span><\/p>\n<p>&nbsp;<\/p>\n<p><b>Tr\u00e9ner:<\/b><span style=\"font-weight: 400;\"> Pavel Bern\u00e1th\u00a0<\/span><\/p>\n<p><b>Asistent tr\u00e9nera:<\/b><span style=\"font-weight: 400;\"> Andrea Snopkov\u00e1\u00a0<\/span><\/p>\n<p><b>\u0160tatistik:<\/b><span style=\"font-weight: 400;\"> Daniel Hajduk\u00a0<\/span><\/p>\n<p><b>Kondi\u010dn\u00fd tr\u00e9ner:<\/b><span style=\"font-weight: 400;\"> David Korm\u00fath<\/span><\/p>\n","protected":false},"excerpt":{"rendered":"<p>Nov\u00fdm v\u00e4\u010d\u0161inov\u00fdm vlastn\u00edkom volejbalov\u00e9ho klubu VKP FTV\u0160 UK Bratislava sa stala spolo\u010dnos\u0165 JTRE sports &#038; entertainment a.s. patriaca do holdingu realitn\u00e9ho developera JTRE<\/p>\n","protected":false},"author":3,"featured_media":33623,"comment_status":"closed","ping_status":"closed","sticky":false,"template":"","format":"standard","meta":{"_monsterinsights_skip_tracking":false,"_monsterinsights_sitenote_active":false,"_monsterinsights_sitenote_note":"","_monsterinsights_sitenote_category":0,"footnotes":""},"categories":[47,48],"tags":[],"class_list":["post-33621","post","type-post","status-publish","format-standard","has-post-thumbnail","hentry","category-muzi","category-zeny"],"yoast_head":"<!-- This site is optimized with the Yoast SEO plugin v25.6 - https:\/\/yoast.com\/wordpress\/plugins\/seo\/ -->\n<title>VKP BRATISLAVA JE SILNEJ\u0160\u00cd - S NOV\u00ddM PARTNEROM ZA NAJVY\u0160\u0160\u00cdMI CIE\u013dMI - VK SLOVAN Bratislava<\/title>\n<meta name=\"robots\" content=\"index, follow, max-snippet:-1, max-image-preview:large, max-video-preview:-1\" \/>\n<link rel=\"canonical\" href=\"https:\/\/www.vkpbratislava.sk\/?p=33621\" \/>\n<meta property=\"og:locale\" content=\"sk_SK\" \/>\n<meta property=\"og:type\" content=\"article\" \/>\n<meta property=\"og:title\" content=\"VKP BRATISLAVA JE SILNEJ\u0160\u00cd - S NOV\u00ddM PARTNEROM ZA NAJVY\u0160\u0160\u00cdMI CIE\u013dMI - VK SLOVAN Bratislava\" \/>\n<meta property=\"og:description\" content=\"Nov\u00fdm v\u00e4\u010d\u0161inov\u00fdm vlastn\u00edkom volejbalov\u00e9ho klubu VKP FTV\u0160 UK Bratislava sa stala spolo\u010dnos\u0165 JTRE sports &amp; entertainment a.s. patriaca do holdingu realitn\u00e9ho developera JTRE\" \/>\n<meta property=\"og:url\" content=\"https:\/\/www.vkpbratislava.sk\/?p=33621\" \/>\n<meta property=\"og:site_name\" content=\"VK SLOVAN Bratislava\" \/>\n<meta property=\"article:published_time\" content=\"2024-09-18T10:39:59+00:00\" \/>\n<meta property=\"article:modified_time\" content=\"2024-09-18T15:27:22+00:00\" \/>\n<meta property=\"og:image\" content=\"https:\/\/www.vkpbratislava.sk\/wp-content\/uploads\/2024\/09\/7B4A9215-1-1280x853.jpg\" \/>\n\t<meta property=\"og:image:width\" content=\"1280\" \/>\n\t<meta property=\"og:image:height\" content=\"853\" \/>\n\t<meta property=\"og:image:type\" content=\"image\/jpeg\" \/>\n<meta name=\"author\" content=\"jenca\" \/>\n<meta name=\"twitter:card\" content=\"summary_large_image\" \/>\n<meta name=\"twitter:label1\" content=\"Autor\" \/>\n\t<meta name=\"twitter:data1\" content=\"jenca\" \/>\n\t<meta name=\"twitter:label2\" content=\"Predpokladan\u00fd \u010das \u010d\u00edtania\" \/>\n\t<meta name=\"twitter:data2\" content=\"7 min\u00fat\" \/>\n<script type=\"application\/ld+json\" class=\"yoast-schema-graph\">{\"@context\":\"https:\/\/schema.org\",\"@graph\":[{\"@type\":\"Article\",\"@id\":\"https:\/\/www.vkpbratislava.sk\/?p=33621#article\",\"isPartOf\":{\"@id\":\"https:\/\/www.vkpbratislava.sk\/?p=33621\"},\"author\":{\"name\":\"jenca\",\"@id\":\"https:\/\/www.vkpbratislava.sk\/#\/schema\/person\/7037e769f9515aa58493d1b5852c4c50\"},\"headline\":\"VKP BRATISLAVA JE SILNEJ\u0160\u00cd &#8211; S NOV\u00ddM PARTNEROM ZA NAJVY\u0160\u0160\u00cdMI CIE\u013dMI\",\"datePublished\":\"2024-09-18T10:39:59+00:00\",\"dateModified\":\"2024-09-18T15:27:22+00:00\",\"mainEntityOfPage\":{\"@id\":\"https:\/\/www.vkpbratislava.sk\/?p=33621\"},\"wordCount\":1484,\"publisher\":{\"@id\":\"https:\/\/www.vkpbratislava.sk\/#organization\"},\"image\":{\"@id\":\"https:\/\/www.vkpbratislava.sk\/?p=33621#primaryimage\"},\"thumbnailUrl\":\"https:\/\/www.vkpbratislava.sk\/wp-content\/uploads\/2024\/09\/7B4A9215-1.jpg\",\"articleSection\":[\"Mu\u017ei\",\"\u017deny\"],\"inLanguage\":\"sk-SK\"},{\"@type\":\"WebPage\",\"@id\":\"https:\/\/www.vkpbratislava.sk\/?p=33621\",\"url\":\"https:\/\/www.vkpbratislava.sk\/?p=33621\",\"name\":\"VKP BRATISLAVA JE SILNEJ\u0160\u00cd - S NOV\u00ddM PARTNEROM ZA NAJVY\u0160\u0160\u00cdMI CIE\u013dMI - VK SLOVAN Bratislava\",\"isPartOf\":{\"@id\":\"https:\/\/www.vkpbratislava.sk\/#website\"},\"primaryImageOfPage\":{\"@id\":\"https:\/\/www.vkpbratislava.sk\/?p=33621#primaryimage\"},\"image\":{\"@id\":\"https:\/\/www.vkpbratislava.sk\/?p=33621#primaryimage\"},\"thumbnailUrl\":\"https:\/\/www.vkpbratislava.sk\/wp-content\/uploads\/2024\/09\/7B4A9215-1.jpg\",\"datePublished\":\"2024-09-18T10:39:59+00:00\",\"dateModified\":\"2024-09-18T15:27:22+00:00\",\"breadcrumb\":{\"@id\":\"https:\/\/www.vkpbratislava.sk\/?p=33621#breadcrumb\"},\"inLanguage\":\"sk-SK\",\"potentialAction\":[{\"@type\":\"ReadAction\",\"target\":[\"https:\/\/www.vkpbratislava.sk\/?p=33621\"]}]},{\"@type\":\"ImageObject\",\"inLanguage\":\"sk-SK\",\"@id\":\"https:\/\/www.vkpbratislava.sk\/?p=33621#primaryimage\",\"url\":\"https:\/\/www.vkpbratislava.sk\/wp-content\/uploads\/2024\/09\/7B4A9215-1.jpg\",\"contentUrl\":\"https:\/\/www.vkpbratislava.sk\/wp-content\/uploads\/2024\/09\/7B4A9215-1.jpg\",\"width\":2048,\"height\":1365},{\"@type\":\"BreadcrumbList\",\"@id\":\"https:\/\/www.vkpbratislava.sk\/?p=33621#breadcrumb\",\"itemListElement\":[{\"@type\":\"ListItem\",\"position\":1,\"name\":\"Domov\",\"item\":\"https:\/\/www.vkpbratislava.sk\/\"},{\"@type\":\"ListItem\",\"position\":2,\"name\":\"VKP BRATISLAVA JE SILNEJ\u0160\u00cd &#8211; S NOV\u00ddM PARTNEROM ZA NAJVY\u0160\u0160\u00cdMI CIE\u013dMI\"}]},{\"@type\":\"WebSite\",\"@id\":\"https:\/\/www.vkpbratislava.sk\/#website\",\"url\":\"https:\/\/www.vkpbratislava.sk\/\",\"name\":\"VK SLOVAN Bratislava\",\"description\":\"Volejbalov\u00fd klub\",\"publisher\":{\"@id\":\"https:\/\/www.vkpbratislava.sk\/#organization\"},\"potentialAction\":[{\"@type\":\"SearchAction\",\"target\":{\"@type\":\"EntryPoint\",\"urlTemplate\":\"https:\/\/www.vkpbratislava.sk\/?s={search_term_string}\"},\"query-input\":{\"@type\":\"PropertyValueSpecification\",\"valueRequired\":true,\"valueName\":\"search_term_string\"}}],\"inLanguage\":\"sk-SK\"},{\"@type\":\"Organization\",\"@id\":\"https:\/\/www.vkpbratislava.sk\/#organization\",\"name\":\"VKP Bratislava\",\"url\":\"https:\/\/www.vkpbratislava.sk\/\",\"logo\":{\"@type\":\"ImageObject\",\"inLanguage\":\"sk-SK\",\"@id\":\"https:\/\/www.vkpbratislava.sk\/#\/schema\/logo\/image\/\",\"url\":\"https:\/\/www.vkpbratislava.sk\/wp-content\/uploads\/2020\/10\/vkpBA.png\",\"contentUrl\":\"https:\/\/www.vkpbratislava.sk\/wp-content\/uploads\/2020\/10\/vkpBA.png\",\"width\":600,\"height\":600,\"caption\":\"VKP Bratislava\"},\"image\":{\"@id\":\"https:\/\/www.vkpbratislava.sk\/#\/schema\/logo\/image\/\"}},{\"@type\":\"Person\",\"@id\":\"https:\/\/www.vkpbratislava.sk\/#\/schema\/person\/7037e769f9515aa58493d1b5852c4c50\",\"name\":\"jenca\",\"image\":{\"@type\":\"ImageObject\",\"inLanguage\":\"sk-SK\",\"@id\":\"https:\/\/www.vkpbratislava.sk\/#\/schema\/person\/image\/\",\"url\":\"https:\/\/secure.gravatar.com\/avatar\/67aa89e9aab2911bbd0c6fbf0a891ea8d80c207c9b6a6e2c96e13fc2f16e536d?s=96&d=mm&r=g\",\"contentUrl\":\"https:\/\/secure.gravatar.com\/avatar\/67aa89e9aab2911bbd0c6fbf0a891ea8d80c207c9b6a6e2c96e13fc2f16e536d?s=96&d=mm&r=g\",\"caption\":\"jenca\"},\"url\":\"https:\/\/www.vkpbratislava.sk\/?author=3\"}]}<\/script>\n<!-- \/ Yoast SEO plugin. -->","yoast_head_json":{"title":"VKP BRATISLAVA JE SILNEJ\u0160\u00cd - S NOV\u00ddM PARTNEROM ZA NAJVY\u0160\u0160\u00cdMI CIE\u013dMI - VK SLOVAN Bratislava","robots":{"index":"index","follow":"follow","max-snippet":"max-snippet:-1","max-image-preview":"max-image-preview:large","max-video-preview":"max-video-preview:-1"},"canonical":"https:\/\/www.vkpbratislava.sk\/?p=33621","og_locale":"sk_SK","og_type":"article","og_title":"VKP BRATISLAVA JE SILNEJ\u0160\u00cd - S NOV\u00ddM PARTNEROM ZA NAJVY\u0160\u0160\u00cdMI CIE\u013dMI - VK SLOVAN Bratislava","og_description":"Nov\u00fdm v\u00e4\u010d\u0161inov\u00fdm vlastn\u00edkom volejbalov\u00e9ho klubu VKP FTV\u0160 UK Bratislava sa stala spolo\u010dnos\u0165 JTRE sports & entertainment a.s. patriaca do holdingu realitn\u00e9ho developera JTRE","og_url":"https:\/\/www.vkpbratislava.sk\/?p=33621","og_site_name":"VK SLOVAN Bratislava","article_published_time":"2024-09-18T10:39:59+00:00","article_modified_time":"2024-09-18T15:27:22+00:00","og_image":[{"width":1280,"height":853,"url":"https:\/\/www.vkpbratislava.sk\/wp-content\/uploads\/2024\/09\/7B4A9215-1-1280x853.jpg","type":"image\/jpeg"}],"author":"jenca","twitter_card":"summary_large_image","twitter_misc":{"Autor":"jenca","Predpokladan\u00fd \u010das \u010d\u00edtania":"7 min\u00fat"},"schema":{"@context":"https:\/\/schema.org","@graph":[{"@type":"Article","@id":"https:\/\/www.vkpbratislava.sk\/?p=33621#article","isPartOf":{"@id":"https:\/\/www.vkpbratislava.sk\/?p=33621"},"author":{"name":"jenca","@id":"https:\/\/www.vkpbratislava.sk\/#\/schema\/person\/7037e769f9515aa58493d1b5852c4c50"},"headline":"VKP BRATISLAVA JE SILNEJ\u0160\u00cd &#8211; S NOV\u00ddM PARTNEROM ZA NAJVY\u0160\u0160\u00cdMI CIE\u013dMI","datePublished":"2024-09-18T10:39:59+00:00","dateModified":"2024-09-18T15:27:22+00:00","mainEntityOfPage":{"@id":"https:\/\/www.vkpbratislava.sk\/?p=33621"},"wordCount":1484,"publisher":{"@id":"https:\/\/www.vkpbratislava.sk\/#organization"},"image":{"@id":"https:\/\/www.vkpbratislava.sk\/?p=33621#primaryimage"},"thumbnailUrl":"https:\/\/www.vkpbratislava.sk\/wp-content\/uploads\/2024\/09\/7B4A9215-1.jpg","articleSection":["Mu\u017ei","\u017deny"],"inLanguage":"sk-SK"},{"@type":"WebPage","@id":"https:\/\/www.vkpbratislava.sk\/?p=33621","url":"https:\/\/www.vkpbratislava.sk\/?p=33621","name":"VKP BRATISLAVA JE SILNEJ\u0160\u00cd - S NOV\u00ddM PARTNEROM ZA NAJVY\u0160\u0160\u00cdMI CIE\u013dMI - VK SLOVAN Bratislava","isPartOf":{"@id":"https:\/\/www.vkpbratislava.sk\/#website"},"primaryImageOfPage":{"@id":"https:\/\/www.vkpbratislava.sk\/?p=33621#primaryimage"},"image":{"@id":"https:\/\/www.vkpbratislava.sk\/?p=33621#primaryimage"},"thumbnailUrl":"https:\/\/www.vkpbratislava.sk\/wp-content\/uploads\/2024\/09\/7B4A9215-1.jpg","datePublished":"2024-09-18T10:39:59+00:00","dateModified":"2024-09-18T15:27:22+00:00","breadcrumb":{"@id":"https:\/\/www.vkpbratislava.sk\/?p=33621#breadcrumb"},"inLanguage":"sk-SK","potentialAction":[{"@type":"ReadAction","target":["https:\/\/www.vkpbratislava.sk\/?p=33621"]}]},{"@type":"ImageObject","inLanguage":"sk-SK","@id":"https:\/\/www.vkpbratislava.sk\/?p=33621#primaryimage","url":"https:\/\/www.vkpbratislava.sk\/wp-content\/uploads\/2024\/09\/7B4A9215-1.jpg","contentUrl":"https:\/\/www.vkpbratislava.sk\/wp-content\/uploads\/2024\/09\/7B4A9215-1.jpg","width":2048,"height":1365},{"@type":"BreadcrumbList","@id":"https:\/\/www.vkpbratislava.sk\/?p=33621#breadcrumb","itemListElement":[{"@type":"ListItem","position":1,"name":"Domov","item":"https:\/\/www.vkpbratislava.sk\/"},{"@type":"ListItem","position":2,"name":"VKP BRATISLAVA JE SILNEJ\u0160\u00cd &#8211; S NOV\u00ddM PARTNEROM ZA NAJVY\u0160\u0160\u00cdMI CIE\u013dMI"}]},{"@type":"WebSite","@id":"https:\/\/www.vkpbratislava.sk\/#website","url":"https:\/\/www.vkpbratislava.sk\/","name":"VK SLOVAN Bratislava","description":"Volejbalov\u00fd klub","publisher":{"@id":"https:\/\/www.vkpbratislava.sk\/#organization"},"potentialAction":[{"@type":"SearchAction","target":{"@type":"EntryPoint","urlTemplate":"https:\/\/www.vkpbratislava.sk\/?s={search_term_string}"},"query-input":{"@type":"PropertyValueSpecification","valueRequired":true,"valueName":"search_term_string"}}],"inLanguage":"sk-SK"},{"@type":"Organization","@id":"https:\/\/www.vkpbratislava.sk\/#organization","name":"VKP Bratislava","url":"https:\/\/www.vkpbratislava.sk\/","logo":{"@type":"ImageObject","inLanguage":"sk-SK","@id":"https:\/\/www.vkpbratislava.sk\/#\/schema\/logo\/image\/","url":"https:\/\/www.vkpbratislava.sk\/wp-content\/uploads\/2020\/10\/vkpBA.png","contentUrl":"https:\/\/www.vkpbratislava.sk\/wp-content\/uploads\/2020\/10\/vkpBA.png","width":600,"height":600,"caption":"VKP Bratislava"},"image":{"@id":"https:\/\/www.vkpbratislava.sk\/#\/schema\/logo\/image\/"}},{"@type":"Person","@id":"https:\/\/www.vkpbratislava.sk\/#\/schema\/person\/7037e769f9515aa58493d1b5852c4c50","name":"jenca","image":{"@type":"ImageObject","inLanguage":"sk-SK","@id":"https:\/\/www.vkpbratislava.sk\/#\/schema\/person\/image\/","url":"https:\/\/secure.gravatar.com\/avatar\/67aa89e9aab2911bbd0c6fbf0a891ea8d80c207c9b6a6e2c96e13fc2f16e536d?s=96&d=mm&r=g","contentUrl":"https:\/\/secure.gravatar.com\/avatar\/67aa89e9aab2911bbd0c6fbf0a891ea8d80c207c9b6a6e2c96e13fc2f16e536d?s=96&d=mm&r=g","caption":"jenca"},"url":"https:\/\/www.vkpbratislava.sk\/?author=3"}]}},"_links":{"self":[{"href":"https:\/\/www.vkpbratislava.sk\/index.php?rest_route=\/wp\/v2\/posts\/33621","targetHints":{"allow":["GET"]}}],"collection":[{"href":"https:\/\/www.vkpbratislava.sk\/index.php?rest_route=\/wp\/v2\/posts"}],"about":[{"href":"https:\/\/www.vkpbratislava.sk\/index.php?rest_route=\/wp\/v2\/types\/post"}],"author":[{"embeddable":true,"href":"https:\/\/www.vkpbratislava.sk\/index.php?rest_route=\/wp\/v2\/users\/3"}],"replies":[{"embeddable":true,"href":"https:\/\/www.vkpbratislava.sk\/index.php?rest_route=%2Fwp%2Fv2%2Fcomments&post=33621"}],"version-history":[{"count":3,"href":"https:\/\/www.vkpbratislava.sk\/index.php?rest_route=\/wp\/v2\/posts\/33621\/revisions"}],"predecessor-version":[{"id":33629,"href":"https:\/\/www.vkpbratislava.sk\/index.php?rest_route=\/wp\/v2\/posts\/33621\/revisions\/33629"}],"wp:featuredmedia":[{"embeddable":true,"href":"https:\/\/www.vkpbratislava.sk\/index.php?rest_route=\/wp\/v2\/media\/33623"}],"wp:attachment":[{"href":"https:\/\/www.vkpbratislava.sk\/index.php?rest_route=%2Fwp%2Fv2%2Fmedia&parent=33621"}],"wp:term":[{"taxonomy":"category","embeddable":true,"href":"https:\/\/www.vkpbratislava.sk\/index.php?rest_route=%2Fwp%2Fv2%2Fcategories&post=33621"},{"taxonomy":"post_tag","embeddable":true,"href":"https:\/\/www.vkpbratislava.sk\/index.php?rest_route=%2Fwp%2Fv2%2Ftags&post=33621"}],"curies":[{"name":"wp","href":"https:\/\/api.w.org\/{rel}","templated":true}]}}