{"id":3366,"date":"2020-12-12T22:00:57","date_gmt":"2020-12-12T21:00:57","guid":{"rendered":"https:\/\/www.vkpbratislava.sk\/?p=3366"},"modified":"2020-12-12T22:00:57","modified_gmt":"2020-12-12T21:00:57","slug":"doma-stale-stopercentni-zdolali-sme-lidra-z-presova","status":"publish","type":"post","link":"https:\/\/www.vkpbratislava.sk\/?p=3366","title":{"rendered":"Doma st\u00e1le stopercentn\u00ed, zdolali sme l\u00eddra z Pre\u0161ova"},"content":{"rendered":"<p><strong>VKP Bratislava zv\u00ed\u0165azil aj vo svojom tre\u0165om z\u00e1pase v\u00a0rade, ke\u010f po v\u00fdbornom v\u00fdkone v\u00a010. kole extraligy na dom\u00e1cej palubovke zdolal Pre\u0161ov (3:1).<\/strong><\/p>\n<p>L\u00edder extraligy, ktor\u00fd e\u0161te neprehral, pri\u0161iel do Bratislavy bez svojej najv\u00e4\u010d\u0161ej opory, zranen\u00e9ho Martina Sopka st. Od \u00favodu na palubovke dominovali dom\u00e1ci hr\u00e1\u010di, ktor\u00ed si v\u00a0prvom i\u00a0druhom sete vypracovali v\u00fdrazn\u00fd n\u00e1skok a\u00a0s\u00fapera z\u00a0Pre\u0161ova nepustili k\u00a0dr\u00e1me. V\u00a0tre\u0165om sete pri podan\u00ed Porubsk\u00e9ho Mirad odsko\u010dil hne\u010f na za\u010diatku a\u00a0podarilo sa im zn\u00ed\u017ei\u0165 na 2:1. Vo \u0161tvrtom sete sa v\u0161ak VKP vr\u00e1til k\u00a0tomu, \u010do predv\u00e1dzal v\u00a0prv\u00fdch dvoch setoch a\u00a0dotiahol stretnutie do \u00faspe\u0161n\u00e9ho konca. Znamenalo to tretie v\u00ed\u0165azstvo v\u00a0rade v\u00a0\u0161portovej hale FEI STU a\u00a0skalp l\u00eddra s\u00fa\u0165a\u017ee z\u00a0Pre\u0161ova, pre ktor\u00fd to bola prv\u00e1 prehra v\u00a0extralige.<\/p>\n<p><strong>Jaroslav Nosek, tr\u00e9ner VKP:<\/strong> \u201eVe\u013emi n\u00e1s te\u0161\u00ed, \u017ee sme vyhrali tret\u00edkr\u00e1t v rade a sme prv\u00fdm t\u00edmom, ktor\u00fd zdolal Pre\u0161ov. Vidie\u0165, \u017ee sa ka\u017ed\u00fdm z\u00e1pasom zlep\u0161ujeme a ver\u00edm, \u017ee na to nadvia\u017eeme aj v \u010fal\u0161\u00edch stretnutiach.\u201c<\/p>\n<p><strong>VKP BRATISLAVA &#8211; VK MIRAD UNIPO PRE\u0160OV 3:1 (18, 13,-14, 17)<\/strong><\/p>\n<p><strong>Rozhodovali:<\/strong> Schimpl a Kr\u00e1lovi\u010d, bez div\u00e1kov.<\/p>\n<p><strong>VKP:<\/strong> Gergely 16, M. Hukel 2, Za\u0165ko 3, Malina 11, Pre\u0161insk\u00fd 7, Kostol\u00e1ni 20, libero \u013d. Nemec (Demeter 1, Holl\u00fd 0). Tr\u00e9ner: J. Nosek.<\/p>\n<p><strong>Pre\u0161ov:<\/strong> Macko 5, P. Porubsk\u00fd 11, \u0160\u010derba 5, Mikov\u010d\u00edk 11, Szarek 15, Hud\u00e1k 3, libero T. Lampart (Suchani\u010d 1, \u0160iket 0, V. Rzyman 0). Tr\u00e9ner: M. Kardo\u0161.<\/p>\n<p>Hr\u00e1\u010di z\u00e1pasu: <strong>Marek Malina (VKP Bratislava)<\/strong> &#8211; Peter Porubsk\u00fd (Pre\u0161ov)<\/p>\n","protected":false},"excerpt":{"rendered":"<p>VKP Bratislava zv\u00ed\u0165azil aj vo svojom tre\u0165om z\u00e1pase v\u00a0rade, ke\u010f po v\u00fdbornom v\u00fdkone v\u00a010. kole extraligy na dom\u00e1cej palubovke zdolal Pre\u0161ov (3:1).<\/p>\n","protected":false},"author":3,"featured_media":3326,"comment_status":"closed","ping_status":"open","sticky":false,"template":"","format":"standard","meta":{"_monsterinsights_skip_tracking":false,"_monsterinsights_sitenote_active":false,"_monsterinsights_sitenote_note":"","_monsterinsights_sitenote_category":0,"footnotes":""},"categories":[1],"tags":[],"class_list":["post-3366","post","type-post","status-publish","format-standard","has-post-thumbnail","hentry","category-nezaradene"],"yoast_head":"<!-- This site is optimized with the Yoast SEO plugin v25.6 - https:\/\/yoast.com\/wordpress\/plugins\/seo\/ -->\n<title>Doma st\u00e1le stopercentn\u00ed, zdolali sme l\u00eddra z Pre\u0161ova - VK SLOVAN Bratislava<\/title>\n<meta name=\"description\" content=\"VKP Bratislava zv\u00ed\u0165azil aj vo svojom tre\u0165om z\u00e1pase v\u00a0rade, ke\u010f po v\u00fdbornom v\u00fdkone v\u00a010. kole extraligy na dom\u00e1cej palubovke zdolal Pre\u0161ov (3:1).\" \/>\n<meta name=\"robots\" content=\"index, follow, max-snippet:-1, max-image-preview:large, max-video-preview:-1\" \/>\n<link rel=\"canonical\" href=\"https:\/\/www.vkpbratislava.sk\/?p=3366\" \/>\n<meta property=\"og:locale\" content=\"sk_SK\" \/>\n<meta property=\"og:type\" content=\"article\" \/>\n<meta property=\"og:title\" content=\"Doma st\u00e1le stopercentn\u00ed, zdolali sme l\u00eddra z Pre\u0161ova - VK SLOVAN Bratislava\" \/>\n<meta property=\"og:description\" content=\"VKP Bratislava zv\u00ed\u0165azil aj vo svojom tre\u0165om z\u00e1pase v\u00a0rade, ke\u010f po v\u00fdbornom v\u00fdkone v\u00a010. kole extraligy na dom\u00e1cej palubovke zdolal Pre\u0161ov (3:1).\" \/>\n<meta property=\"og:url\" content=\"https:\/\/www.vkpbratislava.sk\/?p=3366\" \/>\n<meta property=\"og:site_name\" content=\"VK SLOVAN Bratislava\" \/>\n<meta property=\"article:published_time\" content=\"2020-12-12T21:00:57+00:00\" \/>\n<meta property=\"og:image\" content=\"https:\/\/www.vkpbratislava.sk\/wp-content\/uploads\/2020\/12\/DF1A7375-1280x853.jpg\" \/>\n\t<meta property=\"og:image:width\" content=\"1280\" \/>\n\t<meta property=\"og:image:height\" content=\"853\" \/>\n\t<meta property=\"og:image:type\" content=\"image\/jpeg\" \/>\n<meta name=\"author\" content=\"jenca\" \/>\n<meta name=\"twitter:card\" content=\"summary_large_image\" \/>\n<meta name=\"twitter:label1\" content=\"Autor\" \/>\n\t<meta name=\"twitter:data1\" content=\"jenca\" \/>\n\t<meta name=\"twitter:label2\" content=\"Predpokladan\u00fd \u010das \u010d\u00edtania\" \/>\n\t<meta name=\"twitter:data2\" content=\"1 min\u00fata\" \/>\n<script type=\"application\/ld+json\" class=\"yoast-schema-graph\">{\"@context\":\"https:\/\/schema.org\",\"@graph\":[{\"@type\":\"Article\",\"@id\":\"https:\/\/www.vkpbratislava.sk\/?p=3366#article\",\"isPartOf\":{\"@id\":\"https:\/\/www.vkpbratislava.sk\/?p=3366\"},\"author\":{\"name\":\"jenca\",\"@id\":\"https:\/\/www.vkpbratislava.sk\/#\/schema\/person\/7037e769f9515aa58493d1b5852c4c50\"},\"headline\":\"Doma st\u00e1le stopercentn\u00ed, zdolali sme l\u00eddra z Pre\u0161ova\",\"datePublished\":\"2020-12-12T21:00:57+00:00\",\"mainEntityOfPage\":{\"@id\":\"https:\/\/www.vkpbratislava.sk\/?p=3366\"},\"wordCount\":293,\"publisher\":{\"@id\":\"https:\/\/www.vkpbratislava.sk\/#organization\"},\"image\":{\"@id\":\"https:\/\/www.vkpbratislava.sk\/?p=3366#primaryimage\"},\"thumbnailUrl\":\"https:\/\/www.vkpbratislava.sk\/wp-content\/uploads\/2020\/12\/DF1A7375.jpg\",\"inLanguage\":\"sk-SK\"},{\"@type\":\"WebPage\",\"@id\":\"https:\/\/www.vkpbratislava.sk\/?p=3366\",\"url\":\"https:\/\/www.vkpbratislava.sk\/?p=3366\",\"name\":\"Doma st\u00e1le stopercentn\u00ed, zdolali sme l\u00eddra z Pre\u0161ova - VK SLOVAN Bratislava\",\"isPartOf\":{\"@id\":\"https:\/\/www.vkpbratislava.sk\/#website\"},\"primaryImageOfPage\":{\"@id\":\"https:\/\/www.vkpbratislava.sk\/?p=3366#primaryimage\"},\"image\":{\"@id\":\"https:\/\/www.vkpbratislava.sk\/?p=3366#primaryimage\"},\"thumbnailUrl\":\"https:\/\/www.vkpbratislava.sk\/wp-content\/uploads\/2020\/12\/DF1A7375.jpg\",\"datePublished\":\"2020-12-12T21:00:57+00:00\",\"description\":\"VKP Bratislava zv\u00ed\u0165azil aj vo svojom tre\u0165om z\u00e1pase v\u00a0rade, ke\u010f po v\u00fdbornom v\u00fdkone v\u00a010. kole extraligy na dom\u00e1cej palubovke zdolal Pre\u0161ov (3:1).\",\"breadcrumb\":{\"@id\":\"https:\/\/www.vkpbratislava.sk\/?p=3366#breadcrumb\"},\"inLanguage\":\"sk-SK\",\"potentialAction\":[{\"@type\":\"ReadAction\",\"target\":[\"https:\/\/www.vkpbratislava.sk\/?p=3366\"]}]},{\"@type\":\"ImageObject\",\"inLanguage\":\"sk-SK\",\"@id\":\"https:\/\/www.vkpbratislava.sk\/?p=3366#primaryimage\",\"url\":\"https:\/\/www.vkpbratislava.sk\/wp-content\/uploads\/2020\/12\/DF1A7375.jpg\",\"contentUrl\":\"https:\/\/www.vkpbratislava.sk\/wp-content\/uploads\/2020\/12\/DF1A7375.jpg\",\"width\":2048,\"height\":1365},{\"@type\":\"BreadcrumbList\",\"@id\":\"https:\/\/www.vkpbratislava.sk\/?p=3366#breadcrumb\",\"itemListElement\":[{\"@type\":\"ListItem\",\"position\":1,\"name\":\"Domov\",\"item\":\"https:\/\/www.vkpbratislava.sk\/\"},{\"@type\":\"ListItem\",\"position\":2,\"name\":\"Doma st\u00e1le stopercentn\u00ed, zdolali sme l\u00eddra z Pre\u0161ova\"}]},{\"@type\":\"WebSite\",\"@id\":\"https:\/\/www.vkpbratislava.sk\/#website\",\"url\":\"https:\/\/www.vkpbratislava.sk\/\",\"name\":\"VK SLOVAN Bratislava\",\"description\":\"Volejbalov\u00fd klub\",\"publisher\":{\"@id\":\"https:\/\/www.vkpbratislava.sk\/#organization\"},\"potentialAction\":[{\"@type\":\"SearchAction\",\"target\":{\"@type\":\"EntryPoint\",\"urlTemplate\":\"https:\/\/www.vkpbratislava.sk\/?s={search_term_string}\"},\"query-input\":{\"@type\":\"PropertyValueSpecification\",\"valueRequired\":true,\"valueName\":\"search_term_string\"}}],\"inLanguage\":\"sk-SK\"},{\"@type\":\"Organization\",\"@id\":\"https:\/\/www.vkpbratislava.sk\/#organization\",\"name\":\"VKP Bratislava\",\"url\":\"https:\/\/www.vkpbratislava.sk\/\",\"logo\":{\"@type\":\"ImageObject\",\"inLanguage\":\"sk-SK\",\"@id\":\"https:\/\/www.vkpbratislava.sk\/#\/schema\/logo\/image\/\",\"url\":\"https:\/\/www.vkpbratislava.sk\/wp-content\/uploads\/2020\/10\/vkpBA.png\",\"contentUrl\":\"https:\/\/www.vkpbratislava.sk\/wp-content\/uploads\/2020\/10\/vkpBA.png\",\"width\":600,\"height\":600,\"caption\":\"VKP Bratislava\"},\"image\":{\"@id\":\"https:\/\/www.vkpbratislava.sk\/#\/schema\/logo\/image\/\"}},{\"@type\":\"Person\",\"@id\":\"https:\/\/www.vkpbratislava.sk\/#\/schema\/person\/7037e769f9515aa58493d1b5852c4c50\",\"name\":\"jenca\",\"image\":{\"@type\":\"ImageObject\",\"inLanguage\":\"sk-SK\",\"@id\":\"https:\/\/www.vkpbratislava.sk\/#\/schema\/person\/image\/\",\"url\":\"https:\/\/secure.gravatar.com\/avatar\/67aa89e9aab2911bbd0c6fbf0a891ea8d80c207c9b6a6e2c96e13fc2f16e536d?s=96&d=mm&r=g\",\"contentUrl\":\"https:\/\/secure.gravatar.com\/avatar\/67aa89e9aab2911bbd0c6fbf0a891ea8d80c207c9b6a6e2c96e13fc2f16e536d?s=96&d=mm&r=g\",\"caption\":\"jenca\"},\"url\":\"https:\/\/www.vkpbratislava.sk\/?author=3\"}]}<\/script>\n<!-- \/ Yoast SEO plugin. -->","yoast_head_json":{"title":"Doma st\u00e1le stopercentn\u00ed, zdolali sme l\u00eddra z Pre\u0161ova - VK SLOVAN Bratislava","description":"VKP Bratislava zv\u00ed\u0165azil aj vo svojom tre\u0165om z\u00e1pase v\u00a0rade, ke\u010f po v\u00fdbornom v\u00fdkone v\u00a010. kole extraligy na dom\u00e1cej palubovke zdolal Pre\u0161ov (3:1).","robots":{"index":"index","follow":"follow","max-snippet":"max-snippet:-1","max-image-preview":"max-image-preview:large","max-video-preview":"max-video-preview:-1"},"canonical":"https:\/\/www.vkpbratislava.sk\/?p=3366","og_locale":"sk_SK","og_type":"article","og_title":"Doma st\u00e1le stopercentn\u00ed, zdolali sme l\u00eddra z Pre\u0161ova - VK SLOVAN Bratislava","og_description":"VKP Bratislava zv\u00ed\u0165azil aj vo svojom tre\u0165om z\u00e1pase v\u00a0rade, ke\u010f po v\u00fdbornom v\u00fdkone v\u00a010. kole extraligy na dom\u00e1cej palubovke zdolal Pre\u0161ov (3:1).","og_url":"https:\/\/www.vkpbratislava.sk\/?p=3366","og_site_name":"VK SLOVAN Bratislava","article_published_time":"2020-12-12T21:00:57+00:00","og_image":[{"width":1280,"height":853,"url":"https:\/\/www.vkpbratislava.sk\/wp-content\/uploads\/2020\/12\/DF1A7375-1280x853.jpg","type":"image\/jpeg"}],"author":"jenca","twitter_card":"summary_large_image","twitter_misc":{"Autor":"jenca","Predpokladan\u00fd \u010das \u010d\u00edtania":"1 min\u00fata"},"schema":{"@context":"https:\/\/schema.org","@graph":[{"@type":"Article","@id":"https:\/\/www.vkpbratislava.sk\/?p=3366#article","isPartOf":{"@id":"https:\/\/www.vkpbratislava.sk\/?p=3366"},"author":{"name":"jenca","@id":"https:\/\/www.vkpbratislava.sk\/#\/schema\/person\/7037e769f9515aa58493d1b5852c4c50"},"headline":"Doma st\u00e1le stopercentn\u00ed, zdolali sme l\u00eddra z Pre\u0161ova","datePublished":"2020-12-12T21:00:57+00:00","mainEntityOfPage":{"@id":"https:\/\/www.vkpbratislava.sk\/?p=3366"},"wordCount":293,"publisher":{"@id":"https:\/\/www.vkpbratislava.sk\/#organization"},"image":{"@id":"https:\/\/www.vkpbratislava.sk\/?p=3366#primaryimage"},"thumbnailUrl":"https:\/\/www.vkpbratislava.sk\/wp-content\/uploads\/2020\/12\/DF1A7375.jpg","inLanguage":"sk-SK"},{"@type":"WebPage","@id":"https:\/\/www.vkpbratislava.sk\/?p=3366","url":"https:\/\/www.vkpbratislava.sk\/?p=3366","name":"Doma st\u00e1le stopercentn\u00ed, zdolali sme l\u00eddra z Pre\u0161ova - VK SLOVAN Bratislava","isPartOf":{"@id":"https:\/\/www.vkpbratislava.sk\/#website"},"primaryImageOfPage":{"@id":"https:\/\/www.vkpbratislava.sk\/?p=3366#primaryimage"},"image":{"@id":"https:\/\/www.vkpbratislava.sk\/?p=3366#primaryimage"},"thumbnailUrl":"https:\/\/www.vkpbratislava.sk\/wp-content\/uploads\/2020\/12\/DF1A7375.jpg","datePublished":"2020-12-12T21:00:57+00:00","description":"VKP Bratislava zv\u00ed\u0165azil aj vo svojom tre\u0165om z\u00e1pase v\u00a0rade, ke\u010f po v\u00fdbornom v\u00fdkone v\u00a010. kole extraligy na dom\u00e1cej palubovke zdolal Pre\u0161ov (3:1).","breadcrumb":{"@id":"https:\/\/www.vkpbratislava.sk\/?p=3366#breadcrumb"},"inLanguage":"sk-SK","potentialAction":[{"@type":"ReadAction","target":["https:\/\/www.vkpbratislava.sk\/?p=3366"]}]},{"@type":"ImageObject","inLanguage":"sk-SK","@id":"https:\/\/www.vkpbratislava.sk\/?p=3366#primaryimage","url":"https:\/\/www.vkpbratislava.sk\/wp-content\/uploads\/2020\/12\/DF1A7375.jpg","contentUrl":"https:\/\/www.vkpbratislava.sk\/wp-content\/uploads\/2020\/12\/DF1A7375.jpg","width":2048,"height":1365},{"@type":"BreadcrumbList","@id":"https:\/\/www.vkpbratislava.sk\/?p=3366#breadcrumb","itemListElement":[{"@type":"ListItem","position":1,"name":"Domov","item":"https:\/\/www.vkpbratislava.sk\/"},{"@type":"ListItem","position":2,"name":"Doma st\u00e1le stopercentn\u00ed, zdolali sme l\u00eddra z Pre\u0161ova"}]},{"@type":"WebSite","@id":"https:\/\/www.vkpbratislava.sk\/#website","url":"https:\/\/www.vkpbratislava.sk\/","name":"VK SLOVAN Bratislava","description":"Volejbalov\u00fd klub","publisher":{"@id":"https:\/\/www.vkpbratislava.sk\/#organization"},"potentialAction":[{"@type":"SearchAction","target":{"@type":"EntryPoint","urlTemplate":"https:\/\/www.vkpbratislava.sk\/?s={search_term_string}"},"query-input":{"@type":"PropertyValueSpecification","valueRequired":true,"valueName":"search_term_string"}}],"inLanguage":"sk-SK"},{"@type":"Organization","@id":"https:\/\/www.vkpbratislava.sk\/#organization","name":"VKP Bratislava","url":"https:\/\/www.vkpbratislava.sk\/","logo":{"@type":"ImageObject","inLanguage":"sk-SK","@id":"https:\/\/www.vkpbratislava.sk\/#\/schema\/logo\/image\/","url":"https:\/\/www.vkpbratislava.sk\/wp-content\/uploads\/2020\/10\/vkpBA.png","contentUrl":"https:\/\/www.vkpbratislava.sk\/wp-content\/uploads\/2020\/10\/vkpBA.png","width":600,"height":600,"caption":"VKP Bratislava"},"image":{"@id":"https:\/\/www.vkpbratislava.sk\/#\/schema\/logo\/image\/"}},{"@type":"Person","@id":"https:\/\/www.vkpbratislava.sk\/#\/schema\/person\/7037e769f9515aa58493d1b5852c4c50","name":"jenca","image":{"@type":"ImageObject","inLanguage":"sk-SK","@id":"https:\/\/www.vkpbratislava.sk\/#\/schema\/person\/image\/","url":"https:\/\/secure.gravatar.com\/avatar\/67aa89e9aab2911bbd0c6fbf0a891ea8d80c207c9b6a6e2c96e13fc2f16e536d?s=96&d=mm&r=g","contentUrl":"https:\/\/secure.gravatar.com\/avatar\/67aa89e9aab2911bbd0c6fbf0a891ea8d80c207c9b6a6e2c96e13fc2f16e536d?s=96&d=mm&r=g","caption":"jenca"},"url":"https:\/\/www.vkpbratislava.sk\/?author=3"}]}},"_links":{"self":[{"href":"https:\/\/www.vkpbratislava.sk\/index.php?rest_route=\/wp\/v2\/posts\/3366","targetHints":{"allow":["GET"]}}],"collection":[{"href":"https:\/\/www.vkpbratislava.sk\/index.php?rest_route=\/wp\/v2\/posts"}],"about":[{"href":"https:\/\/www.vkpbratislava.sk\/index.php?rest_route=\/wp\/v2\/types\/post"}],"author":[{"embeddable":true,"href":"https:\/\/www.vkpbratislava.sk\/index.php?rest_route=\/wp\/v2\/users\/3"}],"replies":[{"embeddable":true,"href":"https:\/\/www.vkpbratislava.sk\/index.php?rest_route=%2Fwp%2Fv2%2Fcomments&post=3366"}],"version-history":[{"count":1,"href":"https:\/\/www.vkpbratislava.sk\/index.php?rest_route=\/wp\/v2\/posts\/3366\/revisions"}],"predecessor-version":[{"id":3367,"href":"https:\/\/www.vkpbratislava.sk\/index.php?rest_route=\/wp\/v2\/posts\/3366\/revisions\/3367"}],"wp:featuredmedia":[{"embeddable":true,"href":"https:\/\/www.vkpbratislava.sk\/index.php?rest_route=\/wp\/v2\/media\/3326"}],"wp:attachment":[{"href":"https:\/\/www.vkpbratislava.sk\/index.php?rest_route=%2Fwp%2Fv2%2Fmedia&parent=3366"}],"wp:term":[{"taxonomy":"category","embeddable":true,"href":"https:\/\/www.vkpbratislava.sk\/index.php?rest_route=%2Fwp%2Fv2%2Fcategories&post=3366"},{"taxonomy":"post_tag","embeddable":true,"href":"https:\/\/www.vkpbratislava.sk\/index.php?rest_route=%2Fwp%2Fv2%2Ftags&post=3366"}],"curies":[{"name":"wp","href":"https:\/\/api.w.org\/{rel}","templated":true}]}}