{"id":33719,"date":"2024-09-29T21:56:47","date_gmt":"2024-09-29T19:56:47","guid":{"rendered":"https:\/\/www.vkpbratislava.sk\/?p=33719"},"modified":"2024-09-29T21:56:47","modified_gmt":"2024-09-29T19:56:47","slug":"na-uvod-sezony-hladke-tri-body","status":"publish","type":"post","link":"https:\/\/www.vkpbratislava.sk\/?p=33719","title":{"rendered":"Na \u00favod sez\u00f3ny hladk\u00e9 tri body"},"content":{"rendered":"<p class=\"p1\">Bronzov\u00fd t\u00edm predo\u0161l\u00e9ho ro\u010dn\u00edka VKP FTV\u0160 UK Bratislava aj v\u010faka 15-tim bodom Diany N\u00e1vratovej, 14-tim od Emy Smie\u0161kovej a\u00a0piatim blokom novej hr\u00e1\u010dky z\u00a0Braz\u00edlie Lenary Baijo zdolal v\u00a0troch setoch VK Pre\u0161ov.<\/p>\n<p class=\"p1\"><b>Pavel Bern\u00e1th, tr\u00e9ner VKP FTV\u0160 UK: <\/b>\u201eNa za\u010diatku bolo c\u00edti\u0165, \u017ee je to prv\u00fd z\u00e1pas sez\u00f3ny a\u00a0preto to bolo trochu nerv\u00f3zne. Mali sme za sebou z\u00e1pasov\u00fa pauzu, ale \u010dasom sme sa rozohrali. S\u00faper n\u00e1m v\u00a0z\u00e1sade nekl\u00e1dol a\u017e tak\u00fd ve\u013ek\u00fd odpor. Videl som v\u0161ak v\u00a0na\u0161ej hre ve\u013ea vec\u00ed, ktor\u00e9 treba zlep\u0161i\u0165, preto\u017ee by n\u00e1m s\u00a0lep\u0161\u00edm s\u00faperom nepre\u0161li.\u201d<\/p>\n<p class=\"p1\"><b>Vitalij Osipov, tr\u00e9ner VK: <\/b>\u201eBol to prv\u00fd ofici\u00e1lny z\u00e1pas a st\u00e1le je vidie\u0165 na ihrisku nervozitu. Mysl\u00edm si, \u017ee na\u0161a s\u00fahra mus\u00ed by\u0165 lep\u0161ia. VKP vyhralo zasl\u00fa\u017eene, preto\u017ee uk\u00e1zalo svoju kvalitu. Na za\u010diatku ka\u017ed\u00e9ho setu sme sa sna\u017eili dr\u017ea\u0165 s\u00a0nimi krok, ale potom sa uk\u00e1zal rozdiel.\u201d<\/p>\n<p><img loading=\"lazy\" decoding=\"async\" class=\"alignnone size-medium wp-image-33722\" src=\"https:\/\/www.vkpbratislava.sk\/wp-content\/uploads\/2024\/09\/2B79D11C-46B7-4456-AEB0-A270A61AE4B6-640x427.jpg\" alt=\"\" width=\"640\" height=\"427\" srcset=\"https:\/\/www.vkpbratislava.sk\/wp-content\/uploads\/2024\/09\/2B79D11C-46B7-4456-AEB0-A270A61AE4B6-640x427.jpg 640w, https:\/\/www.vkpbratislava.sk\/wp-content\/uploads\/2024\/09\/2B79D11C-46B7-4456-AEB0-A270A61AE4B6-1280x853.jpg 1280w, https:\/\/www.vkpbratislava.sk\/wp-content\/uploads\/2024\/09\/2B79D11C-46B7-4456-AEB0-A270A61AE4B6-768x512.jpg 768w, https:\/\/www.vkpbratislava.sk\/wp-content\/uploads\/2024\/09\/2B79D11C-46B7-4456-AEB0-A270A61AE4B6-1536x1024.jpg 1536w, https:\/\/www.vkpbratislava.sk\/wp-content\/uploads\/2024\/09\/2B79D11C-46B7-4456-AEB0-A270A61AE4B6-2048x1365.jpg 2048w, https:\/\/www.vkpbratislava.sk\/wp-content\/uploads\/2024\/09\/2B79D11C-46B7-4456-AEB0-A270A61AE4B6-320x213.jpg 320w, https:\/\/www.vkpbratislava.sk\/wp-content\/uploads\/2024\/09\/2B79D11C-46B7-4456-AEB0-A270A61AE4B6-600x400.jpg 600w\" sizes=\"auto, (max-width: 640px) 100vw, 640px\" \/><\/p>\n<p class=\"p1\"><b>Nik\u00e9 Extraliga \u017eeny \u2013 1. kolo \u2013 sobota:<\/b><\/p>\n<p class=\"p1\"><b>VKP FTV\u0160 UK Bratislava &#8211; VK Pre\u0161ov 3:0 (11, 12, 10)<\/b><\/p>\n<p class=\"p1\"><b>Rozhodovali: <\/b>Schimpl a Jur\u00e1\u010dek, 200 div\u00e1kov.<\/p>\n<p class=\"p1\"><b>VKP FTV\u0160 UK: <\/b>Baijo 10, Machado 2, Fri\u010dov\u00e1 7, Smie\u0161kov\u00e1 14, D. N\u00e1vratov\u00e1 15, Nakamura 7, liberka Jan\u010dov\u00e1 (R. Hudecov\u00e1 3, Paz\u00farikov\u00e1 1, Boldock\u00e1 2). Tr\u00e9ner: P. Bern\u00e1th.<\/p>\n<p class=\"p1\"><b>VK: <\/b>Bogn\u00e1rov\u00e1 2, Pisar\u010d\u00edkov\u00e1 3, Zubkov\u00e1 8, Kart\u00edkov\u00e1 5, Neupauerov\u00e1 3, Petrovsk\u00e1 1, liberka \u0160romovsk\u00e1 (L. Grock\u00e1 3, Semanov\u00e1 0, Vr\u00e1belov\u00e1 0, Uher 0). Tr\u00e9ner: V. Osipov.<\/p>\n<p class=\"p1\"><b>Hr\u00e1\u010dky z\u00e1pasu: <\/b>Lenara Baijo (VKP FTV\u0160 UK Bratislava) \u2013 S\u00e1ra Pisar\u010d\u00edkov\u00e1 (VK Pre\u0161ov)<\/p>\n<p class=\"p1\">Zdroj: Svf<\/p>\n","protected":false},"excerpt":{"rendered":"<p>Bronzov\u00fd t\u00edm predo\u0161l\u00e9ho ro\u010dn\u00edka VKP FTV\u0160 UK Bratislava aj v\u010faka 15-tim bodom Diany N\u00e1vratovej, 14-tim od Emy Smie\u0161kovej a\u00a0piatim blokom novej hr\u00e1\u010dky z\u00a0Braz\u00edlie Lenary Baijo zdolal v\u00a0troch setoch VK Pre\u0161ov. Pavel Bern\u00e1th, tr\u00e9ner VKP FTV\u0160 UK: \u201eNa za\u010diatku bolo c\u00edti\u0165, \u017ee je to prv\u00fd z\u00e1pas sez\u00f3ny a\u00a0preto to bolo trochu nerv\u00f3zne. Mali sme za sebou&#8230;<\/p>\n","protected":false},"author":3,"featured_media":33720,"comment_status":"closed","ping_status":"closed","sticky":false,"template":"","format":"standard","meta":{"_monsterinsights_skip_tracking":false,"_monsterinsights_sitenote_active":false,"_monsterinsights_sitenote_note":"","_monsterinsights_sitenote_category":0,"footnotes":""},"categories":[48],"tags":[],"class_list":["post-33719","post","type-post","status-publish","format-standard","has-post-thumbnail","hentry","category-zeny"],"yoast_head":"<!-- This site is optimized with the Yoast SEO plugin v25.6 - https:\/\/yoast.com\/wordpress\/plugins\/seo\/ -->\n<title>Na \u00favod sez\u00f3ny hladk\u00e9 tri body - VK SLOVAN Bratislava<\/title>\n<meta name=\"robots\" content=\"index, follow, max-snippet:-1, max-image-preview:large, max-video-preview:-1\" \/>\n<link rel=\"canonical\" href=\"https:\/\/www.vkpbratislava.sk\/?p=33719\" \/>\n<meta property=\"og:locale\" content=\"sk_SK\" \/>\n<meta property=\"og:type\" content=\"article\" \/>\n<meta property=\"og:title\" content=\"Na \u00favod sez\u00f3ny hladk\u00e9 tri body - VK SLOVAN Bratislava\" \/>\n<meta property=\"og:description\" content=\"Bronzov\u00fd t\u00edm predo\u0161l\u00e9ho ro\u010dn\u00edka VKP FTV\u0160 UK Bratislava aj v\u010faka 15-tim bodom Diany N\u00e1vratovej, 14-tim od Emy Smie\u0161kovej a\u00a0piatim blokom novej hr\u00e1\u010dky z\u00a0Braz\u00edlie Lenary Baijo zdolal v\u00a0troch setoch VK Pre\u0161ov. Pavel Bern\u00e1th, tr\u00e9ner VKP FTV\u0160 UK: \u201eNa za\u010diatku bolo c\u00edti\u0165, \u017ee je to prv\u00fd z\u00e1pas sez\u00f3ny a\u00a0preto to bolo trochu nerv\u00f3zne. Mali sme za sebou...\" \/>\n<meta property=\"og:url\" content=\"https:\/\/www.vkpbratislava.sk\/?p=33719\" \/>\n<meta property=\"og:site_name\" content=\"VK SLOVAN Bratislava\" \/>\n<meta property=\"article:published_time\" content=\"2024-09-29T19:56:47+00:00\" \/>\n<meta property=\"og:image\" content=\"https:\/\/www.vkpbratislava.sk\/wp-content\/uploads\/2024\/09\/EA38BCD4-FDD5-4C3C-AAFC-604FCF175E23-scaled.jpg\" \/>\n\t<meta property=\"og:image:width\" content=\"2560\" \/>\n\t<meta property=\"og:image:height\" content=\"1707\" \/>\n\t<meta property=\"og:image:type\" content=\"image\/jpeg\" \/>\n<meta name=\"author\" content=\"jenca\" \/>\n<meta name=\"twitter:card\" content=\"summary_large_image\" \/>\n<meta name=\"twitter:label1\" content=\"Autor\" \/>\n\t<meta name=\"twitter:data1\" content=\"jenca\" \/>\n\t<meta name=\"twitter:label2\" content=\"Predpokladan\u00fd \u010das \u010d\u00edtania\" \/>\n\t<meta name=\"twitter:data2\" content=\"1 min\u00fata\" \/>\n<script type=\"application\/ld+json\" class=\"yoast-schema-graph\">{\"@context\":\"https:\/\/schema.org\",\"@graph\":[{\"@type\":\"Article\",\"@id\":\"https:\/\/www.vkpbratislava.sk\/?p=33719#article\",\"isPartOf\":{\"@id\":\"https:\/\/www.vkpbratislava.sk\/?p=33719\"},\"author\":{\"name\":\"jenca\",\"@id\":\"https:\/\/www.vkpbratislava.sk\/#\/schema\/person\/7037e769f9515aa58493d1b5852c4c50\"},\"headline\":\"Na \u00favod sez\u00f3ny hladk\u00e9 tri body\",\"datePublished\":\"2024-09-29T19:56:47+00:00\",\"mainEntityOfPage\":{\"@id\":\"https:\/\/www.vkpbratislava.sk\/?p=33719\"},\"wordCount\":284,\"publisher\":{\"@id\":\"https:\/\/www.vkpbratislava.sk\/#organization\"},\"image\":{\"@id\":\"https:\/\/www.vkpbratislava.sk\/?p=33719#primaryimage\"},\"thumbnailUrl\":\"https:\/\/www.vkpbratislava.sk\/wp-content\/uploads\/2024\/09\/EA38BCD4-FDD5-4C3C-AAFC-604FCF175E23-scaled.jpg\",\"articleSection\":[\"\u017deny\"],\"inLanguage\":\"sk-SK\"},{\"@type\":\"WebPage\",\"@id\":\"https:\/\/www.vkpbratislava.sk\/?p=33719\",\"url\":\"https:\/\/www.vkpbratislava.sk\/?p=33719\",\"name\":\"Na \u00favod sez\u00f3ny hladk\u00e9 tri body - VK SLOVAN Bratislava\",\"isPartOf\":{\"@id\":\"https:\/\/www.vkpbratislava.sk\/#website\"},\"primaryImageOfPage\":{\"@id\":\"https:\/\/www.vkpbratislava.sk\/?p=33719#primaryimage\"},\"image\":{\"@id\":\"https:\/\/www.vkpbratislava.sk\/?p=33719#primaryimage\"},\"thumbnailUrl\":\"https:\/\/www.vkpbratislava.sk\/wp-content\/uploads\/2024\/09\/EA38BCD4-FDD5-4C3C-AAFC-604FCF175E23-scaled.jpg\",\"datePublished\":\"2024-09-29T19:56:47+00:00\",\"breadcrumb\":{\"@id\":\"https:\/\/www.vkpbratislava.sk\/?p=33719#breadcrumb\"},\"inLanguage\":\"sk-SK\",\"potentialAction\":[{\"@type\":\"ReadAction\",\"target\":[\"https:\/\/www.vkpbratislava.sk\/?p=33719\"]}]},{\"@type\":\"ImageObject\",\"inLanguage\":\"sk-SK\",\"@id\":\"https:\/\/www.vkpbratislava.sk\/?p=33719#primaryimage\",\"url\":\"https:\/\/www.vkpbratislava.sk\/wp-content\/uploads\/2024\/09\/EA38BCD4-FDD5-4C3C-AAFC-604FCF175E23-scaled.jpg\",\"contentUrl\":\"https:\/\/www.vkpbratislava.sk\/wp-content\/uploads\/2024\/09\/EA38BCD4-FDD5-4C3C-AAFC-604FCF175E23-scaled.jpg\",\"width\":2560,\"height\":1707},{\"@type\":\"BreadcrumbList\",\"@id\":\"https:\/\/www.vkpbratislava.sk\/?p=33719#breadcrumb\",\"itemListElement\":[{\"@type\":\"ListItem\",\"position\":1,\"name\":\"Domov\",\"item\":\"https:\/\/www.vkpbratislava.sk\/\"},{\"@type\":\"ListItem\",\"position\":2,\"name\":\"Na \u00favod sez\u00f3ny hladk\u00e9 tri body\"}]},{\"@type\":\"WebSite\",\"@id\":\"https:\/\/www.vkpbratislava.sk\/#website\",\"url\":\"https:\/\/www.vkpbratislava.sk\/\",\"name\":\"VK SLOVAN Bratislava\",\"description\":\"Volejbalov\u00fd klub\",\"publisher\":{\"@id\":\"https:\/\/www.vkpbratislava.sk\/#organization\"},\"potentialAction\":[{\"@type\":\"SearchAction\",\"target\":{\"@type\":\"EntryPoint\",\"urlTemplate\":\"https:\/\/www.vkpbratislava.sk\/?s={search_term_string}\"},\"query-input\":{\"@type\":\"PropertyValueSpecification\",\"valueRequired\":true,\"valueName\":\"search_term_string\"}}],\"inLanguage\":\"sk-SK\"},{\"@type\":\"Organization\",\"@id\":\"https:\/\/www.vkpbratislava.sk\/#organization\",\"name\":\"VKP Bratislava\",\"url\":\"https:\/\/www.vkpbratislava.sk\/\",\"logo\":{\"@type\":\"ImageObject\",\"inLanguage\":\"sk-SK\",\"@id\":\"https:\/\/www.vkpbratislava.sk\/#\/schema\/logo\/image\/\",\"url\":\"https:\/\/www.vkpbratislava.sk\/wp-content\/uploads\/2020\/10\/vkpBA.png\",\"contentUrl\":\"https:\/\/www.vkpbratislava.sk\/wp-content\/uploads\/2020\/10\/vkpBA.png\",\"width\":600,\"height\":600,\"caption\":\"VKP Bratislava\"},\"image\":{\"@id\":\"https:\/\/www.vkpbratislava.sk\/#\/schema\/logo\/image\/\"}},{\"@type\":\"Person\",\"@id\":\"https:\/\/www.vkpbratislava.sk\/#\/schema\/person\/7037e769f9515aa58493d1b5852c4c50\",\"name\":\"jenca\",\"image\":{\"@type\":\"ImageObject\",\"inLanguage\":\"sk-SK\",\"@id\":\"https:\/\/www.vkpbratislava.sk\/#\/schema\/person\/image\/\",\"url\":\"https:\/\/secure.gravatar.com\/avatar\/67aa89e9aab2911bbd0c6fbf0a891ea8d80c207c9b6a6e2c96e13fc2f16e536d?s=96&d=mm&r=g\",\"contentUrl\":\"https:\/\/secure.gravatar.com\/avatar\/67aa89e9aab2911bbd0c6fbf0a891ea8d80c207c9b6a6e2c96e13fc2f16e536d?s=96&d=mm&r=g\",\"caption\":\"jenca\"},\"url\":\"https:\/\/www.vkpbratislava.sk\/?author=3\"}]}<\/script>\n<!-- \/ Yoast SEO plugin. -->","yoast_head_json":{"title":"Na \u00favod sez\u00f3ny hladk\u00e9 tri body - VK SLOVAN Bratislava","robots":{"index":"index","follow":"follow","max-snippet":"max-snippet:-1","max-image-preview":"max-image-preview:large","max-video-preview":"max-video-preview:-1"},"canonical":"https:\/\/www.vkpbratislava.sk\/?p=33719","og_locale":"sk_SK","og_type":"article","og_title":"Na \u00favod sez\u00f3ny hladk\u00e9 tri body - VK SLOVAN Bratislava","og_description":"Bronzov\u00fd t\u00edm predo\u0161l\u00e9ho ro\u010dn\u00edka VKP FTV\u0160 UK Bratislava aj v\u010faka 15-tim bodom Diany N\u00e1vratovej, 14-tim od Emy Smie\u0161kovej a\u00a0piatim blokom novej hr\u00e1\u010dky z\u00a0Braz\u00edlie Lenary Baijo zdolal v\u00a0troch setoch VK Pre\u0161ov. Pavel Bern\u00e1th, tr\u00e9ner VKP FTV\u0160 UK: \u201eNa za\u010diatku bolo c\u00edti\u0165, \u017ee je to prv\u00fd z\u00e1pas sez\u00f3ny a\u00a0preto to bolo trochu nerv\u00f3zne. Mali sme za sebou...","og_url":"https:\/\/www.vkpbratislava.sk\/?p=33719","og_site_name":"VK SLOVAN Bratislava","article_published_time":"2024-09-29T19:56:47+00:00","og_image":[{"width":2560,"height":1707,"url":"https:\/\/www.vkpbratislava.sk\/wp-content\/uploads\/2024\/09\/EA38BCD4-FDD5-4C3C-AAFC-604FCF175E23-scaled.jpg","type":"image\/jpeg"}],"author":"jenca","twitter_card":"summary_large_image","twitter_misc":{"Autor":"jenca","Predpokladan\u00fd \u010das \u010d\u00edtania":"1 min\u00fata"},"schema":{"@context":"https:\/\/schema.org","@graph":[{"@type":"Article","@id":"https:\/\/www.vkpbratislava.sk\/?p=33719#article","isPartOf":{"@id":"https:\/\/www.vkpbratislava.sk\/?p=33719"},"author":{"name":"jenca","@id":"https:\/\/www.vkpbratislava.sk\/#\/schema\/person\/7037e769f9515aa58493d1b5852c4c50"},"headline":"Na \u00favod sez\u00f3ny hladk\u00e9 tri body","datePublished":"2024-09-29T19:56:47+00:00","mainEntityOfPage":{"@id":"https:\/\/www.vkpbratislava.sk\/?p=33719"},"wordCount":284,"publisher":{"@id":"https:\/\/www.vkpbratislava.sk\/#organization"},"image":{"@id":"https:\/\/www.vkpbratislava.sk\/?p=33719#primaryimage"},"thumbnailUrl":"https:\/\/www.vkpbratislava.sk\/wp-content\/uploads\/2024\/09\/EA38BCD4-FDD5-4C3C-AAFC-604FCF175E23-scaled.jpg","articleSection":["\u017deny"],"inLanguage":"sk-SK"},{"@type":"WebPage","@id":"https:\/\/www.vkpbratislava.sk\/?p=33719","url":"https:\/\/www.vkpbratislava.sk\/?p=33719","name":"Na \u00favod sez\u00f3ny hladk\u00e9 tri body - VK SLOVAN Bratislava","isPartOf":{"@id":"https:\/\/www.vkpbratislava.sk\/#website"},"primaryImageOfPage":{"@id":"https:\/\/www.vkpbratislava.sk\/?p=33719#primaryimage"},"image":{"@id":"https:\/\/www.vkpbratislava.sk\/?p=33719#primaryimage"},"thumbnailUrl":"https:\/\/www.vkpbratislava.sk\/wp-content\/uploads\/2024\/09\/EA38BCD4-FDD5-4C3C-AAFC-604FCF175E23-scaled.jpg","datePublished":"2024-09-29T19:56:47+00:00","breadcrumb":{"@id":"https:\/\/www.vkpbratislava.sk\/?p=33719#breadcrumb"},"inLanguage":"sk-SK","potentialAction":[{"@type":"ReadAction","target":["https:\/\/www.vkpbratislava.sk\/?p=33719"]}]},{"@type":"ImageObject","inLanguage":"sk-SK","@id":"https:\/\/www.vkpbratislava.sk\/?p=33719#primaryimage","url":"https:\/\/www.vkpbratislava.sk\/wp-content\/uploads\/2024\/09\/EA38BCD4-FDD5-4C3C-AAFC-604FCF175E23-scaled.jpg","contentUrl":"https:\/\/www.vkpbratislava.sk\/wp-content\/uploads\/2024\/09\/EA38BCD4-FDD5-4C3C-AAFC-604FCF175E23-scaled.jpg","width":2560,"height":1707},{"@type":"BreadcrumbList","@id":"https:\/\/www.vkpbratislava.sk\/?p=33719#breadcrumb","itemListElement":[{"@type":"ListItem","position":1,"name":"Domov","item":"https:\/\/www.vkpbratislava.sk\/"},{"@type":"ListItem","position":2,"name":"Na \u00favod sez\u00f3ny hladk\u00e9 tri body"}]},{"@type":"WebSite","@id":"https:\/\/www.vkpbratislava.sk\/#website","url":"https:\/\/www.vkpbratislava.sk\/","name":"VK SLOVAN Bratislava","description":"Volejbalov\u00fd klub","publisher":{"@id":"https:\/\/www.vkpbratislava.sk\/#organization"},"potentialAction":[{"@type":"SearchAction","target":{"@type":"EntryPoint","urlTemplate":"https:\/\/www.vkpbratislava.sk\/?s={search_term_string}"},"query-input":{"@type":"PropertyValueSpecification","valueRequired":true,"valueName":"search_term_string"}}],"inLanguage":"sk-SK"},{"@type":"Organization","@id":"https:\/\/www.vkpbratislava.sk\/#organization","name":"VKP Bratislava","url":"https:\/\/www.vkpbratislava.sk\/","logo":{"@type":"ImageObject","inLanguage":"sk-SK","@id":"https:\/\/www.vkpbratislava.sk\/#\/schema\/logo\/image\/","url":"https:\/\/www.vkpbratislava.sk\/wp-content\/uploads\/2020\/10\/vkpBA.png","contentUrl":"https:\/\/www.vkpbratislava.sk\/wp-content\/uploads\/2020\/10\/vkpBA.png","width":600,"height":600,"caption":"VKP Bratislava"},"image":{"@id":"https:\/\/www.vkpbratislava.sk\/#\/schema\/logo\/image\/"}},{"@type":"Person","@id":"https:\/\/www.vkpbratislava.sk\/#\/schema\/person\/7037e769f9515aa58493d1b5852c4c50","name":"jenca","image":{"@type":"ImageObject","inLanguage":"sk-SK","@id":"https:\/\/www.vkpbratislava.sk\/#\/schema\/person\/image\/","url":"https:\/\/secure.gravatar.com\/avatar\/67aa89e9aab2911bbd0c6fbf0a891ea8d80c207c9b6a6e2c96e13fc2f16e536d?s=96&d=mm&r=g","contentUrl":"https:\/\/secure.gravatar.com\/avatar\/67aa89e9aab2911bbd0c6fbf0a891ea8d80c207c9b6a6e2c96e13fc2f16e536d?s=96&d=mm&r=g","caption":"jenca"},"url":"https:\/\/www.vkpbratislava.sk\/?author=3"}]}},"_links":{"self":[{"href":"https:\/\/www.vkpbratislava.sk\/index.php?rest_route=\/wp\/v2\/posts\/33719","targetHints":{"allow":["GET"]}}],"collection":[{"href":"https:\/\/www.vkpbratislava.sk\/index.php?rest_route=\/wp\/v2\/posts"}],"about":[{"href":"https:\/\/www.vkpbratislava.sk\/index.php?rest_route=\/wp\/v2\/types\/post"}],"author":[{"embeddable":true,"href":"https:\/\/www.vkpbratislava.sk\/index.php?rest_route=\/wp\/v2\/users\/3"}],"replies":[{"embeddable":true,"href":"https:\/\/www.vkpbratislava.sk\/index.php?rest_route=%2Fwp%2Fv2%2Fcomments&post=33719"}],"version-history":[{"count":1,"href":"https:\/\/www.vkpbratislava.sk\/index.php?rest_route=\/wp\/v2\/posts\/33719\/revisions"}],"predecessor-version":[{"id":33723,"href":"https:\/\/www.vkpbratislava.sk\/index.php?rest_route=\/wp\/v2\/posts\/33719\/revisions\/33723"}],"wp:featuredmedia":[{"embeddable":true,"href":"https:\/\/www.vkpbratislava.sk\/index.php?rest_route=\/wp\/v2\/media\/33720"}],"wp:attachment":[{"href":"https:\/\/www.vkpbratislava.sk\/index.php?rest_route=%2Fwp%2Fv2%2Fmedia&parent=33719"}],"wp:term":[{"taxonomy":"category","embeddable":true,"href":"https:\/\/www.vkpbratislava.sk\/index.php?rest_route=%2Fwp%2Fv2%2Fcategories&post=33719"},{"taxonomy":"post_tag","embeddable":true,"href":"https:\/\/www.vkpbratislava.sk\/index.php?rest_route=%2Fwp%2Fv2%2Ftags&post=33719"}],"curies":[{"name":"wp","href":"https:\/\/api.w.org\/{rel}","templated":true}]}}