{"id":3375,"date":"2020-12-18T22:25:33","date_gmt":"2020-12-18T21:25:33","guid":{"rendered":"https:\/\/www.vkpbratislava.sk\/?p=3375"},"modified":"2020-12-18T22:25:33","modified_gmt":"2020-12-18T21:25:33","slug":"skuseny-demeter-pre-dcerky-chcem-ziskat-medailu","status":"publish","type":"post","link":"https:\/\/www.vkpbratislava.sk\/?p=3375","title":{"rendered":"Sk\u00fasen\u00fd Demeter: Pre dc\u00e9rky chcem z\u00edska\u0165 medailu"},"content":{"rendered":"<p><em><strong>Boris Demeter patr\u00ed k najsk\u00fasenej\u0161\u00edm hr\u00e1\u010dom nielen v extralige, ale aj v t\u00edme VKP Bratislava. Pred z\u00e1pasom s Myjavousme ho vyspovedali ako vn\u00edma n\u00e1vrat \u201cpolicajtov\u201d do Bratislavy i to, \u010do o\u010dak\u00e1va od najbli\u017e\u0161ieho z\u00e1pasu s Myjavou.<\/strong><\/em><\/p>\n<p class=\"p1\"><strong><span class=\"s1\">Ak\u00e1 je atmosf\u00e9ra v kab\u00edne po troch dom\u00e1cich v\u00fdhrach?<\/span><\/strong><\/p>\n<p class=\"p1\"><span class=\"s1\">Samozrejme, in\u00e1 ako v\u00fdborn\u00e1 nem\u00f4\u017ee by\u0165. Tri z\u00e1pasy za 3 body s troma kvalitn\u00fdmi s\u00fapermi je to, na \u010do sme od za\u010diatku sez\u00f3ny \u010dakali. Po doslova spackanom \u00favode sez\u00f3ny sme kone\u010dne za\u010dali hra\u0165 volejbal, ktor\u00fd sa od n\u00e1s o\u010dak\u00e1val. Pripisujem to v\u00e4\u010d\u0161ej zohratosti, ktor\u00e1 n\u00e1m v \u00favode sez\u00f3ny ch\u00fdbala a mno\u017estvo setov sme prehr\u00e1vali vo ve\u013emi tesn\u00fdch koncovk\u00e1ch. Ve\u013ek\u00fa rolu zohr\u00e1va aj dom\u00e1ce prostredie a k t\u00edmu sa po otcovsk\u00fdch povinnostiach pripojil aj nahr\u00e1va\u010d Tom\u00e1\u0161 Holl\u00fd, ktor\u00fd je zn\u00e1my aj t\u00fdm, \u017ee mimo hr\u00e1\u010dskych kval\u00edt vie privies\u0165 chlapcov doslova \u201edo pozoru\u201c!<span class=\"Apple-converted-space\">\u00a0 <\/span>(\u00fasmev). <\/span><\/p>\n<p class=\"p1\"><strong><span class=\"s1\">\u010co mo\u017eno o\u010dak\u00e1va\u0165 od z\u00e1pasu s Myjavou?<\/span><\/strong><\/p>\n<p class=\"p1\"><span class=\"s1\">U\u017e prv\u00fd vz\u00e1jomn\u00fd z\u00e1pas bol vyrovnan\u00fd a do poslednej chv\u00edle nap\u00ednav\u00fd. Ide\u00e1lne by bolo posla\u0165<span class=\"Apple-converted-space\">\u00a0 <\/span>\u201epipenovcov\u201c sp\u00e4\u0165 na kopanice s troma nulkami v dvoch mikrobusoch, av\u0161ak matematika zajtraj\u0161ieho z\u00e1pasu mi sk\u00f4r vych\u00e1dza na ve\u013ek\u00fd boj o ka\u017ed\u00fa loptu s podobn\u00fdm nap\u00ednav\u00fdm priebehom ako na Myjave. \u010ci\u017ee dom\u00e1ci vyhraj\u00fa (\u00fasmev).<\/span><\/p>\n<p class=\"p1\"><strong><span class=\"s1\">Ty patr\u00ed\u0161 k najsk\u00fasenej\u0161\u00edm hr\u00e1\u010dom extraligy. Ako sa c\u00edti\u0161 a ako zatia\u013e hodnot\u00ed\u0161 tuto sez\u00f3nu?<\/span><\/strong><\/p>\n<p class=\"p1\"><span class=\"s1\">Presne ako p\u00ed\u0161e\u0161, vek je len \u010d\u00edslo, \u0161ediny vyra\u0161ili, telo ob\u010das zabol\u00ed, no remeslo sa nezab\u00fada. \u013dubo\u0161 Kostol\u00e1ni mi moc \u0161anc\u00ed dosta\u0165 sa na ihrisko nedal, pod\u00e1va zatia\u013e stabilne dobr\u00e9 v\u00fdkony a ni\u010d by som nemal proti, aby to tak ostalo a\u017e do konca sez\u00f3ny s podmienkou, \u017ee ma domov odnes\u00fa s medailou na krku <\/span><span class=\"s2\">\ud83d\ude0a<\/span><span class=\"s1\">. Na hodnotenie je e\u0161te priskoro, ver\u00edm \u017ee sa sez\u00f3na d\u00f4stojne dohr\u00e1 a budem r\u00e1d ke\u010f budem m\u00f4c\u0165 rozp\u00edli\u0165 medailu pre moje dve dc\u00e9rky.<\/span><\/p>\n<p class=\"p1\"><span class=\"s1\"><strong>Ako zatia\u013e vn\u00edma\u0161 n\u00e1vrat VKP do Bratislavy<\/strong>?<\/span><\/p>\n<p class=\"p1\"><span class=\"s1\">VKP bola v\u017edy moja srdcov\u00e1 z\u00e1le\u017eitos\u0165. VKP m\u00f4\u017ee z ve\u013ekej \u010dasti za to, \u010d\u00edm dnes som, za \u010do som ve\u013emi v\u010fa\u010dn\u00fd.\u00a0<\/span>Som nesmierne r\u00e1d, \u017ee VKP je sp\u00e4\u0165 v Bratislave tam, kde v\u017edy patril a ve\u013emi mu prajem, aby jedn\u00e9ho d\u0148a obh\u00e1jil poz\u00edcie z \u010dias svojej najv\u00e4\u010d\u0161ej sl\u00e1vy.<\/p>\n","protected":false},"excerpt":{"rendered":"<p>Boris Demeter patr\u00ed k najsk\u00fasenej\u0161\u00edm hr\u00e1\u010dom nielen v extralige, ale aj v t\u00edme VKP Bratislava. Pred z\u00e1pasom s Myjavousme ho vyspovedali ako vn\u00edma n\u00e1vrat \u201cpolicajtov\u201d do Bratislavy i to, \u010do o\u010dak\u00e1va od najbli\u017e\u0161ieho z\u00e1pasu s Myjavou.<\/p>\n","protected":false},"author":3,"featured_media":3353,"comment_status":"closed","ping_status":"open","sticky":false,"template":"","format":"standard","meta":{"_monsterinsights_skip_tracking":false,"_monsterinsights_sitenote_active":false,"_monsterinsights_sitenote_note":"","_monsterinsights_sitenote_category":0,"footnotes":""},"categories":[47],"tags":[],"class_list":["post-3375","post","type-post","status-publish","format-standard","has-post-thumbnail","hentry","category-muzi"],"yoast_head":"<!-- This site is optimized with the Yoast SEO plugin v25.6 - https:\/\/yoast.com\/wordpress\/plugins\/seo\/ -->\n<title>Sk\u00fasen\u00fd Demeter: Pre dc\u00e9rky chcem z\u00edska\u0165 medailu - VK SLOVAN Bratislava<\/title>\n<meta name=\"description\" content=\"Boris Demeter patr\u00ed k najsk\u00fasenej\u0161\u00edm hr\u00e1\u010dom nielen v extralige, ale aj v t\u00edme VKP Bratislava. Pred z\u00e1pasom s Myjavousme ho vyspovedali ako vn\u00edma n\u00e1vrat \u201cpolicajtov\u201d do Bratislavy i to, \u010do o\u010dak\u00e1va od najbli\u017e\u0161ieho z\u00e1pasu s Myjavou.\" \/>\n<meta name=\"robots\" content=\"index, follow, max-snippet:-1, max-image-preview:large, max-video-preview:-1\" \/>\n<link rel=\"canonical\" href=\"https:\/\/www.vkpbratislava.sk\/?p=3375\" \/>\n<meta property=\"og:locale\" content=\"sk_SK\" \/>\n<meta property=\"og:type\" content=\"article\" \/>\n<meta property=\"og:title\" content=\"Sk\u00fasen\u00fd Demeter: Pre dc\u00e9rky chcem z\u00edska\u0165 medailu - VK SLOVAN Bratislava\" \/>\n<meta property=\"og:description\" content=\"Boris Demeter patr\u00ed k najsk\u00fasenej\u0161\u00edm hr\u00e1\u010dom nielen v extralige, ale aj v t\u00edme VKP Bratislava. Pred z\u00e1pasom s Myjavousme ho vyspovedali ako vn\u00edma n\u00e1vrat \u201cpolicajtov\u201d do Bratislavy i to, \u010do o\u010dak\u00e1va od najbli\u017e\u0161ieho z\u00e1pasu s Myjavou.\" \/>\n<meta property=\"og:url\" content=\"https:\/\/www.vkpbratislava.sk\/?p=3375\" \/>\n<meta property=\"og:site_name\" content=\"VK SLOVAN Bratislava\" \/>\n<meta property=\"article:published_time\" content=\"2020-12-18T21:25:33+00:00\" \/>\n<meta property=\"og:image\" content=\"https:\/\/www.vkpbratislava.sk\/wp-content\/uploads\/2020\/12\/DF1A7614.jpg\" \/>\n\t<meta property=\"og:image:width\" content=\"2048\" \/>\n\t<meta property=\"og:image:height\" content=\"1365\" \/>\n\t<meta property=\"og:image:type\" content=\"image\/jpeg\" \/>\n<meta name=\"author\" content=\"jenca\" \/>\n<meta name=\"twitter:card\" content=\"summary_large_image\" \/>\n<meta name=\"twitter:label1\" content=\"Autor\" \/>\n\t<meta name=\"twitter:data1\" content=\"jenca\" \/>\n\t<meta name=\"twitter:label2\" content=\"Predpokladan\u00fd \u010das \u010d\u00edtania\" \/>\n\t<meta name=\"twitter:data2\" content=\"2 min\u00faty\" \/>\n<script type=\"application\/ld+json\" class=\"yoast-schema-graph\">{\"@context\":\"https:\/\/schema.org\",\"@graph\":[{\"@type\":\"Article\",\"@id\":\"https:\/\/www.vkpbratislava.sk\/?p=3375#article\",\"isPartOf\":{\"@id\":\"https:\/\/www.vkpbratislava.sk\/?p=3375\"},\"author\":{\"name\":\"jenca\",\"@id\":\"https:\/\/www.vkpbratislava.sk\/#\/schema\/person\/7037e769f9515aa58493d1b5852c4c50\"},\"headline\":\"Sk\u00fasen\u00fd Demeter: Pre dc\u00e9rky chcem z\u00edska\u0165 medailu\",\"datePublished\":\"2020-12-18T21:25:33+00:00\",\"mainEntityOfPage\":{\"@id\":\"https:\/\/www.vkpbratislava.sk\/?p=3375\"},\"wordCount\":458,\"publisher\":{\"@id\":\"https:\/\/www.vkpbratislava.sk\/#organization\"},\"image\":{\"@id\":\"https:\/\/www.vkpbratislava.sk\/?p=3375#primaryimage\"},\"thumbnailUrl\":\"https:\/\/www.vkpbratislava.sk\/wp-content\/uploads\/2020\/12\/DF1A7614.jpg\",\"articleSection\":[\"Mu\u017ei\"],\"inLanguage\":\"sk-SK\"},{\"@type\":\"WebPage\",\"@id\":\"https:\/\/www.vkpbratislava.sk\/?p=3375\",\"url\":\"https:\/\/www.vkpbratislava.sk\/?p=3375\",\"name\":\"Sk\u00fasen\u00fd Demeter: Pre dc\u00e9rky chcem z\u00edska\u0165 medailu - VK SLOVAN Bratislava\",\"isPartOf\":{\"@id\":\"https:\/\/www.vkpbratislava.sk\/#website\"},\"primaryImageOfPage\":{\"@id\":\"https:\/\/www.vkpbratislava.sk\/?p=3375#primaryimage\"},\"image\":{\"@id\":\"https:\/\/www.vkpbratislava.sk\/?p=3375#primaryimage\"},\"thumbnailUrl\":\"https:\/\/www.vkpbratislava.sk\/wp-content\/uploads\/2020\/12\/DF1A7614.jpg\",\"datePublished\":\"2020-12-18T21:25:33+00:00\",\"description\":\"Boris Demeter patr\u00ed k najsk\u00fasenej\u0161\u00edm hr\u00e1\u010dom nielen v extralige, ale aj v t\u00edme VKP Bratislava. Pred z\u00e1pasom s Myjavousme ho vyspovedali ako vn\u00edma n\u00e1vrat \u201cpolicajtov\u201d do Bratislavy i to, \u010do o\u010dak\u00e1va od najbli\u017e\u0161ieho z\u00e1pasu s Myjavou.\",\"breadcrumb\":{\"@id\":\"https:\/\/www.vkpbratislava.sk\/?p=3375#breadcrumb\"},\"inLanguage\":\"sk-SK\",\"potentialAction\":[{\"@type\":\"ReadAction\",\"target\":[\"https:\/\/www.vkpbratislava.sk\/?p=3375\"]}]},{\"@type\":\"ImageObject\",\"inLanguage\":\"sk-SK\",\"@id\":\"https:\/\/www.vkpbratislava.sk\/?p=3375#primaryimage\",\"url\":\"https:\/\/www.vkpbratislava.sk\/wp-content\/uploads\/2020\/12\/DF1A7614.jpg\",\"contentUrl\":\"https:\/\/www.vkpbratislava.sk\/wp-content\/uploads\/2020\/12\/DF1A7614.jpg\",\"width\":2048,\"height\":1365},{\"@type\":\"BreadcrumbList\",\"@id\":\"https:\/\/www.vkpbratislava.sk\/?p=3375#breadcrumb\",\"itemListElement\":[{\"@type\":\"ListItem\",\"position\":1,\"name\":\"Domov\",\"item\":\"https:\/\/www.vkpbratislava.sk\/\"},{\"@type\":\"ListItem\",\"position\":2,\"name\":\"Sk\u00fasen\u00fd Demeter: Pre dc\u00e9rky chcem z\u00edska\u0165 medailu\"}]},{\"@type\":\"WebSite\",\"@id\":\"https:\/\/www.vkpbratislava.sk\/#website\",\"url\":\"https:\/\/www.vkpbratislava.sk\/\",\"name\":\"VK SLOVAN Bratislava\",\"description\":\"Volejbalov\u00fd klub\",\"publisher\":{\"@id\":\"https:\/\/www.vkpbratislava.sk\/#organization\"},\"potentialAction\":[{\"@type\":\"SearchAction\",\"target\":{\"@type\":\"EntryPoint\",\"urlTemplate\":\"https:\/\/www.vkpbratislava.sk\/?s={search_term_string}\"},\"query-input\":{\"@type\":\"PropertyValueSpecification\",\"valueRequired\":true,\"valueName\":\"search_term_string\"}}],\"inLanguage\":\"sk-SK\"},{\"@type\":\"Organization\",\"@id\":\"https:\/\/www.vkpbratislava.sk\/#organization\",\"name\":\"VKP Bratislava\",\"url\":\"https:\/\/www.vkpbratislava.sk\/\",\"logo\":{\"@type\":\"ImageObject\",\"inLanguage\":\"sk-SK\",\"@id\":\"https:\/\/www.vkpbratislava.sk\/#\/schema\/logo\/image\/\",\"url\":\"https:\/\/www.vkpbratislava.sk\/wp-content\/uploads\/2020\/10\/vkpBA.png\",\"contentUrl\":\"https:\/\/www.vkpbratislava.sk\/wp-content\/uploads\/2020\/10\/vkpBA.png\",\"width\":600,\"height\":600,\"caption\":\"VKP Bratislava\"},\"image\":{\"@id\":\"https:\/\/www.vkpbratislava.sk\/#\/schema\/logo\/image\/\"}},{\"@type\":\"Person\",\"@id\":\"https:\/\/www.vkpbratislava.sk\/#\/schema\/person\/7037e769f9515aa58493d1b5852c4c50\",\"name\":\"jenca\",\"image\":{\"@type\":\"ImageObject\",\"inLanguage\":\"sk-SK\",\"@id\":\"https:\/\/www.vkpbratislava.sk\/#\/schema\/person\/image\/\",\"url\":\"https:\/\/secure.gravatar.com\/avatar\/67aa89e9aab2911bbd0c6fbf0a891ea8d80c207c9b6a6e2c96e13fc2f16e536d?s=96&d=mm&r=g\",\"contentUrl\":\"https:\/\/secure.gravatar.com\/avatar\/67aa89e9aab2911bbd0c6fbf0a891ea8d80c207c9b6a6e2c96e13fc2f16e536d?s=96&d=mm&r=g\",\"caption\":\"jenca\"},\"url\":\"https:\/\/www.vkpbratislava.sk\/?author=3\"}]}<\/script>\n<!-- \/ Yoast SEO plugin. -->","yoast_head_json":{"title":"Sk\u00fasen\u00fd Demeter: Pre dc\u00e9rky chcem z\u00edska\u0165 medailu - VK SLOVAN Bratislava","description":"Boris Demeter patr\u00ed k najsk\u00fasenej\u0161\u00edm hr\u00e1\u010dom nielen v extralige, ale aj v t\u00edme VKP Bratislava. Pred z\u00e1pasom s Myjavousme ho vyspovedali ako vn\u00edma n\u00e1vrat \u201cpolicajtov\u201d do Bratislavy i to, \u010do o\u010dak\u00e1va od najbli\u017e\u0161ieho z\u00e1pasu s Myjavou.","robots":{"index":"index","follow":"follow","max-snippet":"max-snippet:-1","max-image-preview":"max-image-preview:large","max-video-preview":"max-video-preview:-1"},"canonical":"https:\/\/www.vkpbratislava.sk\/?p=3375","og_locale":"sk_SK","og_type":"article","og_title":"Sk\u00fasen\u00fd Demeter: Pre dc\u00e9rky chcem z\u00edska\u0165 medailu - VK SLOVAN Bratislava","og_description":"Boris Demeter patr\u00ed k najsk\u00fasenej\u0161\u00edm hr\u00e1\u010dom nielen v extralige, ale aj v t\u00edme VKP Bratislava. Pred z\u00e1pasom s Myjavousme ho vyspovedali ako vn\u00edma n\u00e1vrat \u201cpolicajtov\u201d do Bratislavy i to, \u010do o\u010dak\u00e1va od najbli\u017e\u0161ieho z\u00e1pasu s Myjavou.","og_url":"https:\/\/www.vkpbratislava.sk\/?p=3375","og_site_name":"VK SLOVAN Bratislava","article_published_time":"2020-12-18T21:25:33+00:00","og_image":[{"width":2048,"height":1365,"url":"https:\/\/www.vkpbratislava.sk\/wp-content\/uploads\/2020\/12\/DF1A7614.jpg","type":"image\/jpeg"}],"author":"jenca","twitter_card":"summary_large_image","twitter_misc":{"Autor":"jenca","Predpokladan\u00fd \u010das \u010d\u00edtania":"2 min\u00faty"},"schema":{"@context":"https:\/\/schema.org","@graph":[{"@type":"Article","@id":"https:\/\/www.vkpbratislava.sk\/?p=3375#article","isPartOf":{"@id":"https:\/\/www.vkpbratislava.sk\/?p=3375"},"author":{"name":"jenca","@id":"https:\/\/www.vkpbratislava.sk\/#\/schema\/person\/7037e769f9515aa58493d1b5852c4c50"},"headline":"Sk\u00fasen\u00fd Demeter: Pre dc\u00e9rky chcem z\u00edska\u0165 medailu","datePublished":"2020-12-18T21:25:33+00:00","mainEntityOfPage":{"@id":"https:\/\/www.vkpbratislava.sk\/?p=3375"},"wordCount":458,"publisher":{"@id":"https:\/\/www.vkpbratislava.sk\/#organization"},"image":{"@id":"https:\/\/www.vkpbratislava.sk\/?p=3375#primaryimage"},"thumbnailUrl":"https:\/\/www.vkpbratislava.sk\/wp-content\/uploads\/2020\/12\/DF1A7614.jpg","articleSection":["Mu\u017ei"],"inLanguage":"sk-SK"},{"@type":"WebPage","@id":"https:\/\/www.vkpbratislava.sk\/?p=3375","url":"https:\/\/www.vkpbratislava.sk\/?p=3375","name":"Sk\u00fasen\u00fd Demeter: Pre dc\u00e9rky chcem z\u00edska\u0165 medailu - VK SLOVAN Bratislava","isPartOf":{"@id":"https:\/\/www.vkpbratislava.sk\/#website"},"primaryImageOfPage":{"@id":"https:\/\/www.vkpbratislava.sk\/?p=3375#primaryimage"},"image":{"@id":"https:\/\/www.vkpbratislava.sk\/?p=3375#primaryimage"},"thumbnailUrl":"https:\/\/www.vkpbratislava.sk\/wp-content\/uploads\/2020\/12\/DF1A7614.jpg","datePublished":"2020-12-18T21:25:33+00:00","description":"Boris Demeter patr\u00ed k najsk\u00fasenej\u0161\u00edm hr\u00e1\u010dom nielen v extralige, ale aj v t\u00edme VKP Bratislava. Pred z\u00e1pasom s Myjavousme ho vyspovedali ako vn\u00edma n\u00e1vrat \u201cpolicajtov\u201d do Bratislavy i to, \u010do o\u010dak\u00e1va od najbli\u017e\u0161ieho z\u00e1pasu s Myjavou.","breadcrumb":{"@id":"https:\/\/www.vkpbratislava.sk\/?p=3375#breadcrumb"},"inLanguage":"sk-SK","potentialAction":[{"@type":"ReadAction","target":["https:\/\/www.vkpbratislava.sk\/?p=3375"]}]},{"@type":"ImageObject","inLanguage":"sk-SK","@id":"https:\/\/www.vkpbratislava.sk\/?p=3375#primaryimage","url":"https:\/\/www.vkpbratislava.sk\/wp-content\/uploads\/2020\/12\/DF1A7614.jpg","contentUrl":"https:\/\/www.vkpbratislava.sk\/wp-content\/uploads\/2020\/12\/DF1A7614.jpg","width":2048,"height":1365},{"@type":"BreadcrumbList","@id":"https:\/\/www.vkpbratislava.sk\/?p=3375#breadcrumb","itemListElement":[{"@type":"ListItem","position":1,"name":"Domov","item":"https:\/\/www.vkpbratislava.sk\/"},{"@type":"ListItem","position":2,"name":"Sk\u00fasen\u00fd Demeter: Pre dc\u00e9rky chcem z\u00edska\u0165 medailu"}]},{"@type":"WebSite","@id":"https:\/\/www.vkpbratislava.sk\/#website","url":"https:\/\/www.vkpbratislava.sk\/","name":"VK SLOVAN Bratislava","description":"Volejbalov\u00fd klub","publisher":{"@id":"https:\/\/www.vkpbratislava.sk\/#organization"},"potentialAction":[{"@type":"SearchAction","target":{"@type":"EntryPoint","urlTemplate":"https:\/\/www.vkpbratislava.sk\/?s={search_term_string}"},"query-input":{"@type":"PropertyValueSpecification","valueRequired":true,"valueName":"search_term_string"}}],"inLanguage":"sk-SK"},{"@type":"Organization","@id":"https:\/\/www.vkpbratislava.sk\/#organization","name":"VKP Bratislava","url":"https:\/\/www.vkpbratislava.sk\/","logo":{"@type":"ImageObject","inLanguage":"sk-SK","@id":"https:\/\/www.vkpbratislava.sk\/#\/schema\/logo\/image\/","url":"https:\/\/www.vkpbratislava.sk\/wp-content\/uploads\/2020\/10\/vkpBA.png","contentUrl":"https:\/\/www.vkpbratislava.sk\/wp-content\/uploads\/2020\/10\/vkpBA.png","width":600,"height":600,"caption":"VKP Bratislava"},"image":{"@id":"https:\/\/www.vkpbratislava.sk\/#\/schema\/logo\/image\/"}},{"@type":"Person","@id":"https:\/\/www.vkpbratislava.sk\/#\/schema\/person\/7037e769f9515aa58493d1b5852c4c50","name":"jenca","image":{"@type":"ImageObject","inLanguage":"sk-SK","@id":"https:\/\/www.vkpbratislava.sk\/#\/schema\/person\/image\/","url":"https:\/\/secure.gravatar.com\/avatar\/67aa89e9aab2911bbd0c6fbf0a891ea8d80c207c9b6a6e2c96e13fc2f16e536d?s=96&d=mm&r=g","contentUrl":"https:\/\/secure.gravatar.com\/avatar\/67aa89e9aab2911bbd0c6fbf0a891ea8d80c207c9b6a6e2c96e13fc2f16e536d?s=96&d=mm&r=g","caption":"jenca"},"url":"https:\/\/www.vkpbratislava.sk\/?author=3"}]}},"_links":{"self":[{"href":"https:\/\/www.vkpbratislava.sk\/index.php?rest_route=\/wp\/v2\/posts\/3375","targetHints":{"allow":["GET"]}}],"collection":[{"href":"https:\/\/www.vkpbratislava.sk\/index.php?rest_route=\/wp\/v2\/posts"}],"about":[{"href":"https:\/\/www.vkpbratislava.sk\/index.php?rest_route=\/wp\/v2\/types\/post"}],"author":[{"embeddable":true,"href":"https:\/\/www.vkpbratislava.sk\/index.php?rest_route=\/wp\/v2\/users\/3"}],"replies":[{"embeddable":true,"href":"https:\/\/www.vkpbratislava.sk\/index.php?rest_route=%2Fwp%2Fv2%2Fcomments&post=3375"}],"version-history":[{"count":1,"href":"https:\/\/www.vkpbratislava.sk\/index.php?rest_route=\/wp\/v2\/posts\/3375\/revisions"}],"predecessor-version":[{"id":3376,"href":"https:\/\/www.vkpbratislava.sk\/index.php?rest_route=\/wp\/v2\/posts\/3375\/revisions\/3376"}],"wp:featuredmedia":[{"embeddable":true,"href":"https:\/\/www.vkpbratislava.sk\/index.php?rest_route=\/wp\/v2\/media\/3353"}],"wp:attachment":[{"href":"https:\/\/www.vkpbratislava.sk\/index.php?rest_route=%2Fwp%2Fv2%2Fmedia&parent=3375"}],"wp:term":[{"taxonomy":"category","embeddable":true,"href":"https:\/\/www.vkpbratislava.sk\/index.php?rest_route=%2Fwp%2Fv2%2Fcategories&post=3375"},{"taxonomy":"post_tag","embeddable":true,"href":"https:\/\/www.vkpbratislava.sk\/index.php?rest_route=%2Fwp%2Fv2%2Ftags&post=3375"}],"curies":[{"name":"wp","href":"https:\/\/api.w.org\/{rel}","templated":true}]}}