{"id":33932,"date":"2024-10-08T16:03:24","date_gmt":"2024-10-08T14:03:24","guid":{"rendered":"https:\/\/www.vkpbratislava.sk\/?p=33932"},"modified":"2024-10-08T16:03:24","modified_gmt":"2024-10-08T14:03:24","slug":"zatko-a-spol-vitaznou-nohou-vpred","status":"publish","type":"post","link":"https:\/\/www.vkpbratislava.sk\/?p=33932","title":{"rendered":"Za\u0165ko a spol v\u00ed\u0165aznou nohou vpred"},"content":{"rendered":"<p class=\"p1\" style=\"line-height: 150%;\">Mu\u017esk\u00e1 Nik\u00e9 Extraliga v\u00a0piatok od\u0161tartovala z\u00e1pasom VKP FTV\u0160 UK Bratislava \u2013 TJ Spartak Myjava nov\u00fd ro\u010dn\u00edk 1. kolom.<\/p>\n<p class=\"p1\" style=\"line-height: 150%;\">V\u00a0dueli medailistov z\u00a0minul\u00e9ho ro\u010dn\u00edka sa lep\u0161ie darilo \u201epolicajtom\u201c, ke\u010f vyhrali 3:1.<\/p>\n<p class=\"p1\" style=\"line-height: 150%;\">V\u00a0prvom dueli po n\u00e1vrate do dom\u00e1cej s\u00fa\u0165a\u017ee uk\u00e1zal svoju kvalitu 17 bodmi sme\u010diar Tom\u00e1\u0161 Kri\u0161ko, ke\u010f na \u00fatoku dosiahol 68-percentn\u00fa \u00faspe\u0161nos\u0165 a\u00a04 esami dopomohol svojmu dru\u017estvu k\u00a0trojbodov\u00e9mu v\u00ed\u0165azstvu.<\/p>\n<p class=\"p1\" style=\"line-height: 150%;\"><b>Nik\u00e9 Extraliga mu\u017ei \u2013 1. kolo \u2013 piatok:<\/b><\/p>\n<p class=\"p1\" style=\"line-height: 150%;\"><b>VKP FTV\u0160 UK Bratislava \u2013 TJ Spartak Myjava 3:1 (14, -21, 19, 16)<\/b><\/p>\n<p class=\"p1\" style=\"line-height: 150%;\"><b>Rozhodovali: <\/b>Tir\u0161el a Dovi\u010dovi\u010d, 300 div\u00e1kov.<\/p>\n<p class=\"p1\" style=\"line-height: 150%;\"><b>VKP FTV\u0160 UK: <\/b>Za\u0165ko 5, Kri\u0161ko 17, Billich 6, Truba\u010d 19, Fo\u0159t 9, \u0160ellong 1, libero Jakub\u00edk (Marjov 5). Tr\u00e9ner: R. P\u011blucha.<\/p>\n<p class=\"p1\" style=\"line-height: 150%;\"><b>TJ SPARTAK: <\/b>Rendla 1, Machovec 0, Sorra 4, Konc 16, O. Zeman 6, Viskup 18, libero S. Pa\u0148ko (Klima\u010dek 2, B. Skasko 4). Tr\u00e9ner: M. Kaln\u00fd.<\/p>\n<p class=\"p1\" style=\"line-height: 150%;\"><b>Hr\u00e1\u010di z\u00e1pasu: <\/b>Dominik Fo\u0159t (VKP FTV\u0160 UK Bratislava) \u2013 Mat\u00fa\u0161 Konc (TJ Spartak Myjava)<\/p>\n<p class=\"p1\" style=\"line-height: 150%;\"><b>Robin P\u011blucha, tr\u00e9ner VKP FTV\u0160 UK: <\/b>\u201eBol to klasick\u00fd prv\u00fd z\u00e1pas, ale som r\u00e1d, \u017ee sme vyhrali. Duel bol ako na hojda\u010dke. Prv\u00fd set sme hladko vyhrali, potom sme sa uspokojili a\u00a0druh\u00fd set prehrali. V\u00a0tre\u0165om sme sa \u0165ahali do koncovky, ale na\u0161\u0165astie sme v\u00a0jej z\u00e1vere pritla\u010dili na servise a\u00a0Myjave u\u0161li. Z\u00e1vere\u010dn\u00e9 dejstvo bol u\u017e aj z\u00e1sluhou host\u00ed v\u00a0na\u0161ej r\u00e9\u017eii. \u010cak\u00e1 n\u00e1s ve\u013ea pr\u00e1ce, ale sme radi za tri body.\u201d<\/p>\n<p class=\"p1\" style=\"line-height: 150%;\"><b>Mat\u00fa\u0161 Kaln\u00fd, tr\u00e9ner TJ Spartak: <\/b>\u201eRozhodla sk\u00fasenos\u0165 dom\u00e1ceho t\u00edmu. Zlomov\u00fd moment pri\u0161iel v koncovke tretieho setu, ke\u010f sme viedli 18:17 a na podanie pri\u0161iel Kri\u0161ko. Odch\u00e1dzal z neho za stavu 18:23 v n\u00e1\u0161 neprospech a to bolo rozhoduj\u00face. To n\u00e1s zlomilo. Ideme \u010falej, bojujeme a mus\u00edme sa zlep\u0161ova\u0165.&#8220;<\/p>\n<p class=\"p1\" style=\"line-height: 150%;\">Zdroj:svf<\/p>\n","protected":false},"excerpt":{"rendered":"<p>Mu\u017esk\u00e1 Nik\u00e9 Extraliga v\u00a0piatok od\u0161tartovala z\u00e1pasom VKP FTV\u0160 UK Bratislava \u2013 TJ Spartak Myjava nov\u00fd ro\u010dn\u00edk 1. kolom. V\u00a0dueli medailistov z\u00a0minul\u00e9ho ro\u010dn\u00edka sa lep\u0161ie darilo \u201epolicajtom\u201c, ke\u010f vyhrali 3:1. V\u00a0prvom dueli po n\u00e1vrate do dom\u00e1cej s\u00fa\u0165a\u017ee uk\u00e1zal svoju kvalitu 17 bodmi sme\u010diar Tom\u00e1\u0161 Kri\u0161ko, ke\u010f na \u00fatoku dosiahol 68-percentn\u00fa \u00faspe\u0161nos\u0165 a\u00a04 esami dopomohol svojmu dru\u017estvu&#8230;<\/p>\n","protected":false},"author":3,"featured_media":33902,"comment_status":"closed","ping_status":"closed","sticky":false,"template":"","format":"standard","meta":{"_monsterinsights_skip_tracking":false,"_monsterinsights_sitenote_active":false,"_monsterinsights_sitenote_note":"","_monsterinsights_sitenote_category":0,"footnotes":""},"categories":[47],"tags":[],"class_list":["post-33932","post","type-post","status-publish","format-standard","has-post-thumbnail","hentry","category-muzi"],"yoast_head":"<!-- This site is optimized with the Yoast SEO plugin v25.6 - https:\/\/yoast.com\/wordpress\/plugins\/seo\/ -->\n<title>Za\u0165ko a spol v\u00ed\u0165aznou nohou vpred - VK SLOVAN Bratislava<\/title>\n<meta name=\"robots\" content=\"index, follow, max-snippet:-1, max-image-preview:large, max-video-preview:-1\" \/>\n<link rel=\"canonical\" href=\"https:\/\/www.vkpbratislava.sk\/?p=33932\" \/>\n<meta property=\"og:locale\" content=\"sk_SK\" \/>\n<meta property=\"og:type\" content=\"article\" \/>\n<meta property=\"og:title\" content=\"Za\u0165ko a spol v\u00ed\u0165aznou nohou vpred - VK SLOVAN Bratislava\" \/>\n<meta property=\"og:description\" content=\"Mu\u017esk\u00e1 Nik\u00e9 Extraliga v\u00a0piatok od\u0161tartovala z\u00e1pasom VKP FTV\u0160 UK Bratislava \u2013 TJ Spartak Myjava nov\u00fd ro\u010dn\u00edk 1. kolom. V\u00a0dueli medailistov z\u00a0minul\u00e9ho ro\u010dn\u00edka sa lep\u0161ie darilo \u201epolicajtom\u201c, ke\u010f vyhrali 3:1. V\u00a0prvom dueli po n\u00e1vrate do dom\u00e1cej s\u00fa\u0165a\u017ee uk\u00e1zal svoju kvalitu 17 bodmi sme\u010diar Tom\u00e1\u0161 Kri\u0161ko, ke\u010f na \u00fatoku dosiahol 68-percentn\u00fa \u00faspe\u0161nos\u0165 a\u00a04 esami dopomohol svojmu dru\u017estvu...\" \/>\n<meta property=\"og:url\" content=\"https:\/\/www.vkpbratislava.sk\/?p=33932\" \/>\n<meta property=\"og:site_name\" content=\"VK SLOVAN Bratislava\" \/>\n<meta property=\"article:published_time\" content=\"2024-10-08T14:03:24+00:00\" \/>\n<meta property=\"og:image\" content=\"https:\/\/www.vkpbratislava.sk\/wp-content\/uploads\/2024\/10\/MS_20241004_VKPvsMyjava-115.jpg\" \/>\n\t<meta property=\"og:image:width\" content=\"2048\" \/>\n\t<meta property=\"og:image:height\" content=\"1365\" \/>\n\t<meta property=\"og:image:type\" content=\"image\/jpeg\" \/>\n<meta name=\"author\" content=\"jenca\" \/>\n<meta name=\"twitter:card\" content=\"summary_large_image\" \/>\n<meta name=\"twitter:label1\" content=\"Autor\" \/>\n\t<meta name=\"twitter:data1\" content=\"jenca\" \/>\n\t<meta name=\"twitter:label2\" content=\"Predpokladan\u00fd \u010das \u010d\u00edtania\" \/>\n\t<meta name=\"twitter:data2\" content=\"1 min\u00fata\" \/>\n<script type=\"application\/ld+json\" class=\"yoast-schema-graph\">{\"@context\":\"https:\/\/schema.org\",\"@graph\":[{\"@type\":\"Article\",\"@id\":\"https:\/\/www.vkpbratislava.sk\/?p=33932#article\",\"isPartOf\":{\"@id\":\"https:\/\/www.vkpbratislava.sk\/?p=33932\"},\"author\":{\"name\":\"jenca\",\"@id\":\"https:\/\/www.vkpbratislava.sk\/#\/schema\/person\/7037e769f9515aa58493d1b5852c4c50\"},\"headline\":\"Za\u0165ko a spol v\u00ed\u0165aznou nohou vpred\",\"datePublished\":\"2024-10-08T14:03:24+00:00\",\"mainEntityOfPage\":{\"@id\":\"https:\/\/www.vkpbratislava.sk\/?p=33932\"},\"wordCount\":318,\"publisher\":{\"@id\":\"https:\/\/www.vkpbratislava.sk\/#organization\"},\"image\":{\"@id\":\"https:\/\/www.vkpbratislava.sk\/?p=33932#primaryimage\"},\"thumbnailUrl\":\"https:\/\/www.vkpbratislava.sk\/wp-content\/uploads\/2024\/10\/MS_20241004_VKPvsMyjava-115.jpg\",\"articleSection\":[\"Mu\u017ei\"],\"inLanguage\":\"sk-SK\"},{\"@type\":\"WebPage\",\"@id\":\"https:\/\/www.vkpbratislava.sk\/?p=33932\",\"url\":\"https:\/\/www.vkpbratislava.sk\/?p=33932\",\"name\":\"Za\u0165ko a spol v\u00ed\u0165aznou nohou vpred - VK SLOVAN Bratislava\",\"isPartOf\":{\"@id\":\"https:\/\/www.vkpbratislava.sk\/#website\"},\"primaryImageOfPage\":{\"@id\":\"https:\/\/www.vkpbratislava.sk\/?p=33932#primaryimage\"},\"image\":{\"@id\":\"https:\/\/www.vkpbratislava.sk\/?p=33932#primaryimage\"},\"thumbnailUrl\":\"https:\/\/www.vkpbratislava.sk\/wp-content\/uploads\/2024\/10\/MS_20241004_VKPvsMyjava-115.jpg\",\"datePublished\":\"2024-10-08T14:03:24+00:00\",\"breadcrumb\":{\"@id\":\"https:\/\/www.vkpbratislava.sk\/?p=33932#breadcrumb\"},\"inLanguage\":\"sk-SK\",\"potentialAction\":[{\"@type\":\"ReadAction\",\"target\":[\"https:\/\/www.vkpbratislava.sk\/?p=33932\"]}]},{\"@type\":\"ImageObject\",\"inLanguage\":\"sk-SK\",\"@id\":\"https:\/\/www.vkpbratislava.sk\/?p=33932#primaryimage\",\"url\":\"https:\/\/www.vkpbratislava.sk\/wp-content\/uploads\/2024\/10\/MS_20241004_VKPvsMyjava-115.jpg\",\"contentUrl\":\"https:\/\/www.vkpbratislava.sk\/wp-content\/uploads\/2024\/10\/MS_20241004_VKPvsMyjava-115.jpg\",\"width\":2048,\"height\":1365},{\"@type\":\"BreadcrumbList\",\"@id\":\"https:\/\/www.vkpbratislava.sk\/?p=33932#breadcrumb\",\"itemListElement\":[{\"@type\":\"ListItem\",\"position\":1,\"name\":\"Domov\",\"item\":\"https:\/\/www.vkpbratislava.sk\/\"},{\"@type\":\"ListItem\",\"position\":2,\"name\":\"Za\u0165ko a spol v\u00ed\u0165aznou nohou vpred\"}]},{\"@type\":\"WebSite\",\"@id\":\"https:\/\/www.vkpbratislava.sk\/#website\",\"url\":\"https:\/\/www.vkpbratislava.sk\/\",\"name\":\"VK SLOVAN Bratislava\",\"description\":\"Volejbalov\u00fd klub\",\"publisher\":{\"@id\":\"https:\/\/www.vkpbratislava.sk\/#organization\"},\"potentialAction\":[{\"@type\":\"SearchAction\",\"target\":{\"@type\":\"EntryPoint\",\"urlTemplate\":\"https:\/\/www.vkpbratislava.sk\/?s={search_term_string}\"},\"query-input\":{\"@type\":\"PropertyValueSpecification\",\"valueRequired\":true,\"valueName\":\"search_term_string\"}}],\"inLanguage\":\"sk-SK\"},{\"@type\":\"Organization\",\"@id\":\"https:\/\/www.vkpbratislava.sk\/#organization\",\"name\":\"VKP Bratislava\",\"url\":\"https:\/\/www.vkpbratislava.sk\/\",\"logo\":{\"@type\":\"ImageObject\",\"inLanguage\":\"sk-SK\",\"@id\":\"https:\/\/www.vkpbratislava.sk\/#\/schema\/logo\/image\/\",\"url\":\"https:\/\/www.vkpbratislava.sk\/wp-content\/uploads\/2020\/10\/vkpBA.png\",\"contentUrl\":\"https:\/\/www.vkpbratislava.sk\/wp-content\/uploads\/2020\/10\/vkpBA.png\",\"width\":600,\"height\":600,\"caption\":\"VKP Bratislava\"},\"image\":{\"@id\":\"https:\/\/www.vkpbratislava.sk\/#\/schema\/logo\/image\/\"}},{\"@type\":\"Person\",\"@id\":\"https:\/\/www.vkpbratislava.sk\/#\/schema\/person\/7037e769f9515aa58493d1b5852c4c50\",\"name\":\"jenca\",\"image\":{\"@type\":\"ImageObject\",\"inLanguage\":\"sk-SK\",\"@id\":\"https:\/\/www.vkpbratislava.sk\/#\/schema\/person\/image\/\",\"url\":\"https:\/\/secure.gravatar.com\/avatar\/67aa89e9aab2911bbd0c6fbf0a891ea8d80c207c9b6a6e2c96e13fc2f16e536d?s=96&d=mm&r=g\",\"contentUrl\":\"https:\/\/secure.gravatar.com\/avatar\/67aa89e9aab2911bbd0c6fbf0a891ea8d80c207c9b6a6e2c96e13fc2f16e536d?s=96&d=mm&r=g\",\"caption\":\"jenca\"},\"url\":\"https:\/\/www.vkpbratislava.sk\/?author=3\"}]}<\/script>\n<!-- \/ Yoast SEO plugin. -->","yoast_head_json":{"title":"Za\u0165ko a spol v\u00ed\u0165aznou nohou vpred - VK SLOVAN Bratislava","robots":{"index":"index","follow":"follow","max-snippet":"max-snippet:-1","max-image-preview":"max-image-preview:large","max-video-preview":"max-video-preview:-1"},"canonical":"https:\/\/www.vkpbratislava.sk\/?p=33932","og_locale":"sk_SK","og_type":"article","og_title":"Za\u0165ko a spol v\u00ed\u0165aznou nohou vpred - VK SLOVAN Bratislava","og_description":"Mu\u017esk\u00e1 Nik\u00e9 Extraliga v\u00a0piatok od\u0161tartovala z\u00e1pasom VKP FTV\u0160 UK Bratislava \u2013 TJ Spartak Myjava nov\u00fd ro\u010dn\u00edk 1. kolom. V\u00a0dueli medailistov z\u00a0minul\u00e9ho ro\u010dn\u00edka sa lep\u0161ie darilo \u201epolicajtom\u201c, ke\u010f vyhrali 3:1. V\u00a0prvom dueli po n\u00e1vrate do dom\u00e1cej s\u00fa\u0165a\u017ee uk\u00e1zal svoju kvalitu 17 bodmi sme\u010diar Tom\u00e1\u0161 Kri\u0161ko, ke\u010f na \u00fatoku dosiahol 68-percentn\u00fa \u00faspe\u0161nos\u0165 a\u00a04 esami dopomohol svojmu dru\u017estvu...","og_url":"https:\/\/www.vkpbratislava.sk\/?p=33932","og_site_name":"VK SLOVAN Bratislava","article_published_time":"2024-10-08T14:03:24+00:00","og_image":[{"width":2048,"height":1365,"url":"https:\/\/www.vkpbratislava.sk\/wp-content\/uploads\/2024\/10\/MS_20241004_VKPvsMyjava-115.jpg","type":"image\/jpeg"}],"author":"jenca","twitter_card":"summary_large_image","twitter_misc":{"Autor":"jenca","Predpokladan\u00fd \u010das \u010d\u00edtania":"1 min\u00fata"},"schema":{"@context":"https:\/\/schema.org","@graph":[{"@type":"Article","@id":"https:\/\/www.vkpbratislava.sk\/?p=33932#article","isPartOf":{"@id":"https:\/\/www.vkpbratislava.sk\/?p=33932"},"author":{"name":"jenca","@id":"https:\/\/www.vkpbratislava.sk\/#\/schema\/person\/7037e769f9515aa58493d1b5852c4c50"},"headline":"Za\u0165ko a spol v\u00ed\u0165aznou nohou vpred","datePublished":"2024-10-08T14:03:24+00:00","mainEntityOfPage":{"@id":"https:\/\/www.vkpbratislava.sk\/?p=33932"},"wordCount":318,"publisher":{"@id":"https:\/\/www.vkpbratislava.sk\/#organization"},"image":{"@id":"https:\/\/www.vkpbratislava.sk\/?p=33932#primaryimage"},"thumbnailUrl":"https:\/\/www.vkpbratislava.sk\/wp-content\/uploads\/2024\/10\/MS_20241004_VKPvsMyjava-115.jpg","articleSection":["Mu\u017ei"],"inLanguage":"sk-SK"},{"@type":"WebPage","@id":"https:\/\/www.vkpbratislava.sk\/?p=33932","url":"https:\/\/www.vkpbratislava.sk\/?p=33932","name":"Za\u0165ko a spol v\u00ed\u0165aznou nohou vpred - VK SLOVAN Bratislava","isPartOf":{"@id":"https:\/\/www.vkpbratislava.sk\/#website"},"primaryImageOfPage":{"@id":"https:\/\/www.vkpbratislava.sk\/?p=33932#primaryimage"},"image":{"@id":"https:\/\/www.vkpbratislava.sk\/?p=33932#primaryimage"},"thumbnailUrl":"https:\/\/www.vkpbratislava.sk\/wp-content\/uploads\/2024\/10\/MS_20241004_VKPvsMyjava-115.jpg","datePublished":"2024-10-08T14:03:24+00:00","breadcrumb":{"@id":"https:\/\/www.vkpbratislava.sk\/?p=33932#breadcrumb"},"inLanguage":"sk-SK","potentialAction":[{"@type":"ReadAction","target":["https:\/\/www.vkpbratislava.sk\/?p=33932"]}]},{"@type":"ImageObject","inLanguage":"sk-SK","@id":"https:\/\/www.vkpbratislava.sk\/?p=33932#primaryimage","url":"https:\/\/www.vkpbratislava.sk\/wp-content\/uploads\/2024\/10\/MS_20241004_VKPvsMyjava-115.jpg","contentUrl":"https:\/\/www.vkpbratislava.sk\/wp-content\/uploads\/2024\/10\/MS_20241004_VKPvsMyjava-115.jpg","width":2048,"height":1365},{"@type":"BreadcrumbList","@id":"https:\/\/www.vkpbratislava.sk\/?p=33932#breadcrumb","itemListElement":[{"@type":"ListItem","position":1,"name":"Domov","item":"https:\/\/www.vkpbratislava.sk\/"},{"@type":"ListItem","position":2,"name":"Za\u0165ko a spol v\u00ed\u0165aznou nohou vpred"}]},{"@type":"WebSite","@id":"https:\/\/www.vkpbratislava.sk\/#website","url":"https:\/\/www.vkpbratislava.sk\/","name":"VK SLOVAN Bratislava","description":"Volejbalov\u00fd klub","publisher":{"@id":"https:\/\/www.vkpbratislava.sk\/#organization"},"potentialAction":[{"@type":"SearchAction","target":{"@type":"EntryPoint","urlTemplate":"https:\/\/www.vkpbratislava.sk\/?s={search_term_string}"},"query-input":{"@type":"PropertyValueSpecification","valueRequired":true,"valueName":"search_term_string"}}],"inLanguage":"sk-SK"},{"@type":"Organization","@id":"https:\/\/www.vkpbratislava.sk\/#organization","name":"VKP Bratislava","url":"https:\/\/www.vkpbratislava.sk\/","logo":{"@type":"ImageObject","inLanguage":"sk-SK","@id":"https:\/\/www.vkpbratislava.sk\/#\/schema\/logo\/image\/","url":"https:\/\/www.vkpbratislava.sk\/wp-content\/uploads\/2020\/10\/vkpBA.png","contentUrl":"https:\/\/www.vkpbratislava.sk\/wp-content\/uploads\/2020\/10\/vkpBA.png","width":600,"height":600,"caption":"VKP Bratislava"},"image":{"@id":"https:\/\/www.vkpbratislava.sk\/#\/schema\/logo\/image\/"}},{"@type":"Person","@id":"https:\/\/www.vkpbratislava.sk\/#\/schema\/person\/7037e769f9515aa58493d1b5852c4c50","name":"jenca","image":{"@type":"ImageObject","inLanguage":"sk-SK","@id":"https:\/\/www.vkpbratislava.sk\/#\/schema\/person\/image\/","url":"https:\/\/secure.gravatar.com\/avatar\/67aa89e9aab2911bbd0c6fbf0a891ea8d80c207c9b6a6e2c96e13fc2f16e536d?s=96&d=mm&r=g","contentUrl":"https:\/\/secure.gravatar.com\/avatar\/67aa89e9aab2911bbd0c6fbf0a891ea8d80c207c9b6a6e2c96e13fc2f16e536d?s=96&d=mm&r=g","caption":"jenca"},"url":"https:\/\/www.vkpbratislava.sk\/?author=3"}]}},"_links":{"self":[{"href":"https:\/\/www.vkpbratislava.sk\/index.php?rest_route=\/wp\/v2\/posts\/33932","targetHints":{"allow":["GET"]}}],"collection":[{"href":"https:\/\/www.vkpbratislava.sk\/index.php?rest_route=\/wp\/v2\/posts"}],"about":[{"href":"https:\/\/www.vkpbratislava.sk\/index.php?rest_route=\/wp\/v2\/types\/post"}],"author":[{"embeddable":true,"href":"https:\/\/www.vkpbratislava.sk\/index.php?rest_route=\/wp\/v2\/users\/3"}],"replies":[{"embeddable":true,"href":"https:\/\/www.vkpbratislava.sk\/index.php?rest_route=%2Fwp%2Fv2%2Fcomments&post=33932"}],"version-history":[{"count":1,"href":"https:\/\/www.vkpbratislava.sk\/index.php?rest_route=\/wp\/v2\/posts\/33932\/revisions"}],"predecessor-version":[{"id":33933,"href":"https:\/\/www.vkpbratislava.sk\/index.php?rest_route=\/wp\/v2\/posts\/33932\/revisions\/33933"}],"wp:featuredmedia":[{"embeddable":true,"href":"https:\/\/www.vkpbratislava.sk\/index.php?rest_route=\/wp\/v2\/media\/33902"}],"wp:attachment":[{"href":"https:\/\/www.vkpbratislava.sk\/index.php?rest_route=%2Fwp%2Fv2%2Fmedia&parent=33932"}],"wp:term":[{"taxonomy":"category","embeddable":true,"href":"https:\/\/www.vkpbratislava.sk\/index.php?rest_route=%2Fwp%2Fv2%2Fcategories&post=33932"},{"taxonomy":"post_tag","embeddable":true,"href":"https:\/\/www.vkpbratislava.sk\/index.php?rest_route=%2Fwp%2Fv2%2Ftags&post=33932"}],"curies":[{"name":"wp","href":"https:\/\/api.w.org\/{rel}","templated":true}]}}