{"id":33934,"date":"2024-10-08T16:33:10","date_gmt":"2024-10-08T14:33:10","guid":{"rendered":"https:\/\/www.vkpbratislava.sk\/?p=33934"},"modified":"2024-10-11T14:52:32","modified_gmt":"2024-10-11T12:52:32","slug":"proti-potsdamu-vynalozime-maximum-roman-hudecova-o-priprave-na-challenge-cup","status":"publish","type":"post","link":"https:\/\/www.vkpbratislava.sk\/?p=33934","title":{"rendered":"Romana Hudecov\u00e1: Proti Potsdamu vynalo\u017e\u00edme maximum"},"content":{"rendered":"<p>Na\u0161e \u017eeny \u010dak\u00e1 u\u017e zajtra, 9. okt\u00f3bra, o 20:00 v Gopass Ar\u00e9ne prv\u00fd a z\u00e1rove\u0148 d\u00f4le\u017eit\u00fd z\u00e1pas v eur\u00f3pskom poh\u00e1ri \u2013 Challenge Cup-e. Svoje sily si pr\u00eddu zmera\u0165 s dominantn\u00fdm, nemeck\u00fdm Bundesligov\u00fdm t\u00edmom SC Potsdam. O z\u00e1kulisn\u00fdch pr\u00edprav\u00e1ch \u017eensk\u00e9ho t\u00edmu VKP n\u00e1m prezradila sme\u010diarka, Romana Hudecov\u00e1.<\/p>\n<p><strong>\u00a0<\/strong><\/p>\n<p><strong>Romi, u\u017e zajtra v\u00e1s \u010dak\u00e1 prv\u00fd z\u00e1pas v\u00a0eur\u00f3pskom Challenge Cup-e proti SC Potsdam, ktor\u00fd patr\u00ed k\u00a0top t\u00edmom nemeckej Bundesligy. Ak\u00e1 panuje atmosf\u00e9ra v\u00a0kab\u00edne pred poh\u00e1rovou Eur\u00f3pou?<\/strong><\/p>\n<p><strong>\u00a0<\/strong><\/p>\n<p>\u201eAtmosf\u00e9ra je dobr\u00e1. Je to s\u00faper, s\u00a0ktor\u00fdm nem\u00e1me \u010do strati\u0165. Mus\u00edme hra\u0165 odv\u00e1\u017ene a\u00a0koncentrovane, ke\u010f\u017ee vieme, do \u010doho ideme. SC Potsdam je nemeck\u00fd t\u00edm, ktor\u00fd je naozaj kvalitn\u00fd, preto budeme musie\u0165 vynalo\u017ei\u0165 \u010do najv\u00e4\u010d\u0161ie \u00fasilie na to, aby sme ich potr\u00e1pili. Pok\u00fasime sa im zobra\u0165 nejak\u00fd set, prinajlep\u0161om z\u00e1pas. Uvid\u00edme, ako sa to bude vyv\u00edja\u0165.\u201c<\/p>\n<p>&nbsp;<\/p>\n<p><strong>M\u00e1\u0161 bohat\u00e9 sk\u00fasenosti na medzin\u00e1rodnej \u00farovni, \u010di u\u017e z\u00a0reprezent\u00e1cie alebo z\u00a0p\u00f4sobenia v\u00a0Gr\u00e9cku i Turecku. V\u00a0\u010dom je medzin\u00e1rodn\u00fd volejbal in\u00fd od slovenskej extraligy? <\/strong><\/p>\n<p>&nbsp;<\/p>\n<p>\u201eMysl\u00edm si, \u017ee medzin\u00e1rodn\u00e9 ligy s\u00fa tro\u0161i\u010dku vyrovnanej\u0161ie a,\u00a0dovol\u00edm si tvrdi\u0165, kvalitnej\u0161ie. Ke\u010f\u017ee sa po\u010das celej sez\u00f3ny stret\u00e1vate so sk\u00fasen\u00fdmi dru\u017estvami, ka\u017ed\u00e9 z\u00a0nich je o\u00a0to viac pripraven\u00e9. To je asi najv\u00e4\u010d\u0161\u00ed rozdiel oproti slovenskej extralige.\u201c<\/p>\n<p>&nbsp;<\/p>\n<p><strong>V\u00a0\u010dom je pod\u013ea teba najv\u00e4\u010d\u0161ia sila nemeck\u00e9ho SC Potsdamu?<\/strong><\/p>\n<p><strong>\u00a0<\/strong><\/p>\n<p>\u201ePod\u013ea vide\u00ed, ktor\u00e9 som videla, bude s\u00faper dominantn\u00fd najm\u00e4 v \u00fatoku. Je to dru\u017estvo, s\u00a0ve\u013ekou kvalitou vo v\u0161etk\u00fdch hern\u00fdch \u010dinnostiach, tak\u017ee predpoklad\u00e1m, \u017ee n\u00e1s bud\u00fa tla\u010di\u0165 aj servisom.\u201c<\/p>\n<p>&nbsp;<\/p>\n<p><strong>Ako znie tvoj odkaz pre fan\u00fa\u0161ikov VKP?<\/strong><\/p>\n<p><strong>\u00a0<\/strong><\/p>\n<p>\u201eD\u00fafam, \u017ee n\u00e1s pr\u00edde \u010do najviac \u013eud\u00ed na z\u00e1pas podpori\u0165. Ur\u010dite bud\u00fa siedmym hr\u00e1\u010dom na ihrisku a\u00a0ver\u00edm, \u017ee to spolu zvl\u00e1dneme. Te\u0161\u00edm sa.\u201c<\/p>\n","protected":false},"excerpt":{"rendered":"<p>Rozhovor so sme\u010diarkou Romanou Hudecovou pred \u00favodn\u00fdm z\u00e1pasom Challenge cup-u<\/p>\n","protected":false},"author":3,"featured_media":33031,"comment_status":"closed","ping_status":"closed","sticky":false,"template":"","format":"standard","meta":{"_monsterinsights_skip_tracking":false,"_monsterinsights_sitenote_active":false,"_monsterinsights_sitenote_note":"","_monsterinsights_sitenote_category":0,"footnotes":""},"categories":[48],"tags":[],"class_list":["post-33934","post","type-post","status-publish","format-standard","has-post-thumbnail","hentry","category-zeny"],"yoast_head":"<!-- This site is optimized with the Yoast SEO plugin v25.6 - https:\/\/yoast.com\/wordpress\/plugins\/seo\/ -->\n<title>Romana Hudecov\u00e1: Proti Potsdamu vynalo\u017e\u00edme maximum - VK SLOVAN Bratislava<\/title>\n<meta name=\"robots\" content=\"index, follow, max-snippet:-1, max-image-preview:large, max-video-preview:-1\" \/>\n<link rel=\"canonical\" href=\"https:\/\/www.vkpbratislava.sk\/?p=33934\" \/>\n<meta property=\"og:locale\" content=\"sk_SK\" \/>\n<meta property=\"og:type\" content=\"article\" \/>\n<meta property=\"og:title\" content=\"Romana Hudecov\u00e1: Proti Potsdamu vynalo\u017e\u00edme maximum - VK SLOVAN Bratislava\" \/>\n<meta property=\"og:description\" content=\"Rozhovor so sme\u010diarkou Romanou Hudecovou pred \u00favodn\u00fdm z\u00e1pasom Challenge cup-u\" \/>\n<meta property=\"og:url\" content=\"https:\/\/www.vkpbratislava.sk\/?p=33934\" \/>\n<meta property=\"og:site_name\" content=\"VK SLOVAN Bratislava\" \/>\n<meta property=\"article:published_time\" content=\"2024-10-08T14:33:10+00:00\" \/>\n<meta property=\"article:modified_time\" content=\"2024-10-11T12:52:32+00:00\" \/>\n<meta property=\"og:image\" content=\"https:\/\/www.vkpbratislava.sk\/wp-content\/uploads\/2024\/04\/MS_20240426_ELVKPvsZilina-109.jpg\" \/>\n\t<meta property=\"og:image:width\" content=\"2048\" \/>\n\t<meta property=\"og:image:height\" content=\"1365\" \/>\n\t<meta property=\"og:image:type\" content=\"image\/jpeg\" \/>\n<meta name=\"author\" content=\"jenca\" \/>\n<meta name=\"twitter:card\" content=\"summary_large_image\" \/>\n<meta name=\"twitter:label1\" content=\"Autor\" \/>\n\t<meta name=\"twitter:data1\" content=\"jenca\" \/>\n\t<meta name=\"twitter:label2\" content=\"Predpokladan\u00fd \u010das \u010d\u00edtania\" \/>\n\t<meta name=\"twitter:data2\" content=\"2 min\u00faty\" \/>\n<script type=\"application\/ld+json\" class=\"yoast-schema-graph\">{\"@context\":\"https:\/\/schema.org\",\"@graph\":[{\"@type\":\"Article\",\"@id\":\"https:\/\/www.vkpbratislava.sk\/?p=33934#article\",\"isPartOf\":{\"@id\":\"https:\/\/www.vkpbratislava.sk\/?p=33934\"},\"author\":{\"name\":\"jenca\",\"@id\":\"https:\/\/www.vkpbratislava.sk\/#\/schema\/person\/7037e769f9515aa58493d1b5852c4c50\"},\"headline\":\"Romana Hudecov\u00e1: Proti Potsdamu vynalo\u017e\u00edme maximum\",\"datePublished\":\"2024-10-08T14:33:10+00:00\",\"dateModified\":\"2024-10-11T12:52:32+00:00\",\"mainEntityOfPage\":{\"@id\":\"https:\/\/www.vkpbratislava.sk\/?p=33934\"},\"wordCount\":365,\"publisher\":{\"@id\":\"https:\/\/www.vkpbratislava.sk\/#organization\"},\"image\":{\"@id\":\"https:\/\/www.vkpbratislava.sk\/?p=33934#primaryimage\"},\"thumbnailUrl\":\"https:\/\/www.vkpbratislava.sk\/wp-content\/uploads\/2024\/04\/MS_20240426_ELVKPvsZilina-109.jpg\",\"articleSection\":[\"\u017deny\"],\"inLanguage\":\"sk-SK\"},{\"@type\":\"WebPage\",\"@id\":\"https:\/\/www.vkpbratislava.sk\/?p=33934\",\"url\":\"https:\/\/www.vkpbratislava.sk\/?p=33934\",\"name\":\"Romana Hudecov\u00e1: Proti Potsdamu vynalo\u017e\u00edme maximum - VK SLOVAN Bratislava\",\"isPartOf\":{\"@id\":\"https:\/\/www.vkpbratislava.sk\/#website\"},\"primaryImageOfPage\":{\"@id\":\"https:\/\/www.vkpbratislava.sk\/?p=33934#primaryimage\"},\"image\":{\"@id\":\"https:\/\/www.vkpbratislava.sk\/?p=33934#primaryimage\"},\"thumbnailUrl\":\"https:\/\/www.vkpbratislava.sk\/wp-content\/uploads\/2024\/04\/MS_20240426_ELVKPvsZilina-109.jpg\",\"datePublished\":\"2024-10-08T14:33:10+00:00\",\"dateModified\":\"2024-10-11T12:52:32+00:00\",\"breadcrumb\":{\"@id\":\"https:\/\/www.vkpbratislava.sk\/?p=33934#breadcrumb\"},\"inLanguage\":\"sk-SK\",\"potentialAction\":[{\"@type\":\"ReadAction\",\"target\":[\"https:\/\/www.vkpbratislava.sk\/?p=33934\"]}]},{\"@type\":\"ImageObject\",\"inLanguage\":\"sk-SK\",\"@id\":\"https:\/\/www.vkpbratislava.sk\/?p=33934#primaryimage\",\"url\":\"https:\/\/www.vkpbratislava.sk\/wp-content\/uploads\/2024\/04\/MS_20240426_ELVKPvsZilina-109.jpg\",\"contentUrl\":\"https:\/\/www.vkpbratislava.sk\/wp-content\/uploads\/2024\/04\/MS_20240426_ELVKPvsZilina-109.jpg\",\"width\":2048,\"height\":1365},{\"@type\":\"BreadcrumbList\",\"@id\":\"https:\/\/www.vkpbratislava.sk\/?p=33934#breadcrumb\",\"itemListElement\":[{\"@type\":\"ListItem\",\"position\":1,\"name\":\"Domov\",\"item\":\"https:\/\/www.vkpbratislava.sk\/\"},{\"@type\":\"ListItem\",\"position\":2,\"name\":\"Romana Hudecov\u00e1: Proti Potsdamu vynalo\u017e\u00edme maximum\"}]},{\"@type\":\"WebSite\",\"@id\":\"https:\/\/www.vkpbratislava.sk\/#website\",\"url\":\"https:\/\/www.vkpbratislava.sk\/\",\"name\":\"VK SLOVAN Bratislava\",\"description\":\"Volejbalov\u00fd klub\",\"publisher\":{\"@id\":\"https:\/\/www.vkpbratislava.sk\/#organization\"},\"potentialAction\":[{\"@type\":\"SearchAction\",\"target\":{\"@type\":\"EntryPoint\",\"urlTemplate\":\"https:\/\/www.vkpbratislava.sk\/?s={search_term_string}\"},\"query-input\":{\"@type\":\"PropertyValueSpecification\",\"valueRequired\":true,\"valueName\":\"search_term_string\"}}],\"inLanguage\":\"sk-SK\"},{\"@type\":\"Organization\",\"@id\":\"https:\/\/www.vkpbratislava.sk\/#organization\",\"name\":\"VKP Bratislava\",\"url\":\"https:\/\/www.vkpbratislava.sk\/\",\"logo\":{\"@type\":\"ImageObject\",\"inLanguage\":\"sk-SK\",\"@id\":\"https:\/\/www.vkpbratislava.sk\/#\/schema\/logo\/image\/\",\"url\":\"https:\/\/www.vkpbratislava.sk\/wp-content\/uploads\/2020\/10\/vkpBA.png\",\"contentUrl\":\"https:\/\/www.vkpbratislava.sk\/wp-content\/uploads\/2020\/10\/vkpBA.png\",\"width\":600,\"height\":600,\"caption\":\"VKP Bratislava\"},\"image\":{\"@id\":\"https:\/\/www.vkpbratislava.sk\/#\/schema\/logo\/image\/\"}},{\"@type\":\"Person\",\"@id\":\"https:\/\/www.vkpbratislava.sk\/#\/schema\/person\/7037e769f9515aa58493d1b5852c4c50\",\"name\":\"jenca\",\"image\":{\"@type\":\"ImageObject\",\"inLanguage\":\"sk-SK\",\"@id\":\"https:\/\/www.vkpbratislava.sk\/#\/schema\/person\/image\/\",\"url\":\"https:\/\/secure.gravatar.com\/avatar\/67aa89e9aab2911bbd0c6fbf0a891ea8d80c207c9b6a6e2c96e13fc2f16e536d?s=96&d=mm&r=g\",\"contentUrl\":\"https:\/\/secure.gravatar.com\/avatar\/67aa89e9aab2911bbd0c6fbf0a891ea8d80c207c9b6a6e2c96e13fc2f16e536d?s=96&d=mm&r=g\",\"caption\":\"jenca\"},\"url\":\"https:\/\/www.vkpbratislava.sk\/?author=3\"}]}<\/script>\n<!-- \/ Yoast SEO plugin. -->","yoast_head_json":{"title":"Romana Hudecov\u00e1: Proti Potsdamu vynalo\u017e\u00edme maximum - VK SLOVAN Bratislava","robots":{"index":"index","follow":"follow","max-snippet":"max-snippet:-1","max-image-preview":"max-image-preview:large","max-video-preview":"max-video-preview:-1"},"canonical":"https:\/\/www.vkpbratislava.sk\/?p=33934","og_locale":"sk_SK","og_type":"article","og_title":"Romana Hudecov\u00e1: Proti Potsdamu vynalo\u017e\u00edme maximum - VK SLOVAN Bratislava","og_description":"Rozhovor so sme\u010diarkou Romanou Hudecovou pred \u00favodn\u00fdm z\u00e1pasom Challenge cup-u","og_url":"https:\/\/www.vkpbratislava.sk\/?p=33934","og_site_name":"VK SLOVAN Bratislava","article_published_time":"2024-10-08T14:33:10+00:00","article_modified_time":"2024-10-11T12:52:32+00:00","og_image":[{"width":2048,"height":1365,"url":"https:\/\/www.vkpbratislava.sk\/wp-content\/uploads\/2024\/04\/MS_20240426_ELVKPvsZilina-109.jpg","type":"image\/jpeg"}],"author":"jenca","twitter_card":"summary_large_image","twitter_misc":{"Autor":"jenca","Predpokladan\u00fd \u010das \u010d\u00edtania":"2 min\u00faty"},"schema":{"@context":"https:\/\/schema.org","@graph":[{"@type":"Article","@id":"https:\/\/www.vkpbratislava.sk\/?p=33934#article","isPartOf":{"@id":"https:\/\/www.vkpbratislava.sk\/?p=33934"},"author":{"name":"jenca","@id":"https:\/\/www.vkpbratislava.sk\/#\/schema\/person\/7037e769f9515aa58493d1b5852c4c50"},"headline":"Romana Hudecov\u00e1: Proti Potsdamu vynalo\u017e\u00edme maximum","datePublished":"2024-10-08T14:33:10+00:00","dateModified":"2024-10-11T12:52:32+00:00","mainEntityOfPage":{"@id":"https:\/\/www.vkpbratislava.sk\/?p=33934"},"wordCount":365,"publisher":{"@id":"https:\/\/www.vkpbratislava.sk\/#organization"},"image":{"@id":"https:\/\/www.vkpbratislava.sk\/?p=33934#primaryimage"},"thumbnailUrl":"https:\/\/www.vkpbratislava.sk\/wp-content\/uploads\/2024\/04\/MS_20240426_ELVKPvsZilina-109.jpg","articleSection":["\u017deny"],"inLanguage":"sk-SK"},{"@type":"WebPage","@id":"https:\/\/www.vkpbratislava.sk\/?p=33934","url":"https:\/\/www.vkpbratislava.sk\/?p=33934","name":"Romana Hudecov\u00e1: Proti Potsdamu vynalo\u017e\u00edme maximum - VK SLOVAN Bratislava","isPartOf":{"@id":"https:\/\/www.vkpbratislava.sk\/#website"},"primaryImageOfPage":{"@id":"https:\/\/www.vkpbratislava.sk\/?p=33934#primaryimage"},"image":{"@id":"https:\/\/www.vkpbratislava.sk\/?p=33934#primaryimage"},"thumbnailUrl":"https:\/\/www.vkpbratislava.sk\/wp-content\/uploads\/2024\/04\/MS_20240426_ELVKPvsZilina-109.jpg","datePublished":"2024-10-08T14:33:10+00:00","dateModified":"2024-10-11T12:52:32+00:00","breadcrumb":{"@id":"https:\/\/www.vkpbratislava.sk\/?p=33934#breadcrumb"},"inLanguage":"sk-SK","potentialAction":[{"@type":"ReadAction","target":["https:\/\/www.vkpbratislava.sk\/?p=33934"]}]},{"@type":"ImageObject","inLanguage":"sk-SK","@id":"https:\/\/www.vkpbratislava.sk\/?p=33934#primaryimage","url":"https:\/\/www.vkpbratislava.sk\/wp-content\/uploads\/2024\/04\/MS_20240426_ELVKPvsZilina-109.jpg","contentUrl":"https:\/\/www.vkpbratislava.sk\/wp-content\/uploads\/2024\/04\/MS_20240426_ELVKPvsZilina-109.jpg","width":2048,"height":1365},{"@type":"BreadcrumbList","@id":"https:\/\/www.vkpbratislava.sk\/?p=33934#breadcrumb","itemListElement":[{"@type":"ListItem","position":1,"name":"Domov","item":"https:\/\/www.vkpbratislava.sk\/"},{"@type":"ListItem","position":2,"name":"Romana Hudecov\u00e1: Proti Potsdamu vynalo\u017e\u00edme maximum"}]},{"@type":"WebSite","@id":"https:\/\/www.vkpbratislava.sk\/#website","url":"https:\/\/www.vkpbratislava.sk\/","name":"VK SLOVAN Bratislava","description":"Volejbalov\u00fd klub","publisher":{"@id":"https:\/\/www.vkpbratislava.sk\/#organization"},"potentialAction":[{"@type":"SearchAction","target":{"@type":"EntryPoint","urlTemplate":"https:\/\/www.vkpbratislava.sk\/?s={search_term_string}"},"query-input":{"@type":"PropertyValueSpecification","valueRequired":true,"valueName":"search_term_string"}}],"inLanguage":"sk-SK"},{"@type":"Organization","@id":"https:\/\/www.vkpbratislava.sk\/#organization","name":"VKP Bratislava","url":"https:\/\/www.vkpbratislava.sk\/","logo":{"@type":"ImageObject","inLanguage":"sk-SK","@id":"https:\/\/www.vkpbratislava.sk\/#\/schema\/logo\/image\/","url":"https:\/\/www.vkpbratislava.sk\/wp-content\/uploads\/2020\/10\/vkpBA.png","contentUrl":"https:\/\/www.vkpbratislava.sk\/wp-content\/uploads\/2020\/10\/vkpBA.png","width":600,"height":600,"caption":"VKP Bratislava"},"image":{"@id":"https:\/\/www.vkpbratislava.sk\/#\/schema\/logo\/image\/"}},{"@type":"Person","@id":"https:\/\/www.vkpbratislava.sk\/#\/schema\/person\/7037e769f9515aa58493d1b5852c4c50","name":"jenca","image":{"@type":"ImageObject","inLanguage":"sk-SK","@id":"https:\/\/www.vkpbratislava.sk\/#\/schema\/person\/image\/","url":"https:\/\/secure.gravatar.com\/avatar\/67aa89e9aab2911bbd0c6fbf0a891ea8d80c207c9b6a6e2c96e13fc2f16e536d?s=96&d=mm&r=g","contentUrl":"https:\/\/secure.gravatar.com\/avatar\/67aa89e9aab2911bbd0c6fbf0a891ea8d80c207c9b6a6e2c96e13fc2f16e536d?s=96&d=mm&r=g","caption":"jenca"},"url":"https:\/\/www.vkpbratislava.sk\/?author=3"}]}},"_links":{"self":[{"href":"https:\/\/www.vkpbratislava.sk\/index.php?rest_route=\/wp\/v2\/posts\/33934","targetHints":{"allow":["GET"]}}],"collection":[{"href":"https:\/\/www.vkpbratislava.sk\/index.php?rest_route=\/wp\/v2\/posts"}],"about":[{"href":"https:\/\/www.vkpbratislava.sk\/index.php?rest_route=\/wp\/v2\/types\/post"}],"author":[{"embeddable":true,"href":"https:\/\/www.vkpbratislava.sk\/index.php?rest_route=\/wp\/v2\/users\/3"}],"replies":[{"embeddable":true,"href":"https:\/\/www.vkpbratislava.sk\/index.php?rest_route=%2Fwp%2Fv2%2Fcomments&post=33934"}],"version-history":[{"count":3,"href":"https:\/\/www.vkpbratislava.sk\/index.php?rest_route=\/wp\/v2\/posts\/33934\/revisions"}],"predecessor-version":[{"id":34644,"href":"https:\/\/www.vkpbratislava.sk\/index.php?rest_route=\/wp\/v2\/posts\/33934\/revisions\/34644"}],"wp:featuredmedia":[{"embeddable":true,"href":"https:\/\/www.vkpbratislava.sk\/index.php?rest_route=\/wp\/v2\/media\/33031"}],"wp:attachment":[{"href":"https:\/\/www.vkpbratislava.sk\/index.php?rest_route=%2Fwp%2Fv2%2Fmedia&parent=33934"}],"wp:term":[{"taxonomy":"category","embeddable":true,"href":"https:\/\/www.vkpbratislava.sk\/index.php?rest_route=%2Fwp%2Fv2%2Fcategories&post=33934"},{"taxonomy":"post_tag","embeddable":true,"href":"https:\/\/www.vkpbratislava.sk\/index.php?rest_route=%2Fwp%2Fv2%2Ftags&post=33934"}],"curies":[{"name":"wp","href":"https:\/\/api.w.org\/{rel}","templated":true}]}}