{"id":3490,"date":"2021-01-05T17:45:48","date_gmt":"2021-01-05T16:45:48","guid":{"rendered":"https:\/\/www.vkpbratislava.sk\/?p=3490"},"modified":"2021-01-05T17:46:41","modified_gmt":"2021-01-05T16:46:41","slug":"vkp-v-karantene-do-pohara-nenastupi","status":"publish","type":"post","link":"https:\/\/www.vkpbratislava.sk\/?p=3490","title":{"rendered":"VKP v karant\u00e9ne, do poh\u00e1ra nenast\u00fapi"},"content":{"rendered":"<p><strong>Po v\u00ed\u0165aznom fini\u0161i v z\u00e1vere uplynul\u00e9ho roka nastali prv\u00e9 komplik\u00e1cie. V dru\u017estve VKP Bratislava \u0161arapat\u00ed ochorenie Covid-19, a tak s ur\u010ditos\u0165ou nenast\u00fapi na s\u00faboj Slovensk\u00e9ho poh\u00e1ra v Kom\u00e1rne proti Svidn\u00edku.<\/strong><\/p>\n<p>Po kol\u00edsavej jesennej \u010dasti, v jej z\u00e1vere \u201epolicajti\u201c zabrali naplno a vyhrali v\u0161etky dom\u00e1ce z\u00e1pasy. Postupne si zverenci Jaroslava Noseka poradili s Ko\u0161icami, Svidn\u00edkom, Pre\u0161ovom i Myjavou a razom sa prehupli na tretiu prie\u010dku extraligovej tabu\u013eky. \u201eNesmierne n\u00e1s te\u0161\u00ed, \u017ee cel\u00fd t\u00edm zabral a uk\u00e1zal svoju silu. Zv\u00ed\u0165azili sme nad v\u0161etk\u00fdmi mu\u017estvami, ktor\u00e9 sa pohybuj\u00fa v tabu\u013eke okolo n\u00e1s. V dom\u00e1com prostred\u00ed n\u00e1m volejbal chutil a sme radi, \u017ee sme spravili na\u0161im fan\u00fa\u0161ikom rados\u0165, aj ke\u010f z\u00e1pasy mohli sledova\u0165 len doma,\u201c povedal gener\u00e1lny mana\u017e\u00e9r VKP Tom\u00e1\u0161 Jen\u010da. \u201eNa hodnotenie je e\u0161te priskoro. \u010cak\u00e1 n\u00e1s e\u0161te dohra\u0165 z\u00e1kladn\u00fa \u010das\u0165 a potom uvid\u00edme, koho dostaneme v play-off. Amb\u00edcie si nekladieme, koho n\u00e1m osud postav\u00ed do cesty, toho budeme chcie\u0165 porazi\u0165. Chceme sa v\u0161ak pohybova\u0165 medzi najlep\u0161\u00edmi,\u201c doplnil.<\/p>\n<blockquote>\n<h6>Zdravie je na<\/h6>\n<h6>prvom mieste.<\/h6>\n<p>&nbsp;<\/p><\/blockquote>\n<p>Po radostn\u00fdch okamihoch pri\u0161lo s Vianocami a na prelome rokov k probl\u00e9mom, ktor\u00e9 zapr\u00ed\u010dinil koronav\u00edrus. \u201eHr\u00e1\u010di sa pravidelne testuj\u00fa. Bu\u010f v klube, ale niektor\u00ed aj samostatne. Tak, ako sa n\u00e1m Covid-19 po\u010das jesene vyh\u00fdbal, teraz n\u00e1s zasiahol dos\u0165 v\u00fdznamne. Viacer\u00ed hr\u00e1\u010di mali pozit\u00edvne testy a musia by\u0165 v karant\u00e9ne. T\u00ed, \u010do s\u00fa zdrav\u00ed, sa pripravuj\u00fa individu\u00e1lne,\u201c prezradil Jen\u010da. S t\u00fdm s\u00favis\u00ed aj fakt, \u017ee z\u00e1pas Slovensk\u00e9ho poh\u00e1ra v Kom\u00e1rne proti Svidn\u00edku, ktor\u00fd sa m\u00e1 hra\u0165 9. janu\u00e1ra, VKP s ur\u010ditos\u0165ou neodohr\u00e1. \u201eVyvinuli sme maxim\u00e1lne \u00fasilie, aby sme mali dostatok zdrav\u00fdch a pripraven\u00fdch hr\u00e1\u010dov. Vid\u00edme v\u0161ak, \u017ee situ\u00e1cia s koronav\u00edrusom sa dramaticky men\u00ed aj v Bratislave, prib\u00fada po\u010det chor\u00fdch. Zdravie cel\u00e9ho t\u00edmu je na prvom mieste. A mus\u00edme bra\u0165 do \u00favahy aj to, \u017ee sme nechceli ohrozi\u0165 ani hr\u00e1\u010dov a realiza\u010dn\u00e9 t\u00edmy \u010fal\u0161\u00edch \u00fa\u010dastn\u00edkov turnaja v Kom\u00e1rne. Ke\u010f sme si v\u0161etko dali dokopy, tak sme sa rozhodli, \u017ee na Slovensk\u00fd poh\u00e1r nenast\u00fapime,\u201c uviedol gener\u00e1lny mana\u017e\u00e9r VKP.<\/p>\n<p>Najbli\u017e\u0161\u00ed z\u00e1pas by tak mali Bratislav\u010dania odohra\u0165 23. janu\u00e1ra o 18.00 h doma proti \u0160\u0160 volejbal Tren\u010d\u00edn. \u201eVer\u00edm, \u017ee dovtedy bud\u00fa v\u0161etci fit a pripraven\u00ed hra\u0165,\u201c uzavrel Tom\u00e1\u0161 Jen\u010da.<\/p>\n","protected":false},"excerpt":{"rendered":"<p>Po v\u00ed\u0165aznom fini\u0161i v z\u00e1vere uplynul\u00e9ho roka nastali prv\u00e9 komplik\u00e1cie. V dru\u017estve VKP Bratislava \u0161arapat\u00ed ochorenie Covid-19, a tak s ur\u010ditos\u0165ou nenast\u00fapi na s\u00faboj Slovensk\u00e9ho poh\u00e1ra v Kom\u00e1rne proti Svidn\u00edku.<\/p>\n","protected":false},"author":3,"featured_media":3450,"comment_status":"closed","ping_status":"open","sticky":false,"template":"","format":"standard","meta":{"_monsterinsights_skip_tracking":false,"_monsterinsights_sitenote_active":false,"_monsterinsights_sitenote_note":"","_monsterinsights_sitenote_category":0,"footnotes":""},"categories":[47],"tags":[],"class_list":["post-3490","post","type-post","status-publish","format-standard","has-post-thumbnail","hentry","category-muzi"],"yoast_head":"<!-- This site is optimized with the Yoast SEO plugin v25.6 - https:\/\/yoast.com\/wordpress\/plugins\/seo\/ -->\n<title>VKP v karant\u00e9ne, do poh\u00e1ra nenast\u00fapi - VK SLOVAN Bratislava<\/title>\n<meta name=\"description\" content=\"Po v\u00ed\u0165aznom fini\u0161i v z\u00e1vere uplynul\u00e9ho roka nastali prv\u00e9 komplik\u00e1cie. V dru\u017estve VKP Bratislava \u0161arapat\u00ed ochorenie Covid-19, a tak s ur\u010ditos\u0165ou nenast\u00fapi na s\u00faboj Slovensk\u00e9ho poh\u00e1ra v Kom\u00e1rne proti Svidn\u00edku.\" \/>\n<meta name=\"robots\" content=\"index, follow, max-snippet:-1, max-image-preview:large, max-video-preview:-1\" \/>\n<link rel=\"canonical\" href=\"https:\/\/www.vkpbratislava.sk\/?p=3490\" \/>\n<meta property=\"og:locale\" content=\"sk_SK\" \/>\n<meta property=\"og:type\" content=\"article\" \/>\n<meta property=\"og:title\" content=\"VKP v karant\u00e9ne, do poh\u00e1ra nenast\u00fapi - VK SLOVAN Bratislava\" \/>\n<meta property=\"og:description\" content=\"Po v\u00ed\u0165aznom fini\u0161i v z\u00e1vere uplynul\u00e9ho roka nastali prv\u00e9 komplik\u00e1cie. V dru\u017estve VKP Bratislava \u0161arapat\u00ed ochorenie Covid-19, a tak s ur\u010ditos\u0165ou nenast\u00fapi na s\u00faboj Slovensk\u00e9ho poh\u00e1ra v Kom\u00e1rne proti Svidn\u00edku.\" \/>\n<meta property=\"og:url\" content=\"https:\/\/www.vkpbratislava.sk\/?p=3490\" \/>\n<meta property=\"og:site_name\" content=\"VK SLOVAN Bratislava\" \/>\n<meta property=\"article:published_time\" content=\"2021-01-05T16:45:48+00:00\" \/>\n<meta property=\"article:modified_time\" content=\"2021-01-05T16:46:41+00:00\" \/>\n<meta property=\"og:image\" content=\"https:\/\/www.vkpbratislava.sk\/wp-content\/uploads\/2020\/12\/DF1A9209.jpg\" \/>\n\t<meta property=\"og:image:width\" content=\"2048\" \/>\n\t<meta property=\"og:image:height\" content=\"1365\" \/>\n\t<meta property=\"og:image:type\" content=\"image\/jpeg\" \/>\n<meta name=\"author\" content=\"jenca\" \/>\n<meta name=\"twitter:card\" content=\"summary_large_image\" \/>\n<meta name=\"twitter:label1\" content=\"Autor\" \/>\n\t<meta name=\"twitter:data1\" content=\"jenca\" \/>\n\t<meta name=\"twitter:label2\" content=\"Predpokladan\u00fd \u010das \u010d\u00edtania\" \/>\n\t<meta name=\"twitter:data2\" content=\"2 min\u00faty\" \/>\n<script type=\"application\/ld+json\" class=\"yoast-schema-graph\">{\"@context\":\"https:\/\/schema.org\",\"@graph\":[{\"@type\":\"Article\",\"@id\":\"https:\/\/www.vkpbratislava.sk\/?p=3490#article\",\"isPartOf\":{\"@id\":\"https:\/\/www.vkpbratislava.sk\/?p=3490\"},\"author\":{\"name\":\"jenca\",\"@id\":\"https:\/\/www.vkpbratislava.sk\/#\/schema\/person\/7037e769f9515aa58493d1b5852c4c50\"},\"headline\":\"VKP v karant\u00e9ne, do poh\u00e1ra nenast\u00fapi\",\"datePublished\":\"2021-01-05T16:45:48+00:00\",\"dateModified\":\"2021-01-05T16:46:41+00:00\",\"mainEntityOfPage\":{\"@id\":\"https:\/\/www.vkpbratislava.sk\/?p=3490\"},\"wordCount\":458,\"publisher\":{\"@id\":\"https:\/\/www.vkpbratislava.sk\/#organization\"},\"image\":{\"@id\":\"https:\/\/www.vkpbratislava.sk\/?p=3490#primaryimage\"},\"thumbnailUrl\":\"https:\/\/www.vkpbratislava.sk\/wp-content\/uploads\/2020\/12\/DF1A9209.jpg\",\"articleSection\":[\"Mu\u017ei\"],\"inLanguage\":\"sk-SK\"},{\"@type\":\"WebPage\",\"@id\":\"https:\/\/www.vkpbratislava.sk\/?p=3490\",\"url\":\"https:\/\/www.vkpbratislava.sk\/?p=3490\",\"name\":\"VKP v karant\u00e9ne, do poh\u00e1ra nenast\u00fapi - VK SLOVAN Bratislava\",\"isPartOf\":{\"@id\":\"https:\/\/www.vkpbratislava.sk\/#website\"},\"primaryImageOfPage\":{\"@id\":\"https:\/\/www.vkpbratislava.sk\/?p=3490#primaryimage\"},\"image\":{\"@id\":\"https:\/\/www.vkpbratislava.sk\/?p=3490#primaryimage\"},\"thumbnailUrl\":\"https:\/\/www.vkpbratislava.sk\/wp-content\/uploads\/2020\/12\/DF1A9209.jpg\",\"datePublished\":\"2021-01-05T16:45:48+00:00\",\"dateModified\":\"2021-01-05T16:46:41+00:00\",\"description\":\"Po v\u00ed\u0165aznom fini\u0161i v z\u00e1vere uplynul\u00e9ho roka nastali prv\u00e9 komplik\u00e1cie. V dru\u017estve VKP Bratislava \u0161arapat\u00ed ochorenie Covid-19, a tak s ur\u010ditos\u0165ou nenast\u00fapi na s\u00faboj Slovensk\u00e9ho poh\u00e1ra v Kom\u00e1rne proti Svidn\u00edku.\",\"breadcrumb\":{\"@id\":\"https:\/\/www.vkpbratislava.sk\/?p=3490#breadcrumb\"},\"inLanguage\":\"sk-SK\",\"potentialAction\":[{\"@type\":\"ReadAction\",\"target\":[\"https:\/\/www.vkpbratislava.sk\/?p=3490\"]}]},{\"@type\":\"ImageObject\",\"inLanguage\":\"sk-SK\",\"@id\":\"https:\/\/www.vkpbratislava.sk\/?p=3490#primaryimage\",\"url\":\"https:\/\/www.vkpbratislava.sk\/wp-content\/uploads\/2020\/12\/DF1A9209.jpg\",\"contentUrl\":\"https:\/\/www.vkpbratislava.sk\/wp-content\/uploads\/2020\/12\/DF1A9209.jpg\",\"width\":2048,\"height\":1365},{\"@type\":\"BreadcrumbList\",\"@id\":\"https:\/\/www.vkpbratislava.sk\/?p=3490#breadcrumb\",\"itemListElement\":[{\"@type\":\"ListItem\",\"position\":1,\"name\":\"Domov\",\"item\":\"https:\/\/www.vkpbratislava.sk\/\"},{\"@type\":\"ListItem\",\"position\":2,\"name\":\"VKP v karant\u00e9ne, do poh\u00e1ra nenast\u00fapi\"}]},{\"@type\":\"WebSite\",\"@id\":\"https:\/\/www.vkpbratislava.sk\/#website\",\"url\":\"https:\/\/www.vkpbratislava.sk\/\",\"name\":\"VK SLOVAN Bratislava\",\"description\":\"Volejbalov\u00fd klub\",\"publisher\":{\"@id\":\"https:\/\/www.vkpbratislava.sk\/#organization\"},\"potentialAction\":[{\"@type\":\"SearchAction\",\"target\":{\"@type\":\"EntryPoint\",\"urlTemplate\":\"https:\/\/www.vkpbratislava.sk\/?s={search_term_string}\"},\"query-input\":{\"@type\":\"PropertyValueSpecification\",\"valueRequired\":true,\"valueName\":\"search_term_string\"}}],\"inLanguage\":\"sk-SK\"},{\"@type\":\"Organization\",\"@id\":\"https:\/\/www.vkpbratislava.sk\/#organization\",\"name\":\"VKP Bratislava\",\"url\":\"https:\/\/www.vkpbratislava.sk\/\",\"logo\":{\"@type\":\"ImageObject\",\"inLanguage\":\"sk-SK\",\"@id\":\"https:\/\/www.vkpbratislava.sk\/#\/schema\/logo\/image\/\",\"url\":\"https:\/\/www.vkpbratislava.sk\/wp-content\/uploads\/2020\/10\/vkpBA.png\",\"contentUrl\":\"https:\/\/www.vkpbratislava.sk\/wp-content\/uploads\/2020\/10\/vkpBA.png\",\"width\":600,\"height\":600,\"caption\":\"VKP Bratislava\"},\"image\":{\"@id\":\"https:\/\/www.vkpbratislava.sk\/#\/schema\/logo\/image\/\"}},{\"@type\":\"Person\",\"@id\":\"https:\/\/www.vkpbratislava.sk\/#\/schema\/person\/7037e769f9515aa58493d1b5852c4c50\",\"name\":\"jenca\",\"image\":{\"@type\":\"ImageObject\",\"inLanguage\":\"sk-SK\",\"@id\":\"https:\/\/www.vkpbratislava.sk\/#\/schema\/person\/image\/\",\"url\":\"https:\/\/secure.gravatar.com\/avatar\/67aa89e9aab2911bbd0c6fbf0a891ea8d80c207c9b6a6e2c96e13fc2f16e536d?s=96&d=mm&r=g\",\"contentUrl\":\"https:\/\/secure.gravatar.com\/avatar\/67aa89e9aab2911bbd0c6fbf0a891ea8d80c207c9b6a6e2c96e13fc2f16e536d?s=96&d=mm&r=g\",\"caption\":\"jenca\"},\"url\":\"https:\/\/www.vkpbratislava.sk\/?author=3\"}]}<\/script>\n<!-- \/ Yoast SEO plugin. -->","yoast_head_json":{"title":"VKP v karant\u00e9ne, do poh\u00e1ra nenast\u00fapi - VK SLOVAN Bratislava","description":"Po v\u00ed\u0165aznom fini\u0161i v z\u00e1vere uplynul\u00e9ho roka nastali prv\u00e9 komplik\u00e1cie. V dru\u017estve VKP Bratislava \u0161arapat\u00ed ochorenie Covid-19, a tak s ur\u010ditos\u0165ou nenast\u00fapi na s\u00faboj Slovensk\u00e9ho poh\u00e1ra v Kom\u00e1rne proti Svidn\u00edku.","robots":{"index":"index","follow":"follow","max-snippet":"max-snippet:-1","max-image-preview":"max-image-preview:large","max-video-preview":"max-video-preview:-1"},"canonical":"https:\/\/www.vkpbratislava.sk\/?p=3490","og_locale":"sk_SK","og_type":"article","og_title":"VKP v karant\u00e9ne, do poh\u00e1ra nenast\u00fapi - VK SLOVAN Bratislava","og_description":"Po v\u00ed\u0165aznom fini\u0161i v z\u00e1vere uplynul\u00e9ho roka nastali prv\u00e9 komplik\u00e1cie. V dru\u017estve VKP Bratislava \u0161arapat\u00ed ochorenie Covid-19, a tak s ur\u010ditos\u0165ou nenast\u00fapi na s\u00faboj Slovensk\u00e9ho poh\u00e1ra v Kom\u00e1rne proti Svidn\u00edku.","og_url":"https:\/\/www.vkpbratislava.sk\/?p=3490","og_site_name":"VK SLOVAN Bratislava","article_published_time":"2021-01-05T16:45:48+00:00","article_modified_time":"2021-01-05T16:46:41+00:00","og_image":[{"width":2048,"height":1365,"url":"https:\/\/www.vkpbratislava.sk\/wp-content\/uploads\/2020\/12\/DF1A9209.jpg","type":"image\/jpeg"}],"author":"jenca","twitter_card":"summary_large_image","twitter_misc":{"Autor":"jenca","Predpokladan\u00fd \u010das \u010d\u00edtania":"2 min\u00faty"},"schema":{"@context":"https:\/\/schema.org","@graph":[{"@type":"Article","@id":"https:\/\/www.vkpbratislava.sk\/?p=3490#article","isPartOf":{"@id":"https:\/\/www.vkpbratislava.sk\/?p=3490"},"author":{"name":"jenca","@id":"https:\/\/www.vkpbratislava.sk\/#\/schema\/person\/7037e769f9515aa58493d1b5852c4c50"},"headline":"VKP v karant\u00e9ne, do poh\u00e1ra nenast\u00fapi","datePublished":"2021-01-05T16:45:48+00:00","dateModified":"2021-01-05T16:46:41+00:00","mainEntityOfPage":{"@id":"https:\/\/www.vkpbratislava.sk\/?p=3490"},"wordCount":458,"publisher":{"@id":"https:\/\/www.vkpbratislava.sk\/#organization"},"image":{"@id":"https:\/\/www.vkpbratislava.sk\/?p=3490#primaryimage"},"thumbnailUrl":"https:\/\/www.vkpbratislava.sk\/wp-content\/uploads\/2020\/12\/DF1A9209.jpg","articleSection":["Mu\u017ei"],"inLanguage":"sk-SK"},{"@type":"WebPage","@id":"https:\/\/www.vkpbratislava.sk\/?p=3490","url":"https:\/\/www.vkpbratislava.sk\/?p=3490","name":"VKP v karant\u00e9ne, do poh\u00e1ra nenast\u00fapi - VK SLOVAN Bratislava","isPartOf":{"@id":"https:\/\/www.vkpbratislava.sk\/#website"},"primaryImageOfPage":{"@id":"https:\/\/www.vkpbratislava.sk\/?p=3490#primaryimage"},"image":{"@id":"https:\/\/www.vkpbratislava.sk\/?p=3490#primaryimage"},"thumbnailUrl":"https:\/\/www.vkpbratislava.sk\/wp-content\/uploads\/2020\/12\/DF1A9209.jpg","datePublished":"2021-01-05T16:45:48+00:00","dateModified":"2021-01-05T16:46:41+00:00","description":"Po v\u00ed\u0165aznom fini\u0161i v z\u00e1vere uplynul\u00e9ho roka nastali prv\u00e9 komplik\u00e1cie. V dru\u017estve VKP Bratislava \u0161arapat\u00ed ochorenie Covid-19, a tak s ur\u010ditos\u0165ou nenast\u00fapi na s\u00faboj Slovensk\u00e9ho poh\u00e1ra v Kom\u00e1rne proti Svidn\u00edku.","breadcrumb":{"@id":"https:\/\/www.vkpbratislava.sk\/?p=3490#breadcrumb"},"inLanguage":"sk-SK","potentialAction":[{"@type":"ReadAction","target":["https:\/\/www.vkpbratislava.sk\/?p=3490"]}]},{"@type":"ImageObject","inLanguage":"sk-SK","@id":"https:\/\/www.vkpbratislava.sk\/?p=3490#primaryimage","url":"https:\/\/www.vkpbratislava.sk\/wp-content\/uploads\/2020\/12\/DF1A9209.jpg","contentUrl":"https:\/\/www.vkpbratislava.sk\/wp-content\/uploads\/2020\/12\/DF1A9209.jpg","width":2048,"height":1365},{"@type":"BreadcrumbList","@id":"https:\/\/www.vkpbratislava.sk\/?p=3490#breadcrumb","itemListElement":[{"@type":"ListItem","position":1,"name":"Domov","item":"https:\/\/www.vkpbratislava.sk\/"},{"@type":"ListItem","position":2,"name":"VKP v karant\u00e9ne, do poh\u00e1ra nenast\u00fapi"}]},{"@type":"WebSite","@id":"https:\/\/www.vkpbratislava.sk\/#website","url":"https:\/\/www.vkpbratislava.sk\/","name":"VK SLOVAN Bratislava","description":"Volejbalov\u00fd klub","publisher":{"@id":"https:\/\/www.vkpbratislava.sk\/#organization"},"potentialAction":[{"@type":"SearchAction","target":{"@type":"EntryPoint","urlTemplate":"https:\/\/www.vkpbratislava.sk\/?s={search_term_string}"},"query-input":{"@type":"PropertyValueSpecification","valueRequired":true,"valueName":"search_term_string"}}],"inLanguage":"sk-SK"},{"@type":"Organization","@id":"https:\/\/www.vkpbratislava.sk\/#organization","name":"VKP Bratislava","url":"https:\/\/www.vkpbratislava.sk\/","logo":{"@type":"ImageObject","inLanguage":"sk-SK","@id":"https:\/\/www.vkpbratislava.sk\/#\/schema\/logo\/image\/","url":"https:\/\/www.vkpbratislava.sk\/wp-content\/uploads\/2020\/10\/vkpBA.png","contentUrl":"https:\/\/www.vkpbratislava.sk\/wp-content\/uploads\/2020\/10\/vkpBA.png","width":600,"height":600,"caption":"VKP Bratislava"},"image":{"@id":"https:\/\/www.vkpbratislava.sk\/#\/schema\/logo\/image\/"}},{"@type":"Person","@id":"https:\/\/www.vkpbratislava.sk\/#\/schema\/person\/7037e769f9515aa58493d1b5852c4c50","name":"jenca","image":{"@type":"ImageObject","inLanguage":"sk-SK","@id":"https:\/\/www.vkpbratislava.sk\/#\/schema\/person\/image\/","url":"https:\/\/secure.gravatar.com\/avatar\/67aa89e9aab2911bbd0c6fbf0a891ea8d80c207c9b6a6e2c96e13fc2f16e536d?s=96&d=mm&r=g","contentUrl":"https:\/\/secure.gravatar.com\/avatar\/67aa89e9aab2911bbd0c6fbf0a891ea8d80c207c9b6a6e2c96e13fc2f16e536d?s=96&d=mm&r=g","caption":"jenca"},"url":"https:\/\/www.vkpbratislava.sk\/?author=3"}]}},"_links":{"self":[{"href":"https:\/\/www.vkpbratislava.sk\/index.php?rest_route=\/wp\/v2\/posts\/3490","targetHints":{"allow":["GET"]}}],"collection":[{"href":"https:\/\/www.vkpbratislava.sk\/index.php?rest_route=\/wp\/v2\/posts"}],"about":[{"href":"https:\/\/www.vkpbratislava.sk\/index.php?rest_route=\/wp\/v2\/types\/post"}],"author":[{"embeddable":true,"href":"https:\/\/www.vkpbratislava.sk\/index.php?rest_route=\/wp\/v2\/users\/3"}],"replies":[{"embeddable":true,"href":"https:\/\/www.vkpbratislava.sk\/index.php?rest_route=%2Fwp%2Fv2%2Fcomments&post=3490"}],"version-history":[{"count":5,"href":"https:\/\/www.vkpbratislava.sk\/index.php?rest_route=\/wp\/v2\/posts\/3490\/revisions"}],"predecessor-version":[{"id":3498,"href":"https:\/\/www.vkpbratislava.sk\/index.php?rest_route=\/wp\/v2\/posts\/3490\/revisions\/3498"}],"wp:featuredmedia":[{"embeddable":true,"href":"https:\/\/www.vkpbratislava.sk\/index.php?rest_route=\/wp\/v2\/media\/3450"}],"wp:attachment":[{"href":"https:\/\/www.vkpbratislava.sk\/index.php?rest_route=%2Fwp%2Fv2%2Fmedia&parent=3490"}],"wp:term":[{"taxonomy":"category","embeddable":true,"href":"https:\/\/www.vkpbratislava.sk\/index.php?rest_route=%2Fwp%2Fv2%2Fcategories&post=3490"},{"taxonomy":"post_tag","embeddable":true,"href":"https:\/\/www.vkpbratislava.sk\/index.php?rest_route=%2Fwp%2Fv2%2Ftags&post=3490"}],"curies":[{"name":"wp","href":"https:\/\/api.w.org\/{rel}","templated":true}]}}