{"id":3499,"date":"2021-01-07T20:05:57","date_gmt":"2021-01-07T19:05:57","guid":{"rendered":"https:\/\/www.vkpbratislava.sk\/?p=3499"},"modified":"2021-01-07T20:05:57","modified_gmt":"2021-01-07T19:05:57","slug":"hrac-mesiaca-kostolani-nastvali-sme-sa-a-uz-to-islo","status":"publish","type":"post","link":"https:\/\/www.vkpbratislava.sk\/?p=3499","title":{"rendered":"Hr\u00e1\u010d mesiaca Kostol\u00e1ni: Na\u0161tvali sme sa a\u00a0u\u017e to i\u0161lo"},"content":{"rendered":"<p><strong>Po skvelom fini\u0161i v\u00a0roku 2020 pri\u0161lo aj na individu\u00e1lne ocenenie. Univerz\u00e1l \u013dubo\u0161 Kostol\u00e1ni sa stal Hr\u00e1\u010dom mesiaca december. A\u00a0mal lev\u00ed podiel na tom, \u017ee sa VKP Bratislava dostal na tretiu prie\u010dku extraligovej tabu\u013eky.<\/strong><\/p>\n<p>\u201eKosti\u010d\u201c m\u00e1 na svojom konte 192 bodov a\u00a0po desiatich z\u00e1pasoch je druh\u00fdm najprodukt\u00edvnej\u0161\u00edm hr\u00e1\u010dom extraligy, ke\u010f na prv\u00e9ho Patrika Lamanca z\u00a0Ko\u0161\u00edc str\u00e1ca 18 bodov. \u201eVe\u013ea l\u00f4pt ide na m\u0148a, r\u00e1d si ich aj p\u00fdtam. C\u00edtil som sa po\u010das z\u00e1pasov v\u00fdborne, veril som si, \u00fato\u010denie ma bav\u00ed. Idem do toho naplno. Telo to u\u017e ku koncu roka tro\u0161ku c\u00edtilo, ale viem, \u010do m\u00e1m robi\u0165, aby to fungovalo \u010falej. Teraz sa d\u00e1 \u00eds\u0165 aspo\u0148 do posil\u0148ovne. Padlo by vhod aj nejak\u00e9 fyzio keby sa dalo,\u201c rozhovoril sa Kostol\u00e1ni, ktor\u00fd sa stal Hr\u00e1\u010dom mesiaca extraligy po druh\u00fd raz v\u00a0kari\u00e9re. \u201ePopravde, o\u010dak\u00e1val som, \u017ee po na\u0161ich skvel\u00fdch v\u00fdsledkoch to z\u00edska niekto z\u00a0n\u00e1\u0161ho t\u00edmu. V\u00a0prvom rade v\u0161ak hr\u00e1me t\u00edmovo. Ke\u010f sa niekomu nedar\u00ed, podr\u017e\u00edme sa, potiahnu \u010fal\u0161\u00ed. Vych\u00e1dzali n\u00e1m v\u0161etky \u010dinnosti &#8211; servis, prihr\u00e1vka, \u00fatok i\u00a0blok. Dobre sme \u0161liapali, teraz n\u00e1s koronav\u00edrus trochu pribrzdil, ale ver\u00edm, \u017ee budeme v\u00a0na\u0161ich v\u00fdkonoch zo z\u00e1veru roka pokra\u010dova\u0165,\u201c uviedol. V\u00a0nomin\u00e1cii na individu\u00e1lne ocenenie sa s\u00a0n\u00edm ocitli aj klubov\u00ed spoluhr\u00e1\u010di Juraj Za\u0165ko a\u00a0Marek Malina. \u201eObom by som to doprial. Ke\u010f sa n\u00e1m nedarilo, sadli sme si, zanalyzovali sme si situ\u00e1ciu. Po \u0161n\u00fare prehier sme si povedali, \u017ee ka\u017ed\u00fd mus\u00ed za\u010da\u0165 s\u00e1m od seba a\u00a0za\u010dalo to fungova\u0165. Ka\u017ed\u00fd sa zlep\u0161il a\u00a0\u0161lo to ako hodinky. Mus\u00edme by\u0165 na seba st\u00e1le pr\u00edsni, nem\u00f4\u017eeme to nadhodnocova\u0165. V\u00fdkonmi sme v\u0161ak uk\u00e1zali, \u017ee s\u00faperi z\u00a0n\u00e1s musia ma\u0165 re\u0161pekt. Ve\u013ea spravilo aj dom\u00e1ce prostredie, ale u\u017e n\u00e1s \u0161tvalo, \u017ee v\u00fdsledky nie s\u00fa pod\u013ea na\u0161ich predst\u00e1v. A\u00a0je dobr\u00e9, ke\u010f n\u00e1s to \u0161tve,\u201c pokra\u010doval 203 cm vysok\u00fd univerz\u00e1l, ktor\u00e9ho priemer v\u00a0doteraj\u0161\u00edch z\u00e1pasoch je 5,33 bodu na set.<\/p>\n<blockquote><p><strong>Ver\u00edm, \u017ee si udr\u017e\u00edme kvalitu a\u00a0vyn\u00faten\u00e1<\/strong><br \/>\n<strong> tr\u00e9ningov\u00e1 pauza n\u00e1s nezastav\u00ed.<\/strong><\/p><\/blockquote>\n<p>\u201ePolicajtov\u201c po\u010das Vianoc a\u00a0na prelome rokov zasiahol koronav\u00edrus a\u00a0nenast\u00fapia na z\u00e1pas Slovensk\u00e9ho poh\u00e1ra v\u00a0Kom\u00e1rne proti Svidn\u00edku. \u201eTak\u00e1 je situ\u00e1cia. M\u00f4\u017ee to postihn\u00fa\u0165 hociktor\u00fd t\u00edm, ale nikomu to neprajem. D\u00fafam, \u017ee n\u00e1s pozit\u00edvne na\u0161tve aj to a\u00a0budeme pokra\u010dova\u0165 vo v\u00fdborn\u00fdch v\u00fdkonoch. \u010cakaj\u00fa n\u00e1s e\u0161te nejak\u00e9 z\u00e1pasy z\u00e1kladnej \u010dasti a\u00a0potom play-off, v\u00a0ktorom sa p\u00f4jde znova od nuly. Ver\u00edm, \u017ee si udr\u017e\u00edme kvalitu a\u00a0vyn\u00faten\u00e1 tr\u00e9ningov\u00e1 pauza n\u00e1s nezastav\u00ed,\u201c povedal rod\u00e1k z\u00a0Nitry. Pr\u00e1ve cel\u00fd okres pod Zoborom teraz zasiahol v\u00edrus najviac. \u201eSitu\u00e1cia je pod\u013ea medializovan\u00fdch inform\u00e1ci\u00ed v\u00e1\u017ena, treba u\u013eavi\u0165 nemocnici. Ver\u00edm, \u017ee \u010d\u00edsla nakazen\u00fdch p\u00f4jdu dolu. Lek\u00e1ri si neu\u017eili Vianoce ani Nov\u00fd rok. Aj my p\u00f4jdeme na testovanie a\u00a0ost\u00e1va n\u00e1m myslie\u0165 pozit\u00edvne, a\u00a0\u017ee Nitra sa z\u00a0toho dostane. Sme zavret\u00ed, nikam nechod\u00edme, maxim\u00e1lne do pr\u00e1ce, ale sna\u017e\u00edme sa aj u\u00a0n\u00e1s v\u00a0pr\u00e1ci menej stret\u00e1va\u0165,\u201c vyjadril sa Kostol\u00e1ni. \u201eM\u0148a to obi\u0161lo, ni\u010d som nemal, tro\u0161ku som poci\u0165oval len \u00fanavu, ale bol som negat\u00edvne testovan\u00fd. Neviem, ak\u00fd priebeh maj\u00fa chalani. Pomaly sa bud\u00fa vraca\u0165 do tr\u00e9ningu, tak ur\u010dite v\u00a0kab\u00edne povedia, ako ich to postihlo. D\u00fafam, \u017ee v\u0161etci bud\u00fa v\u00a0poriadku, a\u00a0tak to aj zostane,\u201c za\u017eelal si 22-n\u00e1sobn\u00fd reprezentant Slovenska.<\/p>\n<p>&nbsp;<\/p>\n<p>&nbsp;<\/p>\n<p>&nbsp;<\/p>\n<p>&nbsp;<\/p>\n<p>&nbsp;<\/p>\n<p>&nbsp;<\/p>\n<p>&nbsp;<\/p>\n<p>&nbsp;<\/p>\n","protected":false},"excerpt":{"rendered":"<p>Po skvelom fini\u0161i v\u00a0roku 2020 pri\u0161lo aj na individu\u00e1lne ocenenie. Univerz\u00e1l \u013dubo\u0161 Kostol\u00e1ni sa stal Hr\u00e1\u010dom mesiaca december. A\u00a0mal lev\u00ed podiel na tom, \u017ee sa VKP Bratislava dostal na tretiu prie\u010dku extraligovej tabu\u013eky.<\/p>\n","protected":false},"author":3,"featured_media":3448,"comment_status":"closed","ping_status":"open","sticky":false,"template":"","format":"standard","meta":{"_monsterinsights_skip_tracking":false,"_monsterinsights_sitenote_active":false,"_monsterinsights_sitenote_note":"","_monsterinsights_sitenote_category":0,"footnotes":""},"categories":[47],"tags":[],"class_list":["post-3499","post","type-post","status-publish","format-standard","has-post-thumbnail","hentry","category-muzi"],"yoast_head":"<!-- This site is optimized with the Yoast SEO plugin v25.6 - https:\/\/yoast.com\/wordpress\/plugins\/seo\/ -->\n<title>Hr\u00e1\u010d mesiaca Kostol\u00e1ni: Na\u0161tvali sme sa a\u00a0u\u017e to i\u0161lo - VK SLOVAN Bratislava<\/title>\n<meta name=\"description\" content=\"Po skvelom fini\u0161i v\u00a0roku 2020 pri\u0161lo aj na individu\u00e1lne ocenenie. Univerz\u00e1l \u013dubo\u0161 Kostol\u00e1ni sa stal Hr\u00e1\u010dom mesiaca december. A\u00a0mal lev\u00ed podiel na tom, \u017ee sa VKP Bratislava dostal na tretiu prie\u010dku extraligovej tabu\u013eky.\" \/>\n<meta name=\"robots\" content=\"index, follow, max-snippet:-1, max-image-preview:large, max-video-preview:-1\" \/>\n<link rel=\"canonical\" href=\"https:\/\/www.vkpbratislava.sk\/?p=3499\" \/>\n<meta property=\"og:locale\" content=\"sk_SK\" \/>\n<meta property=\"og:type\" content=\"article\" \/>\n<meta property=\"og:title\" content=\"Hr\u00e1\u010d mesiaca Kostol\u00e1ni: Na\u0161tvali sme sa a\u00a0u\u017e to i\u0161lo - VK SLOVAN Bratislava\" \/>\n<meta property=\"og:description\" content=\"Po skvelom fini\u0161i v\u00a0roku 2020 pri\u0161lo aj na individu\u00e1lne ocenenie. Univerz\u00e1l \u013dubo\u0161 Kostol\u00e1ni sa stal Hr\u00e1\u010dom mesiaca december. A\u00a0mal lev\u00ed podiel na tom, \u017ee sa VKP Bratislava dostal na tretiu prie\u010dku extraligovej tabu\u013eky.\" \/>\n<meta property=\"og:url\" content=\"https:\/\/www.vkpbratislava.sk\/?p=3499\" \/>\n<meta property=\"og:site_name\" content=\"VK SLOVAN Bratislava\" \/>\n<meta property=\"article:published_time\" content=\"2021-01-07T19:05:57+00:00\" \/>\n<meta property=\"og:image\" content=\"https:\/\/www.vkpbratislava.sk\/wp-content\/uploads\/2020\/12\/DF1A9182.jpg\" \/>\n\t<meta property=\"og:image:width\" content=\"2048\" \/>\n\t<meta property=\"og:image:height\" content=\"1365\" \/>\n\t<meta property=\"og:image:type\" content=\"image\/jpeg\" \/>\n<meta name=\"author\" content=\"jenca\" \/>\n<meta name=\"twitter:card\" content=\"summary_large_image\" \/>\n<meta name=\"twitter:label1\" content=\"Autor\" \/>\n\t<meta name=\"twitter:data1\" content=\"jenca\" \/>\n\t<meta name=\"twitter:label2\" content=\"Predpokladan\u00fd \u010das \u010d\u00edtania\" \/>\n\t<meta name=\"twitter:data2\" content=\"3 min\u00faty\" \/>\n<script type=\"application\/ld+json\" class=\"yoast-schema-graph\">{\"@context\":\"https:\/\/schema.org\",\"@graph\":[{\"@type\":\"Article\",\"@id\":\"https:\/\/www.vkpbratislava.sk\/?p=3499#article\",\"isPartOf\":{\"@id\":\"https:\/\/www.vkpbratislava.sk\/?p=3499\"},\"author\":{\"name\":\"jenca\",\"@id\":\"https:\/\/www.vkpbratislava.sk\/#\/schema\/person\/7037e769f9515aa58493d1b5852c4c50\"},\"headline\":\"Hr\u00e1\u010d mesiaca Kostol\u00e1ni: Na\u0161tvali sme sa a\u00a0u\u017e to i\u0161lo\",\"datePublished\":\"2021-01-07T19:05:57+00:00\",\"mainEntityOfPage\":{\"@id\":\"https:\/\/www.vkpbratislava.sk\/?p=3499\"},\"wordCount\":696,\"publisher\":{\"@id\":\"https:\/\/www.vkpbratislava.sk\/#organization\"},\"image\":{\"@id\":\"https:\/\/www.vkpbratislava.sk\/?p=3499#primaryimage\"},\"thumbnailUrl\":\"https:\/\/www.vkpbratislava.sk\/wp-content\/uploads\/2020\/12\/DF1A9182.jpg\",\"articleSection\":[\"Mu\u017ei\"],\"inLanguage\":\"sk-SK\"},{\"@type\":\"WebPage\",\"@id\":\"https:\/\/www.vkpbratislava.sk\/?p=3499\",\"url\":\"https:\/\/www.vkpbratislava.sk\/?p=3499\",\"name\":\"Hr\u00e1\u010d mesiaca Kostol\u00e1ni: Na\u0161tvali sme sa a\u00a0u\u017e to i\u0161lo - VK SLOVAN Bratislava\",\"isPartOf\":{\"@id\":\"https:\/\/www.vkpbratislava.sk\/#website\"},\"primaryImageOfPage\":{\"@id\":\"https:\/\/www.vkpbratislava.sk\/?p=3499#primaryimage\"},\"image\":{\"@id\":\"https:\/\/www.vkpbratislava.sk\/?p=3499#primaryimage\"},\"thumbnailUrl\":\"https:\/\/www.vkpbratislava.sk\/wp-content\/uploads\/2020\/12\/DF1A9182.jpg\",\"datePublished\":\"2021-01-07T19:05:57+00:00\",\"description\":\"Po skvelom fini\u0161i v\u00a0roku 2020 pri\u0161lo aj na individu\u00e1lne ocenenie. Univerz\u00e1l \u013dubo\u0161 Kostol\u00e1ni sa stal Hr\u00e1\u010dom mesiaca december. A\u00a0mal lev\u00ed podiel na tom, \u017ee sa VKP Bratislava dostal na tretiu prie\u010dku extraligovej tabu\u013eky.\",\"breadcrumb\":{\"@id\":\"https:\/\/www.vkpbratislava.sk\/?p=3499#breadcrumb\"},\"inLanguage\":\"sk-SK\",\"potentialAction\":[{\"@type\":\"ReadAction\",\"target\":[\"https:\/\/www.vkpbratislava.sk\/?p=3499\"]}]},{\"@type\":\"ImageObject\",\"inLanguage\":\"sk-SK\",\"@id\":\"https:\/\/www.vkpbratislava.sk\/?p=3499#primaryimage\",\"url\":\"https:\/\/www.vkpbratislava.sk\/wp-content\/uploads\/2020\/12\/DF1A9182.jpg\",\"contentUrl\":\"https:\/\/www.vkpbratislava.sk\/wp-content\/uploads\/2020\/12\/DF1A9182.jpg\",\"width\":2048,\"height\":1365},{\"@type\":\"BreadcrumbList\",\"@id\":\"https:\/\/www.vkpbratislava.sk\/?p=3499#breadcrumb\",\"itemListElement\":[{\"@type\":\"ListItem\",\"position\":1,\"name\":\"Domov\",\"item\":\"https:\/\/www.vkpbratislava.sk\/\"},{\"@type\":\"ListItem\",\"position\":2,\"name\":\"Hr\u00e1\u010d mesiaca Kostol\u00e1ni: Na\u0161tvali sme sa a\u00a0u\u017e to i\u0161lo\"}]},{\"@type\":\"WebSite\",\"@id\":\"https:\/\/www.vkpbratislava.sk\/#website\",\"url\":\"https:\/\/www.vkpbratislava.sk\/\",\"name\":\"VK SLOVAN Bratislava\",\"description\":\"Volejbalov\u00fd klub\",\"publisher\":{\"@id\":\"https:\/\/www.vkpbratislava.sk\/#organization\"},\"potentialAction\":[{\"@type\":\"SearchAction\",\"target\":{\"@type\":\"EntryPoint\",\"urlTemplate\":\"https:\/\/www.vkpbratislava.sk\/?s={search_term_string}\"},\"query-input\":{\"@type\":\"PropertyValueSpecification\",\"valueRequired\":true,\"valueName\":\"search_term_string\"}}],\"inLanguage\":\"sk-SK\"},{\"@type\":\"Organization\",\"@id\":\"https:\/\/www.vkpbratislava.sk\/#organization\",\"name\":\"VKP Bratislava\",\"url\":\"https:\/\/www.vkpbratislava.sk\/\",\"logo\":{\"@type\":\"ImageObject\",\"inLanguage\":\"sk-SK\",\"@id\":\"https:\/\/www.vkpbratislava.sk\/#\/schema\/logo\/image\/\",\"url\":\"https:\/\/www.vkpbratislava.sk\/wp-content\/uploads\/2020\/10\/vkpBA.png\",\"contentUrl\":\"https:\/\/www.vkpbratislava.sk\/wp-content\/uploads\/2020\/10\/vkpBA.png\",\"width\":600,\"height\":600,\"caption\":\"VKP Bratislava\"},\"image\":{\"@id\":\"https:\/\/www.vkpbratislava.sk\/#\/schema\/logo\/image\/\"}},{\"@type\":\"Person\",\"@id\":\"https:\/\/www.vkpbratislava.sk\/#\/schema\/person\/7037e769f9515aa58493d1b5852c4c50\",\"name\":\"jenca\",\"image\":{\"@type\":\"ImageObject\",\"inLanguage\":\"sk-SK\",\"@id\":\"https:\/\/www.vkpbratislava.sk\/#\/schema\/person\/image\/\",\"url\":\"https:\/\/secure.gravatar.com\/avatar\/67aa89e9aab2911bbd0c6fbf0a891ea8d80c207c9b6a6e2c96e13fc2f16e536d?s=96&d=mm&r=g\",\"contentUrl\":\"https:\/\/secure.gravatar.com\/avatar\/67aa89e9aab2911bbd0c6fbf0a891ea8d80c207c9b6a6e2c96e13fc2f16e536d?s=96&d=mm&r=g\",\"caption\":\"jenca\"},\"url\":\"https:\/\/www.vkpbratislava.sk\/?author=3\"}]}<\/script>\n<!-- \/ Yoast SEO plugin. -->","yoast_head_json":{"title":"Hr\u00e1\u010d mesiaca Kostol\u00e1ni: Na\u0161tvali sme sa a\u00a0u\u017e to i\u0161lo - VK SLOVAN Bratislava","description":"Po skvelom fini\u0161i v\u00a0roku 2020 pri\u0161lo aj na individu\u00e1lne ocenenie. Univerz\u00e1l \u013dubo\u0161 Kostol\u00e1ni sa stal Hr\u00e1\u010dom mesiaca december. A\u00a0mal lev\u00ed podiel na tom, \u017ee sa VKP Bratislava dostal na tretiu prie\u010dku extraligovej tabu\u013eky.","robots":{"index":"index","follow":"follow","max-snippet":"max-snippet:-1","max-image-preview":"max-image-preview:large","max-video-preview":"max-video-preview:-1"},"canonical":"https:\/\/www.vkpbratislava.sk\/?p=3499","og_locale":"sk_SK","og_type":"article","og_title":"Hr\u00e1\u010d mesiaca Kostol\u00e1ni: Na\u0161tvali sme sa a\u00a0u\u017e to i\u0161lo - VK SLOVAN Bratislava","og_description":"Po skvelom fini\u0161i v\u00a0roku 2020 pri\u0161lo aj na individu\u00e1lne ocenenie. Univerz\u00e1l \u013dubo\u0161 Kostol\u00e1ni sa stal Hr\u00e1\u010dom mesiaca december. A\u00a0mal lev\u00ed podiel na tom, \u017ee sa VKP Bratislava dostal na tretiu prie\u010dku extraligovej tabu\u013eky.","og_url":"https:\/\/www.vkpbratislava.sk\/?p=3499","og_site_name":"VK SLOVAN Bratislava","article_published_time":"2021-01-07T19:05:57+00:00","og_image":[{"width":2048,"height":1365,"url":"https:\/\/www.vkpbratislava.sk\/wp-content\/uploads\/2020\/12\/DF1A9182.jpg","type":"image\/jpeg"}],"author":"jenca","twitter_card":"summary_large_image","twitter_misc":{"Autor":"jenca","Predpokladan\u00fd \u010das \u010d\u00edtania":"3 min\u00faty"},"schema":{"@context":"https:\/\/schema.org","@graph":[{"@type":"Article","@id":"https:\/\/www.vkpbratislava.sk\/?p=3499#article","isPartOf":{"@id":"https:\/\/www.vkpbratislava.sk\/?p=3499"},"author":{"name":"jenca","@id":"https:\/\/www.vkpbratislava.sk\/#\/schema\/person\/7037e769f9515aa58493d1b5852c4c50"},"headline":"Hr\u00e1\u010d mesiaca Kostol\u00e1ni: Na\u0161tvali sme sa a\u00a0u\u017e to i\u0161lo","datePublished":"2021-01-07T19:05:57+00:00","mainEntityOfPage":{"@id":"https:\/\/www.vkpbratislava.sk\/?p=3499"},"wordCount":696,"publisher":{"@id":"https:\/\/www.vkpbratislava.sk\/#organization"},"image":{"@id":"https:\/\/www.vkpbratislava.sk\/?p=3499#primaryimage"},"thumbnailUrl":"https:\/\/www.vkpbratislava.sk\/wp-content\/uploads\/2020\/12\/DF1A9182.jpg","articleSection":["Mu\u017ei"],"inLanguage":"sk-SK"},{"@type":"WebPage","@id":"https:\/\/www.vkpbratislava.sk\/?p=3499","url":"https:\/\/www.vkpbratislava.sk\/?p=3499","name":"Hr\u00e1\u010d mesiaca Kostol\u00e1ni: Na\u0161tvali sme sa a\u00a0u\u017e to i\u0161lo - VK SLOVAN Bratislava","isPartOf":{"@id":"https:\/\/www.vkpbratislava.sk\/#website"},"primaryImageOfPage":{"@id":"https:\/\/www.vkpbratislava.sk\/?p=3499#primaryimage"},"image":{"@id":"https:\/\/www.vkpbratislava.sk\/?p=3499#primaryimage"},"thumbnailUrl":"https:\/\/www.vkpbratislava.sk\/wp-content\/uploads\/2020\/12\/DF1A9182.jpg","datePublished":"2021-01-07T19:05:57+00:00","description":"Po skvelom fini\u0161i v\u00a0roku 2020 pri\u0161lo aj na individu\u00e1lne ocenenie. Univerz\u00e1l \u013dubo\u0161 Kostol\u00e1ni sa stal Hr\u00e1\u010dom mesiaca december. A\u00a0mal lev\u00ed podiel na tom, \u017ee sa VKP Bratislava dostal na tretiu prie\u010dku extraligovej tabu\u013eky.","breadcrumb":{"@id":"https:\/\/www.vkpbratislava.sk\/?p=3499#breadcrumb"},"inLanguage":"sk-SK","potentialAction":[{"@type":"ReadAction","target":["https:\/\/www.vkpbratislava.sk\/?p=3499"]}]},{"@type":"ImageObject","inLanguage":"sk-SK","@id":"https:\/\/www.vkpbratislava.sk\/?p=3499#primaryimage","url":"https:\/\/www.vkpbratislava.sk\/wp-content\/uploads\/2020\/12\/DF1A9182.jpg","contentUrl":"https:\/\/www.vkpbratislava.sk\/wp-content\/uploads\/2020\/12\/DF1A9182.jpg","width":2048,"height":1365},{"@type":"BreadcrumbList","@id":"https:\/\/www.vkpbratislava.sk\/?p=3499#breadcrumb","itemListElement":[{"@type":"ListItem","position":1,"name":"Domov","item":"https:\/\/www.vkpbratislava.sk\/"},{"@type":"ListItem","position":2,"name":"Hr\u00e1\u010d mesiaca Kostol\u00e1ni: Na\u0161tvali sme sa a\u00a0u\u017e to i\u0161lo"}]},{"@type":"WebSite","@id":"https:\/\/www.vkpbratislava.sk\/#website","url":"https:\/\/www.vkpbratislava.sk\/","name":"VK SLOVAN Bratislava","description":"Volejbalov\u00fd klub","publisher":{"@id":"https:\/\/www.vkpbratislava.sk\/#organization"},"potentialAction":[{"@type":"SearchAction","target":{"@type":"EntryPoint","urlTemplate":"https:\/\/www.vkpbratislava.sk\/?s={search_term_string}"},"query-input":{"@type":"PropertyValueSpecification","valueRequired":true,"valueName":"search_term_string"}}],"inLanguage":"sk-SK"},{"@type":"Organization","@id":"https:\/\/www.vkpbratislava.sk\/#organization","name":"VKP Bratislava","url":"https:\/\/www.vkpbratislava.sk\/","logo":{"@type":"ImageObject","inLanguage":"sk-SK","@id":"https:\/\/www.vkpbratislava.sk\/#\/schema\/logo\/image\/","url":"https:\/\/www.vkpbratislava.sk\/wp-content\/uploads\/2020\/10\/vkpBA.png","contentUrl":"https:\/\/www.vkpbratislava.sk\/wp-content\/uploads\/2020\/10\/vkpBA.png","width":600,"height":600,"caption":"VKP Bratislava"},"image":{"@id":"https:\/\/www.vkpbratislava.sk\/#\/schema\/logo\/image\/"}},{"@type":"Person","@id":"https:\/\/www.vkpbratislava.sk\/#\/schema\/person\/7037e769f9515aa58493d1b5852c4c50","name":"jenca","image":{"@type":"ImageObject","inLanguage":"sk-SK","@id":"https:\/\/www.vkpbratislava.sk\/#\/schema\/person\/image\/","url":"https:\/\/secure.gravatar.com\/avatar\/67aa89e9aab2911bbd0c6fbf0a891ea8d80c207c9b6a6e2c96e13fc2f16e536d?s=96&d=mm&r=g","contentUrl":"https:\/\/secure.gravatar.com\/avatar\/67aa89e9aab2911bbd0c6fbf0a891ea8d80c207c9b6a6e2c96e13fc2f16e536d?s=96&d=mm&r=g","caption":"jenca"},"url":"https:\/\/www.vkpbratislava.sk\/?author=3"}]}},"_links":{"self":[{"href":"https:\/\/www.vkpbratislava.sk\/index.php?rest_route=\/wp\/v2\/posts\/3499","targetHints":{"allow":["GET"]}}],"collection":[{"href":"https:\/\/www.vkpbratislava.sk\/index.php?rest_route=\/wp\/v2\/posts"}],"about":[{"href":"https:\/\/www.vkpbratislava.sk\/index.php?rest_route=\/wp\/v2\/types\/post"}],"author":[{"embeddable":true,"href":"https:\/\/www.vkpbratislava.sk\/index.php?rest_route=\/wp\/v2\/users\/3"}],"replies":[{"embeddable":true,"href":"https:\/\/www.vkpbratislava.sk\/index.php?rest_route=%2Fwp%2Fv2%2Fcomments&post=3499"}],"version-history":[{"count":2,"href":"https:\/\/www.vkpbratislava.sk\/index.php?rest_route=\/wp\/v2\/posts\/3499\/revisions"}],"predecessor-version":[{"id":3501,"href":"https:\/\/www.vkpbratislava.sk\/index.php?rest_route=\/wp\/v2\/posts\/3499\/revisions\/3501"}],"wp:featuredmedia":[{"embeddable":true,"href":"https:\/\/www.vkpbratislava.sk\/index.php?rest_route=\/wp\/v2\/media\/3448"}],"wp:attachment":[{"href":"https:\/\/www.vkpbratislava.sk\/index.php?rest_route=%2Fwp%2Fv2%2Fmedia&parent=3499"}],"wp:term":[{"taxonomy":"category","embeddable":true,"href":"https:\/\/www.vkpbratislava.sk\/index.php?rest_route=%2Fwp%2Fv2%2Fcategories&post=3499"},{"taxonomy":"post_tag","embeddable":true,"href":"https:\/\/www.vkpbratislava.sk\/index.php?rest_route=%2Fwp%2Fv2%2Ftags&post=3499"}],"curies":[{"name":"wp","href":"https:\/\/api.w.org\/{rel}","templated":true}]}}