{"id":3502,"date":"2021-01-13T10:53:10","date_gmt":"2021-01-13T09:53:10","guid":{"rendered":"https:\/\/www.vkpbratislava.sk\/?p=3502"},"modified":"2021-01-13T11:18:31","modified_gmt":"2021-01-13T10:18:31","slug":"tretie-oko-timu-je-statistik-lukac","status":"publish","type":"post","link":"https:\/\/www.vkpbratislava.sk\/?p=3502","title":{"rendered":"Tretie oko t\u00edmu je \u0161tatistik Luk\u00e1\u010d"},"content":{"rendered":"<p><strong>Jedn\u00fdm z d\u00f4le\u017eit\u00fdch \u010dlenov t\u00edmu je Maro\u0161 Luk\u00e1\u010d. Tridsa\u0165jedenro\u010dn\u00fd mlad\u00edk za\u010d\u00ednal v poz\u00edcii \u0161tatistika od nuly, napokon sa vypracoval a\u017e k tomu, \u017ee patr\u00ed k d\u00f4le\u017eit\u00fdm \u013eu\u010fom vo farb\u00e1ch VKP Bratislava.<\/strong><\/p>\n<p>VKP mal kostrbat\u00fd \u0161tart po n\u00e1vrate do extraligy. Na prelome rokov zasiahol t\u00edm aj koronav\u00edrus, a tak mu\u017estvo ne\u0161tartovalo v Slovenskom poh\u00e1ri. \u201eV prvom rade by som chcel v\u0161etk\u00fdm fan\u00fa\u0161ikom volejbalu popria\u0165 len to najlep\u0161ie v roku 2021, najm\u00e4 ve\u013ea zdravia, ktor\u00e9 je v tomto obdob\u00ed najvz\u00e1cnej\u0161ie,\u201c poslal \u00favodom odkaz Maro\u0161 Luk\u00e1\u010d, ktor\u00fd pln\u00ed v realiza\u010dnom t\u00edme \u00falohu \u0161tatistika. \u201eMoja \u00faloha je ve\u013emi zlo\u017eit\u00e1 a je to hlavne zodpovedn\u00e1 pr\u00e1ca. Ke\u010f som pred jeden a pol rokom vstupoval do volejbalov\u00e9ho koloto\u010da, neuvedomoval som si, ak\u00e9 to bude n\u00e1ro\u010dn\u00e9. Viackr\u00e1t som s t\u00fdm u\u017e chcel skon\u010di\u0165, venova\u0165 sa len svojej profesii, ale l\u00e1ska k volejbalu v\u017edy vyhrala. A v\u017edy ma niekto presved\u010dil, \u017ee bude u\u017e len lep\u0161ie,\u201c prezradil rod\u00e1k z Humenn\u00e9ho. Aj on a jeho d\u00e1ta sa podie\u013eaj\u00fa na tom, aby bolo mu\u017estvo na ka\u017ed\u00fd z\u00e1pas pripraven\u00e9 na sto percent. \u201eKa\u017ed\u00fd \u0161tatistik mus\u00ed pripravi\u0165 svoj t\u00edm do ka\u017ed\u00e9ho jedn\u00e9ho z\u00e1pasu. Mus\u00ed hr\u00e1\u010dom prehra\u0165 vide\u00e1 s\u00faperov, ktor\u00e9 hrali v predch\u00e1dzaj\u00facich z\u00e1pasoch a tie\u017e stretnutia, ktor\u00e9 v minulosti hrali proti sebe,\u201c pokra\u010doval. \u201eKa\u017ed\u00fd hr\u00e1\u010d m\u00e1 z\u00e1ujem o rozbor dan\u00e9ho s\u00fapera alebo konkr\u00e9tneho hr\u00e1\u010da. Na \u0161tatistiku pou\u017e\u00edvame syst\u00e9m, kde uk\u00e1\u017eeme hr\u00e1\u010dom, kto mal ak\u00fa \u00faspe\u0161nos\u0165, a kde m\u00e1 protihr\u00e1\u010d najv\u00e4\u010d\u0161iu slabinu, respekt\u00edve siln\u00fa str\u00e1nku. To s\u00fa ot\u00e1zky &#8211; kam pod\u00e1va, ak\u00fdm smerom sme\u010duje, ako sa pohybuje pri blokoch,\u201c doplnil \u201eLuky\u201c. Jeho oku neunikne \u017eiadny detail, ktor\u00fd sa v z\u00e1pase udeje. \u201eHodnot\u00edme ka\u017ed\u00fd dotyk s loptou od podania a\u017e po zlo\u017eenie. Po z\u00e1pase si m\u00f4\u017ee ka\u017ed\u00fd hr\u00e1\u010d pozrie\u0165 ko\u013eko zaznamenal bodov, blokov, ak\u00fa mal \u00faspe\u0161nos\u0165,\u201c dodal.<\/p>\n<blockquote>\n<h6>Pr\u00e1cu mi u\u013eah\u010duj\u00fa pom\u00f4cky<\/h6>\n<h6>od spolo\u010dnosti Lenovo<\/h6>\n<\/blockquote>\n<p>&nbsp;<\/p>\n<p>To, \u010do jeho zrak neustriehne, to si vie pozrie\u0165 aj dodato\u010dne. \u201eM\u00e1m k dispoz\u00edcii dve kamery. Jednu priamo pre tr\u00e9nera, ktor\u00fd si vie na strieda\u010dke v tablete s miernym oneskoren\u00edm pozrie\u0165 jednotliv\u00fa akciu a druh\u00fa pre hr\u00e1\u010dov, ktor\u00ed si pod\u013ea potreby m\u00f4\u017eu pozrie\u0165 z\u00e1pas alebo jeho pas\u00e1\u017ee, o ktor\u00e9 maj\u00fa z\u00e1ujem. Aj my, \u0161tatistici, sme len \u013eudia a rob\u00edme chyby, a preto si nasleduj\u00faci de\u0148 po z\u00e1pase e\u0161te raz pozriem cel\u00fd z\u00e1pas zo z\u00e1znamu a sp\u00e4tne si pozriem akcie, ktor\u00e9 som nestihol,\u201c uviedol Maro\u0161 Luk\u00e1\u010d. Svoju pr\u00e1cu by nemenil. Bav\u00ed ho, u\u017e\u00edva si to a v\u017edy ho te\u0161ia najm\u00e4 v\u00ed\u0165azn\u00e9 z\u00e1pasy. \u201eSt\u00e1le sa pova\u017eujem za za\u010diato\u010dn\u00edka. Neust\u00e1le sa u\u010d\u00edm, sna\u017e\u00edm sa zdokona\u013eova\u0165. Chcel by som sa po\u010fakova\u0165 vedeniu VKP Bratislava, \u017ee mi dali \u0161ancu. Te\u0161\u00edm sa z vytvoren\u00fdch podmienok. M\u00f4\u017eem pou\u017e\u00edva\u0165 pom\u00f4cky na \u0161tatistiky od spolo\u010dnosti Lenovo Slovakia, \u010do mi ve\u013emi u\u013eah\u010duje moju pr\u00e1cu,\u201c povedal Luk\u00e1\u010d a uzavrel: \u201eVer\u00edm, \u017ee na\u0161ich chlapcov dovedieme a\u017e do fin\u00e1le a moja \u0161tatistika bude aspo\u0148 na nie\u010do dobr\u00e1.\u201c<\/p>\n<p><img loading=\"lazy\" decoding=\"async\" class=\"alignnone size-medium wp-image-3462\" src=\"https:\/\/www.vkpbratislava.sk\/wp-content\/uploads\/2020\/12\/DF1A9269-640x427.jpg\" alt=\"\" width=\"640\" height=\"427\" srcset=\"https:\/\/www.vkpbratislava.sk\/wp-content\/uploads\/2020\/12\/DF1A9269-640x427.jpg 640w, https:\/\/www.vkpbratislava.sk\/wp-content\/uploads\/2020\/12\/DF1A9269-1280x853.jpg 1280w, https:\/\/www.vkpbratislava.sk\/wp-content\/uploads\/2020\/12\/DF1A9269-768x512.jpg 768w, https:\/\/www.vkpbratislava.sk\/wp-content\/uploads\/2020\/12\/DF1A9269-1536x1024.jpg 1536w, https:\/\/www.vkpbratislava.sk\/wp-content\/uploads\/2020\/12\/DF1A9269-320x213.jpg 320w, https:\/\/www.vkpbratislava.sk\/wp-content\/uploads\/2020\/12\/DF1A9269-600x400.jpg 600w, https:\/\/www.vkpbratislava.sk\/wp-content\/uploads\/2020\/12\/DF1A9269.jpg 2048w\" sizes=\"auto, (max-width: 640px) 100vw, 640px\" \/> <img loading=\"lazy\" decoding=\"async\" class=\"alignnone size-medium wp-image-3466\" src=\"https:\/\/www.vkpbratislava.sk\/wp-content\/uploads\/2020\/12\/DF1A9292-640x427.jpg\" alt=\"\" width=\"640\" height=\"427\" srcset=\"https:\/\/www.vkpbratislava.sk\/wp-content\/uploads\/2020\/12\/DF1A9292-640x427.jpg 640w, https:\/\/www.vkpbratislava.sk\/wp-content\/uploads\/2020\/12\/DF1A9292-1280x853.jpg 1280w, https:\/\/www.vkpbratislava.sk\/wp-content\/uploads\/2020\/12\/DF1A9292-768x512.jpg 768w, https:\/\/www.vkpbratislava.sk\/wp-content\/uploads\/2020\/12\/DF1A9292-1536x1024.jpg 1536w, https:\/\/www.vkpbratislava.sk\/wp-content\/uploads\/2020\/12\/DF1A9292-320x213.jpg 320w, https:\/\/www.vkpbratislava.sk\/wp-content\/uploads\/2020\/12\/DF1A9292-600x400.jpg 600w, https:\/\/www.vkpbratislava.sk\/wp-content\/uploads\/2020\/12\/DF1A9292.jpg 2048w\" sizes=\"auto, (max-width: 640px) 100vw, 640px\" \/><\/p>\n","protected":false},"excerpt":{"rendered":"<p>Jedn\u00fdm z d\u00f4le\u017eit\u00fdch \u010dlenov t\u00edmu je Maro\u0161 Luk\u00e1\u010d. Tridsa\u0165jednro\u010dn\u00fd mlad\u00edk za\u010d\u00ednal v poz\u00edcii \u0161tatistika od nuly, napokon sa vypracoval a\u017e k tomu, \u017ee patr\u00ed k d\u00f4le\u017eit\u00fdm \u013eu\u010fom vo farb\u00e1ch VKP Bratislava.<\/p>\n","protected":false},"author":3,"featured_media":3461,"comment_status":"closed","ping_status":"open","sticky":false,"template":"","format":"standard","meta":{"_monsterinsights_skip_tracking":false,"_monsterinsights_sitenote_active":false,"_monsterinsights_sitenote_note":"","_monsterinsights_sitenote_category":0,"footnotes":""},"categories":[47],"tags":[],"class_list":["post-3502","post","type-post","status-publish","format-standard","has-post-thumbnail","hentry","category-muzi"],"yoast_head":"<!-- This site is optimized with the Yoast SEO plugin v25.6 - https:\/\/yoast.com\/wordpress\/plugins\/seo\/ -->\n<title>Tretie oko t\u00edmu je \u0161tatistik Luk\u00e1\u010d - VK SLOVAN Bratislava<\/title>\n<meta name=\"description\" content=\"Jedn\u00fdm z d\u00f4le\u017eit\u00fdch \u010dlenov t\u00edmu je Maro\u0161 Luk\u00e1\u010d. Tridsa\u0165jednro\u010dn\u00fd mlad\u00edk za\u010d\u00ednal v poz\u00edcii \u0161tatistika od nuly, napokon sa vypracoval a\u017e k tomu, \u017ee patr\u00ed k d\u00f4le\u017eit\u00fdm \u013eu\u010fom vo farb\u00e1ch VKP Bratislava.\" \/>\n<meta name=\"robots\" content=\"index, follow, max-snippet:-1, max-image-preview:large, max-video-preview:-1\" \/>\n<link rel=\"canonical\" href=\"https:\/\/www.vkpbratislava.sk\/?p=3502\" \/>\n<meta property=\"og:locale\" content=\"sk_SK\" \/>\n<meta property=\"og:type\" content=\"article\" \/>\n<meta property=\"og:title\" content=\"Tretie oko t\u00edmu je \u0161tatistik Luk\u00e1\u010d - VK SLOVAN Bratislava\" \/>\n<meta property=\"og:description\" content=\"Jedn\u00fdm z d\u00f4le\u017eit\u00fdch \u010dlenov t\u00edmu je Maro\u0161 Luk\u00e1\u010d. Tridsa\u0165jednro\u010dn\u00fd mlad\u00edk za\u010d\u00ednal v poz\u00edcii \u0161tatistika od nuly, napokon sa vypracoval a\u017e k tomu, \u017ee patr\u00ed k d\u00f4le\u017eit\u00fdm \u013eu\u010fom vo farb\u00e1ch VKP Bratislava.\" \/>\n<meta property=\"og:url\" content=\"https:\/\/www.vkpbratislava.sk\/?p=3502\" \/>\n<meta property=\"og:site_name\" content=\"VK SLOVAN Bratislava\" \/>\n<meta property=\"article:published_time\" content=\"2021-01-13T09:53:10+00:00\" \/>\n<meta property=\"article:modified_time\" content=\"2021-01-13T10:18:31+00:00\" \/>\n<meta property=\"og:image\" content=\"https:\/\/www.vkpbratislava.sk\/wp-content\/uploads\/2020\/12\/DF1A9267.jpg\" \/>\n\t<meta property=\"og:image:width\" content=\"2048\" \/>\n\t<meta property=\"og:image:height\" content=\"1365\" \/>\n\t<meta property=\"og:image:type\" content=\"image\/jpeg\" \/>\n<meta name=\"author\" content=\"jenca\" \/>\n<meta name=\"twitter:card\" content=\"summary_large_image\" \/>\n<meta name=\"twitter:label1\" content=\"Autor\" \/>\n\t<meta name=\"twitter:data1\" content=\"jenca\" \/>\n\t<meta name=\"twitter:label2\" content=\"Predpokladan\u00fd \u010das \u010d\u00edtania\" \/>\n\t<meta name=\"twitter:data2\" content=\"3 min\u00faty\" \/>\n<script type=\"application\/ld+json\" class=\"yoast-schema-graph\">{\"@context\":\"https:\/\/schema.org\",\"@graph\":[{\"@type\":\"Article\",\"@id\":\"https:\/\/www.vkpbratislava.sk\/?p=3502#article\",\"isPartOf\":{\"@id\":\"https:\/\/www.vkpbratislava.sk\/?p=3502\"},\"author\":{\"name\":\"jenca\",\"@id\":\"https:\/\/www.vkpbratislava.sk\/#\/schema\/person\/7037e769f9515aa58493d1b5852c4c50\"},\"headline\":\"Tretie oko t\u00edmu je \u0161tatistik Luk\u00e1\u010d\",\"datePublished\":\"2021-01-13T09:53:10+00:00\",\"dateModified\":\"2021-01-13T10:18:31+00:00\",\"mainEntityOfPage\":{\"@id\":\"https:\/\/www.vkpbratislava.sk\/?p=3502\"},\"wordCount\":605,\"publisher\":{\"@id\":\"https:\/\/www.vkpbratislava.sk\/#organization\"},\"image\":{\"@id\":\"https:\/\/www.vkpbratislava.sk\/?p=3502#primaryimage\"},\"thumbnailUrl\":\"https:\/\/www.vkpbratislava.sk\/wp-content\/uploads\/2020\/12\/DF1A9267.jpg\",\"articleSection\":[\"Mu\u017ei\"],\"inLanguage\":\"sk-SK\"},{\"@type\":\"WebPage\",\"@id\":\"https:\/\/www.vkpbratislava.sk\/?p=3502\",\"url\":\"https:\/\/www.vkpbratislava.sk\/?p=3502\",\"name\":\"Tretie oko t\u00edmu je \u0161tatistik Luk\u00e1\u010d - VK SLOVAN Bratislava\",\"isPartOf\":{\"@id\":\"https:\/\/www.vkpbratislava.sk\/#website\"},\"primaryImageOfPage\":{\"@id\":\"https:\/\/www.vkpbratislava.sk\/?p=3502#primaryimage\"},\"image\":{\"@id\":\"https:\/\/www.vkpbratislava.sk\/?p=3502#primaryimage\"},\"thumbnailUrl\":\"https:\/\/www.vkpbratislava.sk\/wp-content\/uploads\/2020\/12\/DF1A9267.jpg\",\"datePublished\":\"2021-01-13T09:53:10+00:00\",\"dateModified\":\"2021-01-13T10:18:31+00:00\",\"description\":\"Jedn\u00fdm z d\u00f4le\u017eit\u00fdch \u010dlenov t\u00edmu je Maro\u0161 Luk\u00e1\u010d. Tridsa\u0165jednro\u010dn\u00fd mlad\u00edk za\u010d\u00ednal v poz\u00edcii \u0161tatistika od nuly, napokon sa vypracoval a\u017e k tomu, \u017ee patr\u00ed k d\u00f4le\u017eit\u00fdm \u013eu\u010fom vo farb\u00e1ch VKP Bratislava.\",\"breadcrumb\":{\"@id\":\"https:\/\/www.vkpbratislava.sk\/?p=3502#breadcrumb\"},\"inLanguage\":\"sk-SK\",\"potentialAction\":[{\"@type\":\"ReadAction\",\"target\":[\"https:\/\/www.vkpbratislava.sk\/?p=3502\"]}]},{\"@type\":\"ImageObject\",\"inLanguage\":\"sk-SK\",\"@id\":\"https:\/\/www.vkpbratislava.sk\/?p=3502#primaryimage\",\"url\":\"https:\/\/www.vkpbratislava.sk\/wp-content\/uploads\/2020\/12\/DF1A9267.jpg\",\"contentUrl\":\"https:\/\/www.vkpbratislava.sk\/wp-content\/uploads\/2020\/12\/DF1A9267.jpg\",\"width\":2048,\"height\":1365},{\"@type\":\"BreadcrumbList\",\"@id\":\"https:\/\/www.vkpbratislava.sk\/?p=3502#breadcrumb\",\"itemListElement\":[{\"@type\":\"ListItem\",\"position\":1,\"name\":\"Domov\",\"item\":\"https:\/\/www.vkpbratislava.sk\/\"},{\"@type\":\"ListItem\",\"position\":2,\"name\":\"Tretie oko t\u00edmu je \u0161tatistik Luk\u00e1\u010d\"}]},{\"@type\":\"WebSite\",\"@id\":\"https:\/\/www.vkpbratislava.sk\/#website\",\"url\":\"https:\/\/www.vkpbratislava.sk\/\",\"name\":\"VK SLOVAN Bratislava\",\"description\":\"Volejbalov\u00fd klub\",\"publisher\":{\"@id\":\"https:\/\/www.vkpbratislava.sk\/#organization\"},\"potentialAction\":[{\"@type\":\"SearchAction\",\"target\":{\"@type\":\"EntryPoint\",\"urlTemplate\":\"https:\/\/www.vkpbratislava.sk\/?s={search_term_string}\"},\"query-input\":{\"@type\":\"PropertyValueSpecification\",\"valueRequired\":true,\"valueName\":\"search_term_string\"}}],\"inLanguage\":\"sk-SK\"},{\"@type\":\"Organization\",\"@id\":\"https:\/\/www.vkpbratislava.sk\/#organization\",\"name\":\"VKP Bratislava\",\"url\":\"https:\/\/www.vkpbratislava.sk\/\",\"logo\":{\"@type\":\"ImageObject\",\"inLanguage\":\"sk-SK\",\"@id\":\"https:\/\/www.vkpbratislava.sk\/#\/schema\/logo\/image\/\",\"url\":\"https:\/\/www.vkpbratislava.sk\/wp-content\/uploads\/2020\/10\/vkpBA.png\",\"contentUrl\":\"https:\/\/www.vkpbratislava.sk\/wp-content\/uploads\/2020\/10\/vkpBA.png\",\"width\":600,\"height\":600,\"caption\":\"VKP Bratislava\"},\"image\":{\"@id\":\"https:\/\/www.vkpbratislava.sk\/#\/schema\/logo\/image\/\"}},{\"@type\":\"Person\",\"@id\":\"https:\/\/www.vkpbratislava.sk\/#\/schema\/person\/7037e769f9515aa58493d1b5852c4c50\",\"name\":\"jenca\",\"image\":{\"@type\":\"ImageObject\",\"inLanguage\":\"sk-SK\",\"@id\":\"https:\/\/www.vkpbratislava.sk\/#\/schema\/person\/image\/\",\"url\":\"https:\/\/secure.gravatar.com\/avatar\/67aa89e9aab2911bbd0c6fbf0a891ea8d80c207c9b6a6e2c96e13fc2f16e536d?s=96&d=mm&r=g\",\"contentUrl\":\"https:\/\/secure.gravatar.com\/avatar\/67aa89e9aab2911bbd0c6fbf0a891ea8d80c207c9b6a6e2c96e13fc2f16e536d?s=96&d=mm&r=g\",\"caption\":\"jenca\"},\"url\":\"https:\/\/www.vkpbratislava.sk\/?author=3\"}]}<\/script>\n<!-- \/ Yoast SEO plugin. -->","yoast_head_json":{"title":"Tretie oko t\u00edmu je \u0161tatistik Luk\u00e1\u010d - VK SLOVAN Bratislava","description":"Jedn\u00fdm z d\u00f4le\u017eit\u00fdch \u010dlenov t\u00edmu je Maro\u0161 Luk\u00e1\u010d. Tridsa\u0165jednro\u010dn\u00fd mlad\u00edk za\u010d\u00ednal v poz\u00edcii \u0161tatistika od nuly, napokon sa vypracoval a\u017e k tomu, \u017ee patr\u00ed k d\u00f4le\u017eit\u00fdm \u013eu\u010fom vo farb\u00e1ch VKP Bratislava.","robots":{"index":"index","follow":"follow","max-snippet":"max-snippet:-1","max-image-preview":"max-image-preview:large","max-video-preview":"max-video-preview:-1"},"canonical":"https:\/\/www.vkpbratislava.sk\/?p=3502","og_locale":"sk_SK","og_type":"article","og_title":"Tretie oko t\u00edmu je \u0161tatistik Luk\u00e1\u010d - VK SLOVAN Bratislava","og_description":"Jedn\u00fdm z d\u00f4le\u017eit\u00fdch \u010dlenov t\u00edmu je Maro\u0161 Luk\u00e1\u010d. Tridsa\u0165jednro\u010dn\u00fd mlad\u00edk za\u010d\u00ednal v poz\u00edcii \u0161tatistika od nuly, napokon sa vypracoval a\u017e k tomu, \u017ee patr\u00ed k d\u00f4le\u017eit\u00fdm \u013eu\u010fom vo farb\u00e1ch VKP Bratislava.","og_url":"https:\/\/www.vkpbratislava.sk\/?p=3502","og_site_name":"VK SLOVAN Bratislava","article_published_time":"2021-01-13T09:53:10+00:00","article_modified_time":"2021-01-13T10:18:31+00:00","og_image":[{"width":2048,"height":1365,"url":"https:\/\/www.vkpbratislava.sk\/wp-content\/uploads\/2020\/12\/DF1A9267.jpg","type":"image\/jpeg"}],"author":"jenca","twitter_card":"summary_large_image","twitter_misc":{"Autor":"jenca","Predpokladan\u00fd \u010das \u010d\u00edtania":"3 min\u00faty"},"schema":{"@context":"https:\/\/schema.org","@graph":[{"@type":"Article","@id":"https:\/\/www.vkpbratislava.sk\/?p=3502#article","isPartOf":{"@id":"https:\/\/www.vkpbratislava.sk\/?p=3502"},"author":{"name":"jenca","@id":"https:\/\/www.vkpbratislava.sk\/#\/schema\/person\/7037e769f9515aa58493d1b5852c4c50"},"headline":"Tretie oko t\u00edmu je \u0161tatistik Luk\u00e1\u010d","datePublished":"2021-01-13T09:53:10+00:00","dateModified":"2021-01-13T10:18:31+00:00","mainEntityOfPage":{"@id":"https:\/\/www.vkpbratislava.sk\/?p=3502"},"wordCount":605,"publisher":{"@id":"https:\/\/www.vkpbratislava.sk\/#organization"},"image":{"@id":"https:\/\/www.vkpbratislava.sk\/?p=3502#primaryimage"},"thumbnailUrl":"https:\/\/www.vkpbratislava.sk\/wp-content\/uploads\/2020\/12\/DF1A9267.jpg","articleSection":["Mu\u017ei"],"inLanguage":"sk-SK"},{"@type":"WebPage","@id":"https:\/\/www.vkpbratislava.sk\/?p=3502","url":"https:\/\/www.vkpbratislava.sk\/?p=3502","name":"Tretie oko t\u00edmu je \u0161tatistik Luk\u00e1\u010d - VK SLOVAN Bratislava","isPartOf":{"@id":"https:\/\/www.vkpbratislava.sk\/#website"},"primaryImageOfPage":{"@id":"https:\/\/www.vkpbratislava.sk\/?p=3502#primaryimage"},"image":{"@id":"https:\/\/www.vkpbratislava.sk\/?p=3502#primaryimage"},"thumbnailUrl":"https:\/\/www.vkpbratislava.sk\/wp-content\/uploads\/2020\/12\/DF1A9267.jpg","datePublished":"2021-01-13T09:53:10+00:00","dateModified":"2021-01-13T10:18:31+00:00","description":"Jedn\u00fdm z d\u00f4le\u017eit\u00fdch \u010dlenov t\u00edmu je Maro\u0161 Luk\u00e1\u010d. Tridsa\u0165jednro\u010dn\u00fd mlad\u00edk za\u010d\u00ednal v poz\u00edcii \u0161tatistika od nuly, napokon sa vypracoval a\u017e k tomu, \u017ee patr\u00ed k d\u00f4le\u017eit\u00fdm \u013eu\u010fom vo farb\u00e1ch VKP Bratislava.","breadcrumb":{"@id":"https:\/\/www.vkpbratislava.sk\/?p=3502#breadcrumb"},"inLanguage":"sk-SK","potentialAction":[{"@type":"ReadAction","target":["https:\/\/www.vkpbratislava.sk\/?p=3502"]}]},{"@type":"ImageObject","inLanguage":"sk-SK","@id":"https:\/\/www.vkpbratislava.sk\/?p=3502#primaryimage","url":"https:\/\/www.vkpbratislava.sk\/wp-content\/uploads\/2020\/12\/DF1A9267.jpg","contentUrl":"https:\/\/www.vkpbratislava.sk\/wp-content\/uploads\/2020\/12\/DF1A9267.jpg","width":2048,"height":1365},{"@type":"BreadcrumbList","@id":"https:\/\/www.vkpbratislava.sk\/?p=3502#breadcrumb","itemListElement":[{"@type":"ListItem","position":1,"name":"Domov","item":"https:\/\/www.vkpbratislava.sk\/"},{"@type":"ListItem","position":2,"name":"Tretie oko t\u00edmu je \u0161tatistik Luk\u00e1\u010d"}]},{"@type":"WebSite","@id":"https:\/\/www.vkpbratislava.sk\/#website","url":"https:\/\/www.vkpbratislava.sk\/","name":"VK SLOVAN Bratislava","description":"Volejbalov\u00fd klub","publisher":{"@id":"https:\/\/www.vkpbratislava.sk\/#organization"},"potentialAction":[{"@type":"SearchAction","target":{"@type":"EntryPoint","urlTemplate":"https:\/\/www.vkpbratislava.sk\/?s={search_term_string}"},"query-input":{"@type":"PropertyValueSpecification","valueRequired":true,"valueName":"search_term_string"}}],"inLanguage":"sk-SK"},{"@type":"Organization","@id":"https:\/\/www.vkpbratislava.sk\/#organization","name":"VKP Bratislava","url":"https:\/\/www.vkpbratislava.sk\/","logo":{"@type":"ImageObject","inLanguage":"sk-SK","@id":"https:\/\/www.vkpbratislava.sk\/#\/schema\/logo\/image\/","url":"https:\/\/www.vkpbratislava.sk\/wp-content\/uploads\/2020\/10\/vkpBA.png","contentUrl":"https:\/\/www.vkpbratislava.sk\/wp-content\/uploads\/2020\/10\/vkpBA.png","width":600,"height":600,"caption":"VKP Bratislava"},"image":{"@id":"https:\/\/www.vkpbratislava.sk\/#\/schema\/logo\/image\/"}},{"@type":"Person","@id":"https:\/\/www.vkpbratislava.sk\/#\/schema\/person\/7037e769f9515aa58493d1b5852c4c50","name":"jenca","image":{"@type":"ImageObject","inLanguage":"sk-SK","@id":"https:\/\/www.vkpbratislava.sk\/#\/schema\/person\/image\/","url":"https:\/\/secure.gravatar.com\/avatar\/67aa89e9aab2911bbd0c6fbf0a891ea8d80c207c9b6a6e2c96e13fc2f16e536d?s=96&d=mm&r=g","contentUrl":"https:\/\/secure.gravatar.com\/avatar\/67aa89e9aab2911bbd0c6fbf0a891ea8d80c207c9b6a6e2c96e13fc2f16e536d?s=96&d=mm&r=g","caption":"jenca"},"url":"https:\/\/www.vkpbratislava.sk\/?author=3"}]}},"_links":{"self":[{"href":"https:\/\/www.vkpbratislava.sk\/index.php?rest_route=\/wp\/v2\/posts\/3502","targetHints":{"allow":["GET"]}}],"collection":[{"href":"https:\/\/www.vkpbratislava.sk\/index.php?rest_route=\/wp\/v2\/posts"}],"about":[{"href":"https:\/\/www.vkpbratislava.sk\/index.php?rest_route=\/wp\/v2\/types\/post"}],"author":[{"embeddable":true,"href":"https:\/\/www.vkpbratislava.sk\/index.php?rest_route=\/wp\/v2\/users\/3"}],"replies":[{"embeddable":true,"href":"https:\/\/www.vkpbratislava.sk\/index.php?rest_route=%2Fwp%2Fv2%2Fcomments&post=3502"}],"version-history":[{"count":6,"href":"https:\/\/www.vkpbratislava.sk\/index.php?rest_route=\/wp\/v2\/posts\/3502\/revisions"}],"predecessor-version":[{"id":3512,"href":"https:\/\/www.vkpbratislava.sk\/index.php?rest_route=\/wp\/v2\/posts\/3502\/revisions\/3512"}],"wp:featuredmedia":[{"embeddable":true,"href":"https:\/\/www.vkpbratislava.sk\/index.php?rest_route=\/wp\/v2\/media\/3461"}],"wp:attachment":[{"href":"https:\/\/www.vkpbratislava.sk\/index.php?rest_route=%2Fwp%2Fv2%2Fmedia&parent=3502"}],"wp:term":[{"taxonomy":"category","embeddable":true,"href":"https:\/\/www.vkpbratislava.sk\/index.php?rest_route=%2Fwp%2Fv2%2Fcategories&post=3502"},{"taxonomy":"post_tag","embeddable":true,"href":"https:\/\/www.vkpbratislava.sk\/index.php?rest_route=%2Fwp%2Fv2%2Ftags&post=3502"}],"curies":[{"name":"wp","href":"https:\/\/api.w.org\/{rel}","templated":true}]}}