{"id":36405,"date":"2024-11-12T14:00:48","date_gmt":"2024-11-12T13:00:48","guid":{"rendered":"https:\/\/www.vkpbratislava.sk\/?p=36405"},"modified":"2024-11-13T00:22:36","modified_gmt":"2024-11-12T23:22:36","slug":"muzi-spoznali-supera-v-semifinale-pohara","status":"publish","type":"post","link":"https:\/\/www.vkpbratislava.sk\/?p=36405","title":{"rendered":"Mu\u017ei spoznali semifin\u00e1lov\u00e9ho vyz\u00fdvate\u013ea"},"content":{"rendered":"<p>V s\u00eddle Slovenskej volejbalovej feder\u00e1cie sa uskuto\u010dnil d\u0148a 11. novembra 2024\u00a0<strong>\u017ereb semifin\u00e1lov\u00fdch dvoj\u00edc Nik\u00e9 Slovensk\u00e9ho poh\u00e1ra mu\u017eov<\/strong>\u00a0pre s\u00fa\u0165a\u017en\u00fd ro\u010dn\u00edk 2024\/25.<\/p>\n<p>Na z\u00e1klade \u017erebu je zlo\u017eenie semifin\u00e1lov\u00fdch dvoj\u00edc nasledovn\u00e9:<\/p>\n<p><strong>\u200bTJ Spartak Myjava &#8211; VK MIRAD UNIPO Pre\u0161ov<\/strong><\/p>\n<p><strong>\u200bVKP FTV\u0160 UK Bratislava &#8211; Rieker UJS Kom\u00e1rno<\/strong><\/p>\n<p>Semifin\u00e1le sa hr\u00e1 na dve stretnutia (syst\u00e9mom doma-vonku), v pr\u00edpade rovnosti bodov z oboch stretnut\u00ed sa po druhom stretnut\u00ed uskuto\u010dn\u00ed zlat\u00fd set. Prv\u00e9 stretnutia sa odohraj\u00fa u prv\u00e9ho vy\u017erebovan\u00e9ho v r\u00e1mci dvojice.<\/p>\n<p>Dru\u017estv\u00e1, ktor\u00e9 post\u00fapia zo semifin\u00e1le, sa stretn\u00fa v\u00a0<strong>Nik\u00e9 SuperFin\u00e1le Slovensk\u00e9ho poh\u00e1ra mu\u017eov a \u017eien<\/strong>\u00a0(15. febru\u00e1r 2025, predbe\u017ene v \u017diline), kde odohraj\u00fa jedno fin\u00e1lov\u00e9 stretnutie o putovn\u00fa Trofej \u0160tefana Pipu.<\/p>\n<p>&nbsp;<\/p>\n<p>Zdroj: svf<\/p>\n","protected":false},"excerpt":{"rendered":"<p>V s\u00eddle Slovenskej volejbalovej feder\u00e1cie sa uskuto\u010dnil d\u0148a 11. novembra 2024\u00a0\u017ereb semifin\u00e1lov\u00fdch dvoj\u00edc Nik\u00e9 Slovensk\u00e9ho poh\u00e1ra mu\u017eov\u00a0pre s\u00fa\u0165a\u017en\u00fd ro\u010dn\u00edk 2024\/25. Na z\u00e1klade \u017erebu je zlo\u017eenie semifin\u00e1lov\u00fdch dvoj\u00edc nasledovn\u00e9: \u200bTJ Spartak Myjava &#8211; VK MIRAD UNIPO Pre\u0161ov \u200bVKP FTV\u0160 UK Bratislava &#8211; Rieker UJS Kom\u00e1rno Semifin\u00e1le sa hr\u00e1 na dve stretnutia (syst\u00e9mom doma-vonku), v pr\u00edpade rovnosti&#8230;<\/p>\n","protected":false},"author":3,"featured_media":36161,"comment_status":"closed","ping_status":"closed","sticky":false,"template":"","format":"standard","meta":{"_monsterinsights_skip_tracking":false,"_monsterinsights_sitenote_active":false,"_monsterinsights_sitenote_note":"","_monsterinsights_sitenote_category":0,"footnotes":""},"categories":[47],"tags":[],"class_list":["post-36405","post","type-post","status-publish","format-standard","has-post-thumbnail","hentry","category-muzi"],"yoast_head":"<!-- This site is optimized with the Yoast SEO plugin v25.6 - https:\/\/yoast.com\/wordpress\/plugins\/seo\/ -->\n<title>Mu\u017ei spoznali semifin\u00e1lov\u00e9ho vyz\u00fdvate\u013ea - VK SLOVAN Bratislava<\/title>\n<meta name=\"robots\" content=\"index, follow, max-snippet:-1, max-image-preview:large, max-video-preview:-1\" \/>\n<link rel=\"canonical\" href=\"https:\/\/www.vkpbratislava.sk\/?p=36405\" \/>\n<meta property=\"og:locale\" content=\"sk_SK\" \/>\n<meta property=\"og:type\" content=\"article\" \/>\n<meta property=\"og:title\" content=\"Mu\u017ei spoznali semifin\u00e1lov\u00e9ho vyz\u00fdvate\u013ea - VK SLOVAN Bratislava\" \/>\n<meta property=\"og:description\" content=\"V s\u00eddle Slovenskej volejbalovej feder\u00e1cie sa uskuto\u010dnil d\u0148a 11. novembra 2024\u00a0\u017ereb semifin\u00e1lov\u00fdch dvoj\u00edc Nik\u00e9 Slovensk\u00e9ho poh\u00e1ra mu\u017eov\u00a0pre s\u00fa\u0165a\u017en\u00fd ro\u010dn\u00edk 2024\/25. Na z\u00e1klade \u017erebu je zlo\u017eenie semifin\u00e1lov\u00fdch dvoj\u00edc nasledovn\u00e9: \u200bTJ Spartak Myjava &#8211; VK MIRAD UNIPO Pre\u0161ov \u200bVKP FTV\u0160 UK Bratislava &#8211; Rieker UJS Kom\u00e1rno Semifin\u00e1le sa hr\u00e1 na dve stretnutia (syst\u00e9mom doma-vonku), v pr\u00edpade rovnosti...\" \/>\n<meta property=\"og:url\" content=\"https:\/\/www.vkpbratislava.sk\/?p=36405\" \/>\n<meta property=\"og:site_name\" content=\"VK SLOVAN Bratislava\" \/>\n<meta property=\"article:published_time\" content=\"2024-11-12T13:00:48+00:00\" \/>\n<meta property=\"article:modified_time\" content=\"2024-11-12T23:22:36+00:00\" \/>\n<meta property=\"og:image\" content=\"https:\/\/www.vkpbratislava.sk\/wp-content\/uploads\/2024\/11\/MS_20241108_ELVKPvsNitra-54.jpg\" \/>\n\t<meta property=\"og:image:width\" content=\"2048\" \/>\n\t<meta property=\"og:image:height\" content=\"1365\" \/>\n\t<meta property=\"og:image:type\" content=\"image\/jpeg\" \/>\n<meta name=\"author\" content=\"jenca\" \/>\n<meta name=\"twitter:card\" content=\"summary_large_image\" \/>\n<meta name=\"twitter:label1\" content=\"Autor\" \/>\n\t<meta name=\"twitter:data1\" content=\"jenca\" \/>\n\t<meta name=\"twitter:label2\" content=\"Predpokladan\u00fd \u010das \u010d\u00edtania\" \/>\n\t<meta name=\"twitter:data2\" content=\"1 min\u00fata\" \/>\n<script type=\"application\/ld+json\" class=\"yoast-schema-graph\">{\"@context\":\"https:\/\/schema.org\",\"@graph\":[{\"@type\":\"Article\",\"@id\":\"https:\/\/www.vkpbratislava.sk\/?p=36405#article\",\"isPartOf\":{\"@id\":\"https:\/\/www.vkpbratislava.sk\/?p=36405\"},\"author\":{\"name\":\"jenca\",\"@id\":\"https:\/\/www.vkpbratislava.sk\/#\/schema\/person\/7037e769f9515aa58493d1b5852c4c50\"},\"headline\":\"Mu\u017ei spoznali semifin\u00e1lov\u00e9ho vyz\u00fdvate\u013ea\",\"datePublished\":\"2024-11-12T13:00:48+00:00\",\"dateModified\":\"2024-11-12T23:22:36+00:00\",\"mainEntityOfPage\":{\"@id\":\"https:\/\/www.vkpbratislava.sk\/?p=36405\"},\"wordCount\":155,\"publisher\":{\"@id\":\"https:\/\/www.vkpbratislava.sk\/#organization\"},\"image\":{\"@id\":\"https:\/\/www.vkpbratislava.sk\/?p=36405#primaryimage\"},\"thumbnailUrl\":\"https:\/\/www.vkpbratislava.sk\/wp-content\/uploads\/2024\/11\/MS_20241108_ELVKPvsNitra-54.jpg\",\"articleSection\":[\"Mu\u017ei\"],\"inLanguage\":\"sk-SK\"},{\"@type\":\"WebPage\",\"@id\":\"https:\/\/www.vkpbratislava.sk\/?p=36405\",\"url\":\"https:\/\/www.vkpbratislava.sk\/?p=36405\",\"name\":\"Mu\u017ei spoznali semifin\u00e1lov\u00e9ho vyz\u00fdvate\u013ea - VK SLOVAN Bratislava\",\"isPartOf\":{\"@id\":\"https:\/\/www.vkpbratislava.sk\/#website\"},\"primaryImageOfPage\":{\"@id\":\"https:\/\/www.vkpbratislava.sk\/?p=36405#primaryimage\"},\"image\":{\"@id\":\"https:\/\/www.vkpbratislava.sk\/?p=36405#primaryimage\"},\"thumbnailUrl\":\"https:\/\/www.vkpbratislava.sk\/wp-content\/uploads\/2024\/11\/MS_20241108_ELVKPvsNitra-54.jpg\",\"datePublished\":\"2024-11-12T13:00:48+00:00\",\"dateModified\":\"2024-11-12T23:22:36+00:00\",\"breadcrumb\":{\"@id\":\"https:\/\/www.vkpbratislava.sk\/?p=36405#breadcrumb\"},\"inLanguage\":\"sk-SK\",\"potentialAction\":[{\"@type\":\"ReadAction\",\"target\":[\"https:\/\/www.vkpbratislava.sk\/?p=36405\"]}]},{\"@type\":\"ImageObject\",\"inLanguage\":\"sk-SK\",\"@id\":\"https:\/\/www.vkpbratislava.sk\/?p=36405#primaryimage\",\"url\":\"https:\/\/www.vkpbratislava.sk\/wp-content\/uploads\/2024\/11\/MS_20241108_ELVKPvsNitra-54.jpg\",\"contentUrl\":\"https:\/\/www.vkpbratislava.sk\/wp-content\/uploads\/2024\/11\/MS_20241108_ELVKPvsNitra-54.jpg\",\"width\":2048,\"height\":1365},{\"@type\":\"BreadcrumbList\",\"@id\":\"https:\/\/www.vkpbratislava.sk\/?p=36405#breadcrumb\",\"itemListElement\":[{\"@type\":\"ListItem\",\"position\":1,\"name\":\"Domov\",\"item\":\"https:\/\/www.vkpbratislava.sk\/\"},{\"@type\":\"ListItem\",\"position\":2,\"name\":\"Mu\u017ei spoznali semifin\u00e1lov\u00e9ho vyz\u00fdvate\u013ea\"}]},{\"@type\":\"WebSite\",\"@id\":\"https:\/\/www.vkpbratislava.sk\/#website\",\"url\":\"https:\/\/www.vkpbratislava.sk\/\",\"name\":\"VK SLOVAN Bratislava\",\"description\":\"Volejbalov\u00fd klub\",\"publisher\":{\"@id\":\"https:\/\/www.vkpbratislava.sk\/#organization\"},\"potentialAction\":[{\"@type\":\"SearchAction\",\"target\":{\"@type\":\"EntryPoint\",\"urlTemplate\":\"https:\/\/www.vkpbratislava.sk\/?s={search_term_string}\"},\"query-input\":{\"@type\":\"PropertyValueSpecification\",\"valueRequired\":true,\"valueName\":\"search_term_string\"}}],\"inLanguage\":\"sk-SK\"},{\"@type\":\"Organization\",\"@id\":\"https:\/\/www.vkpbratislava.sk\/#organization\",\"name\":\"VKP Bratislava\",\"url\":\"https:\/\/www.vkpbratislava.sk\/\",\"logo\":{\"@type\":\"ImageObject\",\"inLanguage\":\"sk-SK\",\"@id\":\"https:\/\/www.vkpbratislava.sk\/#\/schema\/logo\/image\/\",\"url\":\"https:\/\/www.vkpbratislava.sk\/wp-content\/uploads\/2020\/10\/vkpBA.png\",\"contentUrl\":\"https:\/\/www.vkpbratislava.sk\/wp-content\/uploads\/2020\/10\/vkpBA.png\",\"width\":600,\"height\":600,\"caption\":\"VKP Bratislava\"},\"image\":{\"@id\":\"https:\/\/www.vkpbratislava.sk\/#\/schema\/logo\/image\/\"}},{\"@type\":\"Person\",\"@id\":\"https:\/\/www.vkpbratislava.sk\/#\/schema\/person\/7037e769f9515aa58493d1b5852c4c50\",\"name\":\"jenca\",\"image\":{\"@type\":\"ImageObject\",\"inLanguage\":\"sk-SK\",\"@id\":\"https:\/\/www.vkpbratislava.sk\/#\/schema\/person\/image\/\",\"url\":\"https:\/\/secure.gravatar.com\/avatar\/67aa89e9aab2911bbd0c6fbf0a891ea8d80c207c9b6a6e2c96e13fc2f16e536d?s=96&d=mm&r=g\",\"contentUrl\":\"https:\/\/secure.gravatar.com\/avatar\/67aa89e9aab2911bbd0c6fbf0a891ea8d80c207c9b6a6e2c96e13fc2f16e536d?s=96&d=mm&r=g\",\"caption\":\"jenca\"},\"url\":\"https:\/\/www.vkpbratislava.sk\/?author=3\"}]}<\/script>\n<!-- \/ Yoast SEO plugin. -->","yoast_head_json":{"title":"Mu\u017ei spoznali semifin\u00e1lov\u00e9ho vyz\u00fdvate\u013ea - VK SLOVAN Bratislava","robots":{"index":"index","follow":"follow","max-snippet":"max-snippet:-1","max-image-preview":"max-image-preview:large","max-video-preview":"max-video-preview:-1"},"canonical":"https:\/\/www.vkpbratislava.sk\/?p=36405","og_locale":"sk_SK","og_type":"article","og_title":"Mu\u017ei spoznali semifin\u00e1lov\u00e9ho vyz\u00fdvate\u013ea - VK SLOVAN Bratislava","og_description":"V s\u00eddle Slovenskej volejbalovej feder\u00e1cie sa uskuto\u010dnil d\u0148a 11. novembra 2024\u00a0\u017ereb semifin\u00e1lov\u00fdch dvoj\u00edc Nik\u00e9 Slovensk\u00e9ho poh\u00e1ra mu\u017eov\u00a0pre s\u00fa\u0165a\u017en\u00fd ro\u010dn\u00edk 2024\/25. Na z\u00e1klade \u017erebu je zlo\u017eenie semifin\u00e1lov\u00fdch dvoj\u00edc nasledovn\u00e9: \u200bTJ Spartak Myjava &#8211; VK MIRAD UNIPO Pre\u0161ov \u200bVKP FTV\u0160 UK Bratislava &#8211; Rieker UJS Kom\u00e1rno Semifin\u00e1le sa hr\u00e1 na dve stretnutia (syst\u00e9mom doma-vonku), v pr\u00edpade rovnosti...","og_url":"https:\/\/www.vkpbratislava.sk\/?p=36405","og_site_name":"VK SLOVAN Bratislava","article_published_time":"2024-11-12T13:00:48+00:00","article_modified_time":"2024-11-12T23:22:36+00:00","og_image":[{"width":2048,"height":1365,"url":"https:\/\/www.vkpbratislava.sk\/wp-content\/uploads\/2024\/11\/MS_20241108_ELVKPvsNitra-54.jpg","type":"image\/jpeg"}],"author":"jenca","twitter_card":"summary_large_image","twitter_misc":{"Autor":"jenca","Predpokladan\u00fd \u010das \u010d\u00edtania":"1 min\u00fata"},"schema":{"@context":"https:\/\/schema.org","@graph":[{"@type":"Article","@id":"https:\/\/www.vkpbratislava.sk\/?p=36405#article","isPartOf":{"@id":"https:\/\/www.vkpbratislava.sk\/?p=36405"},"author":{"name":"jenca","@id":"https:\/\/www.vkpbratislava.sk\/#\/schema\/person\/7037e769f9515aa58493d1b5852c4c50"},"headline":"Mu\u017ei spoznali semifin\u00e1lov\u00e9ho vyz\u00fdvate\u013ea","datePublished":"2024-11-12T13:00:48+00:00","dateModified":"2024-11-12T23:22:36+00:00","mainEntityOfPage":{"@id":"https:\/\/www.vkpbratislava.sk\/?p=36405"},"wordCount":155,"publisher":{"@id":"https:\/\/www.vkpbratislava.sk\/#organization"},"image":{"@id":"https:\/\/www.vkpbratislava.sk\/?p=36405#primaryimage"},"thumbnailUrl":"https:\/\/www.vkpbratislava.sk\/wp-content\/uploads\/2024\/11\/MS_20241108_ELVKPvsNitra-54.jpg","articleSection":["Mu\u017ei"],"inLanguage":"sk-SK"},{"@type":"WebPage","@id":"https:\/\/www.vkpbratislava.sk\/?p=36405","url":"https:\/\/www.vkpbratislava.sk\/?p=36405","name":"Mu\u017ei spoznali semifin\u00e1lov\u00e9ho vyz\u00fdvate\u013ea - VK SLOVAN Bratislava","isPartOf":{"@id":"https:\/\/www.vkpbratislava.sk\/#website"},"primaryImageOfPage":{"@id":"https:\/\/www.vkpbratislava.sk\/?p=36405#primaryimage"},"image":{"@id":"https:\/\/www.vkpbratislava.sk\/?p=36405#primaryimage"},"thumbnailUrl":"https:\/\/www.vkpbratislava.sk\/wp-content\/uploads\/2024\/11\/MS_20241108_ELVKPvsNitra-54.jpg","datePublished":"2024-11-12T13:00:48+00:00","dateModified":"2024-11-12T23:22:36+00:00","breadcrumb":{"@id":"https:\/\/www.vkpbratislava.sk\/?p=36405#breadcrumb"},"inLanguage":"sk-SK","potentialAction":[{"@type":"ReadAction","target":["https:\/\/www.vkpbratislava.sk\/?p=36405"]}]},{"@type":"ImageObject","inLanguage":"sk-SK","@id":"https:\/\/www.vkpbratislava.sk\/?p=36405#primaryimage","url":"https:\/\/www.vkpbratislava.sk\/wp-content\/uploads\/2024\/11\/MS_20241108_ELVKPvsNitra-54.jpg","contentUrl":"https:\/\/www.vkpbratislava.sk\/wp-content\/uploads\/2024\/11\/MS_20241108_ELVKPvsNitra-54.jpg","width":2048,"height":1365},{"@type":"BreadcrumbList","@id":"https:\/\/www.vkpbratislava.sk\/?p=36405#breadcrumb","itemListElement":[{"@type":"ListItem","position":1,"name":"Domov","item":"https:\/\/www.vkpbratislava.sk\/"},{"@type":"ListItem","position":2,"name":"Mu\u017ei spoznali semifin\u00e1lov\u00e9ho vyz\u00fdvate\u013ea"}]},{"@type":"WebSite","@id":"https:\/\/www.vkpbratislava.sk\/#website","url":"https:\/\/www.vkpbratislava.sk\/","name":"VK SLOVAN Bratislava","description":"Volejbalov\u00fd klub","publisher":{"@id":"https:\/\/www.vkpbratislava.sk\/#organization"},"potentialAction":[{"@type":"SearchAction","target":{"@type":"EntryPoint","urlTemplate":"https:\/\/www.vkpbratislava.sk\/?s={search_term_string}"},"query-input":{"@type":"PropertyValueSpecification","valueRequired":true,"valueName":"search_term_string"}}],"inLanguage":"sk-SK"},{"@type":"Organization","@id":"https:\/\/www.vkpbratislava.sk\/#organization","name":"VKP Bratislava","url":"https:\/\/www.vkpbratislava.sk\/","logo":{"@type":"ImageObject","inLanguage":"sk-SK","@id":"https:\/\/www.vkpbratislava.sk\/#\/schema\/logo\/image\/","url":"https:\/\/www.vkpbratislava.sk\/wp-content\/uploads\/2020\/10\/vkpBA.png","contentUrl":"https:\/\/www.vkpbratislava.sk\/wp-content\/uploads\/2020\/10\/vkpBA.png","width":600,"height":600,"caption":"VKP Bratislava"},"image":{"@id":"https:\/\/www.vkpbratislava.sk\/#\/schema\/logo\/image\/"}},{"@type":"Person","@id":"https:\/\/www.vkpbratislava.sk\/#\/schema\/person\/7037e769f9515aa58493d1b5852c4c50","name":"jenca","image":{"@type":"ImageObject","inLanguage":"sk-SK","@id":"https:\/\/www.vkpbratislava.sk\/#\/schema\/person\/image\/","url":"https:\/\/secure.gravatar.com\/avatar\/67aa89e9aab2911bbd0c6fbf0a891ea8d80c207c9b6a6e2c96e13fc2f16e536d?s=96&d=mm&r=g","contentUrl":"https:\/\/secure.gravatar.com\/avatar\/67aa89e9aab2911bbd0c6fbf0a891ea8d80c207c9b6a6e2c96e13fc2f16e536d?s=96&d=mm&r=g","caption":"jenca"},"url":"https:\/\/www.vkpbratislava.sk\/?author=3"}]}},"_links":{"self":[{"href":"https:\/\/www.vkpbratislava.sk\/index.php?rest_route=\/wp\/v2\/posts\/36405","targetHints":{"allow":["GET"]}}],"collection":[{"href":"https:\/\/www.vkpbratislava.sk\/index.php?rest_route=\/wp\/v2\/posts"}],"about":[{"href":"https:\/\/www.vkpbratislava.sk\/index.php?rest_route=\/wp\/v2\/types\/post"}],"author":[{"embeddable":true,"href":"https:\/\/www.vkpbratislava.sk\/index.php?rest_route=\/wp\/v2\/users\/3"}],"replies":[{"embeddable":true,"href":"https:\/\/www.vkpbratislava.sk\/index.php?rest_route=%2Fwp%2Fv2%2Fcomments&post=36405"}],"version-history":[{"count":4,"href":"https:\/\/www.vkpbratislava.sk\/index.php?rest_route=\/wp\/v2\/posts\/36405\/revisions"}],"predecessor-version":[{"id":36409,"href":"https:\/\/www.vkpbratislava.sk\/index.php?rest_route=\/wp\/v2\/posts\/36405\/revisions\/36409"}],"wp:featuredmedia":[{"embeddable":true,"href":"https:\/\/www.vkpbratislava.sk\/index.php?rest_route=\/wp\/v2\/media\/36161"}],"wp:attachment":[{"href":"https:\/\/www.vkpbratislava.sk\/index.php?rest_route=%2Fwp%2Fv2%2Fmedia&parent=36405"}],"wp:term":[{"taxonomy":"category","embeddable":true,"href":"https:\/\/www.vkpbratislava.sk\/index.php?rest_route=%2Fwp%2Fv2%2Fcategories&post=36405"},{"taxonomy":"post_tag","embeddable":true,"href":"https:\/\/www.vkpbratislava.sk\/index.php?rest_route=%2Fwp%2Fv2%2Ftags&post=36405"}],"curies":[{"name":"wp","href":"https:\/\/api.w.org\/{rel}","templated":true}]}}